{"id":4585,"date":"2025-07-28T23:05:55","date_gmt":"2025-07-28T21:05:55","guid":{"rendered":"https:\/\/catholicus.eu\/de\/?p=4585"},"modified":"2025-07-28T23:05:56","modified_gmt":"2025-07-28T21:05:56","slug":"die-zeit-ist-nicht-gleich-das-geheimnis-des-liturgischen-jahres-das-kalender-in-glaubenswege-verwandelt","status":"publish","type":"post","link":"https:\/\/catholicus.eu\/de\/die-zeit-ist-nicht-gleich-das-geheimnis-des-liturgischen-jahres-das-kalender-in-glaubenswege-verwandelt\/","title":{"rendered":"Die Zeit ist nicht gleich: Das Geheimnis des liturgischen Jahres, das Kalender in Glaubenswege verwandelt"},"content":{"rendered":"\n<hr class=\"wp-block-separator has-alpha-channel-opacity\"\/>\n\n\n\n<blockquote class=\"wp-block-quote is-layout-flow wp-block-quote-is-layout-flow\">\n<p><em>\u201eJesus Christus ist derselbe \u2013 gestern, heute und in Ewigkeit.\u201c (Hebr\u00e4er 13,8)<\/em><\/p>\n<\/blockquote>\n\n\n\n<hr class=\"wp-block-separator has-alpha-channel-opacity\"\/>\n\n\n\n<h2 class=\"wp-block-heading\">\ud83d\udcdc Einleitung: Jenseits von Uhr und Kalender<\/h2>\n\n\n\n<p>Wir leben besessen von der Zeit. Wir messen sie, planen sie, f\u00fcrchten sie. Wir z\u00e4hlen die Tage, feiern Geburtstage, markieren Jahrestage, eilen der Zukunft entgegen oder sehnen uns nach der Vergangenheit. Aber\u2026 was w\u00e4re, wenn ich dir sagen w\u00fcrde, dass es eine andere Art von Zeit gibt? Eine Zeit, die nicht vom Ticken der Uhren oder vom Rhythmus der Arbeitstage bestimmt wird, sondern vom Geheimnis Gottes. Eine Zeit, die dich nicht zerm\u00fcrbt, sondern verwandelt. Eine Zeit, die nicht nur vergeht\u2026 sondern <em>heiligt<\/em>. Das ist das <strong>liturgische Jahr<\/strong>.<\/p>\n\n\n\n<p>In einer linearen Welt lebt die Kirche in einer Spirale: Sie kehrt jedes Jahr zu denselben Geheimnissen zur\u00fcck, nicht aus nutzloser Wiederholung, sondern in einem Aufstieg. Jeder Advent, jedes Osterfest, jedes Pfingsten ist anders, weil wir nicht mehr dieselben sind. Das liturgische Jahr ist kein Kalender: Es ist eine P\u00e4dagogik des Heils, ein Weg der Seele, eine Landkarte des Herzens zu Gott.<\/p>\n\n\n\n<hr class=\"wp-block-separator has-alpha-channel-opacity\"\/>\n\n\n\n<h2 class=\"wp-block-heading\">\ud83c\udfdb\ufe0f I. Was ist das liturgische Jahr?<\/h2>\n\n\n\n<p>Der <strong>Katechismus der Katholischen Kirche (Nr. 1168)<\/strong> erkl\u00e4rt:<\/p>\n\n\n\n<blockquote class=\"wp-block-quote is-layout-flow wp-block-quote-is-layout-flow\">\n<p><em>\u201eAusgehend vom Ostergeheimnis, in dem Christus das Werk unserer Erl\u00f6sung vollbracht hat, feiert die Kirche im Laufe des Jahres das ganze Christusgeheimnis \u2013 von der Menschwerdung bis Pfingsten und der Erwartung der glorreichen Wiederkunft des Herrn.\u201c<\/em><\/p>\n<\/blockquote>\n\n\n\n<p>Das liturgische Jahr ist keine menschliche Erfindung zur Organisation von Festen, sondern eine heilige Struktur, die die <strong>christologischen Geheimnisse<\/strong> gedenkt \u2013 die entscheidenden Momente im Leben Jesu Christi, die uns erl\u00f6st haben. Jede liturgische Zeit \u2013 Advent, Weihnachten, Fastenzeit, Ostern, die Zeit im Jahreskreis \u2013 ist keine kalte Erinnerung, sondern eine <strong>lebendige Vergegenw\u00e4rtigung<\/strong>. Was wir feiern, bleibt nicht in der Vergangenheit, sondern wird durch das Wirken des Heiligen Geistes gegenw\u00e4rtig.<\/p>\n\n\n\n<p>Die Liturgie ist die \u201eGeschichte Gottes\u201c, erz\u00e4hlt und gelebt <em>mit uns und f\u00fcr uns<\/em>. Und das liturgische Jahr ist ihre gro\u00dfe B\u00fchne, auf der jeder von uns eingeladen ist, ein <strong>Hauptdarsteller seines eigenen Heils<\/strong> zu sein \u2013 nicht blo\u00df Zuschauer.<\/p>\n\n\n\n<hr class=\"wp-block-separator has-alpha-channel-opacity\"\/>\n\n\n\n<h2 class=\"wp-block-heading\">\u26ea II. Historische Wurzeln: Die erl\u00f6ste Zeit<\/h2>\n\n\n\n<p>Schon in den ersten Jahrhunderten des Christentums verstand die gl\u00e4ubige Gemeinschaft, dass <strong>die Zeit vom Ewigen ber\u00fchrt wurde<\/strong>. Sie war nicht mehr ein endloser Kreis wie im heidnischen Denken, noch eine bedeutungslose Gerade. Mit Christus wurde die Zeit zum <strong>Kairos<\/strong>: zur g\u00fcnstigen Gelegenheit, zur Gegenwart des G\u00f6ttlichen im Menschlichen.<\/p>\n\n\n\n<blockquote class=\"wp-block-quote is-layout-flow wp-block-quote-is-layout-flow\">\n<p><em>\u201eAls aber die F\u00fclle der Zeit gekommen war, sandte Gott seinen Sohn, geboren von einer Frau, geboren unter dem Gesetz.\u201c<\/em> (Galater 4,4)<\/p>\n<\/blockquote>\n\n\n\n<p>Ostern war das erste gro\u00dfe christliche Fest. Alles drehte sich um die Auferstehung des Herrn. Im Laufe der Jahrhunderte kamen weitere Feierlichkeiten hinzu: der Advent als Erwartung des Messias, Weihnachten als seine Geburt, Epiphanie, die Fastenzeit als Vorbereitung auf Ostern, die \u00f6sterliche Zeit bis Pfingsten&#8230; Jede Etappe spiegelte einen Aspekt des Christusgeheimnisses wider.<\/p>\n\n\n\n<p>Sp\u00e4ter wurde die <strong>Zeit im Jahreskreis<\/strong> eingef\u00fchrt \u2013 keine \u201eleere\u201c Zeit, sondern Zeit des Wachstums, der Nachfolge des Meisters im Alltag. Hinzu kamen die Gedenktage der Jungfrau Maria und der Heiligen, die das liturgische Jahr nicht als Zuschauer, sondern als wahre Akteure des Reiches Gottes lebten.<\/p>\n\n\n\n<hr class=\"wp-block-separator has-alpha-channel-opacity\"\/>\n\n\n\n<h2 class=\"wp-block-heading\">\u271d\ufe0f III. Eine Theologie der geheiligten Zeit<\/h2>\n\n\n\n<p>In der christlichen Sichtweise ist die Zeit weder Feind noch Zufall: Sie ist <strong>Rohmaterial f\u00fcr die Heiligkeit<\/strong>. Gott tritt durch die Menschwerdung in die Zeit ein, und seither kann jeder Moment ein Tor zum Himmel sein.<\/p>\n\n\n\n<h3 class=\"wp-block-heading\">1. Christus, das Zentrum der Zeit<\/h3>\n\n\n\n<p>Das liturgische Jahr hat einen Protagonisten: Jesus Christus. Er ist die <strong>Sonne, die den Jahreszeiten der Seele ihren Sinn gibt<\/strong>. Alles dreht sich um sein \u00f6sterliches Geheimnis: Tod und Auferstehung. Es geht nicht um einen \u201ehistorischen\u201c Christus aus den Lehrb\u00fcchern, noch um eine \u201esch\u00f6ne Erinnerung\u201c, sondern um einen lebendigen Christus, der heute in seiner Kirche wirkt.<\/p>\n\n\n\n<p>Wie das Zweite Vatikanische Konzil (Sacrosanctum Concilium, 102) lehrt:<\/p>\n\n\n\n<blockquote class=\"wp-block-quote is-layout-flow wp-block-quote-is-layout-flow\">\n<p><em>\u201eIm Jahreslauf entfaltet die Kirche das ganze Geheimnis Christi, von der Menschwerdung und Geburt bis zur Himmelfahrt, zum Pfingsttag und zur Erwartung der seligen Hoffnung und der Wiederkunft des Herrn.\u201c<\/em><\/p>\n<\/blockquote>\n\n\n\n<h3 class=\"wp-block-heading\">2. Der Heilige Geist als innerer Antrieb<\/h3>\n\n\n\n<p>Jede liturgische Zeit ist eine \u201egeistliche Station\u201c, in der der Heilige Geist etwas Besonderes in uns wirkt. Er bereitet uns im Advent vor, erfreut uns zu Weihnachten, reinigt uns in der Fastenzeit, erneuert uns zu Ostern, st\u00e4rkt uns an Pfingsten.<\/p>\n\n\n\n<h3 class=\"wp-block-heading\">3. Maria und die Heiligen: Ikonen der erl\u00f6sten Zeit<\/h3>\n\n\n\n<p>Die Jungfrau Maria, als Bild der Kirche und Mutter Christi, nimmt im liturgischen Jahr einen besonderen Platz ein. Von der Unbefleckten Empf\u00e4ngnis bis zur Aufnahme in den Himmel ist ihr Leben in vollkommenem Einklang mit dem g\u00f6ttlichen Rhythmus.<\/p>\n\n\n\n<p>Die Heiligen sind wie <strong>Sterne am liturgischen Himmel<\/strong>. Sie unterbrechen das liturgische Jahr nicht \u2013 sie bereichern es. Jeder Gedenktag ist ein Beweis daf\u00fcr, dass ein Leben in Christus zu jeder Zeit m\u00f6glich ist.<\/p>\n\n\n\n<hr class=\"wp-block-separator has-alpha-channel-opacity\"\/>\n\n\n\n<h2 class=\"wp-block-heading\">\ud83e\udded IV. Das liturgische Jahr als geistlicher Weg<\/h2>\n\n\n\n<p>Das liturgische Jahr ist nicht nur zum Wissen da, sondern zum <strong>Leben<\/strong>. Und es zu leben bedeutet, sich seiner geistlichen P\u00e4dagogik zu \u00f6ffnen:<\/p>\n\n\n\n<h3 class=\"wp-block-heading\">\ud83d\udfe3 Advent: <em>Aktives Warten<\/em><\/h3>\n\n\n\n<p>Wir lernen zu warten, nicht mit verschr\u00e4nkten Armen, sondern mit bereitetem Herzen. Die Wachsamkeit des Advents reinigt unsere Hoffnung.<\/p>\n\n\n\n<h3 class=\"wp-block-heading\">\u26aa Weihnachten: <em>Gott mit uns<\/em><\/h3>\n\n\n\n<p>Wir feiern keine Idee, sondern eine Tatsache: Gott wird Mensch, tritt in unsere Geschichte ein. Die Z\u00e4rtlichkeit des Kindes offenbart die Demut des Allm\u00e4chtigen.<\/p>\n\n\n\n<h3 class=\"wp-block-heading\">\ud83d\udfe3 Fastenzeit: <em>Umkehr und geistlicher Kampf<\/em><\/h3>\n\n\n\n<p>Zeit der W\u00fcste, des Fastens und des Kampfes. Eine \u201estarke\u201c Zeit der R\u00fcckkehr zum Herzen und der Umgestaltung durch die Gnade.<\/p>\n\n\n\n<h3 class=\"wp-block-heading\">\ud83d\udfe1 Ostern: <em>Sieg und Erneuerung<\/em><\/h3>\n\n\n\n<p>Christus ist auferstanden \u2013 und wir mit ihm. Es ist Zeit, mit ganzer Seele \u201eHalleluja!\u201c zu singen und zu bezeugen, dass der Tod besiegt ist.<\/p>\n\n\n\n<h3 class=\"wp-block-heading\">\ud83d\udfe2 Zeit im Jahreskreis: <em>Treue Nachfolge<\/em><\/h3>\n\n\n\n<p>Hier lebt man den Alltag mit ewigem Sinn. Es gibt keine \u201egew\u00f6hnlichen\u201c Tage, wenn man mit Christus lebt.<\/p>\n\n\n\n<hr class=\"wp-block-separator has-alpha-channel-opacity\"\/>\n\n\n\n<h2 class=\"wp-block-heading\">\ud83c\udf31 V. Praktische Anwendungen f\u00fcr heute<\/h2>\n\n\n\n<p>In einer Welt voller Eile, Stress und Zersplitterung kann das liturgische Jahr <strong>ein spiritueller Kompass und eine Medizin f\u00fcr die Seele<\/strong> sein. Wie k\u00f6nnen wir es anwenden?<\/p>\n\n\n\n<h3 class=\"wp-block-heading\">1. <strong>Gegen den Strom leben<\/strong><\/h3>\n\n\n\n<p>W\u00e4hrend die Welt sich von Trends und Konsumrhythmen mitrei\u00dfen l\u00e4sst, lebt der Christ in einem anderen Takt \u2013 dem der Liebe Gottes. Wir beginnen das Jahr nicht mit Feuerwerk, sondern mit der Gottesmutter. Wir feiern nicht nur Geburtstage, sondern ewige Geburten.<\/p>\n\n\n\n<h3 class=\"wp-block-heading\">2. <strong>Das Leben ritualisieren<\/strong><\/h3>\n\n\n\n<p>Das Zuhause mit liturgischen Zeichen kennzeichnen: Adventskr\u00e4nze, Krippen, Asche, Weihwasser, Osterkerzen, Heiligenbilder&#8230; Diese Zeichen erinnern uns daran, dass <em>das Heim eine Hauskirche<\/em> ist.<\/p>\n\n\n\n<h3 class=\"wp-block-heading\">3. <strong>Mit der Kirche beten<\/strong><\/h3>\n\n\n\n<p>Dem Messbuch folgen, die Evangelien des Tages lesen, das Stundengebet mitbeten. Sich dem Rhythmus der Kirche anschlie\u00dfen hei\u00dft, mit der Str\u00f6mung zu rudern, nicht gegen sie.<\/p>\n\n\n\n<h3 class=\"wp-block-heading\">4. <strong>Im Glauben erziehen<\/strong><\/h3>\n\n\n\n<p>Kindern den Sinn des liturgischen Jahres zu vermitteln, hei\u00dft, ihnen tiefe Wurzeln zu geben. Es reicht nicht zu wissen, <em>was<\/em> gefeiert wird, sondern auch <em>warum und wozu<\/em>. Sie sollen sp\u00fcren, dass Ostern nicht nur Schokolade ist, sondern neues Leben.<\/p>\n\n\n\n<hr class=\"wp-block-separator has-alpha-channel-opacity\"\/>\n\n\n\n<h2 class=\"wp-block-heading\">\ud83d\udd25 VI. Das liturgische Jahr \u2013 heute mehr denn je<\/h2>\n\n\n\n<p>In einer Welt, die alles nach Produktivit\u00e4t misst, lehrt uns das liturgische Jahr den <strong>Wert des Wartens, des Schweigens, des Heiligen<\/strong>. Es erinnert uns daran, dass nicht alles Wichtige k\u00e4uflich, messbar oder postbar ist.<\/p>\n\n\n\n<p>Jedes Jahr kehren wir zum Geheimnis zur\u00fcck, aber nicht als Kopie \u2013 sondern als neue Geburt. So <em>heiligt die Kirche die Zeit<\/em> und macht sie zum Sakrament.<\/p>\n\n\n\n<hr class=\"wp-block-separator has-alpha-channel-opacity\"\/>\n\n\n\n<blockquote class=\"wp-block-quote is-layout-flow wp-block-quote-is-layout-flow\">\n<p><em>\u201eDie Tage m\u00f6gen verschieden sein, aber die Liebe bleibt dieselbe. Christus erwartet uns in jeder Jahreszeit. Er ist der Kommende, der Gegenw\u00e4rtige und der Kommende.\u201c<\/em><\/p>\n<\/blockquote>\n\n\n\n<hr class=\"wp-block-separator has-alpha-channel-opacity\"\/>\n\n\n\n<h2 class=\"wp-block-heading\">\ud83d\ude4f Schluss: Den Kalender zum Weg machen<\/h2>\n\n\n\n<p>Das liturgische Jahr ist keine fromme Dekoration. Es ist <strong>ein System des geistlichen Lebens, eine Weise, die Zeit mit den Augen des Glaubens zu betrachten<\/strong>. In jedem Fest, in jeder Farbe, in jedem Gebet wird Gott gegenw\u00e4rtig.<\/p>\n\n\n\n<p>Wenn du das liturgische Jahr lebst, <strong>wird deine Zeit nicht mehr nur deine eigene, sondern zur Zeit Gottes<\/strong>. Du lebst nicht mehr aus Gewohnheit, sondern mit Richtung. Du wiederholst das Jahr nicht \u2013 <em>du durchschreitest es mit Christus<\/em>.<\/p>\n\n\n\n<p>Ich lade dich ein, den liturgischen Kalender zu deinem spirituellen Kompass zu machen. Nicht, um die Zeit zu kontrollieren, sondern um <strong>Christus zu erlauben, sie zu verwandeln \u2013 und dich mit ihr<\/strong>. Denn letztlich gilt: <strong>Die Zeit ist nicht f\u00fcr alle gleich\u2026 sie wird nur ewig f\u00fcr jene, die sie mit Gott leben.<\/strong><\/p>\n","protected":false},"excerpt":{"rendered":"<p>\u201eJesus Christus ist derselbe \u2013 gestern, heute und in Ewigkeit.\u201c (Hebr\u00e4er 13,8) \ud83d\udcdc Einleitung: Jenseits von Uhr und Kalender Wir leben besessen von der Zeit. Wir messen sie, planen sie, f\u00fcrchten sie. Wir z\u00e4hlen die Tage, feiern Geburtstage, markieren Jahrestage, eilen der Zukunft entgegen oder sehnen uns nach der Vergangenheit. Aber\u2026 was w\u00e4re, wenn ich &hellip;<\/p>\n","protected":false},"author":3,"featured_media":4586,"comment_status":"open","ping_status":"open","sticky":false,"template":"","format":"standard","meta":{"_seopress_robots_primary_cat":"","_seopress_titles_title":"","_seopress_titles_desc":"","_seopress_robots_index":"","footnotes":""},"categories":[38,52],"tags":[1533],"class_list":["post-4585","post","type-post","status-publish","format-standard","has-post-thumbnail","","category-geschichte-und-tradition","category-liturgie-und-kirchenjahr","tag-liturgischen-jahres"],"_links":{"self":[{"href":"https:\/\/catholicus.eu\/de\/wp-json\/wp\/v2\/posts\/4585","targetHints":{"allow":["GET"]}}],"collection":[{"href":"https:\/\/catholicus.eu\/de\/wp-json\/wp\/v2\/posts"}],"about":[{"href":"https:\/\/catholicus.eu\/de\/wp-json\/wp\/v2\/types\/post"}],"author":[{"embeddable":true,"href":"https:\/\/catholicus.eu\/de\/wp-json\/wp\/v2\/users\/3"}],"replies":[{"embeddable":true,"href":"https:\/\/catholicus.eu\/de\/wp-json\/wp\/v2\/comments?post=4585"}],"version-history":[{"count":1,"href":"https:\/\/catholicus.eu\/de\/wp-json\/wp\/v2\/posts\/4585\/revisions"}],"predecessor-version":[{"id":4587,"href":"https:\/\/catholicus.eu\/de\/wp-json\/wp\/v2\/posts\/4585\/revisions\/4587"}],"wp:featuredmedia":[{"embeddable":true,"href":"https:\/\/catholicus.eu\/de\/wp-json\/wp\/v2\/media\/4586"}],"wp:attachment":[{"href":"https:\/\/catholicus.eu\/de\/wp-json\/wp\/v2\/media?parent=4585"}],"wp:term":[{"taxonomy":"category","embeddable":true,"href":"https:\/\/catholicus.eu\/de\/wp-json\/wp\/v2\/categories?post=4585"},{"taxonomy":"post_tag","embeddable":true,"href":"https:\/\/catholicus.eu\/de\/wp-json\/wp\/v2\/tags?post=4585"}],"curies":[{"name":"wp","href":"https:\/\/api.w.org\/{rel}","templated":true}]}}