{"id":4555,"date":"2025-07-25T11:55:24","date_gmt":"2025-07-25T09:55:24","guid":{"rendered":"https:\/\/catholicus.eu\/de\/?p=4555"},"modified":"2025-07-25T11:55:25","modified_gmt":"2025-07-25T09:55:25","slug":"jakobus-der-aeltere-apostel-des-feuers-patron-spaniens-und-zeuge-der-herrlichkeit","status":"publish","type":"post","link":"https:\/\/catholicus.eu\/de\/jakobus-der-aeltere-apostel-des-feuers-patron-spaniens-und-zeuge-der-herrlichkeit\/","title":{"rendered":"Jakobus der \u00c4ltere: Apostel des Feuers, Patron Spaniens und Zeuge der Herrlichkeit"},"content":{"rendered":"\n<p><strong>Einleitung: Ein Leben, das noch brennt<\/strong><\/p>\n\n\n\n<p>Unter den heiligen Steinen des Christentums gibt es Namen, die niemals verblassen. Petrus, der Fels. Johannes, der Geliebte. Und Jakobus der \u00c4ltere: der Blitz. Ein unerschrockener Apostel, ein Donnersohn, Zeuge der Herrlichkeit auf dem Tabor und M\u00e4rtyrer des Glaubens. In dieser Zeit spiritueller Verwirrung, diffuser Identit\u00e4ten und lauwarmer Religionen bedeutet es, den Blick auf Jakobus den \u00c4lteren zu richten, das Feuer des Evangeliums wiederzuentdecken, das bis zum \u00c4u\u00dfersten gelebt wurde. Er ist nicht nur eine ferne Gestalt des Neuen Testaments, sondern der erste apostolische M\u00e4rtyrer, der Evangelisierer Hispaniens, der Schutzpatron Spaniens und die Seele, die noch immer in der Kathedrale von Compostela brennt. In diesem Artikel werden wir seine Geschichte, seine theologische Bedeutung, seine pastorale Wirkung und seine Relevanz f\u00fcr unser heutiges geistliches Leben eingehend betrachten.<\/p>\n\n\n\n<hr class=\"wp-block-separator has-alpha-channel-opacity\"\/>\n\n\n\n<h3 class=\"wp-block-heading\">1. <strong>Wer war Jakobus der \u00c4ltere? Der Sohn des Donners<\/strong><\/h3>\n\n\n\n<p>Jakobus der \u00c4ltere, Sohn des Zebed\u00e4us und Bruder des Johannes, war einer der zw\u00f6lf Apostel, die Jesus Christus ausw\u00e4hlte. Sein Beiname \u201eder \u00c4ltere\u201c deutet nicht auf eine geistliche \u00dcberlegenheit hin, sondern bezieht sich wahrscheinlich auf sein Alter oder seine Vorrangstellung unter den Nachfolgern Jesu. Zusammen mit seinem Bruder Johannes nannte Jesus sie <strong>Boanerges<\/strong>, das hei\u00dft <strong>\u201eDonners\u00f6hne\u201c<\/strong> (vgl. Mk 3,17), wegen ihres Eifers, ihres brennenden Engagements und ihres temperamentvollen Charakters.<\/p>\n\n\n\n<p>Von Anfang an wird Jakobus uns als entschlossener Mann vorgestellt. Zusammen mit Petrus und Johannes war er ein bevorzugter Zeuge der intimsten Momente des Herrn: der <strong>Auferweckung der Tochter des Jairus<\/strong>, der <strong>Verkl\u00e4rung auf dem Berg Tabor<\/strong> und der <strong>Angst im Garten Gethsemane<\/strong>. Er geh\u00f6rte zum engsten Kreis Jesu. Wie Markus schreibt:<\/p>\n\n\n\n<blockquote class=\"wp-block-quote is-layout-flow wp-block-quote-is-layout-flow\">\n<p>\u201eUnd er lie\u00df niemanden mitkommen au\u00dfer Petrus, Jakobus und Johannes\u201c (Mk 5,37).<\/p>\n<\/blockquote>\n\n\n\n<p>Dass Christus diesem Dreierkreis sein leidendes Menschsein und seine vorweggenommene Herrlichkeit anvertraute, ist theologisch bedeutsam. Petrus steht f\u00fcr die Festigkeit des Glaubens, Johannes f\u00fcr die vollkommene Liebe, und Jakobus f\u00fcr Kraft und missionarischen Eifer.<\/p>\n\n\n\n<hr class=\"wp-block-separator has-alpha-channel-opacity\"\/>\n\n\n\n<h3 class=\"wp-block-heading\">2. <strong>Die Mission: Jakobus und die Evangelisierung Hispaniens<\/strong><\/h3>\n\n\n\n<p>Auch wenn die Apostelgeschichte keine ausf\u00fchrlichen Details \u00fcber seine missionarischen Aktivit\u00e4ten enth\u00e4lt, h\u00e4lt die \u00dcberlieferung der Kirche \u2013 solide, konstant und jahrtausendealt \u2013 daran fest, dass Jakobus das Evangelium in <strong>Hispanien<\/strong> verk\u00fcndet hat, insbesondere im Norden der iberischen Halbinsel unter den keltiberischen V\u00f6lkern. Diese Mission war besonders schwierig und anfangs wenig fruchtbar. Und genau in diesem Kontext geschah eine der sch\u00f6nsten und bedeutendsten marianischen Erscheinungen der christlichen Geschichte: die <strong>Erscheinung der Jungfrau vom Pfeiler (Nuestra Se\u00f1ora del Pilar)<\/strong>.<\/p>\n\n\n\n<hr class=\"wp-block-separator has-alpha-channel-opacity\"\/>\n\n\n\n<h3 class=\"wp-block-heading\">3. <strong>Die Jungfrau vom Pfeiler: Trost in der Not<\/strong><\/h3>\n\n\n\n<p>Um das Jahr 40 n. Chr. war Jakobus entmutigt \u00fcber die H\u00e4rte des Missionsgebietes und die wenigen Bekehrungen und befand sich in Caesaraugusta (dem heutigen Saragossa). Dort erschien ihm \u2013 laut uralter Tradition \u2013 <strong>die Jungfrau Maria<\/strong>, <strong>noch lebendig im irdischen Leib<\/strong>, <strong>auf einer Jaspiss\u00e4ule<\/strong>, von Engeln getragen, und sprach ihn mit folgenden Worten an:<\/p>\n\n\n\n<blockquote class=\"wp-block-quote is-layout-flow wp-block-quote-is-layout-flow\">\n<p>\u201eDieser Ort wird bis zum Ende der Zeiten bestehen, damit durch meine F\u00fcrsprache Wunder und Zeichen geschehen.\u201c<\/p>\n<\/blockquote>\n\n\n\n<p>Die Erscheinung auf dem Pfeiler ist einzigartig: <strong>die einzige historisch \u00fcberlieferte marianische Erscheinung, die sich ereignete, w\u00e4hrend Maria noch auf Erden lebte<\/strong>, was die \u00fcberragende Bedeutung der Mission des Jakobus und Spaniens im Heilsplan Gottes unterstreicht. Maria tr\u00f6stet ihren Apostel nicht nur, sondern prophezeit einen Ort des Kultes, der f\u00fcr kommende Generationen eine <strong>S\u00e4ule des Glaubens<\/strong> sein wird.<\/p>\n\n\n\n<hr class=\"wp-block-separator has-alpha-channel-opacity\"\/>\n\n\n\n<h3 class=\"wp-block-heading\">4. <strong>Das Martyrium: Jakobus, der Erste unter den Aposteln<\/strong><\/h3>\n\n\n\n<p>Nach seiner R\u00fcckkehr nach Jerusalem wurde Jakobus verhaftet und um das Jahr 44 auf Befehl von Herodes Agrippa I. hingerichtet. In der Apostelgeschichte hei\u00dft es:<\/p>\n\n\n\n<blockquote class=\"wp-block-quote is-layout-flow wp-block-quote-is-layout-flow\">\n<p>\u201eJakobus, den Bruder des Johannes, lie\u00df er mit dem Schwert hinrichten\u201c (Apg 12,2).<\/p>\n<\/blockquote>\n\n\n\n<p>Er war der <strong>erste apostolische M\u00e4rtyrer<\/strong>, was ihn theologisch als <strong>Pionier des h\u00f6chsten Zeugnisses<\/strong> auszeichnet. In einer Welt, in der der Glaube oft marginalisiert oder oberfl\u00e4chlich gelebt wird, erinnert uns das Martyrium des Jakobus daran, dass die Nachfolge Christi totale Hingabe bedeutet \u2013 auch bis zum Tod.<\/p>\n\n\n\n<hr class=\"wp-block-separator has-alpha-channel-opacity\"\/>\n\n\n\n<h3 class=\"wp-block-heading\">5. <strong>Die Reliquien des Jakobus: Von Jerusalem nach Compostela<\/strong><\/h3>\n\n\n\n<p>Die folgende Geschichte \u2013 von einem geheimnisvollen Hauch g\u00f6ttlicher Vorsehung umgeben \u2013 berichtet, dass die J\u00fcnger des Jakobus seinen Leichnam sammelten und ihn per Boot nach <strong>Galicien<\/strong> brachten, wo sie bei <strong>Iria Flavia<\/strong> an Land gingen und ihn in einem nahegelegenen Wald bestatteten.<\/p>\n\n\n\n<p>Jahrhundertelang blieb das Grab verborgen\u2026 bis es im 9. Jahrhundert von einem Einsiedler namens <strong>Pelayo<\/strong> und dem Bischof <strong>Theodomir<\/strong> entdeckt wurde, nachdem sie mysteri\u00f6se Lichter am Himmel gesehen hatten, die man <strong>\u201eCampus Stellae\u201c<\/strong> (Feld des Sterns) nannte, woraus der Name <strong>Compostela<\/strong> entstand.<\/p>\n\n\n\n<p>Dort wurde einer der glorreichsten Wallfahrtsorte der Christenheit errichtet: <strong>die Kathedrale von Santiago de Compostela<\/strong>, die seine Reliquien bewahrt und seit \u00fcber tausend Jahren ein <strong>universelles Pilgerziel<\/strong> ist.<\/p>\n\n\n\n<hr class=\"wp-block-separator has-alpha-channel-opacity\"\/>\n\n\n\n<h3 class=\"wp-block-heading\">6. <strong>Jakobus, Patron Spaniens: Symbol der Einheit und des Glaubens<\/strong><\/h3>\n\n\n\n<p>Die Gestalt des Jakobus des \u00c4lteren ist untrennbar mit der Geschichte Spaniens verbunden. Er wurde 1886 von Papst <strong>Leo XIII. zum Schutzpatron Spaniens<\/strong> erkl\u00e4rt, obwohl seine Verehrung bereits viele Jahrhunderte fr\u00fcher begann, insbesondere w\u00e4hrend der <strong>Reconquista<\/strong>, als er unter dem Namen <strong>Matamoros<\/strong> (Maurenschl\u00e4ger) angerufen wurde \u2013 nicht aus Hass, sondern als <strong>spirituelles Symbol des Widerstands<\/strong> gegen jene, die den katholischen Glauben von der Halbinsel vertreiben wollten.<\/p>\n\n\n\n<p>Er war auch ein <strong>Symbol der Einheit<\/strong> inmitten regionaler Spaltungen, ein Zeichen daf\u00fcr, dass <strong>Spanien mehr als eine Nation ist: eine geistliche Berufung<\/strong> im Heilsplan Gottes.<\/p>\n\n\n\n<hr class=\"wp-block-separator has-alpha-channel-opacity\"\/>\n\n\n\n<h3 class=\"wp-block-heading\">7. <strong>Der Jakobsweg: Ein Weg zum Herzen<\/strong><\/h3>\n\n\n\n<p>Im Mittelalter wurde der <strong>Jakobsweg<\/strong> zur <strong>spirituellen Lebensader Europas<\/strong>. K\u00f6nige, M\u00f6nche, Bauern, S\u00fcnder, Heilige und Sinnsuchende haben \u00fcber Jahrhunderte hinweg die Wege zum Grab des Apostels beschritten. Heute, im 21. Jahrhundert, hat der Weg nichts von seiner Kraft verloren: Er ist eine <strong>lebendige Metapher des inneren Pilgerwegs<\/strong>, den jeder Christ gehen muss.<\/p>\n\n\n\n<p>Jeder Schritt, jede Blase, jedes Schweigen zwischen H\u00fcgeln und T\u00e4lern wird zu Gebet, Reinigung und Begegnung. Nach Santiago zu pilgern bedeutet nicht nur, eine Stadt zu besuchen: Es bedeutet, <strong>sich verwandeln zu lassen<\/strong> durch das Zeugnis eines Apostels, der f\u00fcr Christus lebte und starb.<\/p>\n\n\n\n<hr class=\"wp-block-separator has-alpha-channel-opacity\"\/>\n\n\n\n<h3 class=\"wp-block-heading\">8. <strong>Was sagt uns Jakobus heute? Theologisch-pastorale Anwendung<\/strong><\/h3>\n\n\n\n<p><strong>Was sagt uns Jakobus in dieser postmodernen Welt?<\/strong><\/p>\n\n\n\n<ul class=\"wp-block-list\">\n<li><strong>Er sagt uns, dass das Evangelium mit Feuer gepredigt wird \u2013 nicht mit Lauheit.<\/strong> Sein Eifer, seine Leidenschaft und seine Direktheit sind ein Gegenmittel gegen den weichen Relativismus, der so viele Seelen zersetzt.<\/li>\n\n\n\n<li><strong>Er erinnert uns daran, dass die Mission schwer ist \u2013 aber Maria nahe ist.<\/strong> Wenn sich die Welt Gott verschlie\u00dft, l\u00e4sst die Jungfrau ihre missionarischen Kinder nicht im Stich.<\/li>\n\n\n\n<li><strong>Er l\u00e4dt uns ein, uns selbst zu sterben.<\/strong> Das Schwert des Herodes, das sein Leben beendete, war keine Niederlage, sondern eine Kr\u00f6nung.<\/li>\n\n\n\n<li><strong>Er zeigt uns, dass Zeugnis Spuren hinterl\u00e4sst.<\/strong> Sein Grab verwandelte eine ganze Region, und seine Gestalt zieht weiterhin Millionen an.<\/li>\n\n\n\n<li><strong>Er ruft uns auf zu gehen.<\/strong> Das Christentum ist Bewegung, kein Stillstand. Der Jakobsweg ist das Bild der J\u00fcngerschaft: jeden Tag ein St\u00fcck weiter auf Christus zu.<\/li>\n<\/ul>\n\n\n\n<hr class=\"wp-block-separator has-alpha-channel-opacity\"\/>\n\n\n\n<h3 class=\"wp-block-heading\">9. <strong>Schluss: Spanien und der Apostel der Herrlichkeit<\/strong><\/h3>\n\n\n\n<p>Jakobus der \u00c4ltere ist keine Figur der Vergangenheit. Er ist ein <strong>Weggef\u00e4hrte<\/strong>, ein <strong>himmlischer Schutzpatron<\/strong>, ein <strong>Spiegel der Seele, die Gott sucht<\/strong>. Er lehrt uns, dass <strong>der Glaube kein Schmuckst\u00fcck, sondern ein Feuer ist, das die Seele verzehrt \u2013 bis hin zum Martyrium, wenn n\u00f6tig<\/strong>. Er erinnert uns daran, dass <strong>Spanien eine katholische Berufung hat<\/strong>, nicht aus Privileg, sondern aus Verantwortung.<\/p>\n\n\n\n<p>In diesen Zeiten, in denen Spanien seine Seele zu verlieren scheint, ruft uns Jakobus aus seiner Kathedrale entgegen: <strong>\u201eHolt den Glauben zur\u00fcck, kehrt auf den Weg zur\u00fcck, seid die Apostel des 21. Jahrhunderts!\u201c<\/strong><\/p>\n\n\n\n<p>Und wie dieses beliebte, theologisch tiefgr\u00fcndige Sprichwort sagt:<\/p>\n\n\n\n<blockquote class=\"wp-block-quote is-layout-flow wp-block-quote-is-layout-flow\">\n<p><strong>\u201eJesus hatte drei enge Freunde: Petrus, Jakobus und Johannes. Ihnen hinterlie\u00df er, was er am meisten liebte: Johannes \u00fcberlie\u00df er seine Mutter, Petrus \u00fcberlie\u00df er die Kirche, und Jakobus \u00fcberlie\u00df er Spanien.\u201c<\/strong><\/p>\n<\/blockquote>\n","protected":false},"excerpt":{"rendered":"<p>Einleitung: Ein Leben, das noch brennt Unter den heiligen Steinen des Christentums gibt es Namen, die niemals verblassen. Petrus, der Fels. Johannes, der Geliebte. Und Jakobus der \u00c4ltere: der Blitz. Ein unerschrockener Apostel, ein Donnersohn, Zeuge der Herrlichkeit auf dem Tabor und M\u00e4rtyrer des Glaubens. In dieser Zeit spiritueller Verwirrung, diffuser Identit\u00e4ten und lauwarmer Religionen &hellip;<\/p>\n","protected":false},"author":3,"featured_media":4556,"comment_status":"open","ping_status":"open","sticky":false,"template":"","format":"standard","meta":{"_seopress_robots_primary_cat":"","_seopress_titles_title":"","_seopress_titles_desc":"","_seopress_robots_index":"","footnotes":""},"categories":[40,61],"tags":[1524],"class_list":["post-4555","post","type-post","status-publish","format-standard","has-post-thumbnail","","category-gebet-und-spiritualitaet","category-heilige-und-heiligenkalender","tag-jakobus-der-aeltere"],"_links":{"self":[{"href":"https:\/\/catholicus.eu\/de\/wp-json\/wp\/v2\/posts\/4555","targetHints":{"allow":["GET"]}}],"collection":[{"href":"https:\/\/catholicus.eu\/de\/wp-json\/wp\/v2\/posts"}],"about":[{"href":"https:\/\/catholicus.eu\/de\/wp-json\/wp\/v2\/types\/post"}],"author":[{"embeddable":true,"href":"https:\/\/catholicus.eu\/de\/wp-json\/wp\/v2\/users\/3"}],"replies":[{"embeddable":true,"href":"https:\/\/catholicus.eu\/de\/wp-json\/wp\/v2\/comments?post=4555"}],"version-history":[{"count":1,"href":"https:\/\/catholicus.eu\/de\/wp-json\/wp\/v2\/posts\/4555\/revisions"}],"predecessor-version":[{"id":4557,"href":"https:\/\/catholicus.eu\/de\/wp-json\/wp\/v2\/posts\/4555\/revisions\/4557"}],"wp:featuredmedia":[{"embeddable":true,"href":"https:\/\/catholicus.eu\/de\/wp-json\/wp\/v2\/media\/4556"}],"wp:attachment":[{"href":"https:\/\/catholicus.eu\/de\/wp-json\/wp\/v2\/media?parent=4555"}],"wp:term":[{"taxonomy":"category","embeddable":true,"href":"https:\/\/catholicus.eu\/de\/wp-json\/wp\/v2\/categories?post=4555"},{"taxonomy":"post_tag","embeddable":true,"href":"https:\/\/catholicus.eu\/de\/wp-json\/wp\/v2\/tags?post=4555"}],"curies":[{"name":"wp","href":"https:\/\/api.w.org\/{rel}","templated":true}]}}