{"id":4477,"date":"2025-07-15T09:11:20","date_gmt":"2025-07-15T07:11:20","guid":{"rendered":"https:\/\/catholicus.eu\/de\/?p=4477"},"modified":"2025-07-15T09:11:20","modified_gmt":"2025-07-15T07:11:20","slug":"die-rolle-des-katecheten-bei-der-wiederherstellung-der-christlichen-gesellschaft","status":"publish","type":"post","link":"https:\/\/catholicus.eu\/de\/die-rolle-des-katecheten-bei-der-wiederherstellung-der-christlichen-gesellschaft\/","title":{"rendered":"Die Rolle des Katecheten bei der Wiederherstellung der christlichen Gesellschaft"},"content":{"rendered":"\n<p><em>Ein dringender Aufruf, Licht inmitten der Dunkelheit zu sein<\/em><\/p>\n\n\n\n<hr class=\"wp-block-separator has-alpha-channel-opacity\"\/>\n\n\n\n<h3 class=\"wp-block-heading\">Einleitung<\/h3>\n\n\n\n<p>In einer Welt, die vom Relativismus, moralischer Verwirrung und kulturellem Zusammenbruch gepr\u00e4gt ist, bedeutet es nicht nur, von einem Diener der Kirche zu sprechen, wenn wir den <strong>Katecheten<\/strong> erw\u00e4hnen, sondern es geht um eine <strong>Schl\u00fcsselfigur beim Wiederaufbau des christlichen Gef\u00fcges der Gesellschaft<\/strong>. Der Katechet ist kein blo\u00dfer \u00dcbermittler von Lehren, sondern ein <strong>lebendiger Zeuge des Evangeliums<\/strong>, ein S\u00e4er der Wahrheit mitten im Chaos, ein <strong>Baumeister des Reiches Gottes aus den tiefsten Wurzeln der menschlichen Seele heraus<\/strong>.<\/p>\n\n\n\n<p>In einer Zeit, in der die christliche Identit\u00e4t sich scheinbar in spiritueller Gleichg\u00fcltigkeit und der Kultur der Oberfl\u00e4chlichkeit aufl\u00f6st, ist es dringend notwendig, die Rolle des Katecheten <strong>neu zu entdecken und aufzuwerten<\/strong>, als tragende S\u00e4ule bei der <strong>Wiederherstellung der christlichen Gesellschaft<\/strong>, angefangen bei der Familie bis hin zum \u00f6ffentlichen Leben.<\/p>\n\n\n\n<hr class=\"wp-block-separator has-alpha-channel-opacity\"\/>\n\n\n\n<h3 class=\"wp-block-heading\">1. Historische Perspektive: Der Katechet im Leben der Kirche<\/h3>\n\n\n\n<p>Seit den ersten Jahrhunderten des Christentums war die <strong>Katechese ein lebenswichtiges Element f\u00fcr die Weitergabe des Glaubens<\/strong>. Der heilige Justin der M\u00e4rtyrer beschrieb bereits im 2. Jahrhundert ausf\u00fchrlich, wie die Katechumenen vor der Taufe unterrichtet wurden. In Zeiten der Verfolgung agierten die Katecheten als <strong>geistliche F\u00fchrer und H\u00fcter des Glaubensguts<\/strong>, manchmal sogar im Untergrund.<\/p>\n\n\n\n<p>Im Mittelalter, mit dem Aufbl\u00fchen der Bettelorden, wurde die Katechese zu einem wesentlichen Teil der Evangelisierungsmission. Der heilige Dominikus und der heilige Franz von Assisi bildeten Prediger und Katecheten aus, um die Seelen des Volkes zu erreichen. Sp\u00e4ter betonten Gestalten wie der heilige Karl Borrom\u00e4us oder der heilige Johannes Bosco die Katechese f\u00fcr Kinder, Arbeiter, Jugendliche und ganze Familien.<\/p>\n\n\n\n<p>Das <strong>Konzil von Trient<\/strong> legte klare Normen f\u00fcr die Katechese fest, insbesondere als Antwort auf den Protestantismus. Der <em>R\u00f6mische Katechismus<\/em> war das bedeutendste Ergebnis. Im 20. Jahrhundert setzte sich der heilige Papst Pius X. mit Nachdruck f\u00fcr die <strong>Katechese als Mittel zur Erneuerung der Gesellschaft<\/strong> ein. Er f\u00f6rderte den fr\u00fchzeitigen Kommunionempfang der Kinder und rief zu einem ernsthaften, konstanten und frommen Unterricht auf.<\/p>\n\n\n\n<p>In jeder Zeit, in der der Glaube zu erl\u00f6schen drohte, erwies sich die <strong>Katechese als das wirksamste geistliche und kulturelle Gegenmittel<\/strong>. Auch heute ist das nicht anders.<\/p>\n\n\n\n<hr class=\"wp-block-separator has-alpha-channel-opacity\"\/>\n\n\n\n<h3 class=\"wp-block-heading\">2. Theologische Grundlage: Der Katechet als Mitarbeiter des Heiligen Geistes<\/h3>\n\n\n\n<p>Aus theologischer Sicht nimmt der Katechet Anteil an der <strong>dreifachen Sendung Christi: prophetisch, priesterlich und k\u00f6niglich<\/strong>. Wie der <em>Katechismus der Katholischen Kirche<\/em> (\u00a7426) lehrt:<\/p>\n\n\n\n<blockquote class=\"wp-block-quote is-layout-flow wp-block-quote-is-layout-flow\">\n<p>\u201eIm Mittelpunkt der Katechese steht im Grunde eine Person, die Person Jesu von Nazareth, des eingeborenen Sohnes des Vaters [\u2026] der f\u00fcr uns gelitten hat und gestorben ist und der jetzt, auferstanden, f\u00fcr immer mit uns lebt.\u201c<\/p>\n<\/blockquote>\n\n\n\n<p>Der Katechet ist <strong>nicht Eigent\u00fcmer der Botschaft<\/strong>, sondern <strong>ein Werkzeug des Heiligen Geistes<\/strong>, der im Herzen der Zuh\u00f6rer wirkt. Er arbeitet aktiv mit Gott zusammen bei der <strong>Bildung des christlichen Gewissens<\/strong>, indem er hilft, den Glauben konkret ins Leben umzusetzen.<\/p>\n\n\n\n<p>Der heilige Paulus schreibt:<\/p>\n\n\n\n<blockquote class=\"wp-block-quote is-layout-flow wp-block-quote-is-layout-flow\">\n<p>\u201eWie sollen sie aber an den glauben, von dem sie nichts geh\u00f6rt haben? Wie sollen sie aber h\u00f6ren, wenn niemand verk\u00fcndet?\u201c (R\u00f6mer 10,14)<\/p>\n<\/blockquote>\n\n\n\n<p>Die katechetische Arbeit ist also <strong>beruflich, kirchlich und zutiefst missionarisch<\/strong>. Der Katechet unterrichtet nicht nur; er <strong>bildet J\u00fcnger, baut Gemeinschaften auf, weckt Berufungen, st\u00e4rkt Ehen und verwandelt die Kultur von innen heraus<\/strong>.<\/p>\n\n\n\n<hr class=\"wp-block-separator has-alpha-channel-opacity\"\/>\n\n\n\n<h3 class=\"wp-block-heading\">3. Katechese und Gesellschaft: Der Glaube als sozialer Sauerteig<\/h3>\n\n\n\n<p>Wir leben in einem Kontext, in dem die <strong>Entchristlichung rapide voranschreitet<\/strong>, besonders im Westen. Die neuen Generationen, zunehmend vom Evangelium entfremdet, sind Ideologien ausgesetzt, die <strong>die Familie deformieren, die pers\u00f6nliche Identit\u00e4t verwirren und den transzendenten Sinn des Lebens ausl\u00f6schen<\/strong>.<\/p>\n\n\n\n<p>In diesem Panorama kann sich der <strong>Katechet nicht darauf beschr\u00e4nken, nur auf die Sakramente vorzubereiten<\/strong>. Er oder sie muss eine <strong>prophetische Stimme<\/strong> sein, <strong>ein mutiger Zeuge<\/strong>, der starke, freie Gewissen mit evangelischem Geist formt. Es reicht nicht, Inhalte zu vermitteln; man muss <strong>eine christliche Weltsicht vorschlagen<\/strong>, die den Menschen verwandelt und dadurch die Gesellschaft beeinflusst.<\/p>\n\n\n\n<p>Ein gut gelehrter Glaube hat eine <strong>soziale Kraft<\/strong>. Er ver\u00e4ndert Beziehungen, reinigt Strukturen, humanisiert Institutionen. Ein heute gut katechisiertes Kind ist <strong>ein gerechterer Erwachsener von morgen<\/strong>. Eine gut katechisierte Familie ist <strong>ein offenes Haus f\u00fcr das Leben und die Vergebung<\/strong>. Eine Gemeinschaft mit gut ausgebildeten Katecheten ist <strong>eine lebendige Kirche, die St\u00fcrme \u00fcbersteht und dauerhaft Frucht bringt<\/strong>.<\/p>\n\n\n\n<hr class=\"wp-block-separator has-alpha-channel-opacity\"\/>\n\n\n\n<h3 class=\"wp-block-heading\">4. Spiritualit\u00e4t des Katecheten: J\u00fcnger sein, bevor man Lehrer ist<\/h3>\n\n\n\n<p>Der Katechet ist vor allem ein <strong>J\u00fcnger auf dem Weg<\/strong>, berufen, das zu leben, was er lehrt. Ohne inneres Leben wird Katechese zur Technik. Ohne Gebet wird sie zur Ideologie. Deshalb braucht der Katechet:<\/p>\n\n\n\n<ul class=\"wp-block-list\">\n<li><strong>Ein intensives sakramentales Leben<\/strong> (h\u00e4ufige Eucharistie, regelm\u00e4\u00dfige Beichte)<\/li>\n\n\n\n<li><strong>St\u00e4ndige Weiterbildung<\/strong> in katholischer Lehre, Lehramt und spiritueller Theologie<\/li>\n\n\n\n<li><strong>Ein apostolisches Herz<\/strong>, das jeden Menschen liebt, besonders die Fernstehenden<\/li>\n\n\n\n<li><strong>Treue zum Lehramt der Kirche<\/strong>, ohne Modeerscheinungen oder Pers\u00f6nlichkeitskult<\/li>\n\n\n\n<li><strong>Demut<\/strong>, sich von anderen und von Gott selbst belehren zu lassen<\/li>\n<\/ul>\n\n\n\n<p>Der heilige Johannes Paul II. sagte:<\/p>\n\n\n\n<blockquote class=\"wp-block-quote is-layout-flow wp-block-quote-is-layout-flow\">\n<p>\u201eDer Katechet muss ein Gl\u00e4ubiger sein, der seinen Glauben lebt und weitergibt \u2013 nicht nur jemand, der ihn kennt.\u201c (<em>Catechesi Tradendae<\/em>, Nr. 5)<\/p>\n<\/blockquote>\n\n\n\n<hr class=\"wp-block-separator has-alpha-channel-opacity\"\/>\n\n\n\n<h3 class=\"wp-block-heading\">5. Praktische Anwendungen: Wie man heute die Berufung des Katecheten lebt<\/h3>\n\n\n\n<p><strong>F\u00fcr engagierte Laien:<\/strong><\/p>\n\n\n\n<ul class=\"wp-block-list\">\n<li>Sich ernsthaft bilden. Den <em>Katechismus<\/em>, lehramtliche Dokumente und theologische Literatur lesen, mit Hilfe von Priestern lernen.<\/li>\n\n\n\n<li>An Gebetszeiten, Exerzitien und Gemeinschaftsgruppen teilnehmen, um die Berufung zu st\u00e4rken.<\/li>\n\n\n\n<li>Auch au\u00dferhalb des Unterrichts Katechet sein: zu Hause, bei der Arbeit, in den sozialen Medien. <strong>Ein glaubw\u00fcrdiges Zeugnis spricht lauter als tausend Worte.<\/strong><\/li>\n<\/ul>\n\n\n\n<p><strong>F\u00fcr Eltern:<\/strong><\/p>\n\n\n\n<ul class=\"wp-block-list\">\n<li>Erkennen, dass <strong>sie die ersten Katecheten<\/strong> sind. Die Pfarrei unterst\u00fctzt \u2013 aber das Zuhause ist die eigentliche Glaubensschule.<\/li>\n\n\n\n<li>Glaubw\u00fcrdig leben: gemeinsam beten, die Messe besuchen, ein Vorbild in der Liebe sein.<\/li>\n<\/ul>\n\n\n\n<p><strong>F\u00fcr Priester und Ordensleute:<\/strong><\/p>\n\n\n\n<ul class=\"wp-block-list\">\n<li>Ihre Katecheten begleiten und ausbilden. Sie geistlich unterst\u00fctzen und nicht allein lassen.<\/li>\n\n\n\n<li>Die Katechese als pastorale S\u00e4ule wertsch\u00e4tzen, nicht nur als Voraussetzung f\u00fcr Sakramente.<\/li>\n<\/ul>\n\n\n\n<p><strong>F\u00fcr Jugendliche:<\/strong><\/p>\n\n\n\n<ul class=\"wp-block-list\">\n<li>Entdecken, dass Katechet sein <strong>weder langweilig noch altmodisch<\/strong> ist, sondern zutiefst revolution\u00e4r.<\/li>\n\n\n\n<li>Protagonisten der neuen Evangelisierung sein, mit Kreativit\u00e4t, Sprache und Talenten im Dienst des Evangeliums.<\/li>\n<\/ul>\n\n\n\n<hr class=\"wp-block-separator has-alpha-channel-opacity\"\/>\n\n\n\n<h3 class=\"wp-block-heading\">6. Die christliche Gesellschaft wiederherstellen: Eine m\u00f6gliche und dringende Aufgabe<\/h3>\n\n\n\n<p>Die Wiederherstellung der christlichen Gesellschaft <strong>wird nicht durch politische Erl\u00e4sse oder wirtschaftliche Strategien kommen<\/strong>, sondern durch eine <strong>tiefe Erneuerung der Seelen<\/strong>. Dabei ist der Katechet <strong>unersetzlich<\/strong>.<\/p>\n\n\n\n<p>Wir brauchen M\u00e4nner und Frauen, die bereit sind:<\/p>\n\n\n\n<ul class=\"wp-block-list\">\n<li><strong>Licht in Schulen und Familien zu sein<\/strong><\/li>\n\n\n\n<li><strong>Den schlafenden Glauben der Getauften zu wecken<\/strong><\/li>\n\n\n\n<li><strong>Die Wahrheit furchtlos zu verk\u00fcnden<\/strong><\/li>\n\n\n\n<li><strong>Reife Christen im Glauben zu formen<\/strong><\/li>\n\n\n\n<li><strong>Bekehrungsprozesse zu begleiten<\/strong><\/li>\n<\/ul>\n\n\n\n<p>Denn der Herr sagt:<\/p>\n\n\n\n<blockquote class=\"wp-block-quote is-layout-flow wp-block-quote-is-layout-flow\">\n<p>\u201eIhr seid das Salz der Erde [\u2026] Ihr seid das Licht der Welt.\u201c (Matth\u00e4us 5,13-14)<\/p>\n<\/blockquote>\n\n\n\n<p>Der Katechet ist Salz und Licht. Seine Arbeit <strong>endet nicht im Pfarrsaal<\/strong>, sondern erstreckt sich auf die ganze Gesellschaft \u2013 durch jedes ber\u00fchrte Herz, jede gest\u00e4rkte Familie, jede zur\u00fcckgewonnene Seele.<\/p>\n\n\n\n<hr class=\"wp-block-separator has-alpha-channel-opacity\"\/>\n\n\n\n<h3 class=\"wp-block-heading\">Schlussfolgerung<\/h3>\n\n\n\n<p>Heute mehr denn je braucht die Kirche <strong>heilige, gut ausgebildete, leidenschaftliche und missionarische Katecheten<\/strong>. Die Wiederherstellung der christlichen Gesellschaft <strong>ist keine romantische Utopie<\/strong>, sondern <strong>eine machbare Aufgabe, wenn die Baumeister des Reiches sich mit \u00dcberzeugung erheben<\/strong>.<\/p>\n\n\n\n<p>Katechet zu sein ist kein Ehrenamt wie jedes andere. Es ist <strong>eine Berufung, eine heilige Verantwortung, ein direkter Beitrag zum Heil der Welt<\/strong>. Jeder Katechet, der seine Mission ernst nimmt, ist eine wiederaufgebaute Mauer, ein geschlossener Riss, eine wiederbelebte Hoffnung.<\/p>\n\n\n\n<p>M\u00f6ge Maria, der Stern der Neuevangelisierung, alle Katecheten in ihrem t\u00e4glichen Einsatz begleiten, und m\u00f6ge der Heilige Geist in jedem von ihnen das <strong>Feuer des Anfangs<\/strong> erneuern, damit viele den einzigen wahren Retter kennenlernen, lieben und nachfolgen: <strong>Jesus Christus \u2013 der Weg, die Wahrheit und das Leben<\/strong>.<\/p>\n","protected":false},"excerpt":{"rendered":"<p>Ein dringender Aufruf, Licht inmitten der Dunkelheit zu sein Einleitung In einer Welt, die vom Relativismus, moralischer Verwirrung und kulturellem Zusammenbruch gepr\u00e4gt ist, bedeutet es nicht nur, von einem Diener der Kirche zu sprechen, wenn wir den Katecheten erw\u00e4hnen, sondern es geht um eine Schl\u00fcsselfigur beim Wiederaufbau des christlichen Gef\u00fcges der Gesellschaft. Der Katechet ist &hellip;<\/p>\n","protected":false},"author":3,"featured_media":4478,"comment_status":"open","ping_status":"open","sticky":false,"template":"","format":"standard","meta":{"_seopress_robots_primary_cat":"","_seopress_titles_title":"","_seopress_titles_desc":"","_seopress_robots_index":"","footnotes":""},"categories":[43,37],"tags":[],"class_list":["post-4477","post","type-post","status-publish","format-standard","has-post-thumbnail","","category-katechismus-der-katholischen-kirche","category-lehre-und-glaube"],"_links":{"self":[{"href":"https:\/\/catholicus.eu\/de\/wp-json\/wp\/v2\/posts\/4477","targetHints":{"allow":["GET"]}}],"collection":[{"href":"https:\/\/catholicus.eu\/de\/wp-json\/wp\/v2\/posts"}],"about":[{"href":"https:\/\/catholicus.eu\/de\/wp-json\/wp\/v2\/types\/post"}],"author":[{"embeddable":true,"href":"https:\/\/catholicus.eu\/de\/wp-json\/wp\/v2\/users\/3"}],"replies":[{"embeddable":true,"href":"https:\/\/catholicus.eu\/de\/wp-json\/wp\/v2\/comments?post=4477"}],"version-history":[{"count":1,"href":"https:\/\/catholicus.eu\/de\/wp-json\/wp\/v2\/posts\/4477\/revisions"}],"predecessor-version":[{"id":4479,"href":"https:\/\/catholicus.eu\/de\/wp-json\/wp\/v2\/posts\/4477\/revisions\/4479"}],"wp:featuredmedia":[{"embeddable":true,"href":"https:\/\/catholicus.eu\/de\/wp-json\/wp\/v2\/media\/4478"}],"wp:attachment":[{"href":"https:\/\/catholicus.eu\/de\/wp-json\/wp\/v2\/media?parent=4477"}],"wp:term":[{"taxonomy":"category","embeddable":true,"href":"https:\/\/catholicus.eu\/de\/wp-json\/wp\/v2\/categories?post=4477"},{"taxonomy":"post_tag","embeddable":true,"href":"https:\/\/catholicus.eu\/de\/wp-json\/wp\/v2\/tags?post=4477"}],"curies":[{"name":"wp","href":"https:\/\/api.w.org\/{rel}","templated":true}]}}