{"id":4435,"date":"2025-07-12T23:44:37","date_gmt":"2025-07-12T21:44:37","guid":{"rendered":"https:\/\/catholicus.eu\/de\/?p=4435"},"modified":"2025-07-12T23:44:37","modified_gmt":"2025-07-12T21:44:37","slug":"analogie-des-seins-die-bruecke-zwischen-der-schoepfung-und-dem-schoepfer","status":"publish","type":"post","link":"https:\/\/catholicus.eu\/de\/analogie-des-seins-die-bruecke-zwischen-der-schoepfung-und-dem-schoepfer\/","title":{"rendered":"Analogie des Seins: Die Br\u00fccke zwischen der Sch\u00f6pfung und dem Sch\u00f6pfer"},"content":{"rendered":"\n<p><em>Ein spiritueller Leitfaden zum Verst\u00e4ndnis unserer Beziehung zu Gott aus der Sicht der traditionellen katholischen Theologie<\/em><\/p>\n\n\n\n<hr class=\"wp-block-separator has-alpha-channel-opacity\"\/>\n\n\n\n<h3 class=\"wp-block-heading\">Einleitung: Warum heute \u00fcber die \u201eAnalogie des Seins\u201c sprechen?<\/h3>\n\n\n\n<p>In einer Welt, die zunehmend von anthropologischer Verwirrung, moralischem Relativismus und dem Verlust des transzendenten Sinns gepr\u00e4gt ist, ist die R\u00fcckkehr zu den Wurzeln des christlichen Denkens nicht nur eine akademische Notwendigkeit, sondern eine pastorale Dringlichkeit. Die <em>analogia entis<\/em> \u2014 die Analogie des Seins \u2014 ist eines jener Juwelen des traditionellen katholischen Denkens, das trotz seiner scheinbaren Komplexit\u00e4t eine entscheidende Bedeutung f\u00fcr unser t\u00e4gliches spirituelles Leben hat.<\/p>\n\n\n\n<p>Dieser Artikel m\u00f6chte eine Br\u00fccke sein \u2014 wie die <em>analogia entis<\/em> selbst \u2014 zwischen theologischer Reflexion und dem gew\u00f6hnlichen Leben der Christen. Wir werden ihre Geschichte, ihren tiefen theologischen Gehalt, ihre Bedeutung f\u00fcr das Verst\u00e4ndnis Gottes und des Menschen sowie ihren praktischen Nutzen f\u00fcr ein Leben in der bewussten Gegenwart Gottes untersuchen.<\/p>\n\n\n\n<hr class=\"wp-block-separator has-alpha-channel-opacity\"\/>\n\n\n\n<h3 class=\"wp-block-heading\">I. Was ist die <em>analogia entis<\/em>?<\/h3>\n\n\n\n<p>Der Ausdruck <em>analogia entis<\/em>, lateinisch f\u00fcr \u201eAnalogie des Seins\u201c, bezeichnet die Aussage, dass es eine proportionale und teilnehmende Beziehung zwischen dem Sein Gottes und dem Sein der Gesch\u00f6pfe gibt. Keine Gleichheit, aber auch kein absoluter Unterschied \u2014 vielmehr eine \u00c4hnlichkeit in der Verschiedenheit.<\/p>\n\n\n\n<p>Mit anderen Worten: Wenn wir sagen, dass Gott \u201eist\u201c und dass auch ein Gesch\u00f6pf \u201eist\u201c, verwenden wir zwar dasselbe Wort \u2014 \u201esein\u201c \u2014, aber nicht in genau demselben Sinn. Es ist weder univok (identisch) noch \u00e4quivok (v\u00f6llig verschieden), sondern analog: Es besteht eine wirkliche Beziehung, aber auch eine unendliche Distanz.<\/p>\n\n\n\n<p>Wie der Katechismus der Katholischen Kirche erkl\u00e4rt:<\/p>\n\n\n\n<blockquote class=\"wp-block-quote is-layout-flow wp-block-quote-is-layout-flow\">\n<p>\u201eZwischen dem Sch\u00f6pfer und dem Gesch\u00f6pf kann keine \u00c4hnlichkeit festgestellt werden, ohne dass zwischen ihnen eine noch gr\u00f6\u00dfere Un\u00e4hnlichkeit festzustellen w\u00e4re\u201c (KKK, 43).<\/p>\n<\/blockquote>\n\n\n\n<p>Diese Aussage entfernt uns nicht von Gott, sondern hilft uns vielmehr zu verstehen, dass die gesamte Sch\u00f6pfung ein g\u00f6ttliches Gepr\u00e4ge tr\u00e4gt, auch wenn Gott nicht mit der Sch\u00f6pfung identisch ist. Sie l\u00e4dt uns ein, die Welt als einen verschleierten und fragmentarischen, aber dennoch wahren Widerschein der Herrlichkeit ihres Sch\u00f6pfers zu betrachten.<\/p>\n\n\n\n<hr class=\"wp-block-separator has-alpha-channel-opacity\"\/>\n\n\n\n<h3 class=\"wp-block-heading\">II. Biblische Wurzeln: Abbild und \u00c4hnlichkeit<\/h3>\n\n\n\n<p>Die <em>analogia entis<\/em> ist keine philosophische Erfindung ohne biblische Wurzeln. Im Buch Genesis finden wir das grundlegende Prinzip:<\/p>\n\n\n\n<blockquote class=\"wp-block-quote is-layout-flow wp-block-quote-is-layout-flow\">\n<p>\u201eGott schuf also den Menschen als sein Bild, als Abbild Gottes schuf er ihn. Als Mann und Frau schuf er sie\u201c (Genesis 1,27).<\/p>\n<\/blockquote>\n\n\n\n<p>Als \u201eBild und Gleichnis\u201c Gottes erschaffen zu sein ist letztlich eine analoge Aussage: Wir sind Gott \u00e4hnlich, aber wir sind nicht Gott. Wir spiegeln sein Sein, seine G\u00fcte, seine Liebesf\u00e4higkeit und seine Freiheit wider \u2014 jedoch auf begrenzte und geschaffene Weise.<\/p>\n\n\n\n<p>Die biblische Weisheit ist reich an Bildern, die diese Analogie ausdr\u00fccken: Gott ist Hirte, K\u00f6nig, Vater, Br\u00e4utigam. Diese Metaphern sagen uns etwas Wahres \u00fcber Gott, aber stets aus menschlicher Erfahrung heraus. Es sind Analogien, die uns zum Geheimnis emporheben.<\/p>\n\n\n\n<hr class=\"wp-block-separator has-alpha-channel-opacity\"\/>\n\n\n\n<h3 class=\"wp-block-heading\">III. Geschichte der Analogie: Von Aristoteles zu Thomas von Aquin<\/h3>\n\n\n\n<p>Obwohl der Begriff der Analogie philosophische Wurzeln bei Aristoteles hat, erreicht er seine volle Entfaltung erst in der christlichen Theologie.<\/p>\n\n\n\n<h4 class=\"wp-block-heading\">1. Augustinus und die Suche nach dem g\u00f6ttlichen Spiegelbild<\/h4>\n\n\n\n<p>Der heilige Augustinus sah in der menschlichen Seele einen Spiegel der Dreifaltigkeit. F\u00fcr ihn waren Ged\u00e4chtnis, Verstand und Wille Spuren des dreifaltigen Gottes. Diese Perspektive deutet bereits eine <em>analogia entis<\/em> an, wenn auch implizit.<\/p>\n\n\n\n<h4 class=\"wp-block-heading\">2. Thomas von Aquin: Der H\u00f6hepunkt des analogen Denkens<\/h4>\n\n\n\n<p>Der heilige Thomas von Aquin ist es, der im 13. Jahrhundert die Analogie des Seins am vollst\u00e4ndigsten entwickelt. F\u00fcr ihn nimmt alles, was existiert, am Sein teil \u2014 und dieses Sein ist Gott. Die Gesch\u00f6pfe sind \u201eSeiende\u201c, d.\u202fh. sie besitzen das Sein durch Teilnahme, w\u00e4hrend Gott <em>ipsum esse subsistens<\/em> ist \u2014 das Sein selbst, das in sich selbst existiert.<\/p>\n\n\n\n<p>Thomas lehrt, dass wir von Gott auf analoge Weise sprechen, weil Gott die wirksame und exemplarische Ursache aller Dinge ist. Wenn wir also sagen, dass Gott gut, weise oder gerecht ist, tun wir dies in analoger Weise zu unserer Erfahrung von G\u00fcte, Weisheit oder Gerechtigkeit \u2014 jedoch erh\u00f6ht und gereinigt.<\/p>\n\n\n\n<hr class=\"wp-block-separator has-alpha-channel-opacity\"\/>\n\n\n\n<h3 class=\"wp-block-heading\">IV. Theologische Bedeutung: Warum ist die Analogie des Seins so wichtig?<\/h3>\n\n\n\n<p>Die <em>analogia entis<\/em> ist kein esoterisches Thema, das nur f\u00fcr Theologen bestimmt ist. Sie bildet das Fundament einer katholischen Weltsicht \u2014 eine wahre \u201eGrammatik des Seins\u201c, die es uns erm\u00f6glicht:<\/p>\n\n\n\n<h4 class=\"wp-block-heading\">1. Zwei extreme Irrt\u00fcmer zu vermeiden<\/h4>\n\n\n\n<ul class=\"wp-block-list\">\n<li><strong>Pantheismus<\/strong>, der Gott mit der Sch\u00f6pfung gleichsetzt.<\/li>\n\n\n\n<li><strong>Radikaler Nominalismus oder Voluntarismus<\/strong>, der Gott als v\u00f6llig anders und willk\u00fcrlich ansieht, ohne Verbindung zur menschlichen Vernunft.<\/li>\n<\/ul>\n\n\n\n<p>Beide Irrt\u00fcmer zerst\u00f6ren die M\u00f6glichkeit, vern\u00fcnftig von Gott zu sprechen und ihm in der Sch\u00f6pfung zu begegnen.<\/p>\n\n\n\n<h4 class=\"wp-block-heading\">2. Die Sakramentalit\u00e4t der Welt zu begr\u00fcnden<\/h4>\n\n\n\n<p>Wenn das geschaffene Sein wirklich am g\u00f6ttlichen Sein teilhat, dann kann es Zeichen, Sakrament, Vermittlung sein. Wasser, Brot, Wein, \u00d6l\u2026 sind dann keine blo\u00dfen Symbole, sondern Tr\u00e4ger der Gnade.<\/p>\n\n\n\n<h4 class=\"wp-block-heading\">3. Die Menschenw\u00fcrde zu verteidigen<\/h4>\n\n\n\n<p>Wenn der Mensch am g\u00f6ttlichen Sein teilhat, besitzt er eine unantastbare W\u00fcrde \u2014 selbst in seiner Not oder S\u00fcndhaftigkeit. Dieses ontologische Fundament tr\u00e4gt die christliche Ethik und den Respekt vor jedem menschlichen Leben.<\/p>\n\n\n\n<hr class=\"wp-block-separator has-alpha-channel-opacity\"\/>\n\n\n\n<h3 class=\"wp-block-heading\">V. Praktische Anwendungen: Die Analogie des Seins im Alltag leben<\/h3>\n\n\n\n<p>Wie kann dieses Konzept unser t\u00e4gliches Leben inspirieren und leiten? Hier einige konkrete und tiefgreifende Anwendungen:<\/p>\n\n\n\n<h4 class=\"wp-block-heading\">1. <strong>Gott in der Sch\u00f6pfung erkennen<\/strong><\/h4>\n\n\n\n<p>Jede Blume, jeder Mensch, jeder Moment von Sch\u00f6nheit oder Wahrheit ist ein Abbild des Sch\u00f6pfers. Die <em>analogia entis<\/em> l\u00e4dt uns ein, einen kontemplativen Blick zu pflegen \u2014 eine Spiritualit\u00e4t des Staunens. Wie Bonaventura sagte: Das Universum ist \u201eeine Leiter, um zu Gott aufzusteigen\u201c.<\/p>\n\n\n\n<blockquote class=\"wp-block-quote is-layout-flow wp-block-quote-is-layout-flow\">\n<p>\u201eDie Himmel r\u00fchmen die Herrlichkeit Gottes, vom Werk seiner H\u00e4nde k\u00fcndet das Firmament\u201c (Psalm 19,2).<\/p>\n<\/blockquote>\n\n\n\n<h4 class=\"wp-block-heading\">2. <strong>Zur Transzendenz erziehen<\/strong><\/h4>\n\n\n\n<p>In Katechese, Predigt und Familienleben m\u00fcssen wir lehren, dass alles Gute, Wahre und Sch\u00f6ne auf Gott verweist. Die analoge Sprache erm\u00f6glicht es, von Gott zu sprechen, ohne ihn auf unsere Kategorien zu reduzieren, aber auch ohne ihn unzug\u00e4nglich zu machen.<\/p>\n\n\n\n<h4 class=\"wp-block-heading\">3. <strong>Ein tieferes Gebet pflegen<\/strong><\/h4>\n\n\n\n<p>Die Analogie l\u00e4dt uns ein zu erkennen, dass unsere menschlichen Worte Gott nicht vollst\u00e4ndig erfassen, aber dennoch nicht nutzlos sind. Wir k\u00f6nnen Gott Vater, Retter, Br\u00e4utigam, Hirte nennen\u2026 im Wissen, dass er all unsere Bilder \u00fcbersteigt, aber sie annimmt, um sich mitzuteilen.<\/p>\n\n\n\n<h4 class=\"wp-block-heading\">4. <strong>Vernunft und Glaube vereinen<\/strong><\/h4>\n\n\n\n<p>In Zeiten des Skeptizismus oder Fideismus erm\u00f6glicht uns die <em>analogia entis<\/em>, Vernunft und Glaube zu verbinden. Wir k\u00f6nnen vern\u00fcnftig von Gott sprechen, ohne ihn zu einem Gesch\u00f6pf zu machen. Dieses Gleichgewicht ist entscheidend f\u00fcr den Dialog mit der modernen Welt.<\/p>\n\n\n\n<hr class=\"wp-block-separator has-alpha-channel-opacity\"\/>\n\n\n\n<h3 class=\"wp-block-heading\">VI. Eine Br\u00fccke f\u00fcr Herz und Verstand<\/h3>\n\n\n\n<p>Letztlich ist die <em>analogia entis<\/em> viel mehr als ein technischer Begriff. Sie ist eine Br\u00fccke: Sie verbindet das Endliche mit dem Unendlichen, das Sichtbare mit dem Unsichtbaren, die Vernunft mit dem Glauben, die Philosophie mit der Mystik.<\/p>\n\n\n\n<p>In einer Welt, die alles zu trennen oder zu vermischen droht, bietet die traditionelle katholische Sicht der Analogie des Seins eine ausgewogene, sch\u00f6ne und zutiefst menschliche Antwort. Sie lehrt uns, dass wir Gott erkennen k\u00f6nnen \u2014 immer im Geheimnis \u2014 und dass die ganze Sch\u00f6pfung eine Einladung zum Lobpreis ist.<\/p>\n\n\n\n<hr class=\"wp-block-separator has-alpha-channel-opacity\"\/>\n\n\n\n<h3 class=\"wp-block-heading\">Schlussfolgerung: Den analogen Blick wiederentdecken<\/h3>\n\n\n\n<p>Wenn wir eine Kultur, die das Heilige vergessen hat, neu evangelisieren wollen, m\u00fcssen wir den analogen Blick wiederentdecken. Es geht nicht darum, abstrakte Begriffe aufzuzwingen, sondern darum, den Menschen zu helfen, neu zu entdecken, dass das Allt\u00e4gliche von Gott spricht: eine umarmende Mutter, ein geteiltes Brot, ein Sonnenuntergang, eine erl\u00f6sende Tr\u00e4ne.<\/p>\n\n\n\n<p>Jedes geschaffene Ding sagt etwas \u00fcber Gott. Aber es schweigt auch, damit wir ihn jenseits von allem suchen.<\/p>\n\n\n\n<blockquote class=\"wp-block-quote is-layout-flow wp-block-quote-is-layout-flow\">\n<p>\u201eDenn in ihm leben wir, bewegen wir uns und sind wir\u201c (Apostelgeschichte 17,28).<\/p>\n<\/blockquote>\n\n\n\n<p>M\u00f6ge diese Wahrheit unser geistliches Leben erleuchten. M\u00f6gen wir lernen, Gott in allem zu sehen, ohne ihn mit dem Geschaffenen zu verwechseln, und m\u00f6ge jeder Schritt, den wir in der Welt machen, eine lebendige Analogie jenes Seins werden, das uns das Leben schenkt.<\/p>\n","protected":false},"excerpt":{"rendered":"<p>Ein spiritueller Leitfaden zum Verst\u00e4ndnis unserer Beziehung zu Gott aus der Sicht der traditionellen katholischen Theologie Einleitung: Warum heute \u00fcber die \u201eAnalogie des Seins\u201c sprechen? In einer Welt, die zunehmend von anthropologischer Verwirrung, moralischem Relativismus und dem Verlust des transzendenten Sinns gepr\u00e4gt ist, ist die R\u00fcckkehr zu den Wurzeln des christlichen Denkens nicht nur eine &hellip;<\/p>\n","protected":false},"author":3,"featured_media":4436,"comment_status":"open","ping_status":"open","sticky":false,"template":"","format":"standard","meta":{"_seopress_robots_primary_cat":"","_seopress_titles_title":"","_seopress_titles_desc":"","_seopress_robots_index":"","footnotes":""},"categories":[41,63],"tags":[1479],"class_list":["post-4435","post","type-post","status-publish","format-standard","has-post-thumbnail","","category-glaube-und-kultur","category-philosophie-und-glaube","tag-analogie-des-seins"],"_links":{"self":[{"href":"https:\/\/catholicus.eu\/de\/wp-json\/wp\/v2\/posts\/4435","targetHints":{"allow":["GET"]}}],"collection":[{"href":"https:\/\/catholicus.eu\/de\/wp-json\/wp\/v2\/posts"}],"about":[{"href":"https:\/\/catholicus.eu\/de\/wp-json\/wp\/v2\/types\/post"}],"author":[{"embeddable":true,"href":"https:\/\/catholicus.eu\/de\/wp-json\/wp\/v2\/users\/3"}],"replies":[{"embeddable":true,"href":"https:\/\/catholicus.eu\/de\/wp-json\/wp\/v2\/comments?post=4435"}],"version-history":[{"count":1,"href":"https:\/\/catholicus.eu\/de\/wp-json\/wp\/v2\/posts\/4435\/revisions"}],"predecessor-version":[{"id":4437,"href":"https:\/\/catholicus.eu\/de\/wp-json\/wp\/v2\/posts\/4435\/revisions\/4437"}],"wp:featuredmedia":[{"embeddable":true,"href":"https:\/\/catholicus.eu\/de\/wp-json\/wp\/v2\/media\/4436"}],"wp:attachment":[{"href":"https:\/\/catholicus.eu\/de\/wp-json\/wp\/v2\/media?parent=4435"}],"wp:term":[{"taxonomy":"category","embeddable":true,"href":"https:\/\/catholicus.eu\/de\/wp-json\/wp\/v2\/categories?post=4435"},{"taxonomy":"post_tag","embeddable":true,"href":"https:\/\/catholicus.eu\/de\/wp-json\/wp\/v2\/tags?post=4435"}],"curies":[{"name":"wp","href":"https:\/\/api.w.org\/{rel}","templated":true}]}}