{"id":4414,"date":"2025-07-09T23:54:20","date_gmt":"2025-07-09T21:54:20","guid":{"rendered":"https:\/\/catholicus.eu\/de\/?p=4414"},"modified":"2025-07-09T23:54:21","modified_gmt":"2025-07-09T21:54:21","slug":"die-gemeinschaft-der-heiligen-wenn-dein-gebet-einen-fremden-staerkt-und-umgekehrt","status":"publish","type":"post","link":"https:\/\/catholicus.eu\/de\/die-gemeinschaft-der-heiligen-wenn-dein-gebet-einen-fremden-staerkt-und-umgekehrt\/","title":{"rendered":"Die Gemeinschaft der Heiligen: Wenn dein Gebet einen Fremden st\u00e4rkt (und umgekehrt)"},"content":{"rendered":"\n<p><em>Ein theologischer, pastoraler und zutiefst menschlicher Leitfaden, um den Glauben in Gemeinschaft zu leben<\/em><\/p>\n\n\n\n<hr class=\"wp-block-separator has-alpha-channel-opacity\"\/>\n\n\n\n<h3 class=\"wp-block-heading\"><strong>Einleitung: Ein Geheimnis, das uns jenseits von Zeit und Raum verbindet<\/strong><\/h3>\n\n\n\n<p>In einer Welt, in der Einsamkeit wie eine stille Epidemie wirkt und Individualismus als Tugend gefeiert wird, gibt es eine tr\u00f6stliche und verwandelnde Wahrheit im Herzen des katholischen Glaubens: <strong>die Gemeinschaft der Heiligen<\/strong>. Sie ist nicht nur ein abstraktes Dogma, das wir im Glaubensbekenntnis sprechen (\u201eIch glaube an die Gemeinschaft der Heiligen\u201c), sondern eine lebendige Wirklichkeit \u2013 <strong>ein geistliches Netzwerk, das durch Gottes Gnade gewoben ist<\/strong>, in dem <strong>jede Seele im Stand der Gnade geheimnisvoll mit allen anderen verbunden ist<\/strong>.<\/p>\n\n\n\n<p>Stell dir vor, dass das Gebet, das du gestern f\u00fcr \u201ealle Leidenden\u201c gesprochen hast, Trost einer trauernden Mutter brachte, die du nie getroffen hast. Oder dass, als du einer Versuchung gegen\u00fcberstandest, die Kraft, ihr zu widerstehen, von einem alten Mann kam, der seinen Rosenkranz betete, ohne deinen Namen zu kennen. Das ist die Gemeinschaft der Heiligen: <strong>ein \u00fcbernat\u00fcrlicher Strom der Liebe<\/strong>, der zwischen den Gliedern des mystischen Leibes Christi flie\u00dft \u2013 \u00fcber sichtbare Grenzen hinaus.<\/p>\n\n\n\n<hr class=\"wp-block-separator has-alpha-channel-opacity\"\/>\n\n\n\n<h3 class=\"wp-block-heading\"><strong>I. Was ist die Gemeinschaft der Heiligen? Eine verst\u00e4ndliche theologische Definition<\/strong><\/h3>\n\n\n\n<p>Die <strong>Gemeinschaft der Heiligen<\/strong> ist die geteilte Teilhabe aller Glieder der Kirche \u2013 Lebender und Verstorbener \u2013 an den geistlichen G\u00fctern Christi. Der <em>Katechismus der Katholischen Kirche<\/em> (\u00a7946\u2013962) beschreibt sie in drei Dimensionen:<\/p>\n\n\n\n<ol class=\"wp-block-list\">\n<li><strong>Mit den Heiligen im Himmel (die triumphierende Kirche)<\/strong><\/li>\n\n\n\n<li><strong>Mit den Seelen im Fegefeuer (die leidende Kirche)<\/strong><\/li>\n\n\n\n<li><strong>Mit den Gl\u00e4ubigen auf der Erde (die streitende Kirche)<\/strong><\/li>\n<\/ol>\n\n\n\n<p>Diese unsichtbare, aber reale Verbindung wurzelt in der Wahrheit, dass <strong>wir alle Glieder eines einzigen Leibes sind \u2013 dem Leib Christi<\/strong>. Wie der heilige Paulus schreibt:<\/p>\n\n\n\n<blockquote class=\"wp-block-quote is-layout-flow wp-block-quote-is-layout-flow\">\n<p><em>\u201eWenn ein Glied leidet, leiden alle Glieder mit; wenn ein Glied geehrt wird, freuen sich alle Glieder mit. Ihr aber seid der Leib Christi und jeder Einzelne ist ein Glied an ihm.\u201c<\/em><br>(1 Korinther 12,26\u201327)<\/p>\n<\/blockquote>\n\n\n\n<hr class=\"wp-block-separator has-alpha-channel-opacity\"\/>\n\n\n\n<h3 class=\"wp-block-heading\"><strong>II. Geschichte und Entwicklung des Dogmas<\/strong><\/h3>\n\n\n\n<p>Schon in den ersten Jahrhunderten verstanden Christen, dass der Tod die Einheit des Leibes Christi nicht bricht. Die Inschriften in den Katakomben zeugen von diesem Bewusstsein: <em>\u201eBete f\u00fcr mich\u201c, \u201eWir werden uns im Herrn wiedersehen\u201c, \u201eBitte f\u00fcr deine Br\u00fcder.\u201c<\/em><\/p>\n\n\n\n<p>Die Theologie der Kirchenv\u00e4ter \u2013 insbesondere bei Augustinus, Ambrosius und Johannes Chrysostomos \u2013 entwickelte die Idee, dass <strong>Verdienste, Gebete und Leiden einzelner der gesamten Kirche zugutekommen k\u00f6nnen<\/strong>. Die Kirche pr\u00e4zisierte dieses Dogma im Lauf der Jahrhunderte, insbesondere auf dem Konzil von Trient, das die Macht der F\u00fcrbitte der Heiligen und die Wichtigkeit des Gebets f\u00fcr die Seelen im Fegefeuer betonte.<\/p>\n\n\n\n<hr class=\"wp-block-separator has-alpha-channel-opacity\"\/>\n\n\n\n<h3 class=\"wp-block-heading\"><strong>III. Geistliche Dimension: Ein Netz der Gnade und \u00fcbernat\u00fcrlichen Liebe<\/strong><\/h3>\n\n\n\n<p>In der Gemeinschaft der Heiligen <strong>stirbt die Liebe nicht mit dem Tod<\/strong> \u2013 sie wird durch die Ewigkeit noch verst\u00e4rkt. Die Gnade ist kein Privatbesitz, sondern ein Strom, der zwischen den Gliedern der Kirche flie\u00dft. So bitten uns die Heiligen im Himmel f\u00fcr uns, wir k\u00f6nnen f\u00fcr die Seelen im Fegefeuer beten, und jeder von uns kann beten und Opfer bringen f\u00fcr seine Br\u00fcder und Schwestern auf Erden.<\/p>\n\n\n\n<p>Diese Wahrheit ver\u00e4ndert unseren Blick: <strong>Dein geistliches Leben geh\u00f6rt nicht \u201enur dir\u201c, sondern ist auch ein Geschenk f\u00fcr andere<\/strong>. Dein Gebet, deine Teilnahme an der Eucharistie, dein Fasten, sogar dein im Glauben getragenes Leiden\u2026 <strong>hat einen erl\u00f6senden Wert in Christus<\/strong> f\u00fcr andere.<\/p>\n\n\n\n<hr class=\"wp-block-separator has-alpha-channel-opacity\"\/>\n\n\n\n<h3 class=\"wp-block-heading\"><strong>IV. Praktische Anwendungen: Wie man die Gemeinschaft der Heiligen im Alltag lebt<\/strong><\/h3>\n\n\n\n<p>Hier ein pastoraler und theologischer Leitfaden, um dieses Geheimnis konkret im Alltag zu leben:<\/p>\n\n\n\n<hr class=\"wp-block-separator has-alpha-channel-opacity\"\/>\n\n\n\n<h4 class=\"wp-block-heading\">1. <strong>F\u00fcge deinen Gebeten universelle Anliegen hinzu<\/strong><\/h4>\n\n\n\n<p>Bete nicht nur f\u00fcr deine eigenen Anliegen. Nimm stets auch andere Absichten mit hinein:<\/p>\n\n\n\n<ul class=\"wp-block-list\">\n<li>F\u00fcr die Sterbenden des Tages<\/li>\n\n\n\n<li>F\u00fcr verfolgte Christen<\/li>\n\n\n\n<li>F\u00fcr vergessene Seelen im Fegefeuer<\/li>\n\n\n\n<li>F\u00fcr jene, die niemanden haben, der f\u00fcr sie betet<\/li>\n<\/ul>\n\n\n\n<blockquote class=\"wp-block-quote is-layout-flow wp-block-quote-is-layout-flow\">\n<p><em>\u201eDas inst\u00e4ndige Gebet eines Gerechten vermag viel.\u201c<\/em><br>(Jakobus 5,16)<\/p>\n<\/blockquote>\n\n\n\n<hr class=\"wp-block-separator has-alpha-channel-opacity\"\/>\n\n\n\n<h4 class=\"wp-block-heading\">2. <strong>Vereine dich bewusst mit den Messen weltweit<\/strong><\/h4>\n\n\n\n<p>Wenn du an der Messe teilnimmst, vereine deine Intention mit jener der ganzen Kirche. Denk daran, dass <strong>jede Eucharistie eine Teilnahme am einen, ewigen Opfer Christi ist<\/strong>. Biete sie dar:<\/p>\n\n\n\n<ul class=\"wp-block-list\">\n<li>F\u00fcr Bekehrungen<\/li>\n\n\n\n<li>F\u00fcr Priester<\/li>\n\n\n\n<li>F\u00fcr jene, die nicht kommunizieren k\u00f6nnen<\/li>\n\n\n\n<li>F\u00fcr die verfolgte Kirche<\/li>\n<\/ul>\n\n\n\n<hr class=\"wp-block-separator has-alpha-channel-opacity\"\/>\n\n\n\n<h4 class=\"wp-block-heading\">3. <strong>Opfere dein Leiden als F\u00fcrbitte auf<\/strong><\/h4>\n\n\n\n<p>Wenn du k\u00f6rperlich, seelisch oder geistlich leidest, verschwende diesen Schmerz nicht. Vereine dein Kreuz mit dem Christi und opfere es auf:<\/p>\n\n\n\n<ul class=\"wp-block-list\">\n<li>F\u00fcr die innere Heilung anderer<\/li>\n\n\n\n<li>F\u00fcr den Trost der Trauernden<\/li>\n\n\n\n<li>F\u00fcr die Seelen im Fegefeuer<\/li>\n<\/ul>\n\n\n\n<p>Dieses \u201eApostolat des Leidens\u201c war zentral im Leben von Johannes Paul II. und Heiligen wie Th\u00e9r\u00e8se von Lisieux oder Faustina Kowalska.<\/p>\n\n\n\n<hr class=\"wp-block-separator has-alpha-channel-opacity\"\/>\n\n\n\n<h4 class=\"wp-block-heading\">4. <strong>Bete f\u00fcr die Verstorbenen \u2013 auch f\u00fcr Unbekannte<\/strong><\/h4>\n\n\n\n<p>F\u00fcr die Toten zu beten ist eine der reinsten Formen der N\u00e4chstenliebe, denn <strong>sie k\u00f6nnen sich selbst keine Verdienste mehr erwerben, aber du kannst ihnen helfen<\/strong>. Bete oft:<\/p>\n\n\n\n<ul class=\"wp-block-list\">\n<li>Den <em>De Profundis<\/em> (Psalm 129)<\/li>\n\n\n\n<li>Den Rosenkranz f\u00fcr die armen Seelen<\/li>\n\n\n\n<li>Abl\u00e4sse, ganz oder teilweise, f\u00fcr sie angewendet<\/li>\n<\/ul>\n\n\n\n<hr class=\"wp-block-separator has-alpha-channel-opacity\"\/>\n\n\n\n<h4 class=\"wp-block-heading\">5. <strong>Bitte um die F\u00fcrsprache der Heiligen<\/strong><\/h4>\n\n\n\n<p>Suche dir Heilige, zu denen du dich hingezogen f\u00fchlst: Patrone, Vorbilder des Evangeliums, Zeugen des Glaubens. Nicht nur, damit sie dir helfen, sondern auch, um <strong>geistlich mit ihnen zu gehen<\/strong>. Lies ihr Leben, rufe sie an, teile ihre Werke.<\/p>\n\n\n\n<hr class=\"wp-block-separator has-alpha-channel-opacity\"\/>\n\n\n\n<h4 class=\"wp-block-heading\">6. <strong>Denk an die Unsichtbaren<\/strong><\/h4>\n\n\n\n<p>Sei dir im Glauben bewusst: <strong>Du bist nicht allein<\/strong>. Jedes Mal, wenn du den Rosenkranz betest, tun es Tausende mit dir. Jedes Mal, wenn du still anbetest, begleitet dich ein verborgenes Chor. Jedes Mal, wenn du mit Zweifel k\u00e4mpfst, st\u00fctzen dich Heilige.<\/p>\n\n\n\n<hr class=\"wp-block-separator has-alpha-channel-opacity\"\/>\n\n\n\n<h3 class=\"wp-block-heading\"><strong>V. Die Gemeinschaft der Heiligen in der heutigen Welt<\/strong><\/h3>\n\n\n\n<p>Heute ist diese Wahrheit aktueller denn je. In einer Gesellschaft voller Trennung, oberfl\u00e4chlicher sozialer Netzwerke und geistlicher Isolation erinnert uns <strong>die Gemeinschaft der Heiligen daran, dass wir zu etwas Gr\u00f6\u00dferem, Tieferem und Ewigem geh\u00f6ren<\/strong>. Sie ist das Gegenteil des modernen Egoismus. Sie bekr\u00e4ftigt, dass <strong>jede Seele z\u00e4hlt<\/strong> und dass selbst unsere verborgensten Handlungen ewige Wirkung haben k\u00f6nnen.<\/p>\n\n\n\n<hr class=\"wp-block-separator has-alpha-channel-opacity\"\/>\n\n\n\n<h3 class=\"wp-block-heading\"><strong>VI. Schlussfolgerung: Eine Spiritualit\u00e4t der Gemeinschaft<\/strong><\/h3>\n\n\n\n<p>Die Gemeinschaft der Heiligen zu leben hei\u00dft, eine <strong>Spiritualit\u00e4t der Gemeinschaft<\/strong> anzunehmen, wie sie Johannes Paul II. in <em>Novo Millennio Ineunte<\/em> nannte. Es bedeutet, sich dem Geheimnis zu \u00f6ffnen, \u201eeins in Christus\u201c zu sein \u2013 wo die Liebe wirksam wird und die Gnade des einen zum Segen f\u00fcr den anderen wird.<\/p>\n\n\n\n<p>Denk daran: Deine Gebete, deine Werke der Liebe, deine Tr\u00e4nen und Freuden <strong>sind nicht vergeblich<\/strong>. Jemand, irgendwo \u2013 in diesem Leben, im Fegefeuer oder im Himmel \u2013 profitiert von deiner Treue. Und du empf\u00e4ngst im Gegenzug Gnaden durch die Liebe anderer.<\/p>\n\n\n\n<hr class=\"wp-block-separator has-alpha-channel-opacity\"\/>\n\n\n\n<h3 class=\"wp-block-heading\"><strong>Abschlie\u00dfendes Gebet<\/strong><\/h3>\n\n\n\n<blockquote class=\"wp-block-quote is-layout-flow wp-block-quote-is-layout-flow\">\n<p><em>Herr Jesus Christus, Du hast gewollt, dass wir in einem Leib und einem Geist vereint sind; hilf uns, die Gemeinschaft der Heiligen voll zu leben. Lass uns unser Leben f\u00fcr andere hingeben und dem\u00fctig die Gnaden empfangen, die sie f\u00fcr uns erwirken. Lass uns niemals vergessen, dass wir nicht allein sind, und dass Deine Liebe uns \u00fcber Zeit, Raum und Tod hinaus verbindet. Amen.<\/em><\/p>\n<\/blockquote>\n","protected":false},"excerpt":{"rendered":"<p>Ein theologischer, pastoraler und zutiefst menschlicher Leitfaden, um den Glauben in Gemeinschaft zu leben Einleitung: Ein Geheimnis, das uns jenseits von Zeit und Raum verbindet In einer Welt, in der Einsamkeit wie eine stille Epidemie wirkt und Individualismus als Tugend gefeiert wird, gibt es eine tr\u00f6stliche und verwandelnde Wahrheit im Herzen des katholischen Glaubens: die &hellip;<\/p>\n","protected":false},"author":3,"featured_media":4415,"comment_status":"open","ping_status":"open","sticky":false,"template":"","format":"standard","meta":{"_seopress_robots_primary_cat":"","_seopress_titles_title":"","_seopress_titles_desc":"","_seopress_robots_index":"","footnotes":""},"categories":[44,37],"tags":[360],"class_list":["post-4414","post","type-post","status-publish","format-standard","has-post-thumbnail","","category-dogmen-des-glaubens","category-lehre-und-glaube","tag-gemeinschaft-der-heiligen"],"_links":{"self":[{"href":"https:\/\/catholicus.eu\/de\/wp-json\/wp\/v2\/posts\/4414","targetHints":{"allow":["GET"]}}],"collection":[{"href":"https:\/\/catholicus.eu\/de\/wp-json\/wp\/v2\/posts"}],"about":[{"href":"https:\/\/catholicus.eu\/de\/wp-json\/wp\/v2\/types\/post"}],"author":[{"embeddable":true,"href":"https:\/\/catholicus.eu\/de\/wp-json\/wp\/v2\/users\/3"}],"replies":[{"embeddable":true,"href":"https:\/\/catholicus.eu\/de\/wp-json\/wp\/v2\/comments?post=4414"}],"version-history":[{"count":1,"href":"https:\/\/catholicus.eu\/de\/wp-json\/wp\/v2\/posts\/4414\/revisions"}],"predecessor-version":[{"id":4416,"href":"https:\/\/catholicus.eu\/de\/wp-json\/wp\/v2\/posts\/4414\/revisions\/4416"}],"wp:featuredmedia":[{"embeddable":true,"href":"https:\/\/catholicus.eu\/de\/wp-json\/wp\/v2\/media\/4415"}],"wp:attachment":[{"href":"https:\/\/catholicus.eu\/de\/wp-json\/wp\/v2\/media?parent=4414"}],"wp:term":[{"taxonomy":"category","embeddable":true,"href":"https:\/\/catholicus.eu\/de\/wp-json\/wp\/v2\/categories?post=4414"},{"taxonomy":"post_tag","embeddable":true,"href":"https:\/\/catholicus.eu\/de\/wp-json\/wp\/v2\/tags?post=4414"}],"curies":[{"name":"wp","href":"https:\/\/api.w.org\/{rel}","templated":true}]}}