{"id":4335,"date":"2025-07-02T23:41:27","date_gmt":"2025-07-02T21:41:27","guid":{"rendered":"https:\/\/catholicus.eu\/de\/?p=4335"},"modified":"2025-07-02T23:41:28","modified_gmt":"2025-07-02T21:41:28","slug":"die-suende-der-unterlassung-wenn-nichtstun-zur-schuld-wird-kkk-1853","status":"publish","type":"post","link":"https:\/\/catholicus.eu\/de\/die-suende-der-unterlassung-wenn-nichtstun-zur-schuld-wird-kkk-1853\/","title":{"rendered":"Die \u201eS\u00fcnde der Unterlassung\u201c: Wenn Nichtstun zur Schuld wird (KKK 1853)"},"content":{"rendered":"\n<p><em>Ein theologischer und pastoraler Leitfaden zur Wiederentdeckung der christlichen Verantwortung des \u201eGutes-Tuns\u201c<\/em><\/p>\n\n\n\n<hr class=\"wp-block-separator has-alpha-channel-opacity\"\/>\n\n\n\n<h3 class=\"wp-block-heading\">Einleitung<\/h3>\n\n\n\n<p>Wenn man \u00fcber S\u00fcnde spricht, denken die meisten Gl\u00e4ubigen an schlechte Taten: l\u00fcgen, stehlen, Ehebruch begehen, die Messe vers\u00e4umen usw. Aber die Kirche lehrt, dass es auch eine andere Art von S\u00fcnde gibt \u2013 ebenso schwerwiegend und oft viel stiller: <strong>die S\u00fcnde der Unterlassung<\/strong>. Diese besteht darin, <strong>das Gute nicht zu tun, zu dem man verpflichtet ist<\/strong>. Anders gesagt: S\u00fcnde ist nicht nur das B\u00f6se, das wir begehen, sondern auch das Gute, das wir unterlassen.<\/p>\n\n\n\n<p>Im <strong>Katechismus der Katholischen Kirche<\/strong> hei\u00dft es in Artikel 1853 unmissverst\u00e4ndlich:<\/p>\n\n\n\n<blockquote class=\"wp-block-quote is-layout-flow wp-block-quote-is-layout-flow\">\n<p>\u201eDie Wurzel der S\u00fcnde liegt im Herzen des Menschen [\u2026]. Die S\u00fcnde kann auch eine Tat, ein Wort oder ein <strong>Gedanke gegen das ewige Gesetz<\/strong> sein. Auch das <strong>Unterlassen<\/strong> dessen, was das ewige Gesetz gebietet, ist S\u00fcnde.\u201c<\/p>\n<\/blockquote>\n\n\n\n<p>In einer Welt, die von Gleichg\u00fcltigkeit, moralischer Passivit\u00e4t und Bequemlichkeit gepr\u00e4gt ist, ist die Wiederentdeckung der Schwere der S\u00fcnde der Unterlassung ein dringender Aufruf zum <strong>Erwachen des christlichen Gewissens<\/strong>. Dieser Artikel will dir helfen, ihren Sinn, ihre theologische Geschichte, ihre Aktualit\u00e4t und ihre Anwendung im Alltag zu verstehen \u2013 damit du deinen Glauben aktiv, verantwortungsvoll und transformierend leben kannst.<\/p>\n\n\n\n<hr class=\"wp-block-separator has-alpha-channel-opacity\"\/>\n\n\n\n<h3 class=\"wp-block-heading\">I. Was ist die S\u00fcnde der Unterlassung?<\/h3>\n\n\n\n<p>Die S\u00fcnde der Unterlassung besteht darin, <strong>eine moralisch gute und verpflichtende Handlung nicht zu tun<\/strong>, obwohl man dazu verpflichtet ist. Es handelt sich nicht um blo\u00dfe Nachl\u00e4ssigkeit, sondern um eine <strong>schwere Schuld<\/strong>, wenn drei Bedingungen erf\u00fcllt sind:<\/p>\n\n\n\n<ol class=\"wp-block-list\">\n<li><strong>Man wei\u00df, dass man das Gute tun sollte<\/strong> (Erkenntnis).<\/li>\n\n\n\n<li><strong>Man kann dieses Gute auch tats\u00e4chlich tun<\/strong> (Freiheit und M\u00f6glichkeit).<\/li>\n\n\n\n<li><strong>Man entscheidet sich willentlich dagegen<\/strong> (Wille).<\/li>\n<\/ol>\n\n\n\n<p>Zum Beispiel:<\/p>\n\n\n\n<ul class=\"wp-block-list\">\n<li>Ein Vater, der seine Kinder nicht im Glauben erzieht.<\/li>\n\n\n\n<li>Ein Christ, der eine Ungerechtigkeit beobachtet und schweigt, obwohl er h\u00e4tte eingreifen k\u00f6nnen.<\/li>\n\n\n\n<li>Jemand, der an einem hungernden Armen vorbeigeht, ohne zu helfen, obwohl er dazu in der Lage w\u00e4re.<\/li>\n<\/ul>\n\n\n\n<p>Das <strong>Gleichnis vom Weltgericht<\/strong> in Matth\u00e4us 25 ist das eindrucksvollste Beispiel. Jesus tadelt die Verdammten nicht wegen des B\u00f6sen, das sie getan haben, sondern wegen <strong>des Guten, das sie nicht getan haben<\/strong>:<\/p>\n\n\n\n<blockquote class=\"wp-block-quote is-layout-flow wp-block-quote-is-layout-flow\">\n<p>\u201eDenn ich war hungrig, und ihr habt mir nichts zu essen gegeben; ich war durstig, und ihr habt mir nichts zu trinken gegeben; ich war ein Fremder, und ihr habt mich nicht aufgenommen\u201c (Mt 25,42\u201343).<\/p>\n<\/blockquote>\n\n\n\n<p>So zeigt Jesus, dass <strong>der Weg zur Verdammnis nicht immer von aktiven S\u00fcnden gepflastert ist, sondern auch von schuldhaftem Schweigen, bequemer Gleichg\u00fcltigkeit und passiven Herzen<\/strong>.<\/p>\n\n\n\n<hr class=\"wp-block-separator has-alpha-channel-opacity\"\/>\n\n\n\n<h3 class=\"wp-block-heading\">II. Geschichte und theologische Entwicklung des Begriffs<\/h3>\n\n\n\n<p>Schon in den ersten Jahrhunderten erkannte die Kirche, dass S\u00fcnde nicht nur in b\u00f6sen Taten, sondern auch in der <strong>Unterlassung guter Taten<\/strong> besteht. Die Kirchenv\u00e4ter, wie der heilige Augustinus, lehrten:<\/p>\n\n\n\n<blockquote class=\"wp-block-quote is-layout-flow wp-block-quote-is-layout-flow\">\n<p>\u201eEs gen\u00fcgt nicht, das B\u00f6se nicht zu tun; man muss auch das Gute tun.\u201c (<em>Sermo 43,4<\/em>)<\/p>\n<\/blockquote>\n\n\n\n<p>Dieses Prinzip gr\u00fcndet auf dem <strong>Naturrecht und dem g\u00f6ttlichen Gesetz<\/strong>, das nicht nur das Vermeiden des B\u00f6sen, sondern auch das Handeln f\u00fcr das Gute, die Gerechtigkeit und die Liebe verlangt. Der heilige Thomas von Aquin erkl\u00e4rt es in der <em>Summa Theologiae<\/em> (I-II, q. 79, a. 3), wo er sagt, dass eine S\u00fcnde der Unterlassung dann vorliegt, <strong>wenn man eine Handlung unterl\u00e4sst, die nach der Vernunft notwendig ist<\/strong>.<\/p>\n\n\n\n<p>Das Konzil von Trient erkennt in seiner Lehre \u00fcber die Tods\u00fcnde ebenfalls an, dass S\u00fcnde durch \u201eGedanken, Worte, Werke und Unterlassungen\u201c geschieht. Die katholische Tradition hat diese Sichtweise stets bewahrt und erinnert uns daran, dass <strong>Heiligkeit nicht allein darin besteht, \u201enichts B\u00f6ses zu tun\u201c, sondern darin, aktiv zu lieben<\/strong>.<\/p>\n\n\n\n<hr class=\"wp-block-separator has-alpha-channel-opacity\"\/>\n\n\n\n<h3 class=\"wp-block-heading\">III. Die S\u00fcnde der Unterlassung im heutigen Kontext<\/h3>\n\n\n\n<p>Wir leben in einer Kultur, die vom <strong>Individualismus<\/strong>, vom \u201eIch zuerst\u201c-Denken und vom Komfort als Lebensideal gepr\u00e4gt ist. Das erzeugt ein lauwarmes, zuschauendes Christentum, das es vorzieht, sich nicht einzumischen. Angesichts von Ungerechtigkeit, Armut, Abtreibung, Einsamkeit entscheiden sich viele daf\u00fcr, <strong>nichts zu sagen, nichts zu tun, sich nicht zu engagieren<\/strong>.<\/p>\n\n\n\n<p>Diese Mentalit\u00e4t widerspricht zutiefst dem Evangelium. Jesus war kein blo\u00dfer \u201eBeobachter des Guten\u201c, sondern <strong>er ging umher und tat Gutes<\/strong> (vgl. Apg 10,38), und er rief uns auf, dasselbe zu tun: \u201eSeid vollkommen, wie euer himmlischer Vater vollkommen ist\u201c (Mt 5,48).<\/p>\n\n\n\n<p>Heute kann die S\u00fcnde der Unterlassung schwerwiegende Folgen haben:<\/p>\n\n\n\n<ul class=\"wp-block-list\">\n<li><strong>Schweigen gegen\u00fcber dem B\u00f6sen<\/strong>, in sozialen Medien oder im wirklichen Leben.<\/li>\n\n\n\n<li><strong>Fehlendes christliches Zeugnis<\/strong> aus Angst oder Bequemlichkeit.<\/li>\n\n\n\n<li><strong>Desinteresse am Leiden anderer<\/strong>, selbst in der eigenen Familie oder Gemeinde.<\/li>\n\n\n\n<li><strong>Gleichg\u00fcltigkeit gegen\u00fcber der Wahrheit<\/strong>, wodurch die L\u00fcge gedeiht.<\/li>\n<\/ul>\n\n\n\n<hr class=\"wp-block-separator has-alpha-channel-opacity\"\/>\n\n\n\n<h3 class=\"wp-block-heading\">IV. Theologische und pastorale Kriterien zur Unterscheidung<\/h3>\n\n\n\n<h4 class=\"wp-block-heading\">1. <strong>Bin ich moralisch verpflichtet zu handeln?<\/strong><\/h4>\n\n\n\n<p>Nicht jede unterlassene gute Tat ist eine S\u00fcnde. Es muss eine <strong>wirkliche moralische Verpflichtung<\/strong> bestehen. Zum Beispiel ist es nicht dasselbe, keine Almosen zu geben, weil man es nicht kann, wie an einer verwirrten \u00e4lteren Person vorbeizugehen \u2013 aus purer Gleichg\u00fcltigkeit.<\/p>\n\n\n\n<h4 class=\"wp-block-heading\">2. <strong>Wusste ich, dass ich das Gute h\u00e4tte tun m\u00fcssen?<\/strong><\/h4>\n\n\n\n<p>Die S\u00fcnde der Unterlassung setzt Erkenntnis voraus. Wenn jemand in \u201eun\u00fcberwindlicher Unwissenheit\u201c ist (also ohne eigene Schuld nichts wei\u00df), liegt keine S\u00fcnde vor. Aber in den meisten F\u00e4llen <strong>wissen wir genau, was zu tun ist<\/strong>, und tun es nicht.<\/p>\n\n\n\n<h4 class=\"wp-block-heading\">3. <strong>War ich wirklich in der Lage zu handeln?<\/strong><\/h4>\n\n\n\n<p>Wenn jemand k\u00f6rperlich oder psychisch verhindert ist, liegt keine schuldhafte Unterlassung vor. Die S\u00fcnde entsteht, wenn <strong>man handeln kann und sich bewusst dagegen entscheidet<\/strong>.<\/p>\n\n\n\n<hr class=\"wp-block-separator has-alpha-channel-opacity\"\/>\n\n\n\n<h3 class=\"wp-block-heading\">V. Praktische Anwendungen f\u00fcr das christliche Leben<\/h3>\n\n\n\n<h4 class=\"wp-block-heading\">1. <strong>Untersuche deinen Alltag<\/strong><\/h4>\n\n\n\n<p>Mache eine Gewissenserforschung nicht nur \u00fcber das, was du falsch gemacht hast, sondern auch \u00fcber <strong>das Gute, das du nicht getan hast<\/strong>. Wem hast du nicht geholfen? Welcher christlichen Pflicht bist du ausgewichen?<\/p>\n\n\n\n<h4 class=\"wp-block-heading\">2. <strong>Handle in konkreter N\u00e4chstenliebe<\/strong><\/h4>\n\n\n\n<p>Es gen\u00fcgt nicht, \u201egut zu denken\u201c. Christliche Liebe ist <strong>aktiv und wirksam<\/strong>. Besuche die Kranken, tr\u00f6ste die Traurigen, speise die Hungrigen, verteidige die Sprachlosen.<\/p>\n\n\n\n<h4 class=\"wp-block-heading\">3. <strong>Sei nicht durch dein Schweigen Komplize des B\u00f6sen<\/strong><\/h4>\n\n\n\n<p>Schweigen angesichts von Ungerechtigkeit oder S\u00fcnde kann Mitschuld bedeuten. Es geht nicht darum, zu verurteilen, sondern <strong>Wahrheit und Gutes mutig und liebevoll zu verteidigen<\/strong>.<\/p>\n\n\n\n<h4 class=\"wp-block-heading\">4. <strong>Bilde dein Gewissen aus<\/strong><\/h4>\n\n\n\n<p>Ein gut geformtes Gewissen vermeidet viele Unterlassungss\u00fcnden. Studiere das Evangelium, den Katechismus, die Dokumente des Lehramts. Erkenne, was Gott von dir erwartet, damit du gro\u00dfz\u00fcgig antworten kannst.<\/p>\n\n\n\n<h4 class=\"wp-block-heading\">5. <strong>Erlebe die Liturgie als Schule des Guten<\/strong><\/h4>\n\n\n\n<p>Die Messe und die Sakramente sind nicht blo\u00dfe Riten: Sie formen uns zur t\u00e4tigen Liebe. Das \u201eGehet hin in Frieden\u201c am Ende der Messe ist ein <strong>missionsartiger Auftrag<\/strong>: \u201eGeht hinaus und tut Gutes in der Welt!\u201c<\/p>\n\n\n\n<h4 class=\"wp-block-heading\">6. <strong>Beichte auch deine Unterlassungen<\/strong><\/h4>\n\n\n\n<p>Vergiss nicht, in deiner Beichte auch die Akte der Liebe, Gerechtigkeit oder Wahrheit zu erw\u00e4hnen, die du unterlassen hast. Das Eingest\u00e4ndnis solcher Unterlassungen l\u00e4sst die Seele in Demut und Verantwortungsbewusstsein wachsen.<\/p>\n\n\n\n<hr class=\"wp-block-separator has-alpha-channel-opacity\"\/>\n\n\n\n<h3 class=\"wp-block-heading\">VI. Eine Spiritualit\u00e4t des \u201eGutes-Tuns\u201c<\/h3>\n\n\n\n<p>Der Christ ist nicht dazu berufen, nur \u201ekein B\u00f6ses zu tun\u201c, sondern dazu, <strong>Licht, Salz und Sauerteig<\/strong> zu sein (vgl. Mt 5,13\u201316). Das bedeutet Handeln, Hingabe, Entscheidung. Der heilige Paulus sagt:<\/p>\n\n\n\n<blockquote class=\"wp-block-quote is-layout-flow wp-block-quote-is-layout-flow\">\n<p>\u201eLass dich nicht vom B\u00f6sen besiegen, sondern besiege das B\u00f6se durch das Gute\u201c (R\u00f6m 12,21).<\/p>\n<\/blockquote>\n\n\n\n<p>Jeden Tag haben wir Gelegenheiten, Gutes zu tun. Sie nicht zu verpassen, ist bereits ein Akt der Treue zu Christus. Heiligkeit ist keine Utopie f\u00fcr wenige Auserw\u00e4hlte, sondern eine konkrete, aktive und t\u00e4gliche Berufung: <strong>lieben durch Taten<\/strong>.<\/p>\n\n\n\n<hr class=\"wp-block-separator has-alpha-channel-opacity\"\/>\n\n\n\n<h3 class=\"wp-block-heading\">Schlussfolgerung<\/h3>\n\n\n\n<p>Die S\u00fcnde der Unterlassung ist eines der subtilsten \u00dcbel unserer Zeit. Sie schockiert nicht, ist nicht sichtbar, macht kein Ger\u00e4usch\u2026 aber <strong>sie t\u00f6tet langsam die Liebe, k\u00fchlt den Glauben ab und l\u00f6scht die Hoffnung aus<\/strong>. Ein authentisch christliches Leben bedeutet, aufmerksam zu sein f\u00fcr die Gelegenheiten, bei denen der Herr uns ruft, Gutes zu tun, uns zu engagieren, zu dienen, zu lieben.<\/p>\n\n\n\n<p>Es gen\u00fcgt nicht zu sagen: \u201eIch bin ein guter Mensch\u201c; das J\u00fcngste Gericht, so sagt Jesus, wird sich nicht daran orientieren, was wir vermieden haben, sondern <strong>an dem, was wir f\u00fcr die Geringsten getan haben<\/strong> (vgl. Mt 25).<\/p>\n\n\n\n<hr class=\"wp-block-separator has-alpha-channel-opacity\"\/>\n\n\n\n<h3 class=\"wp-block-heading\">Abschlie\u00dfendes Gebet<\/h3>\n\n\n\n<blockquote class=\"wp-block-quote is-layout-flow wp-block-quote-is-layout-flow\">\n<p><strong>Herr, vergib mir das Gute, das ich nicht getan habe.<br>F\u00fcr die Male, in denen ich h\u00e4tte tr\u00f6sten k\u00f6nnen und es nicht tat,<br>f\u00fcr die Worte, die ich nicht gesprochen habe,<br>f\u00fcr die Male, in denen ich den Schmerz sah und wegschaute.<br>Gib mir ein mutiges Herz, einen aktiven Glauben,<br>eine gro\u00dfz\u00fcgige Liebe, die nicht m\u00fcde wird, Gutes zu tun.<br>Lass mich nicht in Gleichg\u00fcltigkeit versinken noch mich in Faulheit verstecken.<br>Mache mich jeden Tag zu einem echten Werkzeug deines Guten. Amen.<\/strong><\/p>\n<\/blockquote>\n","protected":false},"excerpt":{"rendered":"<p>Ein theologischer und pastoraler Leitfaden zur Wiederentdeckung der christlichen Verantwortung des \u201eGutes-Tuns\u201c Einleitung Wenn man \u00fcber S\u00fcnde spricht, denken die meisten Gl\u00e4ubigen an schlechte Taten: l\u00fcgen, stehlen, Ehebruch begehen, die Messe vers\u00e4umen usw. Aber die Kirche lehrt, dass es auch eine andere Art von S\u00fcnde gibt \u2013 ebenso schwerwiegend und oft viel stiller: die S\u00fcnde &hellip;<\/p>\n","protected":false},"author":3,"featured_media":4336,"comment_status":"open","ping_status":"open","sticky":false,"template":"","format":"standard","meta":{"_seopress_robots_primary_cat":"","_seopress_titles_title":"","_seopress_titles_desc":"","_seopress_robots_index":"","footnotes":""},"categories":[43,37],"tags":[986],"class_list":["post-4335","post","type-post","status-publish","format-standard","has-post-thumbnail","","category-katechismus-der-katholischen-kirche","category-lehre-und-glaube","tag-suende-der-unterlassung"],"_links":{"self":[{"href":"https:\/\/catholicus.eu\/de\/wp-json\/wp\/v2\/posts\/4335","targetHints":{"allow":["GET"]}}],"collection":[{"href":"https:\/\/catholicus.eu\/de\/wp-json\/wp\/v2\/posts"}],"about":[{"href":"https:\/\/catholicus.eu\/de\/wp-json\/wp\/v2\/types\/post"}],"author":[{"embeddable":true,"href":"https:\/\/catholicus.eu\/de\/wp-json\/wp\/v2\/users\/3"}],"replies":[{"embeddable":true,"href":"https:\/\/catholicus.eu\/de\/wp-json\/wp\/v2\/comments?post=4335"}],"version-history":[{"count":1,"href":"https:\/\/catholicus.eu\/de\/wp-json\/wp\/v2\/posts\/4335\/revisions"}],"predecessor-version":[{"id":4337,"href":"https:\/\/catholicus.eu\/de\/wp-json\/wp\/v2\/posts\/4335\/revisions\/4337"}],"wp:featuredmedia":[{"embeddable":true,"href":"https:\/\/catholicus.eu\/de\/wp-json\/wp\/v2\/media\/4336"}],"wp:attachment":[{"href":"https:\/\/catholicus.eu\/de\/wp-json\/wp\/v2\/media?parent=4335"}],"wp:term":[{"taxonomy":"category","embeddable":true,"href":"https:\/\/catholicus.eu\/de\/wp-json\/wp\/v2\/categories?post=4335"},{"taxonomy":"post_tag","embeddable":true,"href":"https:\/\/catholicus.eu\/de\/wp-json\/wp\/v2\/tags?post=4335"}],"curies":[{"name":"wp","href":"https:\/\/api.w.org\/{rel}","templated":true}]}}