{"id":4306,"date":"2025-06-29T23:57:54","date_gmt":"2025-06-29T21:57:54","guid":{"rendered":"https:\/\/catholicus.eu\/de\/?p=4306"},"modified":"2025-06-29T23:57:55","modified_gmt":"2025-06-29T21:57:55","slug":"petrus-und-paulus-zwei-saeulen-ein-glaube-das-fest-das-himmel-und-erde-vereint","status":"publish","type":"post","link":"https:\/\/catholicus.eu\/de\/petrus-und-paulus-zwei-saeulen-ein-glaube-das-fest-das-himmel-und-erde-vereint\/","title":{"rendered":"Petrus und Paulus: Zwei S\u00e4ulen, Ein Glaube. Das Fest, das Himmel und Erde vereint"},"content":{"rendered":"\n<p><strong>Einleitung:<\/strong><\/p>\n\n\n\n<p>Am <strong>29. Juni<\/strong> feiert die Kirche mit tiefer Feierlichkeit das <strong>Hochfest der Heiligen Apostel Petrus und Paulus<\/strong>, eines der \u00e4ltesten und bedeutendsten Feste im liturgischen Kalender. Es geht nicht nur darum, zwei Apostel zu ehren. Es ist das Fest der <strong>zwei S\u00e4ulen des Christentums<\/strong>, des erl\u00f6senden Martyriums, der Einheit in der Vielfalt, der Autorit\u00e4t und der Sendung, der Vergebung und des apostolischen Eifers. Letztlich ist es eine Einladung, die Wurzeln unseres Glaubens neu zu entdecken und mit <strong>apostolischem Feuer<\/strong> in einer Welt zu leben, die das christliche Zeugnis so dringend braucht.<\/p>\n\n\n\n<hr class=\"wp-block-separator has-alpha-channel-opacity\"\/>\n\n\n\n<h2 class=\"wp-block-heading\">I. <strong>Urspr\u00fcnge des Festes<\/strong><\/h2>\n\n\n\n<h3 class=\"wp-block-heading\">Eine Feier, geboren im Blut des Martyriums<\/h3>\n\n\n\n<p>Die gemeinsame Verehrung von <strong>Petrus und Paulus<\/strong> hat ihre Wurzeln in den ersten Jahrhunderten des Christentums. Der \u00dcberlieferung nach wurden beide <strong>in Rom unter der Verfolgung Neros<\/strong> zwischen den Jahren 64\u201367 n. Chr. als M\u00e4rtyrer hingerichtet und an verschiedenen Orten bestattet: Petrus im Vatikan, wo heute die majest\u00e4tische Basilika seinen Namen tr\u00e4gt; Paulus an der Via Ostiense, ebenfalls unter einer monumentalen Basilika.<\/p>\n\n\n\n<p>Die christliche Gemeinde Roms begann sehr fr\u00fch, ihrer zu gedenken, und betrachtete sie als <strong>geistige S\u00e4ulen der Universalkirche<\/strong>, als Vorbilder v\u00f6lliger Hingabe bis zum Tod. Im 4. Jahrhundert lie\u00df Kaiser Konstantin Basiliken zu Ehren beider Apostel errichten, was die Volksfr\u00f6mmigkeit nachhaltig pr\u00e4gte.<\/p>\n\n\n\n<hr class=\"wp-block-separator has-alpha-channel-opacity\"\/>\n\n\n\n<h2 class=\"wp-block-heading\">II. <strong>Tiefgehende theologische Bedeutung<\/strong><\/h2>\n\n\n\n<h3 class=\"wp-block-heading\">Zwei sich erg\u00e4nzende Sendungen in einem Leib<\/h3>\n\n\n\n<p>Der heilige <strong>Petrus<\/strong> steht f\u00fcr <strong>den Felsen<\/strong>, auf dem Christus seine Kirche erbaut hat (vgl. <em>Mt 16,18<\/em>): ein Symbol f\u00fcr Autorit\u00e4t, Einheit und apostolische Kontinuit\u00e4t. Der heilige <strong>Paulus<\/strong> hingegen verk\u00f6rpert <strong>die missionarische Ausbreitung<\/strong>, den evangelisierenden Eifer, die tiefe Theologie, die \u00d6ffnung zur Heidenwelt. Beide sind unentbehrlich. Gemeinsam lehren sie uns:<\/p>\n\n\n\n<ul class=\"wp-block-list\">\n<li><strong>Die Kirche ist zugleich hierarchisch und charismatisch.<\/strong><\/li>\n\n\n\n<li><strong>Der Glaube muss so fest sein wie der Fels des Petrus und so brennend wie das Feuer des Paulus.<\/strong><\/li>\n\n\n\n<li><strong>Autorit\u00e4t und Prophetie m\u00fcssen gemeinsam wirken.<\/strong><\/li>\n<\/ul>\n\n\n\n<blockquote class=\"wp-block-quote is-layout-flow wp-block-quote-is-layout-flow\">\n<p>\u201eNicht mehr ich lebe, sondern Christus lebt in mir\u201c (<em>Gal 2,20<\/em>), sagte Paulus.<br>\u201eHerr, du wei\u00dft alles; du wei\u00dft, dass ich dich liebe\u201c (<em>Joh 21,17<\/em>), bekannte Petrus.<\/p>\n<\/blockquote>\n\n\n\n<p>Beide bezeugen mit ihrem Leben, dass wahre Treue zu Christus durch <strong>gekreuzigte Liebe<\/strong> und v\u00f6llige Hingabe f\u00fchrt.<\/p>\n\n\n\n<hr class=\"wp-block-separator has-alpha-channel-opacity\"\/>\n\n\n\n<h2 class=\"wp-block-heading\">III. <strong>Symbole und Traditionen<\/strong><\/h2>\n\n\n\n<h3 class=\"wp-block-heading\">Petrus und Paulus in Kunst und Liturgie<\/h3>\n\n\n\n<p>In der christlichen Kunst wird Petrus oft mit <strong>Schl\u00fcsseln<\/strong> dargestellt \u2013 ein Symbol der Autorit\u00e4t, die ihm Christus verlieh (<em>Mt 16,19<\/em>). Paulus hingegen tr\u00e4gt <strong>ein Schwert<\/strong> \u2013 ein Zeichen seines Martyriums und zugleich der \u201eSchwert des Geistes, das ist das Wort Gottes\u201c (<em>Eph 6,17<\/em>).<\/p>\n\n\n\n<p>Die Liturgie dieses Tages ist reich und feierlich:<\/p>\n\n\n\n<ul class=\"wp-block-list\">\n<li><strong>Gloria<\/strong> und <strong>Credo<\/strong> werden wie an Hochfesten gesungen.<\/li>\n\n\n\n<li>In Rom \u00fcberreicht der Papst das <strong>Pallium<\/strong> an die neuen Metropoliten als Zeichen der Gemeinschaft mit dem petrinischen Stuhl.<\/li>\n\n\n\n<li>Kirchen, die den Namen dieser Apostel tragen, feiern mit besonderem Glanz.<\/li>\n<\/ul>\n\n\n\n<p>In vielen L\u00e4ndern, besonders im lateinischen Kulturraum, ist das Fest Anlass f\u00fcr <strong>Prozessionen, feierliche Messen, Volksfeste und Gebete f\u00fcr die Einheit der Kirche.<\/strong><\/p>\n\n\n\n<hr class=\"wp-block-separator has-alpha-channel-opacity\"\/>\n\n\n\n<h2 class=\"wp-block-heading\">IV. <strong>Bedeutung f\u00fcr die heutige Welt<\/strong><\/h2>\n\n\n\n<h3 class=\"wp-block-heading\">Was sagen uns Petrus und Paulus heute?<\/h3>\n\n\n\n<p>Wir leben in einer Zeit der Verwirrung, des moralischen Relativismus, der Angriffe auf den Glauben, der lehrm\u00e4\u00dfigen Zersplitterung. Angesichts dieser Herausforderungen sprechen <strong>Petrus und Paulus heute dringlich zu uns.<\/strong><\/p>\n\n\n\n<ul class=\"wp-block-list\">\n<li><strong>Petrus ruft uns zur Standhaftigkeit im Glauben, in der Gemeinschaft mit dem Nachfolger Petri, dem Papst.<\/strong><\/li>\n\n\n\n<li><strong>Paulus mahnt uns, uns des Evangeliums nicht zu sch\u00e4men (vgl. <em>R\u00f6m 1,16<\/em>), sondern es mutig, liebevoll und klar zu verk\u00fcnden.<\/strong><\/li>\n<\/ul>\n\n\n\n<p><strong>Petrus<\/strong> erinnert uns: Der Glaube ist keine Meinung, sondern ein Fels.<br><strong>Paulus<\/strong> erinnert uns: Der Glaube darf nicht verborgen bleiben, sondern muss verk\u00fcndet werden.<\/p>\n\n\n\n<hr class=\"wp-block-separator has-alpha-channel-opacity\"\/>\n\n\n\n<h2 class=\"wp-block-heading\">V. <strong>Praktische Anwendungen f\u00fcr den Alltag<\/strong><\/h2>\n\n\n\n<h3 class=\"wp-block-heading\">Wie kann man dieses Fest heute leben?<\/h3>\n\n\n\n<ol class=\"wp-block-list\">\n<li><strong>St\u00e4rke deine Gemeinschaft mit der Kirche:<\/strong>\n<ul class=\"wp-block-list\">\n<li>Bete f\u00fcr den Papst.<\/li>\n\n\n\n<li>Bekenne deinen Glauben mutig, auch wenn die Welt dir widerspricht.<\/li>\n<\/ul>\n<\/li>\n\n\n\n<li><strong>Sei ein Apostel wie Paulus:<\/strong>\n<ul class=\"wp-block-list\">\n<li>Sprich durch dein Leben von Christus: in der Familie, am Arbeitsplatz, in sozialen Medien.<\/li>\n\n\n\n<li>Hab keine Angst, das Evangelium zu teilen.<\/li>\n<\/ul>\n<\/li>\n\n\n\n<li><strong>St\u00e4rke dein geistliches Leben:<\/strong>\n<ul class=\"wp-block-list\">\n<li>Lies die Briefe von Petrus und Paulus in der Bibel.<\/li>\n\n\n\n<li>Meditiere dar\u00fcber, wie sie ihre Sendung bis zum Tod erf\u00fcllt haben.<\/li>\n<\/ul>\n<\/li>\n\n\n\n<li><strong>Lebe Einheit ohne Gleichf\u00f6rmigkeit:<\/strong>\n<ul class=\"wp-block-list\">\n<li>Petrus und Paulus waren sehr unterschiedlich, aber ihre Liebe zu Christus verband sie.<\/li>\n\n\n\n<li>Akzeptiere die Vielfalt in der Kirche mit Liebe und Demut.<\/li>\n<\/ul>\n<\/li>\n\n\n\n<li><strong>Nimm liturgisch teil:<\/strong>\n<ul class=\"wp-block-list\">\n<li>Besuche die Messe am 29. Juni.<\/li>\n\n\n\n<li>Wenn m\u00f6glich, besuche eine Kirche, die einem der beiden Apostel geweiht ist.<\/li>\n<\/ul>\n<\/li>\n<\/ol>\n\n\n\n<hr class=\"wp-block-separator has-alpha-channel-opacity\"\/>\n\n\n\n<h2 class=\"wp-block-heading\">VI. <strong>Theologisch-pastorale Praxisanleitung<\/strong><\/h2>\n\n\n\n<h3 class=\"wp-block-heading\">F\u00fcr Pfarreien, Gruppen und Familien<\/h3>\n\n\n\n<p><strong>F\u00fcr Priester und pastorale Mitarbeiter:<\/strong><\/p>\n\n\n\n<ul class=\"wp-block-list\">\n<li>Veranstaltet eine spezielle Katechese \u00fcber Petrus und Paulus.<\/li>\n\n\n\n<li>Haltet eine Gebetsvigil f\u00fcr die Einheit der Kirche.<\/li>\n\n\n\n<li>Feiert die Liturgie des Tages mit gr\u00f6\u00dfter W\u00fcrde.<\/li>\n<\/ul>\n\n\n\n<p><strong>F\u00fcr Katecheten und Erzieher:<\/strong><\/p>\n\n\n\n<ul class=\"wp-block-list\">\n<li>Lehrt das Leben beider Apostel mit Schwerpunkt auf ihrer Menschlichkeit und Bekehrung.<\/li>\n\n\n\n<li>Zeigt, wie Gott durch unvollkommene Werkzeuge wirkt.<\/li>\n<\/ul>\n\n\n\n<p><strong>F\u00fcr christliche Familien:<\/strong><\/p>\n\n\n\n<ul class=\"wp-block-list\">\n<li>Lest gemeinsam Apostelgeschichte Kapitel 2, 9 und 15.<\/li>\n\n\n\n<li>Sprecht dar\u00fcber, was es heute bedeutet, Jesus wie Petrus und Paulus nachzufolgen.<\/li>\n<\/ul>\n\n\n\n<p><strong>F\u00fcr Jugendliche:<\/strong><\/p>\n\n\n\n<ul class=\"wp-block-list\">\n<li>\u00dcberlege, welche Gaben dir geschenkt sind: Bist du eher wie Petrus (standhaft, treu) oder wie Paulus (leidenschaftlich, missionarisch)?<\/li>\n\n\n\n<li>Frag dich, wie du heute mit deinen Talenten die Kirche aufbauen kannst.<\/li>\n<\/ul>\n\n\n\n<hr class=\"wp-block-separator has-alpha-channel-opacity\"\/>\n\n\n\n<h2 class=\"wp-block-heading\">Schlussfolgerung:<\/h2>\n\n\n\n<p>Die Feier von Petrus und Paulus bedeutet nicht nur, die Vergangenheit bewundernd zu betrachten, sondern <strong>heute das gleiche apostolische Feuer neu zu entfachen<\/strong>, das die antike Welt verwandelte. Diese beiden Glaubensriesen, so verschieden und doch so vereint, erinnern uns daran, dass Gott machtvoll durch unsere Schw\u00e4chen wirkt, dass die Kirche eine Gemeinschaft vielf\u00e4ltiger Berufungen ist, und dass <strong>Christus weiterhin seine Kirche auf Herzen baut, die ganz ihm geh\u00f6ren.<\/strong><\/p>\n\n\n\n<blockquote class=\"wp-block-quote is-layout-flow wp-block-quote-is-layout-flow\">\n<p>\u201eIch habe den guten Kampf gek\u00e4mpft, den Lauf vollendet, die Treue bewahrt\u201c (<em>2 Tim 4,7<\/em>).<br>Das war das Epitaph des Paulus. Welches wird das unsere sein?<\/p>\n<\/blockquote>\n\n\n\n<hr class=\"wp-block-separator has-alpha-channel-opacity\"\/>\n\n\n\n<p><strong>M\u00f6ge Petrus uns im Glauben st\u00e4rken und Paulus uns mit apostolischem Eifer entflammen!<\/strong><br>M\u00f6ge dieses Hochfest uns dazu bewegen, als <strong>authentische Zeugen Christi<\/strong> in Gemeinschaft, Treue und Sendung zu leben.<\/p>\n","protected":false},"excerpt":{"rendered":"<p>Einleitung: Am 29. Juni feiert die Kirche mit tiefer Feierlichkeit das Hochfest der Heiligen Apostel Petrus und Paulus, eines der \u00e4ltesten und bedeutendsten Feste im liturgischen Kalender. Es geht nicht nur darum, zwei Apostel zu ehren. Es ist das Fest der zwei S\u00e4ulen des Christentums, des erl\u00f6senden Martyriums, der Einheit in der Vielfalt, der Autorit\u00e4t &hellip;<\/p>\n","protected":false},"author":3,"featured_media":4307,"comment_status":"open","ping_status":"open","sticky":false,"template":"","format":"standard","meta":{"_seopress_robots_primary_cat":"","_seopress_titles_title":"","_seopress_titles_desc":"","_seopress_robots_index":"","footnotes":""},"categories":[38,52],"tags":[1441],"class_list":["post-4306","post","type-post","status-publish","format-standard","has-post-thumbnail","","category-geschichte-und-tradition","category-liturgie-und-kirchenjahr","tag-hochfest-der-heiligen-apostel-petrus-und-paulus"],"_links":{"self":[{"href":"https:\/\/catholicus.eu\/de\/wp-json\/wp\/v2\/posts\/4306","targetHints":{"allow":["GET"]}}],"collection":[{"href":"https:\/\/catholicus.eu\/de\/wp-json\/wp\/v2\/posts"}],"about":[{"href":"https:\/\/catholicus.eu\/de\/wp-json\/wp\/v2\/types\/post"}],"author":[{"embeddable":true,"href":"https:\/\/catholicus.eu\/de\/wp-json\/wp\/v2\/users\/3"}],"replies":[{"embeddable":true,"href":"https:\/\/catholicus.eu\/de\/wp-json\/wp\/v2\/comments?post=4306"}],"version-history":[{"count":1,"href":"https:\/\/catholicus.eu\/de\/wp-json\/wp\/v2\/posts\/4306\/revisions"}],"predecessor-version":[{"id":4308,"href":"https:\/\/catholicus.eu\/de\/wp-json\/wp\/v2\/posts\/4306\/revisions\/4308"}],"wp:featuredmedia":[{"embeddable":true,"href":"https:\/\/catholicus.eu\/de\/wp-json\/wp\/v2\/media\/4307"}],"wp:attachment":[{"href":"https:\/\/catholicus.eu\/de\/wp-json\/wp\/v2\/media?parent=4306"}],"wp:term":[{"taxonomy":"category","embeddable":true,"href":"https:\/\/catholicus.eu\/de\/wp-json\/wp\/v2\/categories?post=4306"},{"taxonomy":"post_tag","embeddable":true,"href":"https:\/\/catholicus.eu\/de\/wp-json\/wp\/v2\/tags?post=4306"}],"curies":[{"name":"wp","href":"https:\/\/api.w.org\/{rel}","templated":true}]}}