{"id":4276,"date":"2025-06-23T00:02:49","date_gmt":"2025-06-22T22:02:49","guid":{"rendered":"https:\/\/catholicus.eu\/de\/?p=4276"},"modified":"2025-06-23T00:02:49","modified_gmt":"2025-06-22T22:02:49","slug":"protodulie-die-liebende-verehrung-des-heiligen-josef-patron-der-kirche-und-vorbild-der-heiligen-vaterschaft","status":"publish","type":"post","link":"https:\/\/catholicus.eu\/de\/protodulie-die-liebende-verehrung-des-heiligen-josef-patron-der-kirche-und-vorbild-der-heiligen-vaterschaft\/","title":{"rendered":"Protodulie: Die liebende Verehrung des heiligen Josef, Patron der Kirche und Vorbild der heiligen Vaterschaft"},"content":{"rendered":"\n<h3 class=\"wp-block-heading\"><strong>Einf\u00fchrung: Die Dulia und ihre Stufen in der katholischen Tradition<\/strong><\/h3>\n\n\n\n<p>Im Herzen der katholischen Spiritualit\u00e4t besteht ein feines Gleichgewicht zwischen Anbetung und Verehrung. W\u00e4hrend die&nbsp;<strong>Latrie<\/strong>&nbsp;(griechisch&nbsp;<em>latreia<\/em>) die allein Gott vorbehaltene Anbetung bezeichnet, ist die&nbsp;<strong>Dulia<\/strong>&nbsp;(griechisch&nbsp;<em>douleia<\/em>, &#8222;Dienst&#8220;) die Ehrfurcht, die wir den Heiligen erweisen, indem wir ihr vorbildliches Leben und ihre F\u00fcrsprache bei Gott anerkennen. Doch innerhalb dieser Dulia gibt es eine besondere Form: die&nbsp;<strong>Protodulie<\/strong>&nbsp;\u2013 die einzigartige Verehrung, die die Kirche&nbsp;<strong>dem heiligen Josef<\/strong>&nbsp;zollt, dem bescheidenen Zimmermann aus Nazaret, Ehemann der Jungfrau Maria und Ziehvater Jesu Christi.<\/p>\n\n\n\n<p>Warum verdient der heilige Josef diese Auszeichnung? Weil seine Mission in der Heilsgeschichte einzigartig war: den menschgewordenen Gottessohn und die Gottesmutter zu beh\u00fcten. Seine Gestalt \u00fcberragt die anderer Heiliger \u2013 nicht durch spektakul\u00e4re Wunder, sondern durch sein schweigendes Gottvertrauen, seinen Gehorsam und seine geistliche Vaterschaft.<\/p>\n\n\n\n<p>In diesem Artikel werden wir behandeln:<\/p>\n\n\n\n<ol start=\"1\" class=\"wp-block-list\">\n<li><strong>Die biblische und theologische Grundlage der Protodulie<\/strong><\/li>\n\n\n\n<li><strong>Die geschichtliche Entwicklung dieser Verehrung<\/strong><\/li>\n\n\n\n<li><strong>Wie wir Protodulie heute leben k\u00f6nnen: Praktische Anleitung zur Nachfolge Josefs<\/strong><\/li>\n<\/ol>\n\n\n\n<hr class=\"wp-block-separator has-alpha-channel-opacity\"\/>\n\n\n\n<h3 class=\"wp-block-heading\"><strong>I. Biblische und theologische Grundlagen: Warum verdient der hl. Josef Protodulie?<\/strong><\/h3>\n\n\n\n<h4 class=\"wp-block-heading\"><strong>A. Der hl. Josef in der Heiligen Schrift<\/strong><\/h4>\n\n\n\n<p>Obwohl die Evangelien kein einziges Wort des hl. Josef \u00fcberliefern, ist seine Rolle grundlegend. Matth\u00e4us nennt ihn einen&nbsp;<strong>&#8222;gerechten Mann&#8220;<\/strong>&nbsp;(Mt 1,19) \u2013 eine biblische Bezeichnung f\u00fcr Heiligkeit und Treue zu Gottes Gesetz. Josef ist der&nbsp;<strong>H\u00fcter des Geheimnisses der Menschwerdung<\/strong>: Er nimmt Maria nach der Engelsbotschaft an (Mt 1,20-24), besch\u00fctzt Jesus vor Herodes (Mt 2,13-15) und erzieht ihn als irdischer Vater, indem er ihm das Zimmerhandwerk beibringt (Mk 6,3).<\/p>\n\n\n\n<blockquote class=\"wp-block-quote is-layout-flow wp-block-quote-is-layout-flow\">\n<p><em>&#8222;Josef tat, was der Engel des Herrn ihm befohlen hatte, und nahm seine Frau zu sich.&#8220;<\/em>&nbsp;(Matth\u00e4us 1,24)<\/p>\n<\/blockquote>\n\n\n\n<p>Dieser Vers fasst sein Leben zusammen:&nbsp;<strong>prompter, liebender Gehorsam.<\/strong><\/p>\n\n\n\n<h4 class=\"wp-block-heading\"><strong>B. Die Protodulie in der Theologie<\/strong><\/h4>\n\n\n\n<p>Die Kirche unterscheidet stets drei Stufen der Verehrung:<\/p>\n\n\n\n<ol start=\"1\" class=\"wp-block-list\">\n<li><strong>Latrie<\/strong>: Anbetung, die allein Gott geb\u00fchrt (Vater, Sohn und Heiliger Geist)<\/li>\n\n\n\n<li><strong>Hyperdulie<\/strong>: Besondere Verehrung der Gottesmutter Maria<\/li>\n\n\n\n<li><strong>Dulie (und Protodulie)<\/strong>: Verehrung der Heiligen, wobei der hl. Josef den h\u00f6chsten Rang einnimmt<\/li>\n<\/ol>\n\n\n\n<p>Die&nbsp;<strong>Protodulie<\/strong>&nbsp;ist keine fromme Erfindung, sondern folgt logisch aus Josefs einzigartiger Berufung:<\/p>\n\n\n\n<ul class=\"wp-block-list\">\n<li>Er war der\u00a0<strong>Gemahl der Theotokos<\/strong>\u00a0(Gottesgeb\u00e4rerin)<\/li>\n\n\n\n<li>Der\u00a0<strong>gesetzliche Vater Jesu<\/strong>, der ihm davidische Abstammung sicherte (Lk 3,23-38)<\/li>\n\n\n\n<li>Das\u00a0<strong>Haupt der Heiligen Familie<\/strong>, Vorbild v\u00e4terlicher Hingabe und Keuschheit<\/li>\n<\/ul>\n\n\n\n<p>Kirchenv\u00e4ter wie Bernhard von Clairvaux und Johannes Chrysostomos betonten bereits seine Gr\u00f6\u00dfe. Doch erst in den letzten Jahrhunderten erlebte seine Verehrung einen gewaltigen Aufschwung, gipfelnd in:<\/p>\n\n\n\n<ul class=\"wp-block-list\">\n<li>Seiner Ernennung zum\u00a0<strong>Patron der Weltkirche<\/strong>\u00a0(Papst Pius IX., 1870)<\/li>\n\n\n\n<li>Der Aufnahme seines Namens in den R\u00f6mischen Kanon (1962)<\/li>\n\n\n\n<li>Dem\u00a0<strong>Jahr des hl. Josef<\/strong>\u00a0unter Papst Franziskus (2021)<\/li>\n<\/ul>\n\n\n\n<hr class=\"wp-block-separator has-alpha-channel-opacity\"\/>\n\n\n\n<h3 class=\"wp-block-heading\"><strong>II. Geschichte der Verehrung: Von Nazaret ins Herz der Kirche<\/strong><\/h3>\n\n\n\n<h4 class=\"wp-block-heading\"><strong>A. 1.\u20135. Jahrhundert: Stille Verehrung<\/strong><\/h4>\n\n\n\n<p>Die ersten Christen ehrten den hl. Josef eher im Verborgenen als &#8222;stillen Heiligen&#8220;. Apokryphe Schriften (wie das&nbsp;<em>Protoevangelium des Jakobus<\/em>) versuchten, L\u00fccken in seiner Biographie zu f\u00fcllen, doch die Kirche konzentrierte sich auf das Wesentliche: seine biblische Rolle.<\/p>\n\n\n\n<h4 class=\"wp-block-heading\"><strong>B. Mittelalter: Erwachen der Volksfr\u00f6mmigkeit<\/strong><\/h4>\n\n\n\n<p>Mystiker wie&nbsp;<strong>Theresa von Avila<\/strong>&nbsp;nannten ihn den&nbsp;<strong>&#8222;Lehrmeister des inneren Gebets&#8220;<\/strong>&nbsp;und f\u00fchrten Klosterreformen auf seine F\u00fcrsprache zur\u00fcck. Der Karmelitenorden w\u00e4hlte ihn zum Schutzpatron.<\/p>\n\n\n\n<h4 class=\"wp-block-heading\"><strong>C. 19.\u201321. Jahrhundert: Offizielle Protodulie<\/strong><\/h4>\n\n\n\n<ul class=\"wp-block-list\">\n<li><strong>1870<\/strong>: Pius IX. erkl\u00e4rt ihn zum Kirchenpatron<\/li>\n\n\n\n<li><strong>1889<\/strong>: Leo XIII. schreibt die Enzyklika\u00a0<em>Quamquam Pluries<\/em>\u00a0zur Josef-Verehrung<\/li>\n\n\n\n<li><strong>2021<\/strong>: Franziskus ver\u00f6ffentlicht\u00a0<em>Patris Corde<\/em>\u00a0\u00fcber Josefs\u00a0<strong>v\u00e4terliche Liebe, Gehorsam und sch\u00f6pferischen Mut<\/strong><\/li>\n<\/ul>\n\n\n\n<hr class=\"wp-block-separator has-alpha-channel-opacity\"\/>\n\n\n\n<h3 class=\"wp-block-heading\"><strong>III. Praktische Anleitung: Protodulie im heutigen Leben<\/strong><\/h3>\n\n\n\n<p>Der hl. Josef ist kein Heiliger nur zur Bewunderung, sondern zur&nbsp;<strong>Nachahmung<\/strong>. Hier konkrete Schritte:<\/p>\n\n\n\n<h4 class=\"wp-block-heading\"><strong>1. Seinem schweigenden Gehorsam nacheifern<\/strong><\/h4>\n\n\n\n<ul class=\"wp-block-list\">\n<li>Josef redet nicht \u2013 er handelt. In unserer l\u00e4rmenden Welt brauchen wir sein\u00a0<strong>stilles Unterscheidungsverm\u00f6gen<\/strong><\/li>\n\n\n\n<li><strong>Praxis<\/strong>: Vor Entscheidungen fragen:\u00a0<em>&#8222;Was w\u00fcrde Josef an meiner Stelle tun?&#8220;<\/em><\/li>\n<\/ul>\n\n\n\n<h4 class=\"wp-block-heading\"><strong>2. Geistliche Vaterschaft\/Mutterschaft leben<\/strong><\/h4>\n\n\n\n<ul class=\"wp-block-list\">\n<li>Josef erzog Jesus. Heute fehlt vielen Jugendlichen Orientierung. Seien Sie\u00a0<strong>Mentor<\/strong>\u00a0f\u00fcr andere<\/li>\n\n\n\n<li><strong>Beispiel<\/strong>: Begleiten Sie junge Gl\u00e4ubige wie Josef den Jesusjungen<\/li>\n<\/ul>\n\n\n\n<h4 class=\"wp-block-heading\"><strong>3. Arbeit als Gottesdienst verrichten<\/strong><\/h4>\n\n\n\n<ul class=\"wp-block-list\">\n<li>Josef heiligte handwerkliche Arbeit. Wir k\u00f6nnen unseren Beruf als Opfer darbringen<\/li>\n\n\n\n<li><strong>Gebet<\/strong>:\u00a0<em>&#8222;Heiliger Josef, lehre mich, aus Liebe \u2013 nicht Ehrgeiz \u2013 zu arbeiten.&#8220;<\/em><\/li>\n<\/ul>\n\n\n\n<h4 class=\"wp-block-heading\"><strong>4. Die Familie besch\u00fctzen<\/strong><\/h4>\n\n\n\n<ul class=\"wp-block-list\">\n<li>Josef verteidigte Maria und Jesus. In einer Zeit der Familienkrise seien Sie\u00a0<strong>H\u00fcter Ihrer Lieben<\/strong><\/li>\n\n\n\n<li><strong>Aktion<\/strong>: Beten Sie den\u00a0<strong>Rosenkranz als Familie<\/strong>\u00a0oder schaffen Sie eine\u00a0<strong>bildschirmfreie Gebetszeit<\/strong><\/li>\n<\/ul>\n\n\n\n<h4 class=\"wp-block-heading\"><strong>5. Auf die Vorsehung vertrauen<\/strong><\/h4>\n\n\n\n<ul class=\"wp-block-list\">\n<li>Josef floh mittellos nach \u00c4gypten. In Krisen ist er unser Zufluchtsheiliger<\/li>\n\n\n\n<li><strong>\u00dcbung<\/strong>: \u00dcbergeben Sie abends Ihre Sorgen dem hl. Josef<\/li>\n<\/ul>\n\n\n\n<hr class=\"wp-block-separator has-alpha-channel-opacity\"\/>\n\n\n\n<h3 class=\"wp-block-heading\"><strong>Schluss: Der hl. Josef \u2013 Wegweiser in st\u00fcrmischen Zeiten<\/strong><\/h3>\n\n\n\n<p>In einer \u00c4ra zerbrochener Familien und Vaterlosigkeit steht der hl. Josef als&nbsp;<strong>Leuchtturm der Best\u00e4ndigkeit<\/strong>. Protodulie ist kein veralteter Brauch, sondern&nbsp;<strong>geistliche Medizin<\/strong>&nbsp;f\u00fcr die Moderne.<\/p>\n\n\n\n<p>Wie Papst Franziskus schrieb:<\/p>\n\n\n\n<blockquote class=\"wp-block-quote is-layout-flow wp-block-quote-is-layout-flow\">\n<p><em>&#8222;In Josef sah Jesus die Z\u00e4rtlichkeit Gottes, die uns den Mut zum Glauben schenkt.&#8220;<\/em>&nbsp;(<em>Patris Corde<\/em>)<\/p>\n<\/blockquote>\n\n\n\n<p><strong>Wie beginnen?<\/strong><\/p>\n\n\n\n<ol start=\"1\" class=\"wp-block-list\">\n<li><strong>Weihen Sie sich dem hl. Josef<\/strong>\u00a0(mit kirchlich approbierten Gebeten)<\/li>\n\n\n\n<li><strong>Beten Sie die Josef-Litanei<\/strong>\u00a0(von Johannes Paul II. best\u00e4tigt)<\/li>\n\n\n\n<li><strong>Feiern Sie seine Festtage<\/strong>: 19. M\u00e4rz (Josef als Br\u00e4utigam) und 1. Mai (Josef der Arbeiter)<\/li>\n<\/ol>\n\n\n\n<p>Der schweigende Heilige lehrt:&nbsp;<strong>Wahre Gr\u00f6\u00dfe zeigt sich im dienenden Lieben<\/strong>. M\u00f6ge er uns \u2013 wie einst Jesus \u2013 zum Herzen des Vaters f\u00fchren.<\/p>\n\n\n\n<p><strong>Heiliger Josef, bitte f\u00fcr uns!<\/strong><\/p>\n\n\n\n<hr class=\"wp-block-separator has-alpha-channel-opacity\"\/>\n\n\n\n<p><em>Vertiefende Literatur:<\/em><\/p>\n\n\n\n<ul class=\"wp-block-list\">\n<li><em>Patris Corde<\/em>\u00a0(Apostolisches Schreiben von Papst Franziskus)<\/li>\n\n\n\n<li><em>Abhandlung \u00fcber die wahre Andacht zum hl. Josef<\/em>\u00a0von Ludwig Maria Grignion von Montfort<\/li>\n\n\n\n<li><em>Das Schweigen Josefs<\/em>\u00a0von Santiago Mart\u00edn<\/li>\n<\/ul>\n","protected":false},"excerpt":{"rendered":"<p>Einf\u00fchrung: Die Dulia und ihre Stufen in der katholischen Tradition Im Herzen der katholischen Spiritualit\u00e4t besteht ein feines Gleichgewicht zwischen Anbetung und Verehrung. W\u00e4hrend die&nbsp;Latrie&nbsp;(griechisch&nbsp;latreia) die allein Gott vorbehaltene Anbetung bezeichnet, ist die&nbsp;Dulia&nbsp;(griechisch&nbsp;douleia, &#8222;Dienst&#8220;) die Ehrfurcht, die wir den Heiligen erweisen, indem wir ihr vorbildliches Leben und ihre F\u00fcrsprache bei Gott anerkennen. Doch innerhalb dieser &hellip;<\/p>\n","protected":false},"author":3,"featured_media":4277,"comment_status":"open","ping_status":"open","sticky":false,"template":"","format":"standard","meta":{"_seopress_robots_primary_cat":"","_seopress_titles_title":"","_seopress_titles_desc":"","_seopress_robots_index":"","footnotes":""},"categories":[40,61],"tags":[1429],"class_list":["post-4276","post","type-post","status-publish","format-standard","has-post-thumbnail","","category-gebet-und-spiritualitaet","category-heilige-und-heiligenkalender","tag-protodulie"],"_links":{"self":[{"href":"https:\/\/catholicus.eu\/de\/wp-json\/wp\/v2\/posts\/4276","targetHints":{"allow":["GET"]}}],"collection":[{"href":"https:\/\/catholicus.eu\/de\/wp-json\/wp\/v2\/posts"}],"about":[{"href":"https:\/\/catholicus.eu\/de\/wp-json\/wp\/v2\/types\/post"}],"author":[{"embeddable":true,"href":"https:\/\/catholicus.eu\/de\/wp-json\/wp\/v2\/users\/3"}],"replies":[{"embeddable":true,"href":"https:\/\/catholicus.eu\/de\/wp-json\/wp\/v2\/comments?post=4276"}],"version-history":[{"count":1,"href":"https:\/\/catholicus.eu\/de\/wp-json\/wp\/v2\/posts\/4276\/revisions"}],"predecessor-version":[{"id":4278,"href":"https:\/\/catholicus.eu\/de\/wp-json\/wp\/v2\/posts\/4276\/revisions\/4278"}],"wp:featuredmedia":[{"embeddable":true,"href":"https:\/\/catholicus.eu\/de\/wp-json\/wp\/v2\/media\/4277"}],"wp:attachment":[{"href":"https:\/\/catholicus.eu\/de\/wp-json\/wp\/v2\/media?parent=4276"}],"wp:term":[{"taxonomy":"category","embeddable":true,"href":"https:\/\/catholicus.eu\/de\/wp-json\/wp\/v2\/categories?post=4276"},{"taxonomy":"post_tag","embeddable":true,"href":"https:\/\/catholicus.eu\/de\/wp-json\/wp\/v2\/tags?post=4276"}],"curies":[{"name":"wp","href":"https:\/\/api.w.org\/{rel}","templated":true}]}}