{"id":4246,"date":"2025-06-21T00:01:02","date_gmt":"2025-06-20T22:01:02","guid":{"rendered":"https:\/\/catholicus.eu\/de\/?p=4246"},"modified":"2025-06-21T00:01:03","modified_gmt":"2025-06-20T22:01:03","slug":"licht-im-nebel-die-grossen-deutschen-heiligen-und-ihre-geistliche-fuehrung-fuer-unsere-zeit","status":"publish","type":"post","link":"https:\/\/catholicus.eu\/de\/licht-im-nebel-die-grossen-deutschen-heiligen-und-ihre-geistliche-fuehrung-fuer-unsere-zeit\/","title":{"rendered":"Licht im Nebel: Die gro\u00dfen deutschen Heiligen und ihre geistliche F\u00fchrung f\u00fcr unsere Zeit"},"content":{"rendered":"\n<p><strong>Einleitung: Als Deutschland der Welt Heilige schenkte<\/strong><\/p>\n\n\n\n<p>In der Geschichte der katholischen Kirche war Deutschland ein Land der M\u00e4rtyrer, Mystiker, treuen Reformer und Kirchenlehrer. Auch wenn sie manchmal von anderen europ\u00e4ischen Gestalten \u00fcberschattet werden, haben deutsche Heilige der Welt einen geistlichen Reichtum geschenkt, der heute, inmitten von Verwirrung und moralischem Relativismus, hell leuchtet. Angesichts aktueller Herausforderungen \u2013 Entchristlichung, Verlust des S\u00fcndenbewusstseins, \u00fcbersteigerter Individualismus \u2013 bietet ihr Beispiel Hoffnung und eine klare Orientierung f\u00fcr Katholiken, die ihren Glauben authentisch leben wollen.<\/p>\n\n\n\n<p>In diesem Artikel werden wir einige der herausragendsten Gestalten deutscher Heiligkeit betrachten, ihre theologische Bedeutung entdecken und sehen, wie ihr Leben uns konkrete Werkzeuge an die Hand gibt, um auf unserem eigenen Weg zur Heiligkeit voranzuschreiten. Denn wie der heilige Paulus sagt:<br><strong>\u201eSeid meine Nachahmer, wie ich Nachahmer Christi bin\u201c<\/strong> (1 Kor 11,1).<br>Die Heiligen nachzuahmen hei\u00dft letztlich, Christus n\u00e4her zu folgen.<\/p>\n\n\n\n<hr class=\"wp-block-separator has-alpha-channel-opacity\"\/>\n\n\n\n<h2 class=\"wp-block-heading\">1. <strong>Die hl. Hildegard von Bingen (1098\u20131179): Die Prophetin vom Rhein<\/strong><\/h2>\n\n\n\n<h3 class=\"wp-block-heading\">\ud83d\udd4a <strong>Wer sie war<\/strong><\/h3>\n\n\n\n<p>Eine Benediktinerin, Mystikerin, Musikerin, Schriftstellerin, Heilkundige und Prophetin. Von Papst Benedikt XVI. im Jahr 2012 heiliggesprochen und zur Kirchenlehrerin erhoben. Hildegard war in ihrer Zeit eine machtvolle Stimme Gottes, deren Visionen P\u00e4pste, Kaiser und Kleriker beeinflussten.<\/p>\n\n\n\n<h3 class=\"wp-block-heading\">\u271d\ufe0f <strong>Theologische Bedeutung<\/strong><\/h3>\n\n\n\n<p>Ihre Werke, wie <em>Scivias<\/em>, entfalten tiefe Visionen \u00fcber Sch\u00f6pfung, Erl\u00f6sung, Liturgie und das Verh\u00e4ltnis von Leib und Seele. Sie lehrt eine spirituelle \u00d6kologie, die mit Ehrfurcht vor der Sch\u00f6pfung beginnt \u2013 als Spiegelbild Gottes \u2013, ganz im Sinne einer Theologie des sch\u00f6pferischen Logos.<\/p>\n\n\n\n<p>Hildegard sah die S\u00fcnde als Verzerrung der nat\u00fcrlichen Ordnung und die Tugend als Harmonie mit dem g\u00f6ttlichen Willen. Diese Sicht ist heute besonders aktuell, da viele das pers\u00f6nliche S\u00fcndenbewusstsein verloren haben.<\/p>\n\n\n\n<h3 class=\"wp-block-heading\">\ud83d\udcd6 Praktische Umsetzung<\/h3>\n\n\n\n<ul class=\"wp-block-list\">\n<li><strong>Kontemplatives Gebet:<\/strong> Ihre Hymnen und Meditationen inspirieren zur Vertiefung des pers\u00f6nlichen Gebetslebens.<\/li>\n\n\n\n<li><strong>Geistliches und k\u00f6rperliches Fasten:<\/strong> Ein Leben in Einfachheit, das die Sch\u00f6pfung achtet, aber nicht verg\u00f6tzt.<\/li>\n\n\n\n<li><strong>Lesung ihrer Visionen:<\/strong> Hilft, die Zeichen der Zeit geistlich zu deuten.<\/li>\n<\/ul>\n\n\n\n<hr class=\"wp-block-separator has-alpha-channel-opacity\"\/>\n\n\n\n<h2 class=\"wp-block-heading\">2. <strong>Der hl. Bonifatius (675\u2013754): Der Apostel der Deutschen<\/strong><\/h2>\n\n\n\n<h3 class=\"wp-block-heading\">\ud83d\udd4a <strong>Wer er war<\/strong><\/h3>\n\n\n\n<p>In England geboren, wurde er zum gro\u00dfen Missionar der germanischen V\u00f6lker. Gr\u00fcnder von Kl\u00f6stern, Bischof von Mainz und M\u00e4rtyrer in Friesland. Sein Name bedeutet \u201eder Gutes tut\u201c.<\/p>\n\n\n\n<h3 class=\"wp-block-heading\">\u271d\ufe0f <strong>Theologische Bedeutung<\/strong><\/h3>\n\n\n\n<p>Bonifatius verk\u00f6rpert die volle Treue zur r\u00f6mischen Kirche. Seine Briefe an Papst Gregor II. zeigen, wie er Mission als Ausdehnung der kirchlichen Gemeinschaft verstand. Er k\u00e4mpfte gegen Aberglauben und heidnische Kulte, insbesondere durch das F\u00e4llen der Donareiche \u2013 ein Symbol des germanischen Heidentums.<\/p>\n\n\n\n<p>Bonifatius zeugt von der Kraft missionarischen Gehorsams, vom Mut des Martyriums und von der katholischen Einheit.<\/p>\n\n\n\n<h3 class=\"wp-block-heading\">\ud83d\udcd6 Praktische Umsetzung<\/h3>\n\n\n\n<ul class=\"wp-block-list\">\n<li><strong>Treue zum Lehramt:<\/strong> In Zeiten doktrin\u00e4rer Verwirrung ist seine Gehorsamkeit gegen\u00fcber dem Papst und sein missionarischer Eifer vorbildlich.<\/li>\n\n\n\n<li><strong>Evangelisation im Alltag:<\/strong> Mutige Katechese im eigenen Umfeld, ohne Angst vor Ablehnung.<\/li>\n\n\n\n<li><strong>Sakramentales Leben:<\/strong> Seine Betonung der Liturgie und des Kirchenbaus l\u00e4dt zur St\u00e4rkung des Pfarreilebens ein.<\/li>\n<\/ul>\n\n\n\n<hr class=\"wp-block-separator has-alpha-channel-opacity\"\/>\n\n\n\n<h2 class=\"wp-block-heading\">3. <strong>Die hl. Edith Stein (1891\u20131942): M\u00e4rtyrerin der Liebe und der Vernunft<\/strong><\/h2>\n\n\n\n<h3 class=\"wp-block-heading\">\ud83d\udd4a <strong>Wer sie war<\/strong><\/h3>\n\n\n\n<p>J\u00fcdische Philosophin, die durch das Lesen der hl. Teresa von \u00c1vila zum katholischen Glauben konvertierte. Sie trat als Karmelitin in den Orden ein und nahm den Namen Teresia Benedicta vom Kreuz an. Sie starb 1942 in Auschwitz als M\u00e4rtyrerin.<\/p>\n\n\n\n<h3 class=\"wp-block-heading\">\u271d\ufe0f <strong>Theologische Bedeutung<\/strong><\/h3>\n\n\n\n<p>Ihr Leben vereint Glauben, Vernunft, j\u00fcdische Identit\u00e4t und das Geheimnis des Kreuzes. Sie ist eine zentrale Gestalt im Dialog zwischen Christentum und Judentum sowie in der Theologie des leidvollen Miterleidens mit Christus. Ihr Denken verbindet Ph\u00e4nomenologie mit karmelitanischer Mystik.<\/p>\n\n\n\n<p>Stein steht f\u00fcr das moderne Martyrium: Sie opferte ihr Leben f\u00fcr das j\u00fcdische Volk, als Mittr\u00e4gerin des Kreuzes Christi.<\/p>\n\n\n\n<h3 class=\"wp-block-heading\">\ud83d\udcd6 Praktische Umsetzung<\/h3>\n\n\n\n<ul class=\"wp-block-list\">\n<li><strong>Wert der Stille:<\/strong> Ihr kontemplatives Leben l\u00e4dt zur Sammlung und zum verborgenen Opfer ein.<\/li>\n\n\n\n<li><strong>Bildung und Studium:<\/strong> Ihr Leben zeigt, dass aufrichtige Wahrheitssuche zu Christus f\u00fchren kann.<\/li>\n\n\n\n<li><strong>Umgang mit Leiden:<\/strong> Sie lehrt, Schmerz als Gebet zu leben und im Kreuz einen Sinn zu finden.<\/li>\n<\/ul>\n\n\n\n<hr class=\"wp-block-separator has-alpha-channel-opacity\"\/>\n\n\n\n<h2 class=\"wp-block-heading\">4. <strong>Der hl. Albertus Magnus (um 1200\u20131280): Der Universalgelehrte<\/strong><\/h2>\n\n\n\n<h3 class=\"wp-block-heading\">\ud83d\udd4a <strong>Wer er war<\/strong><\/h3>\n\n\n\n<p>Dominikaner, Lehrer des hl. Thomas von Aquin, Bischof von Regensburg und einer der gr\u00f6\u00dften Gelehrten des Mittelalters. 1931 heiliggesprochen und zum Kirchenlehrer erkl\u00e4rt.<\/p>\n\n\n\n<h3 class=\"wp-block-heading\">\u271d\ufe0f <strong>Theologische Bedeutung<\/strong><\/h3>\n\n\n\n<p>Er vereinte Wissenschaft und Glaube wie kaum ein anderer. Seine Arbeiten in Naturphilosophie, Theologie, Biologie, Astronomie und Ethik zeigen, dass katholischer Glaube nicht im Widerspruch zur Erkenntnis steht. Wissenschaftliche Strenge verband sich bei ihm mit \u00fcbernat\u00fcrlicher Weisheit.<\/p>\n\n\n\n<p>Sein Sch\u00fcler, der hl. Thomas von Aquin, sollte diese Lehren noch vertiefen \u2013 doch Albert bereitete den Weg.<\/p>\n\n\n\n<h3 class=\"wp-block-heading\">\ud83d\udcd6 Praktische Umsetzung<\/h3>\n\n\n\n<ul class=\"wp-block-list\">\n<li><strong>Studium und Demut:<\/strong> Erkenntnis ist kein Feind des Glaubens, wenn sie mit Demut einhergeht.<\/li>\n\n\n\n<li><strong>Ganzheitliches Denken:<\/strong> Kein Bereich des Lebens darf vom Glauben getrennt werden.<\/li>\n\n\n\n<li><strong>Bildung der Jugend:<\/strong> Sein Verm\u00e4chtnis inspiriert zur katholischen Erziehung kommender Generationen.<\/li>\n<\/ul>\n\n\n\n<hr class=\"wp-block-separator has-alpha-channel-opacity\"\/>\n\n\n\n<h2 class=\"wp-block-heading\">5. <strong>Der selige Rupert Mayer (1876\u20131945): Der Apostel von M\u00fcnchen<\/strong><\/h2>\n\n\n\n<h3 class=\"wp-block-heading\">\ud83d\udd4a <strong>Wer er war<\/strong><\/h3>\n\n\n\n<p>Jesuit, unerm\u00fcdlicher Beichtvater, mutiger Prediger und Widerstandsk\u00e4mpfer gegen den Nationalsozialismus. Mehrfach inhaftiert, weil er sich offen gegen das Hitler-Regime stellte.<\/p>\n\n\n\n<h3 class=\"wp-block-heading\">\u271d\ufe0f <strong>Theologische Bedeutung<\/strong><\/h3>\n\n\n\n<p>Rupert Mayer verk\u00f6rpert das soziale Engagement aus dem Glauben heraus. Er prangerte politische Ungerechtigkeit an, verteidigte die Religionsfreiheit und blieb Christus auch in der Dunkelheit treu. Er wurde zum Symbol christlichen Widerstands im Dritten Reich.<\/p>\n\n\n\n<h3 class=\"wp-block-heading\">\ud83d\udcd6 Praktische Umsetzung<\/h3>\n\n\n\n<ul class=\"wp-block-list\">\n<li><strong>Mut zur Wahrheit:<\/strong> Zeuge des Glaubens auch in feindlichen oder politischen Umfeldern.<\/li>\n\n\n\n<li><strong>Tatkr\u00e4ftige N\u00e4chstenliebe:<\/strong> Den Bed\u00fcrftigen helfen \u2013 ohne Berechnung oder Angst.<\/li>\n\n\n\n<li><strong>Sakramententreue:<\/strong> Regelm\u00e4\u00dfige Beichte und Eucharistie als Kraftquelle.<\/li>\n<\/ul>\n\n\n\n<hr class=\"wp-block-separator has-alpha-channel-opacity\"\/>\n\n\n\n<h2 class=\"wp-block-heading\">6. <strong>Geistlicher und pastoraler Leitfaden: Wie wir mit den deutschen Heiligen heute leben k\u00f6nnen<\/strong><\/h2>\n\n\n\n<p>In einer Welt, die Wahrheit relativiert, Egoismus f\u00f6rdert und falsche Freiheit predigt, bieten uns die deutschen Heiligen <strong>eine konkrete Landkarte zur Heiligkeit<\/strong>. Hier einige Schl\u00fcssel, um ihr Verm\u00e4chtnis zu leben:<\/p>\n\n\n\n<h3 class=\"wp-block-heading\">\ud83e\udded <strong>1. Solide Glaubensbildung<\/strong><\/h3>\n\n\n\n<p>Studium des Glaubens \u2013 wie bei Albertus Magnus und Edith Stein. Glaube darf nicht nur \u201egef\u00fchlt\u201c, sondern muss erkannt werden.<\/p>\n\n\n\n<h3 class=\"wp-block-heading\">\u271d\ufe0f <strong>2. Liturgisches Leben<\/strong><\/h3>\n\n\n\n<p>Die deutschen Heiligen waren tief liturgisch gepr\u00e4gt: Hildegard komponierte himmlische Ges\u00e4nge, Bonifatius baute Kirchen, Rupert Mayer zelebrierte trotz Gefahr die Eucharistie.<\/p>\n\n\n\n<h3 class=\"wp-block-heading\">\ud83d\udee1\ufe0f <strong>3. Wahrheit in Liebe verteidigen<\/strong><\/h3>\n\n\n\n<p>Ob in Familie, Beruf oder sozialen Medien \u2013 schweige nicht angesichts der L\u00fcge. Sprich mit Liebe, aber ohne Kompromisse.<\/p>\n\n\n\n<h3 class=\"wp-block-heading\">\ud83d\udcff <strong>4. Tiefes Gebetsleben<\/strong><\/h3>\n\n\n\n<p>Anbetung, Bibellesung, Betrachtung \u2013 aus dem Gebet erw\u00e4chst jede gute Tat.<\/p>\n\n\n\n<h3 class=\"wp-block-heading\">\ud83d\udca0 <strong>5. Leiden aufopfern<\/strong><\/h3>\n\n\n\n<p>Edith Stein starb im KZ. Auch wir d\u00fcrfen unsere Leiden mit Sinn erf\u00fcllen und als Gebet f\u00fcr die Welt darbringen.<\/p>\n\n\n\n<hr class=\"wp-block-separator has-alpha-channel-opacity\"\/>\n\n\n\n<h2 class=\"wp-block-heading\">Ein biblisches Wort zur Besinnung<\/h2>\n\n\n\n<p><strong>\u201eDie Verst\u00e4ndigen werden leuchten wie der Glanz der Himmelsw\u00f6lbung, und die, welche die vielen zur Gerechtigkeit f\u00fchren, wie die Sterne immer und ewig.\u201c<\/strong><br>\u2014 <em>Daniel 12,3<\/em><\/p>\n\n\n\n<hr class=\"wp-block-separator has-alpha-channel-opacity\"\/>\n\n\n\n<h2 class=\"wp-block-heading\">Schlusswort: Ein lebendiges Erbe<\/h2>\n\n\n\n<p>Die deutschen Heiligen sind keine verstaubten Relikte einer idealisierten Vergangenheit. Sie sind unsere \u00e4lteren Geschwister im Glauben \u2013 lebendige Zeugen daf\u00fcr, dass Heiligkeit in jeder Zeit m\u00f6glich ist, auch in Zeiten von Krieg, Verfolgung und moderner Entfremdung.<\/p>\n\n\n\n<p>Sie wussten, wie man Kontemplation und Tat, Gebet und Studium, Gehorsam und Prophetie vereint. In ihnen sehen wir das Licht Christi, das durch den Nebel bricht. Heute k\u00f6nnen ihre F\u00fcrsprache und ihr Beispiel uns helfen, auf unseren eigenen Ruf zur Heiligkeit zu antworten.<\/p>\n\n\n\n<p><strong>Und du? Worauf wartest du noch, damit Gott in deinem Leben Wunder wirkt?<\/strong><\/p>\n","protected":false},"excerpt":{"rendered":"<p>Einleitung: Als Deutschland der Welt Heilige schenkte In der Geschichte der katholischen Kirche war Deutschland ein Land der M\u00e4rtyrer, Mystiker, treuen Reformer und Kirchenlehrer. Auch wenn sie manchmal von anderen europ\u00e4ischen Gestalten \u00fcberschattet werden, haben deutsche Heilige der Welt einen geistlichen Reichtum geschenkt, der heute, inmitten von Verwirrung und moralischem Relativismus, hell leuchtet. Angesichts aktueller &hellip;<\/p>\n","protected":false},"author":3,"featured_media":4247,"comment_status":"open","ping_status":"open","sticky":false,"template":"","format":"standard","meta":{"_seopress_robots_primary_cat":"","_seopress_titles_title":"","_seopress_titles_desc":"","_seopress_robots_index":"","footnotes":""},"categories":[40,61],"tags":[1417],"class_list":["post-4246","post","type-post","status-publish","format-standard","has-post-thumbnail","","category-gebet-und-spiritualitaet","category-heilige-und-heiligenkalender","tag-deutschen-heiligen"],"_links":{"self":[{"href":"https:\/\/catholicus.eu\/de\/wp-json\/wp\/v2\/posts\/4246","targetHints":{"allow":["GET"]}}],"collection":[{"href":"https:\/\/catholicus.eu\/de\/wp-json\/wp\/v2\/posts"}],"about":[{"href":"https:\/\/catholicus.eu\/de\/wp-json\/wp\/v2\/types\/post"}],"author":[{"embeddable":true,"href":"https:\/\/catholicus.eu\/de\/wp-json\/wp\/v2\/users\/3"}],"replies":[{"embeddable":true,"href":"https:\/\/catholicus.eu\/de\/wp-json\/wp\/v2\/comments?post=4246"}],"version-history":[{"count":1,"href":"https:\/\/catholicus.eu\/de\/wp-json\/wp\/v2\/posts\/4246\/revisions"}],"predecessor-version":[{"id":4248,"href":"https:\/\/catholicus.eu\/de\/wp-json\/wp\/v2\/posts\/4246\/revisions\/4248"}],"wp:featuredmedia":[{"embeddable":true,"href":"https:\/\/catholicus.eu\/de\/wp-json\/wp\/v2\/media\/4247"}],"wp:attachment":[{"href":"https:\/\/catholicus.eu\/de\/wp-json\/wp\/v2\/media?parent=4246"}],"wp:term":[{"taxonomy":"category","embeddable":true,"href":"https:\/\/catholicus.eu\/de\/wp-json\/wp\/v2\/categories?post=4246"},{"taxonomy":"post_tag","embeddable":true,"href":"https:\/\/catholicus.eu\/de\/wp-json\/wp\/v2\/tags?post=4246"}],"curies":[{"name":"wp","href":"https:\/\/api.w.org\/{rel}","templated":true}]}}