{"id":4242,"date":"2025-06-20T23:06:00","date_gmt":"2025-06-20T21:06:00","guid":{"rendered":"https:\/\/catholicus.eu\/de\/?p=4242"},"modified":"2025-06-20T23:06:01","modified_gmt":"2025-06-20T21:06:01","slug":"chartres-die-wallfahrt-des-katholischen-herzens-gegen-den-strom-der-welt","status":"publish","type":"post","link":"https:\/\/catholicus.eu\/de\/chartres-die-wallfahrt-des-katholischen-herzens-gegen-den-strom-der-welt\/","title":{"rendered":"Chartres: Die Wallfahrt des katholischen Herzens gegen den Strom der Welt"},"content":{"rendered":"\n<h3 class=\"wp-block-heading\">Einleitung: Ein Marsch zu Gott, gegen den Strom<\/h3>\n\n\n\n<p>In einer Zeit, die von L\u00e4rm, Eile und geistiger Verwirrung gepr\u00e4gt ist, machen sich Tausende von Katholiken aller Altersgruppen, Lebenslagen und Nationalit\u00e4ten auf den Weg, um etwas zu tun, das in den Augen der modernen Welt verr\u00fcckt erscheint: \u00fcber 100 Kilometer in drei Tagen zu Fu\u00df zur\u00fcckzulegen, von Paris nach Chartres, gef\u00fchrt vom Glauben, getragen von der Tradition, beseelt von der Hoffnung und vereint in der Liebe zu Christus und seiner heiligsten Mutter.<br>Die Wallfahrt nach Chartres ist kein einfacher frommer Spaziergang. Sie ist ein stiller, aber entschlossener Aufschrei der Treue zur Tradition der Kirche, eine Schule der Heiligkeit, eine zeitlich begrenzte W\u00fcste, in der die Seelen gereinigt werden, ein lebendiges Zeugnis daf\u00fcr, dass der Glaube nicht tot ist, und eine konkrete Form des Widerstands gegen die Weltlichkeit unserer Zeit.<\/p>\n\n\n\n<p>Gerade heute ist es dringend n\u00f6tig, den spirituellen, theologischen und pastoralen Wert der Wallfahrt neu zu entdecken, und Chartres ist zweifellos eine der kraftvollsten und bedeutendsten Ausdrucksformen davon.<\/p>\n\n\n\n<hr class=\"wp-block-separator has-alpha-channel-opacity\"\/>\n\n\n\n<h3 class=\"wp-block-heading\">I. Ursprung und Geschichte der Wallfahrt nach Chartres<\/h3>\n\n\n\n<p>Die Stadt <strong>Chartres<\/strong> im Herzen Frankreichs ist seit Jahrhunderten eines der bedeutendsten marianischen Zentren Europas. Ihre majest\u00e4tische gotische Kathedrale, die <strong>Notre-Dame<\/strong> (Unserer Lieben Frau) gewidmet ist, beherbergt die verehrte Reliquie des <strong>Schleiers der Jungfrau Maria<\/strong>, der der \u00dcberlieferung nach im 9. Jahrhundert von Karl dem Kahlen dorthin gebracht wurde.<\/p>\n\n\n\n<p>Obwohl es bereits im Mittelalter Wallfahrten nach Chartres gab, hat die <strong>traditionelle Pfingstwallfahrt<\/strong> von Paris aus ihren Ursprung im 20. Jahrhundert, insbesondere als Antwort auf die nachkonziliare Krise, die viele Gl\u00e4ubige ersch\u00fctterte. Sie wurde erstmals 1983 von der traditionalistischen katholischen Gruppe <strong>Notre-Dame de Chr\u00e9tient\u00e9<\/strong> organisiert und ist seither zu einem weltweiten Bezugspunkt f\u00fcr geistliche Erneuerung geworden, besonders unter jungen Menschen.<\/p>\n\n\n\n<p>Jedes Jahr versammeln sich am Pfingstwochenende mehr als <strong>15.000 Pilger<\/strong>, die meisten davon Jugendliche, um in drei Tagen \u00fcber 100 Kilometer zu Fu\u00df zur\u00fcckzulegen \u2013 eine titanische k\u00f6rperliche und geistige Anstrengung, deren Mittelpunkt die traditionelle lateinische Messe, gregorianischer Gesang, der Rosenkranz, Beichtgelegenheiten, lehrm\u00e4\u00dfige Unterweisungen und vor allem inneres Schweigen bilden.<\/p>\n\n\n\n<hr class=\"wp-block-separator has-alpha-channel-opacity\"\/>\n\n\n\n<h3 class=\"wp-block-heading\">II. Theologische Bedeutung: Ein Marsch nach oben<\/h3>\n\n\n\n<p>Die Wallfahrt nach Chartres ist nicht nur ein Akt der Fr\u00f6mmigkeit, sondern eine <strong>bewegte Katechese<\/strong>, ein gelebter theologischer Akt \u2013 mit den F\u00fc\u00dfen, dem Herzen und der Seele.<\/p>\n\n\n\n<h4 class=\"wp-block-heading\">1. Bild der pilgernden Kirche<\/h4>\n\n\n\n<p>Wie das Zweite Vatikanische Konzil in <em>Lumen Gentium<\/em> erinnert, ist die Kirche ein <strong>pilgerndes Volk<\/strong>, das auf dem Weg zum himmlischen Jerusalem ist. In Chartres wird dieses Bild greifbar: Jeder Pilger ist ein Teil dieses Leibes, der vereint dem Ziel entgegengeht \u2013 durch St\u00fcrze und Ersch\u00f6pfung hindurch, aber getragen von der Gnade.<\/p>\n\n\n\n<blockquote class=\"wp-block-quote is-layout-flow wp-block-quote-is-layout-flow\">\n<p>\u201eDenn wir haben hier keine bleibende Stadt, sondern die zuk\u00fcnftige suchen wir.\u201c (Hebr\u00e4er 13,14)<\/p>\n<\/blockquote>\n\n\n\n<p>Chartres lehrt durch k\u00f6rperliche Erfahrung, dass das Christentum keine Ideologie und kein abstraktes Gef\u00fchl ist: Es ist ein <strong>Weg<\/strong> (vgl. Joh 14,6), ein fortw\u00e4hrender Exodus, der Anstrengung, Verzicht, Gemeinschaft, Gehorsam, Gebet und Opfer erfordert.<\/p>\n\n\n\n<h4 class=\"wp-block-heading\">2. Das erl\u00f6sende Leiden und das Opfer<\/h4>\n\n\n\n<p>W\u00e4hrend der Wallfahrt wird jeder k\u00f6rperliche Schmerz \u2013 Blasen, Durst, Sonne, M\u00fcdigkeit \u2013 zur Gelegenheit, <strong>sich mit dem Kreuz Christi zu vereinen<\/strong>, dieses Leiden f\u00fcr die Bekehrung der S\u00fcnder, f\u00fcr Berufungen, f\u00fcr die Familie oder f\u00fcr die eigenen S\u00fcnden darzubringen. Die Wallfahrt wird zu einer <strong>gelebten Liturgie<\/strong>, in der der K\u00f6rper die Seele auf ihrem Weg zu Gott begleitet.<\/p>\n\n\n\n<blockquote class=\"wp-block-quote is-layout-flow wp-block-quote-is-layout-flow\">\n<p>\u201eJetzt freue ich mich in den Leiden f\u00fcr euch und erg\u00e4nze in meinem Fleisch, was an den Leiden Christi noch fehlt \u2013 f\u00fcr seinen Leib, das ist die Kirche.\u201c (Kolosser 1,24)<\/p>\n<\/blockquote>\n\n\n\n<h4 class=\"wp-block-heading\">3. Treue zur Tradition<\/h4>\n\n\n\n<p>Ein hervorstechendes Merkmal von Chartres ist die <strong>Verbundenheit mit der tridentinischen Messe<\/strong>, die mit Ehrfurcht, Sch\u00f6nheit und theologischer Tiefe gefeiert wird. Diese Wahl ist kein nostalgischer Akt, sondern ein Bekenntnis, dass die <strong>lex orandi (das Gesetz des Gebets)<\/strong> die <strong>lex credendi (das Gesetz des Glaubens)<\/strong> pr\u00e4gt. In einer Welt, in der die Liturgie oft banalisiert wurde, zeigt Chartres den Weg einer Liturgie, die erzieht, erhebt und heiligt.<\/p>\n\n\n\n<hr class=\"wp-block-separator has-alpha-channel-opacity\"\/>\n\n\n\n<h3 class=\"wp-block-heading\">III. Praktische Anwendungen: Wie man \u201eChartres\u201c jeden Tag lebt<\/h3>\n\n\n\n<p>Auch wenn nicht jeder k\u00f6rperlich an der Wallfahrt nach Chartres teilnehmen kann, kann <strong>jeder geistlich den Geist der Wallfahrt im Alltag leben<\/strong>. Wie?<\/p>\n\n\n\n<h4 class=\"wp-block-heading\">1. Mach dein Leben zu einer Wallfahrt<\/h4>\n\n\n\n<p>Erinnere dich: Du bist auf der Durchreise. Lebe mit Einfachheit, innerer Losl\u00f6sung und Hoffnung. H\u00e4nge dein Herz nicht an Verg\u00e4ngliches. Jeder Tag ist ein Schritt zur Ewigkeit.<\/p>\n\n\n\n<h4 class=\"wp-block-heading\">2. Bring deine Opfer dar<\/h4>\n\n\n\n<p>Wie in Chartres: Biete die t\u00e4gliche M\u00fcdigkeit, die M\u00fchen der Arbeit, die Schwierigkeiten in der Familie als Teil deines Weges zu Gott dar. Vereine alles mit dem Kreuz Christi. Lebe in einem Geist der <strong>S\u00fchne und Wiedergutmachung<\/strong>.<\/p>\n\n\n\n<h4 class=\"wp-block-heading\">3. Geh mit anderen<\/h4>\n\n\n\n<p>Bei der Wallfahrt geht niemand allein. Ebenso ist es im christlichen Leben unerl\u00e4sslich, <strong>in Gemeinschaft zu gehen<\/strong>, besonders in Zeiten der Verwirrung. St\u00fctze dich auf deine Glaubensgeschwister. Nimm an den Sakramenten teil. Engagiere dich aktiv in deiner Pfarrei oder einer katholischen Gruppe.<\/p>\n\n\n\n<h4 class=\"wp-block-heading\">4. Entdecke die Liturgie neu<\/h4>\n\n\n\n<p>Lerne den Reichtum der traditionellen Liturgie zu sch\u00e4tzen. Wenn m\u00f6glich, nimm an der tridentinischen Messe teil. Wenn nicht, dann lebe jede Eucharistie mit Ehrfurcht, Sammlung und Liebe zum Mysterium. Eine gut gefeierte Liturgie verwandelt die Seele.<\/p>\n\n\n<div class=\"wp-block-image\">\n<figure class=\"aligncenter size-full\"><img loading=\"lazy\" decoding=\"async\" width=\"600\" height=\"360\" src=\"https:\/\/catholicus.eu\/de\/wp-content\/uploads\/sites\/4\/2025\/06\/chartres2.jpg\" alt=\"\" class=\"wp-image-4244\" srcset=\"https:\/\/catholicus.eu\/de\/wp-content\/uploads\/sites\/4\/2025\/06\/chartres2.jpg 600w, https:\/\/catholicus.eu\/de\/wp-content\/uploads\/sites\/4\/2025\/06\/chartres2-300x180.jpg 300w\" sizes=\"auto, (max-width: 600px) 100vw, 600px\" \/><\/figure>\n<\/div>\n\n\n<hr class=\"wp-block-separator has-alpha-channel-opacity\"\/>\n\n\n\n<h3 class=\"wp-block-heading\">IV. Praktischer Leitfaden f\u00fcr die Wallfahrt nach Chartres<\/h3>\n\n\n\n<p><strong>M\u00f6chtest du Chartres mit Leib und Seele erleben? Hier ist ein praktischer und pastoraler Leitfaden zur Vorbereitung auf die Wallfahrt.<\/strong><\/p>\n\n\n\n<h4 class=\"wp-block-heading\">A. Geistliche Vorbereitung<\/h4>\n\n\n\n<ul class=\"wp-block-list\">\n<li><strong>Beichte im Voraus:<\/strong> Beginne die Wallfahrt nicht, ohne dich mit Gott vers\u00f6hnt zu haben.<\/li>\n\n\n\n<li><strong>Pers\u00f6nliches Gebet:<\/strong> Widme in den Wochen vor der Wallfahrt t\u00e4glich Zeit f\u00fcr Gebet, Meditation und geistliches Opfer.<\/li>\n\n\n\n<li><strong>Klare Intention:<\/strong> Bring konkrete Anliegen mit (Familie, Berufungen, Bu\u00dfe\u2026).<\/li>\n\n\n\n<li><strong>Geistliche Lekt\u00fcre:<\/strong> Nimm B\u00fccher mit wie <em>Nachfolge Christi<\/em>, <em>Der geistliche Kampf<\/em> oder Texte der Kirchenv\u00e4ter.<\/li>\n<\/ul>\n\n\n\n<h4 class=\"wp-block-heading\">B. K\u00f6rperliche Vorbereitung<\/h4>\n\n\n\n<ul class=\"wp-block-list\">\n<li>Geh mindestens einen Monat lang t\u00e4glich mehrere Kilometer.<\/li>\n\n\n\n<li>Trage die Schuhe, die du bei der Wallfahrt verwenden wirst.<\/li>\n\n\n\n<li>Lerne, deine F\u00fc\u00dfe zu pflegen: Puder, Creme, doppelte Socken, Blasenpflaster.<\/li>\n<\/ul>\n\n\n\n<h4 class=\"wp-block-heading\">C. Ausr\u00fcstung<\/h4>\n\n\n\n<ul class=\"wp-block-list\">\n<li>Leichter Rucksack (unter 8 kg), Trinkflasche, Hut, Schlafsack.<\/li>\n\n\n\n<li>Rosenkranz, Gebetbuch, kleines Neues Testament oder Taschenbibel.<\/li>\n\n\n\n<li>Nimm nichts \u00dcberfl\u00fcssiges mit. Lerne, mit dem <strong>Wesentlichen<\/strong> zu gehen.<\/li>\n<\/ul>\n\n\n\n<h4 class=\"wp-block-heading\">D. W\u00e4hrend der Wallfahrt<\/h4>\n\n\n\n<ul class=\"wp-block-list\">\n<li>Respektiere die Stille w\u00e4hrend der Gebetszeiten.<\/li>\n\n\n\n<li>Singe, bete und h\u00f6re die Betrachtungen.<\/li>\n\n\n\n<li>Biete jeden Tag f\u00fcr eine andere Intention an.<\/li>\n\n\n\n<li>Beschwere dich nicht. Alles ist Gnade.<\/li>\n\n\n\n<li>Denk daran: Dies ist kein Ausflug, sondern ein <strong>Akt des Gottesdienstes<\/strong> und ein <strong>dargebrachtes Opfer<\/strong>.<\/li>\n<\/ul>\n\n\n\n<h4 class=\"wp-block-heading\">E. Nach der Wallfahrt<\/h4>\n\n\n\n<ul class=\"wp-block-list\">\n<li>Bewahre den Geist des Pilgers. Kehre nicht unver\u00e4ndert zur\u00fcck.<\/li>\n\n\n\n<li>Setze das t\u00e4gliche Gebet, die Opfer und das sakramentale Leben fort.<\/li>\n\n\n\n<li>Teile deine Erfahrung. Lade andere ein, sie mitzuerleben.<\/li>\n<\/ul>\n\n\n\n<hr class=\"wp-block-separator has-alpha-channel-opacity\"\/>\n\n\n\n<h3 class=\"wp-block-heading\">Schlusswort: Chartres, ein Leuchtfeuer in der Dunkelheit<\/h3>\n\n\n\n<p>In einem m\u00fcden und alternden Europa ist die Wallfahrt nach Chartres ein <strong>entz\u00fcndetes Leuchtfeuer<\/strong>. Nicht nur wegen der Sch\u00f6nheit ihres Zieles, sondern weil Tausende von jungen Menschen, Familien, Priestern und Ordensleuten mit brennenden Herzen marschieren und wortlos bezeugen, dass der katholische Glaube <strong>nicht tot<\/strong> ist. Im Gegenteil: Er wird neu geboren.<\/p>\n\n\n\n<p>Chartres ist viel mehr als ein Marsch. Es ist eine <strong>radikale geistliche \u00dcbung<\/strong>, ein Exorzismus gegen Lauheit, eine dem\u00fctige und herrliche Antwort auf den Ruf des Evangeliums:<\/p>\n\n\n\n<blockquote class=\"wp-block-quote is-layout-flow wp-block-quote-is-layout-flow\">\n<p>\u201eWenn einer mir nachkommen will, verleugne er sich selbst, nehme sein Kreuz auf sich und folge mir nach.\u201c (Matth\u00e4us 16,24)<\/p>\n<\/blockquote>\n\n\n\n<p>M\u00f6ge jeder von uns sich in seinem t\u00e4glichen Leben mit dieser geistlichen Wallfahrt verbinden, auf der wir, Schritt f\u00fcr Schritt, dem Herzen Gottes n\u00e4herkommen.<\/p>\n","protected":false},"excerpt":{"rendered":"<p>Einleitung: Ein Marsch zu Gott, gegen den Strom In einer Zeit, die von L\u00e4rm, Eile und geistiger Verwirrung gepr\u00e4gt ist, machen sich Tausende von Katholiken aller Altersgruppen, Lebenslagen und Nationalit\u00e4ten auf den Weg, um etwas zu tun, das in den Augen der modernen Welt verr\u00fcckt erscheint: \u00fcber 100 Kilometer in drei Tagen zu Fu\u00df zur\u00fcckzulegen, &hellip;<\/p>\n","protected":false},"author":3,"featured_media":4243,"comment_status":"open","ping_status":"open","sticky":false,"template":"","format":"standard","meta":{"_seopress_robots_primary_cat":"","_seopress_titles_title":"","_seopress_titles_desc":"","_seopress_robots_index":"","footnotes":""},"categories":[40,60],"tags":[1416],"class_list":["post-4242","post","type-post","status-publish","format-standard","has-post-thumbnail","","category-gebet-und-spiritualitaet","category-marianische-andachten","tag-chartres"],"_links":{"self":[{"href":"https:\/\/catholicus.eu\/de\/wp-json\/wp\/v2\/posts\/4242","targetHints":{"allow":["GET"]}}],"collection":[{"href":"https:\/\/catholicus.eu\/de\/wp-json\/wp\/v2\/posts"}],"about":[{"href":"https:\/\/catholicus.eu\/de\/wp-json\/wp\/v2\/types\/post"}],"author":[{"embeddable":true,"href":"https:\/\/catholicus.eu\/de\/wp-json\/wp\/v2\/users\/3"}],"replies":[{"embeddable":true,"href":"https:\/\/catholicus.eu\/de\/wp-json\/wp\/v2\/comments?post=4242"}],"version-history":[{"count":1,"href":"https:\/\/catholicus.eu\/de\/wp-json\/wp\/v2\/posts\/4242\/revisions"}],"predecessor-version":[{"id":4245,"href":"https:\/\/catholicus.eu\/de\/wp-json\/wp\/v2\/posts\/4242\/revisions\/4245"}],"wp:featuredmedia":[{"embeddable":true,"href":"https:\/\/catholicus.eu\/de\/wp-json\/wp\/v2\/media\/4243"}],"wp:attachment":[{"href":"https:\/\/catholicus.eu\/de\/wp-json\/wp\/v2\/media?parent=4242"}],"wp:term":[{"taxonomy":"category","embeddable":true,"href":"https:\/\/catholicus.eu\/de\/wp-json\/wp\/v2\/categories?post=4242"},{"taxonomy":"post_tag","embeddable":true,"href":"https:\/\/catholicus.eu\/de\/wp-json\/wp\/v2\/tags?post=4242"}],"curies":[{"name":"wp","href":"https:\/\/api.w.org\/{rel}","templated":true}]}}