{"id":4232,"date":"2025-06-16T21:27:38","date_gmt":"2025-06-16T19:27:38","guid":{"rendered":"https:\/\/catholicus.eu\/de\/?p=4232"},"modified":"2025-06-16T21:27:38","modified_gmt":"2025-06-16T19:27:38","slug":"wenn-das-schweigen-von-gott-spricht-die-negative-theologie-in-einer-laermenden-welt-neu-entdecken","status":"publish","type":"post","link":"https:\/\/catholicus.eu\/de\/wenn-das-schweigen-von-gott-spricht-die-negative-theologie-in-einer-laermenden-welt-neu-entdecken\/","title":{"rendered":"Wenn das Schweigen von Gott spricht: Die negative Theologie in einer l\u00e4rmenden Welt neu entdecken"},"content":{"rendered":"\n<h3 class=\"wp-block-heading\"><strong>Einleitung: Das Geheimnis, das keinen Namen tr\u00e4gt<\/strong><\/h3>\n\n\n\n<p>Wir leben in einem Zeitalter der \u00dcbererkl\u00e4rungen. Alles muss gesagt, kommentiert, beschriftet, geteilt, begr\u00fcndet, ver\u00f6ffentlicht werden. Und doch gibt es etwas \u2013 oder vielmehr <strong>Jemanden<\/strong> \u2013, der sich jeder Beschreibung entzieht: Gott. Nicht weil Er fern, kalt oder unnahbar ist, sondern weil <strong>seine F\u00fclle unsere Worte \u00fcbersteigt<\/strong>. Hier entspringt einer der \u00e4ltesten und zugleich am meisten vergessenen Sch\u00e4tze der christlichen Spiritualit\u00e4t: <strong>die negative Theologie<\/strong>, auch <em>apophatische Theologie<\/em> genannt.<\/p>\n\n\n\n<p>Dieser Artikel will ein Leuchtturm f\u00fcr dich sein, der du Gott suchst mitten im L\u00e4rm der Welt. Wir entdecken einen spirituellen Weg wieder, der <strong>nicht \u00fcber Gott spricht, indem er sagt, was Er ist<\/strong>, sondern <strong>indem er sich Ihm n\u00e4hert, indem er sagt, was Er nicht ist<\/strong>, damit Er im Schweigen der Seele sprechen kann.<\/p>\n\n\n\n<hr class=\"wp-block-separator has-alpha-channel-opacity\"\/>\n\n\n\n<h3 class=\"wp-block-heading\"><strong>1. Was ist negative Theologie?<\/strong><\/h3>\n\n\n\n<p>Die negative Theologie ist eine Weise, Gott <strong>durch Verneinung<\/strong> zu erkennen. Anstatt zu sagen, was Gott ist \u2013 \u201eGott ist gut\u201c, \u201eGott ist Liebe\u201c, \u201eGott ist weise\u201c \u2013 erkennt diese Theologie, dass <strong>all unsere Worte unzureichend sind<\/strong> und dass selbst unsere besten menschlichen Begriffe <strong>die Unendlichkeit Gottes nicht fassen k\u00f6nnen<\/strong>.<\/p>\n\n\n\n<p>Deshalb sagt die negative Theologie lieber:<\/p>\n\n\n\n<ul class=\"wp-block-list\">\n<li>Gott ist <strong>nicht<\/strong> begrenzt,<\/li>\n\n\n\n<li>Gott ist <strong>nicht<\/strong> ungerecht,<\/li>\n\n\n\n<li>Gott ist <strong>nicht<\/strong> zeitlich,<\/li>\n\n\n\n<li>Gott ist <strong>nicht<\/strong> wie ein Gesch\u00f6pf.<\/li>\n<\/ul>\n\n\n\n<p>Das hei\u00dft nicht, dass wir gar nichts \u00fcber Gott sagen k\u00f6nnen, sondern dass <strong>alles, was wir sagen, von Demut und Ehrfurcht umgeben sein muss<\/strong>. Der gro\u00dfe Mystiker <strong>Johannes vom Kreuz<\/strong> dr\u00fcckt es so aus:<\/p>\n\n\n\n<blockquote class=\"wp-block-quote is-layout-flow wp-block-quote-is-layout-flow\">\n<p>\u201eUm alles zu erreichen, verlange danach, nichts zu besitzen. Um alles zu erkennen, verlange danach, nichts zu wissen.\u201c<\/p>\n<\/blockquote>\n\n\n\n<hr class=\"wp-block-separator has-alpha-channel-opacity\"\/>\n\n\n\n<h3 class=\"wp-block-heading\"><strong>2. Ein kurzer historischer \u00dcberblick: Von den W\u00fcstenv\u00e4tern zur kontemplativen Mystik<\/strong><\/h3>\n\n\n\n<p>Die negative Theologie hat ihre Wurzeln in den ersten Jahrhunderten des Christentums. Ihr gro\u00dfer Vorl\u00e4ufer war <strong>der Pseudo-Dionysius Areopagita<\/strong>, ein christlicher Mystiker des 5.\u20136. Jahrhunderts, der \u00fcber die Unm\u00f6glichkeit schrieb, Gott durch positive Begriffe zu erkennen. F\u00fcr ihn war Gott ein \u201edunkles Licht\u201c, ein Licht, das <strong>so intensiv ist, dass es blendet, statt zu erleuchten<\/strong>.<\/p>\n\n\n\n<p>Die W\u00fcstenv\u00e4ter, besonders in \u00c4gypten und Syrien, verk\u00f6rperten diese Theologie in ihrem Leben: in der Stille, im Fasten, im unabl\u00e4ssigen Gebet und in der Ent\u00e4u\u00dferung von Worten. <strong>Gregor von Nyssa<\/strong> bereicherte diese Tradition mit seiner Lehre von der <strong>\u201eWolke des Nichtwissens\u201c<\/strong>, in der die Seele Gott wirklich begegnet.<\/p>\n\n\n\n<p>Im Mittelalter wurde diese Tradition von gro\u00dfen Heiligen weitergef\u00fchrt:<\/p>\n\n\n\n<ul class=\"wp-block-list\">\n<li><strong>Johannes vom Kreuz<\/strong>, der <em>Die dunkle Nacht der Seele<\/em> schrieb,<\/li>\n\n\n\n<li><strong>Theresia von \u00c1vila<\/strong>, mit ihrer Erfahrung der \u201einneren Burg\u201c,<\/li>\n\n\n\n<li><strong>Thomas von Aquin<\/strong>, der am Ende seines Lebens sagte, alles, was er geschrieben habe, erscheine ihm wie \u201eStroh\u201c angesichts dessen, was er geschaut hatte.<\/li>\n<\/ul>\n\n\n\n<p>Selbst Thomas, das Vorbild affirmativer Theologie, erkannte die Grenzen der Sprache:<\/p>\n\n\n\n<blockquote class=\"wp-block-quote is-layout-flow wp-block-quote-is-layout-flow\">\n<p>\u201eAlles, was wir \u00fcber Gott sagen, sagt mehr dar\u00fcber aus, was Er <strong>nicht<\/strong> ist, als was Er <strong>ist<\/strong>.\u201c<br>(<em>Summa Theologica<\/em>, I, q. 3, a.1)<\/p>\n<\/blockquote>\n\n\n\n<hr class=\"wp-block-separator has-alpha-channel-opacity\"\/>\n\n\n\n<h3 class=\"wp-block-heading\"><strong>3. Biblische Grundlagen: Auch Gottes Schweigen spricht<\/strong><\/h3>\n\n\n\n<p>Auch wenn der Begriff \u201enegative Theologie\u201c nicht explizit in der Bibel steht, <strong>durchdringt ihr Geist die ganze Heilige Schrift<\/strong>, besonders in jenen Momenten, in denen Gott sich verh\u00fcllt, verborgen bleibt, schweigt, in der Dunkelheit wirkt.<\/p>\n\n\n\n<p>Denken wir an Mose auf dem Berg Sinai:<\/p>\n\n\n\n<blockquote class=\"wp-block-quote is-layout-flow wp-block-quote-is-layout-flow\">\n<p>\u201eDu kannst mein Angesicht nicht sehen; denn kein Mensch kann mich sehen und am Leben bleiben. [&#8230;] Du wirst meinen R\u00fccken sehen, aber mein Angesicht kann nicht gesehen werden.\u201c<br>(<strong>Exodus 33, 20\u201323<\/strong>)<\/p>\n<\/blockquote>\n\n\n\n<p>Gott l\u00e4sst sich nicht direkt anschauen; Er verbirgt sich, damit das Herz tiefer sucht. Wir sehen das auch bei Elija, als Gott nicht im Sturm, nicht im Erdbeben, nicht im Feuer erscheint, sondern in <strong>einem leisen, sanften S\u00e4useln<\/strong> (vgl. <strong>1 K\u00f6nige 19, 11\u201313<\/strong>).<\/p>\n\n\n\n<p>Und nat\u00fcrlich bei Jesus am Kreuz \u2013 <strong>das fleischgewordene Wort, das zum Schweigen wird<\/strong>:<\/p>\n\n\n\n<blockquote class=\"wp-block-quote is-layout-flow wp-block-quote-is-layout-flow\">\n<p>\u201eMein Gott, mein Gott, warum hast du mich verlassen?\u201c<br>(<strong>Matth\u00e4us 27, 46<\/strong>)<br>In diesem Schrei verbirgt sich das Paradox eines Gottes, der zum Schweigen wird \u2013 ein Schweigen voller Erl\u00f6sung.<\/p>\n<\/blockquote>\n\n\n\n<hr class=\"wp-block-separator has-alpha-channel-opacity\"\/>\n\n\n\n<h3 class=\"wp-block-heading\"><strong>4. Theologische Relevanz: Gott ist ein Geheimnis, kein R\u00e4tsel zum L\u00f6sen<\/strong><\/h3>\n\n\n\n<p>In moderner Theologie und Pastoral neigen wir oft zur Versuchung, <strong>Gott wie ein Problem behandeln zu wollen, das gel\u00f6st, oder eine Idee, die erkl\u00e4rt werden muss<\/strong>. Wir wollen klare Antworten, sichere Formeln, geschlossene Definitionen.<\/p>\n\n\n\n<p>Doch Gott ist kein Konzept; Er ist ein Mysterium. Und Mysterien <strong>werden nicht erkl\u00e4rt \u2013 sie werden betrachtet, gelebt, angebetet<\/strong>.<\/p>\n\n\n\n<p>Die negative Theologie erinnert uns daran, dass, wenn Gott verst\u00e4ndlich w\u00e4re, <strong>Er nicht Gott w\u00e4re<\/strong>. Wie <strong>Augustinus<\/strong> sagte:<\/p>\n\n\n\n<blockquote class=\"wp-block-quote is-layout-flow wp-block-quote-is-layout-flow\">\n<p>\u201eWenn du es verstanden hast, ist es nicht Gott.\u201c<\/p>\n<\/blockquote>\n\n\n\n<p>Das hei\u00dft nicht, in Agnostizismus oder vagen Mystizismus abzugleiten, sondern eine theologische Haltung <strong>der Demut<\/strong> einzunehmen: zu wissen, dass \u2013 egal, wie sehr wir studieren oder beten \u2013 <strong>Gott immer mehr sein wird<\/strong>.<\/p>\n\n\n\n<hr class=\"wp-block-separator has-alpha-channel-opacity\"\/>\n\n\n\n<h3 class=\"wp-block-heading\"><strong>5. Praktische Anwendungen: Wie man negative Theologie heute leben kann<\/strong><\/h3>\n\n\n\n<p>Das alles mag abstrakt erscheinen, doch diese Theologie ist zutiefst konkret. Hier sind <strong>einige Wege, wie du sie im Alltag anwenden kannst<\/strong>:<\/p>\n\n\n\n<h4 class=\"wp-block-heading\"><strong>a) Entdecke den Wert der Stille neu<\/strong><\/h4>\n\n\n\n<p>Verbringe t\u00e4glich ein paar Minuten ohne zu sprechen, ohne zu denken, ohne zu bitten. Sei einfach <strong>vor Gott<\/strong>. Die Stille ist die Sprache der Ewigkeit.<\/p>\n\n\n\n<h4 class=\"wp-block-heading\"><strong>b) Bete mit weniger Worten<\/strong><\/h4>\n\n\n\n<p>Probiere kurze oder stille Gebete. Ein \u201eJesus\u201c, ein \u201eDanke\u201c, ein Seufzer. Gebet muss kein Vortrag sein.<\/p>\n\n\n\n<h4 class=\"wp-block-heading\"><strong>c) Akzeptiere, dass du nicht alles verstehen wirst<\/strong><\/h4>\n\n\n\n<p>Im Leiden, in Krankheit, im Tod gibt es nicht immer Antworten. Umarme das Geheimnis. Gott ist da, auch wenn Er unsichtbar ist.<\/p>\n\n\n\n<h4 class=\"wp-block-heading\"><strong>d) Vermeide oberfl\u00e4chliches Reden \u00fcber Gott<\/strong><\/h4>\n\n\n\n<p>Mach Gott nicht zu einem Slogan oder einer netten Floskel. Sprich von Ihm mit Ehrfurcht, Tiefe \u2013 und wenn n\u00f6tig: <strong>mit Schweigen<\/strong>.<\/p>\n\n\n\n<h4 class=\"wp-block-heading\"><strong>e) Lebe die Liturgie mit Ehrfurcht<\/strong><\/h4>\n\n\n\n<p>Die Messe ist voller Zeichen, die auf ein gr\u00f6\u00dferes Geheimnis hinweisen. Nicht alles muss verstanden werden \u2013 aber alles soll <strong>angebetet<\/strong> werden. Negative Theologie wird <strong>auf den Knien<\/strong> gelebt.<\/p>\n\n\n\n<hr class=\"wp-block-separator has-alpha-channel-opacity\"\/>\n\n\n\n<h3 class=\"wp-block-heading\"><strong>6. Pastoralbotschaft: Wenn du Gott nicht verstehst, vertraue Ihm umso mehr<\/strong><\/h3>\n\n\n\n<p>Viele Gl\u00e4ubige erleben heute Glaubenskrisen. Sie verstehen nicht, warum Gott gewisse Dinge zul\u00e4sst, warum Er schweigt, warum Er nicht eingreift. In solchen Momenten bietet die negative Theologie <strong>keine einfachen Antworten, aber einen tiefen Frieden<\/strong>.<\/p>\n\n\n\n<p>Sie lehrt uns, dass das scheinbare Schweigen Gottes nicht seine Abwesenheit ist, sondern <strong>seine Weise zu handeln<\/strong>, die oft unsere Logik \u00fcbersteigt.<\/p>\n\n\n\n<blockquote class=\"wp-block-quote is-layout-flow wp-block-quote-is-layout-flow\">\n<p>\u201eDenn meine Gedanken sind nicht eure Gedanken, und eure Wege sind nicht meine Wege \u2013 Spruch des HERRN.\u201c<br>(<strong>Jesaja 55, 8<\/strong>)<\/p>\n<\/blockquote>\n\n\n\n<p>Wenn du also nichts verstehst: <strong>bete an<\/strong>.<br>Wenn du Gott nicht sp\u00fcrst: <strong>verzweifle nicht \u2013 bleib treu<\/strong>.<br>Wenn das Schweigen schmerzt: <strong>h\u00f6re hin<\/strong> \u2013 Gott spricht ohne Worte.<\/p>\n\n\n\n<hr class=\"wp-block-separator has-alpha-channel-opacity\"\/>\n\n\n\n<h3 class=\"wp-block-heading\"><strong>Schluss: Der Gott, der in der Wolke des Nichtwissens wohnt<\/strong><\/h3>\n\n\n\n<p>Negative Theologie ist kein Weg, um Erkenntnis zu vermeiden, sondern um sie <strong>im Licht der Liebe und Anbetung zu \u00fcbersteigen<\/strong>. Sie l\u00e4dt uns ein, dem Geheimnis zu vertrauen, im Glauben zu gehen, in der Gegenwart eines Gottes zu ruhen, der unendlich gr\u00f6\u00dfer ist als all unser Denken \u2013 und doch <strong>unendlich n\u00e4her, als wir glauben<\/strong>.<\/p>\n\n\n\n<p>In einer Welt, in der alle schreien und niemand zuh\u00f6rt, l\u00e4dt dich die negative Theologie ein, <strong>in die Wolke einzutreten<\/strong>, zu schweigen und anzubeten. Denn <strong>in dieser scheinbar leeren Stille\u2026 wird Gott zur Gegenwart.<\/strong><\/p>\n\n\n\n<hr class=\"wp-block-separator has-alpha-channel-opacity\"\/>\n\n\n\n<p><strong>\u201eSei still, meine Seele. Der Unnennbare will zu dir sprechen.\u201c<\/strong><\/p>\n","protected":false},"excerpt":{"rendered":"<p>Einleitung: Das Geheimnis, das keinen Namen tr\u00e4gt Wir leben in einem Zeitalter der \u00dcbererkl\u00e4rungen. Alles muss gesagt, kommentiert, beschriftet, geteilt, begr\u00fcndet, ver\u00f6ffentlicht werden. Und doch gibt es etwas \u2013 oder vielmehr Jemanden \u2013, der sich jeder Beschreibung entzieht: Gott. Nicht weil Er fern, kalt oder unnahbar ist, sondern weil seine F\u00fclle unsere Worte \u00fcbersteigt. Hier &hellip;<\/p>\n","protected":false},"author":3,"featured_media":4233,"comment_status":"open","ping_status":"open","sticky":false,"template":"","format":"standard","meta":{"_seopress_robots_primary_cat":"","_seopress_titles_title":"","_seopress_titles_desc":"","_seopress_robots_index":"","footnotes":""},"categories":[41,63],"tags":[1414,1413],"class_list":["post-4232","post","type-post","status-publish","format-standard","has-post-thumbnail","","category-glaube-und-kultur","category-philosophie-und-glaube","tag-apophatische-theologie","tag-negative-theologie"],"_links":{"self":[{"href":"https:\/\/catholicus.eu\/de\/wp-json\/wp\/v2\/posts\/4232","targetHints":{"allow":["GET"]}}],"collection":[{"href":"https:\/\/catholicus.eu\/de\/wp-json\/wp\/v2\/posts"}],"about":[{"href":"https:\/\/catholicus.eu\/de\/wp-json\/wp\/v2\/types\/post"}],"author":[{"embeddable":true,"href":"https:\/\/catholicus.eu\/de\/wp-json\/wp\/v2\/users\/3"}],"replies":[{"embeddable":true,"href":"https:\/\/catholicus.eu\/de\/wp-json\/wp\/v2\/comments?post=4232"}],"version-history":[{"count":1,"href":"https:\/\/catholicus.eu\/de\/wp-json\/wp\/v2\/posts\/4232\/revisions"}],"predecessor-version":[{"id":4234,"href":"https:\/\/catholicus.eu\/de\/wp-json\/wp\/v2\/posts\/4232\/revisions\/4234"}],"wp:featuredmedia":[{"embeddable":true,"href":"https:\/\/catholicus.eu\/de\/wp-json\/wp\/v2\/media\/4233"}],"wp:attachment":[{"href":"https:\/\/catholicus.eu\/de\/wp-json\/wp\/v2\/media?parent=4232"}],"wp:term":[{"taxonomy":"category","embeddable":true,"href":"https:\/\/catholicus.eu\/de\/wp-json\/wp\/v2\/categories?post=4232"},{"taxonomy":"post_tag","embeddable":true,"href":"https:\/\/catholicus.eu\/de\/wp-json\/wp\/v2\/tags?post=4232"}],"curies":[{"name":"wp","href":"https:\/\/api.w.org\/{rel}","templated":true}]}}