{"id":4114,"date":"2025-06-01T14:58:57","date_gmt":"2025-06-01T12:58:57","guid":{"rendered":"https:\/\/catholicus.eu\/de\/?p=4114"},"modified":"2025-06-01T14:58:57","modified_gmt":"2025-06-01T12:58:57","slug":"wenn-die-liebe-verletzt-wird-die-macht-des-suehneakts-in-zeiten-der-gleichgueltigkeit","status":"publish","type":"post","link":"https:\/\/catholicus.eu\/de\/wenn-die-liebe-verletzt-wird-die-macht-des-suehneakts-in-zeiten-der-gleichgueltigkeit\/","title":{"rendered":"Wenn die Liebe verletzt wird: Die Macht des S\u00fchneakts in Zeiten der Gleichg\u00fcltigkeit"},"content":{"rendered":"\n<p><strong>EINLEITUNG:<\/strong><\/p>\n\n\n\n<p>Wir leben in einer Zeit, in der die Liebe zu Gott, die Ehrfurcht vor dem Heiligen und der Respekt vor dem G\u00f6ttlichen in vielen Bereichen durch Gleichg\u00fcltigkeit, Relativismus und Banalit\u00e4t ersetzt worden sind. In diesem Kontext tritt der <strong>Akt der S\u00fchne<\/strong> mit neuer Kraft hervor \u2013 als ein dr\u00e4ngender und tiefer Weg f\u00fcr gl\u00e4ubige Seelen, das Herz Christi zu tr\u00f6sten, das durch die S\u00fcnden der Welt verwundet ist, und aktiv zur Wiederherstellung der geistlichen Ordnung beizutragen.<\/p>\n\n\n\n<p>Aber was ist ein Akt der S\u00fchne? Warum ist er heute so notwendig? Was lehrt uns die Kirche dazu? Und wie k\u00f6nnen wir Katholiken diese Praxis konkret in unser t\u00e4gliches Leben integrieren \u2013 nicht nur \u00e4u\u00dferlich, sondern innerlich und verwandelnd?<\/p>\n\n\n\n<p>Dieser Artikel will diese Fragen beantworten \u2013 mit <strong>tiefer theologischer Strenge<\/strong> und <strong>konkreter pastoraler Anwendung<\/strong>, um dir zu helfen, eine Fr\u00f6mmigkeit wiederzuentdecken, die nicht nur sch\u00f6n und traditionell ist, sondern auch <strong>brandaktuell<\/strong> und <strong>geistlich kraftvoll<\/strong>.<\/p>\n\n\n\n<hr class=\"wp-block-separator has-alpha-channel-opacity\"\/>\n\n\n\n<h2 class=\"wp-block-heading\">1. WAS IST EIN S\u00dcHNEAKT?<\/h2>\n\n\n\n<p>Ein <strong>S\u00fchneakt<\/strong> ist ein Gebet oder eine Handlung, die Gott dargebracht wird mit der Absicht, <strong>zu s\u00fchnen, zu tr\u00f6sten und zu entsch\u00e4digen<\/strong> f\u00fcr die Beleidigungen, die Er erleidet \u2013 besonders im Allerheiligsten Altarsakrament. Diese Beleidigungen sind nicht nur die gro\u00dfen Verbrechen der Menschheit, sondern auch (und vor allem) <strong>S\u00fcnden der Unterlassung, Gleichg\u00fcltigkeit, Lauheit, Profanierungen und Sakrilegien<\/strong>, die das Herz Jesu verwunden \u2013 vor allem im eucharistischen Geheimnis.<\/p>\n\n\n\n<p>Aus theologischer Sicht ist der S\u00fchneakt zutiefst <strong>christozentrisch und erl\u00f6sungsbezogen<\/strong>. Er wurzelt in der mystischen Vereinigung des Gl\u00e4ubigen mit Christus und in seiner aktiven Teilnahme an Seinem Erl\u00f6sungswerk. Wie der heilige Paulus lehrt:<\/p>\n\n\n\n<blockquote class=\"wp-block-quote is-layout-flow wp-block-quote-is-layout-flow\">\n<p>\u201eJetzt freue ich mich in den Leiden, die ich f\u00fcr euch ertrage, und erg\u00e4nze in meinem Fleisch, was an den Bedr\u00e4ngnissen Christi noch fehlt \u2013 f\u00fcr seinen Leib, die Kirche.\u201c<br><em>(Kolosser 1,24)<\/em><\/p>\n<\/blockquote>\n\n\n\n<p>Das bedeutet nicht, dass dem Leiden Christi etwas fehlt \u2013 es ist vollkommen ausreichend \u2013, sondern dass wir als Glieder Seines Leibes dazu berufen sind, <strong>uns mit Seinem Opfer zu vereinen<\/strong>, um aktiv an Seinem Erl\u00f6sungswerk mitzuwirken. Der S\u00fchneakt ist also nicht blo\u00df eine Fr\u00f6mmigkeitsform \u2013 er ist ein <strong>heilbringender Mitvollzug<\/strong>.<\/p>\n\n\n\n<hr class=\"wp-block-separator has-alpha-channel-opacity\"\/>\n\n\n\n<h2 class=\"wp-block-heading\">2. EIN BLICK IN DIE GESCHICHTE: VON MARGARETA BIS FATIMA<\/h2>\n\n\n\n<p>Die S\u00fchnefr\u00f6mmigkeit ist tief in der Geschichte der Kirche verwurzelt, erhielt aber einen besonderen Ausdruck im <strong>17. Jahrhundert<\/strong> durch die <strong>Offenbarungen des Heiligsten Herzens Jesu an die heilige Margareta Maria Alacoque<\/strong>.<\/p>\n\n\n\n<p>In einer dieser Offenbarungen zeigte Jesus ihr Sein Herz, das vor Liebe zu den Menschen brannte, aber von Dornen umgeben war \u2013 wegen ihrer Undankbarkeit. Er sagte:<\/p>\n\n\n\n<blockquote class=\"wp-block-quote is-layout-flow wp-block-quote-is-layout-flow\">\n<p>\u201eSiehe dieses Herz, das die Menschen so sehr geliebt hat, dass es nichts zur\u00fcckgehalten hat \u2013 bis hin zur Ersch\u00f6pfung \u2013, um ihnen Seine Liebe zu bezeugen. Und als Gegenleistung empfange Ich von den meisten nichts als Undankbarkeit.\u201c<\/p>\n<\/blockquote>\n\n\n\n<p>Aus dieser Erfahrung entstand der <strong>S\u00fchneakt zum Heiligsten Herzen Jesu<\/strong>, der besonders an den <strong>ersten Freitagen des Monats<\/strong> praktiziert wird \u2013 zur S\u00fchne f\u00fcr die Beleidigungen gegen die Liebe Christi.<\/p>\n\n\n\n<p>Sp\u00e4ter wurde diese Fr\u00f6mmigkeit durch die <strong>Offenbarungen der Jungfrau Maria in Fatima<\/strong> (1917) vertieft. Dort bat sie die Kinder \u2013 und die ganze Welt \u2013, <strong>S\u00fchneakte f\u00fcr ihr Unbeflecktes Herz<\/strong> zu leisten, besonders an den <strong>ersten Samstagen des Monats<\/strong>. Maria beklagte sich dar\u00fcber, dass ihr Sohn \u201est\u00e4ndig beleidigt\u201c werde und dass es so wenige g\u00e4be, die S\u00fchne leisten.<\/p>\n\n\n\n<hr class=\"wp-block-separator has-alpha-channel-opacity\"\/>\n\n\n\n<h2 class=\"wp-block-heading\">3. THEOLOGISCHE GRUNDLAGEN: WENN GOTT AUF UNSERE LIEBE WARTET<\/h2>\n\n\n\n<p>Der S\u00fchneakt ruht auf drei theologischen S\u00e4ulen:<\/p>\n\n\n\n<h3 class=\"wp-block-heading\">a. <strong>Die g\u00f6ttliche Gerechtigkeit<\/strong><\/h3>\n\n\n\n<p>Gott ist Liebe, aber auch <strong>Gerechtigkeit<\/strong>. Die S\u00fcnde beleidigt Gott, zerst\u00f6rt die Gemeinschaft mit Ihm und verlangt Wiedergutmachung. Die S\u00fchne \u201eerg\u00e4nzt\u201c nicht das Opfer Christi, sondern <strong>wendet es konkret an<\/strong> \u2013 auf die aktuellen S\u00fcnden der Welt.<\/p>\n\n\n\n<h3 class=\"wp-block-heading\">b. <strong>Der mystische Leib Christi<\/strong><\/h3>\n\n\n\n<p>Die getauften Gl\u00e4ubigen sind <strong>mit Christus vereint<\/strong> und nehmen Anteil an Seiner Sendung als Priester, Propheten und K\u00f6nige. Als Glieder Seines Leibes sind wir <strong>mitverantwortlich<\/strong> f\u00fcr das geistliche Wohlergehen der Welt. S\u00fchne leisten hei\u00dft: <strong>lieben anstelle derer, die nicht lieben<\/strong>.<\/p>\n\n\n\n<h3 class=\"wp-block-heading\">c. <strong>Die Eucharistie im Zentrum<\/strong><\/h3>\n\n\n\n<p>Die Heilige Eucharistie ist das <strong>Herz der Kirche<\/strong>. Doch wie oft wird sie in schwerer S\u00fcnde empfangen? Wie viele Sakrilegien geschehen durch Gleichg\u00fcltigkeit und Respektlosigkeit? Wie oft wird das Allerheiligste in den Tabernakeln vergessen?<\/p>\n\n\n\n<p>S\u00fchne leisten hei\u00dft: \u201eHerr, ich liebe Dich. Ich bete Dich an. Ich bin bei Dir.\u201c<\/p>\n\n\n\n<hr class=\"wp-block-separator has-alpha-channel-opacity\"\/>\n\n\n\n<h2 class=\"wp-block-heading\">4. PRAKTISCHE ANWENDUNG: WIE DU DEN S\u00dcHNEAKT IM ALLTAG LEBEN KANNST<\/h2>\n\n\n\n<p>Ein S\u00fchneakt ist nicht nur ein gesprochenes Gebet. Er ist eine <strong>innere Haltung<\/strong>, die unsere Beziehung zu Gott und unsere Umgebung pr\u00e4gt. Hier einige konkrete M\u00f6glichkeiten, ihn zu leben:<\/p>\n\n\n\n<h3 class=\"wp-block-heading\">a. <strong>S\u00fchnegebete<\/strong><\/h3>\n\n\n\n<p>Du kannst spezielle S\u00fchnegebete beten, zum Beispiel:<\/p>\n\n\n\n<ul class=\"wp-block-list\">\n<li>Den <strong>S\u00fchneakt zum Heiligsten Herzen Jesu<\/strong><\/li>\n\n\n\n<li>Den <strong>S\u00fchneakt zum Unbefleckten Herzen Mariens<\/strong><\/li>\n\n\n\n<li>Das <strong>Gebet des Engels von Fatima<\/strong>: \u201eMein Gott, ich glaube, ich bete Dich an, ich hoffe und ich liebe Dich. Ich bitte Dich um Verzeihung f\u00fcr jene, die nicht glauben, Dich nicht anbeten, nicht hoffen und Dich nicht lieben.\u201c<\/li>\n<\/ul>\n\n\n\n<h3 class=\"wp-block-heading\">b. <strong>Eucharistische Anbetung<\/strong><\/h3>\n\n\n\n<p>Verbringe Zeit mit Jesus im Allerheiligsten Sakrament \u2013 besonders nachts oder in der Stille. Einfach <strong>bei Ihm sein<\/strong>, bedeutet, Sein verwundetes Herz zu tr\u00f6sten.<\/p>\n\n\n\n<h3 class=\"wp-block-heading\">c. <strong>Opfer und kleine Verzichtsleistungen<\/strong><\/h3>\n\n\n\n<p>Biete kleine t\u00e4gliche Opfer an (Schweigen, Warten, Unbequemlichkeiten, liebevoll angenommen) als S\u00fchneakte. Auch freiwilliges Fasten und Bu\u00dfe geh\u00f6ren dazu.<\/p>\n\n\n\n<h3 class=\"wp-block-heading\">d. <strong>Messe mit S\u00fchne-Intention<\/strong><\/h3>\n\n\n\n<p>Besuche die Heilige Messe mit der Absicht, S\u00fchne zu leisten \u2013 empfange die Kommunion in Gnadenstand, mit Ehrfurcht und Liebe. Du kannst die ganze Messe f\u00fcr bestimmte S\u00fcnden darbringen, besonders gegen die Eucharistie.<\/p>\n\n\n\n<h3 class=\"wp-block-heading\">e. <strong>Gebet f\u00fcr jene, die nicht beten<\/strong><\/h3>\n\n\n\n<p>Bete f\u00fcr Menschen, die den Glauben verlassen haben, den Namen Gottes l\u00e4stern oder in S\u00fcnde leben. S\u00fchne leisten hei\u00dft: <strong>an ihrer Stelle lieben<\/strong>, f\u00fcr sie eintreten \u2013 ja, f\u00fcr sie weinen.<\/p>\n\n\n\n<hr class=\"wp-block-separator has-alpha-channel-opacity\"\/>\n\n\n\n<h2 class=\"wp-block-heading\">5. DIE S\u00dcHNE IN ZEITEN GEISTLICHER KRISE<\/h2>\n\n\n\n<p>Heute, mehr denn je, in einer Kirche, die von <strong>liturgischem Missbrauch, moralischen Skandalen und lehrm\u00e4\u00dfiger Verwirrung<\/strong> betroffen ist, wird die S\u00fchne zu einer dr\u00e4ngenden Notwendigkeit \u2013 <strong>nicht um zu verurteilen, sondern um zu flehen<\/strong>.<\/p>\n\n\n\n<p>Der S\u00fchneakt ist ein Gegenmittel gegen Gleichg\u00fcltigkeit, Modernismus, Resignation und Hoffnungslosigkeit. Er ist zutiefst <strong>von Hoffnung erf\u00fcllt<\/strong>: Er bezeugt, dass auch mitten in S\u00fcnde und Lauheit die <strong>Liebe siegen kann<\/strong>.<\/p>\n\n\n\n<hr class=\"wp-block-separator has-alpha-channel-opacity\"\/>\n\n\n\n<h2 class=\"wp-block-heading\">6. STIMMEN DER HEILIGEN<\/h2>\n\n\n\n<ul class=\"wp-block-list\">\n<li><strong>Hl. Faustyna Kowalska<\/strong>: \u201eO Jesus, ich m\u00f6chte Dich tr\u00f6sten f\u00fcr so viele undankbare Seelen, die Dich verlassen&#8230;\u201c<\/li>\n\n\n\n<li><strong>Hl. Pater Pio<\/strong>: \u201eDie S\u00fchne ist die st\u00e4rkste Waffe gegen das B\u00f6se.\u201c<\/li>\n\n\n\n<li><strong>Sel. Carlo Acutis<\/strong>: \u201eDie Eucharistie ist meine Autobahn zum Himmel.\u201c<br>\u2014 Und wie k\u00f6nnten wir nicht S\u00fchne leisten, wenn wir sehen, wie diese Autobahn mit F\u00fc\u00dfen getreten wird?<\/li>\n<\/ul>\n\n\n\n<hr class=\"wp-block-separator has-alpha-channel-opacity\"\/>\n\n\n\n<h2 class=\"wp-block-heading\">7. EINE LETZTE EINLADUNG: WERDE EIN TR\u00d6STER DES HERZENS GOTTES<\/h2>\n\n\n\n<p>Vielleicht k\u00f6nnen wir nicht alle Beleidigungen wiedergutmachen, die dem Herzen Jesu zugef\u00fcgt werden. Aber wir <strong>k\u00f6nnen<\/strong> Ihn tr\u00f6sten. Wir k\u00f6nnen Ihm sagen:<\/p>\n\n\n\n<blockquote class=\"wp-block-quote is-layout-flow wp-block-quote-is-layout-flow\">\n<p>\u201eHier bin ich, Herr, um Dich zu lieben anstelle derer, die Dich nicht lieben. Um Dich anzubeten anstelle derer, die Dich verachten. Um Deine Wunden durch mein kleines Opfer zu heilen.\u201c<\/p>\n<\/blockquote>\n\n\n\n<p>Das tat auch <strong>die hl. Veronika<\/strong> auf dem Kreuzweg. Sie beendete nicht das Leiden Christi, sie stoppte nicht den Hass \u2013 aber sie <strong>trocknete das Gesicht Jesu<\/strong> mit ihrem Schleier der Liebe. Und diese Geste wurde f\u00fcr die Ewigkeit im Himmel eingepr\u00e4gt.<\/p>\n\n\n\n<hr class=\"wp-block-separator has-alpha-channel-opacity\"\/>\n\n\n\n<h2 class=\"wp-block-heading\">S\u00dcHNEGEBET (f\u00fcr den pers\u00f6nlichen Gebrauch)<\/h2>\n\n\n\n<blockquote class=\"wp-block-quote is-layout-flow wp-block-quote-is-layout-flow\">\n<p>Herr Jesus,<br>Ich liebe Dich, ich bete Dich an, ich glaube an Dich von ganzem Herzen.<br>Ich bitte Dich um Verzeihung f\u00fcr alle Beleidigungen, Sakrilegien und Lieblosigkeiten,<br>die Du t\u00e4glich, besonders im Heiligsten Sakrament des Altares, empf\u00e4ngst.<\/p>\n\n\n\n<p>Nimm, o Jesus, dieses kleine Opfer von mir an<br>als einen Akt der Liebe und der S\u00fchne.<br>Vereine meine Worte, Gedanken und Opfer<br>mit Deinem ewigen Kreuzesopfer.<\/p>\n\n\n\n<p>M\u00f6ge mein ganzes Leben ein einziger S\u00fchneakt sein \u2013<br>ein \u201eJa\u201c der Liebe gegen\u00fcber den vielen \u201eNeins\u201c der Welt.<\/p>\n\n\n\n<p>Amen.<\/p>\n<\/blockquote>\n\n\n\n<hr class=\"wp-block-separator has-alpha-channel-opacity\"\/>\n\n\n\n<p><strong>SCHLUSSFOLGERUNG:<\/strong><\/p>\n\n\n\n<p>S\u00fchne leisten hei\u00dft lieben. Und in der heutigen Welt zu lieben, ist ein zutiefst gegenkultureller Akt. Die Welt braucht dringend <strong>S\u00fchne-Seelen<\/strong>, die im Geist der F\u00fcrbitte, des Opfers und der Anbetung leben.<\/p>\n\n\n\n<p>Gott sucht immer noch Herzen, die Ihm sagen wie Jesaja:<\/p>\n\n\n\n<blockquote class=\"wp-block-quote is-layout-flow wp-block-quote-is-layout-flow\">\n<p>\u201eHier bin ich, sende mich!\u201c (Jes 6,8)<\/p>\n<\/blockquote>\n\n\n\n<p>Und du \u2013 wirst du das verwundete Herz Jesu tr\u00f6sten?<\/p>\n","protected":false},"excerpt":{"rendered":"<p>EINLEITUNG: Wir leben in einer Zeit, in der die Liebe zu Gott, die Ehrfurcht vor dem Heiligen und der Respekt vor dem G\u00f6ttlichen in vielen Bereichen durch Gleichg\u00fcltigkeit, Relativismus und Banalit\u00e4t ersetzt worden sind. In diesem Kontext tritt der Akt der S\u00fchne mit neuer Kraft hervor \u2013 als ein dr\u00e4ngender und tiefer Weg f\u00fcr gl\u00e4ubige &hellip;<\/p>\n","protected":false},"author":3,"featured_media":4115,"comment_status":"open","ping_status":"open","sticky":false,"template":"","format":"standard","meta":{"_seopress_robots_primary_cat":"","_seopress_titles_title":"","_seopress_titles_desc":"","_seopress_robots_index":"","footnotes":""},"categories":[58,40],"tags":[1380],"class_list":["post-4114","post","type-post","status-publish","format-standard","has-post-thumbnail","","category-gebet-und-geistliches-leben","category-gebet-und-spiritualitaet","tag-macht-des-suehneakts"],"_links":{"self":[{"href":"https:\/\/catholicus.eu\/de\/wp-json\/wp\/v2\/posts\/4114","targetHints":{"allow":["GET"]}}],"collection":[{"href":"https:\/\/catholicus.eu\/de\/wp-json\/wp\/v2\/posts"}],"about":[{"href":"https:\/\/catholicus.eu\/de\/wp-json\/wp\/v2\/types\/post"}],"author":[{"embeddable":true,"href":"https:\/\/catholicus.eu\/de\/wp-json\/wp\/v2\/users\/3"}],"replies":[{"embeddable":true,"href":"https:\/\/catholicus.eu\/de\/wp-json\/wp\/v2\/comments?post=4114"}],"version-history":[{"count":1,"href":"https:\/\/catholicus.eu\/de\/wp-json\/wp\/v2\/posts\/4114\/revisions"}],"predecessor-version":[{"id":4116,"href":"https:\/\/catholicus.eu\/de\/wp-json\/wp\/v2\/posts\/4114\/revisions\/4116"}],"wp:featuredmedia":[{"embeddable":true,"href":"https:\/\/catholicus.eu\/de\/wp-json\/wp\/v2\/media\/4115"}],"wp:attachment":[{"href":"https:\/\/catholicus.eu\/de\/wp-json\/wp\/v2\/media?parent=4114"}],"wp:term":[{"taxonomy":"category","embeddable":true,"href":"https:\/\/catholicus.eu\/de\/wp-json\/wp\/v2\/categories?post=4114"},{"taxonomy":"post_tag","embeddable":true,"href":"https:\/\/catholicus.eu\/de\/wp-json\/wp\/v2\/tags?post=4114"}],"curies":[{"name":"wp","href":"https:\/\/api.w.org\/{rel}","templated":true}]}}