{"id":4005,"date":"2025-05-25T20:51:31","date_gmt":"2025-05-25T18:51:31","guid":{"rendered":"https:\/\/catholicus.eu\/de\/?p=4005"},"modified":"2025-05-25T20:51:31","modified_gmt":"2025-05-25T18:51:31","slug":"antidiskriminierungsgesetze-die-die-kirche-zensieren-toleranz-oder-tyrannei","status":"publish","type":"post","link":"https:\/\/catholicus.eu\/de\/antidiskriminierungsgesetze-die-die-kirche-zensieren-toleranz-oder-tyrannei\/","title":{"rendered":"\u201eAntidiskriminierungsgesetze\u201c, die die Kirche zensieren: Toleranz oder Tyrannei?"},"content":{"rendered":"\n<p><em>Eine theologische, pastorale und geistliche Reflexion f\u00fcr unsere Zeit<\/em><\/p>\n\n\n\n<hr class=\"wp-block-separator has-alpha-channel-opacity\"\/>\n\n\n\n<h3 class=\"wp-block-heading\">Einleitung: Zwischen dem Kreuz und dem Schwert der politischen Korrektheit<\/h3>\n\n\n\n<p>In vielen westlichen L\u00e4ndern werden derzeit sogenannte \u201eAntidiskriminierungsgesetze\u201c gef\u00f6rdert, die theoretisch den Schutz der Rechte und der W\u00fcrde aller Menschen bezwecken. Das klingt edel, ja sogar christlich. Die Wirklichkeit ist jedoch komplexer: In der Praxis werden diese Gesetze in vielen F\u00e4llen dazu genutzt, die moralische und anthropologische Lehre der katholischen Kirche zum Schweigen zu bringen, indem man sie als \u201eHassrede\u201c oder als \u201everfassungsfeindlich\u201c einstuft. Es stellt sich daher eine entscheidende Frage: Verwechseln wir wahre Toleranz mit einer neuen Form der ideologischen Tyrannei?<\/p>\n\n\n\n<p>Dieser Artikel m\u00f6chte eine theologische, pastorale und geistliche Anleitung zu diesem Ph\u00e4nomen bieten. Im Verlauf des Textes werden wir die geschichtlichen Hintergr\u00fcnde, die aktuelle Bedeutung, die Bedeutung im Lichte des katholischen Glaubens sowie Wege aufzeigen, wie Christen mit Liebe, Wahrheit und Standhaftigkeit darauf antworten k\u00f6nnen.<\/p>\n\n\n\n<hr class=\"wp-block-separator has-alpha-channel-opacity\"\/>\n\n\n\n<h2 class=\"wp-block-heading\">I. <strong>Historischer Kontext: Von christlicher Toleranz zur s\u00e4kularen Intoleranz<\/strong><\/h2>\n\n\n\n<p>Seit ihren Anf\u00e4ngen ist das Christentum eine zutiefst tolerante Religion. Jesus Christus hat seine Botschaft nie mit Gewalt oder Manipulation verbreitet, sondern eingeladen:<br><em>\u201eWer mein J\u00fcnger sein will\u2026\u201c<\/em> (Mt 16,24). Die fr\u00fche Kirche lebte mit heidnischen Kulturen zusammen und erlitt Verfolgung, aber sie h\u00f6rte nie auf, die Wahrheit in Liebe zu verk\u00fcnden.<\/p>\n\n\n\n<p>Mit der Zeit erbten die westlichen Gesellschaften von der Christenheit einen grundlegenden Respekt vor der Menschenw\u00fcrde. Seit dem 20. Jahrhundert jedoch, insbesondere mit dem Aufstieg des moralischen Relativismus und S\u00e4kularismus, kam eine neue Sichtweise auf: Wahrheit wurde nicht mehr als objektiv angesehen, sondern als subjektiv \u2013 und das \u00f6ffentliche Bekennen moralischer Wahrheiten, wie die Kirche es tut, wurde nun als Angriff statt als Dienst gewertet.<\/p>\n\n\n\n<p>Die modernen \u201eAntidiskriminierungsgesetze\u201c entstanden zwar aus legitimen Motiven zum Schutz von Minderheiten, doch sie haben sich gef\u00e4hrlich weiterentwickelt: zu Werkzeugen, die die Religionsfreiheit einschr\u00e4nken \u2013 besonders dann, wenn sich der Glaube \u00f6ffentlich \u00e4u\u00dfert oder mit herrschenden Ideologien (Gender, Abtreibung, Euthanasie usw.) kollidiert.<\/p>\n\n\n\n<hr class=\"wp-block-separator has-alpha-channel-opacity\"\/>\n\n\n\n<h2 class=\"wp-block-heading\">II. <strong>Was geschieht heute? Reale und beunruhigende F\u00e4lle<\/strong><\/h2>\n\n\n\n<p>In vielen L\u00e4ndern der Welt werden heute Priester, katholische \u00c4rzte, Lehrer, Katecheten und selbst einfache Eltern bestraft, zum Schweigen gebracht oder entlassen, weil sie ihren Glauben treu ausgedr\u00fcckt haben.<\/p>\n\n\n\n<h3 class=\"wp-block-heading\">Konkrete Beispiele:<\/h3>\n\n\n\n<ul class=\"wp-block-list\">\n<li>In <strong>Kanada<\/strong> wurde ein Priester sanktioniert, weil er \u00fcber die katholische Lehre zur Familie predigte.<\/li>\n\n\n\n<li>In <strong>Gro\u00dfbritannien<\/strong> wurde eine Krankenschwester entlassen, weil sie aus Glaubensgr\u00fcnden nicht an Abtreibungen teilnehmen wollte.<\/li>\n\n\n\n<li>In <strong>Spanien<\/strong> wurden mehrere katholische Organisationen von \u00f6ffentlichen F\u00f6rderungen ausgeschlossen, weil sie in ihren Statuten keine inklusive Sprache oder Genderideologie \u00fcbernommen hatten.<\/li>\n\n\n\n<li>In den <strong>USA<\/strong> werden christliche Lehrer dazu gedr\u00e4ngt, die christliche Sicht auf Ehe und Sexualit\u00e4t nicht zu unterrichten.<\/li>\n<\/ul>\n\n\n\n<p>In vielen dieser F\u00e4lle wird die Ma\u00dfnahme mit dem Argument gerechtfertigt, \u201eDiskriminierung zu vermeiden\u201c. Doch welche Art von Gesellschaft bauen wir auf, wenn die Aussage: \u201eGott schuf den Menschen als Mann und Frau\u201c (vgl. Gen 1,27) als diskriminierend gilt?<\/p>\n\n\n\n<hr class=\"wp-block-separator has-alpha-channel-opacity\"\/>\n\n\n\n<h2 class=\"wp-block-heading\">III. <strong>Theologische Dimension: Warum die Kirche nicht schweigen kann<\/strong><\/h2>\n\n\n\n<p>Die Kirche verk\u00fcndet keine menschlichen Meinungen, sondern die <strong>von Gott offenbarte Wahrheit<\/strong>. Ihre Morallehre ist kein Regelwerk, sondern ein Vorschlag zum vollen Leben, geboren aus der Liebe des Sch\u00f6pfers und Erl\u00f6sers.<\/p>\n\n\n\n<p>Der christliche Glaube darf nicht auf den privaten Raum beschr\u00e4nkt oder an die Launen ideologischer Moden angepasst werden. Wie der heilige Paulus sagt:<\/p>\n\n\n\n<blockquote class=\"wp-block-quote is-layout-flow wp-block-quote-is-layout-flow\">\n<p><em>\u201eVerk\u00fcnde das Wort, tritt daf\u00fcr ein, ob man es h\u00f6ren will oder nicht; weise zurecht, ermahne, ermutige, in unerm\u00fcdlicher und geduldiger Belehrung\u201c<\/em> (2 Tim 4,2).<\/p>\n<\/blockquote>\n\n\n\n<p>Wenn die Kirche aufh\u00f6rt, die Wahrheit \u00fcber den Menschen, das Leben, die Liebe zu verk\u00fcnden, verr\u00e4t sie ihre Sendung. Und wenn sie es aus Angst unterl\u00e4sst, unterliegt sie einer modernen Form der Verfolgung: einer sanften, aber effektiven moralischen Zensur.<\/p>\n\n\n\n<hr class=\"wp-block-separator has-alpha-channel-opacity\"\/>\n\n\n\n<h2 class=\"wp-block-heading\">IV. <strong>Toleranz oder Tyrannei? Die notwendige Unterscheidung<\/strong><\/h2>\n\n\n\n<p>Das Wort \u201eToleranz\u201c wurde pervertiert. Im christlichen Sinn bedeutet Toleranz, den anderen zu lieben, auch wenn er anders denkt, den Dialog zu suchen, ohne auf die Wahrheit zu verzichten, und den Glauben niemals mit Gewalt aufzuzwingen.<br>Doch heute verlangt \u201eToleranz\u201c nicht nur, mit dem Irrtum zu koexistieren, sondern ihn <strong>zu best\u00e4tigen, zu feiern und zu f\u00f6rdern<\/strong> \u2013 wer das nicht tut, wird \u201egecancelt\u201c.<\/p>\n\n\n\n<p>Das ist keine Toleranz. Das ist <strong>ideologische Tyrannei<\/strong>.<\/p>\n\n\n\n<p>Papst Benedikt XVI. hat dies prophetisch gewarnt:<\/p>\n\n\n\n<blockquote class=\"wp-block-quote is-layout-flow wp-block-quote-is-layout-flow\">\n<p><em>\u201eEs bildet sich eine Diktatur des Relativismus heraus, die nichts als endg\u00fcltig anerkennt und die als letztes Ma\u00df nur das eigene Ich und seine W\u00fcnsche gelten l\u00e4sst\u201c<\/em> (Predigt, 2005).<\/p>\n<\/blockquote>\n\n\n\n<hr class=\"wp-block-separator has-alpha-channel-opacity\"\/>\n\n\n\n<h2 class=\"wp-block-heading\">V. <strong>Theologisch-pastorale Anleitung: Wie sollten Katholiken reagieren?<\/strong><\/h2>\n\n\n\n<p>Die christliche Antwort darf weder Angst noch Wut sein. Sie muss <strong>Festigkeit, Gelassenheit, Liebe und Hoffnung<\/strong> vereinen. Hier ein konkreter Leitfaden:<\/p>\n\n\n\n<h3 class=\"wp-block-heading\">1. <strong>Die katholische Lehre studieren<\/strong><\/h3>\n\n\n\n<p>Man kann nicht verteidigen, was man nicht kennt. Es ist wesentlich, den <strong>Katechismus<\/strong>, Enzykliken (insbesondere <em>Veritatis Splendor<\/em> und <em>Evangelium Vitae<\/em>) und Konzilsdokumente wie <em>Dignitatis Humanae<\/em> zu studieren.<\/p>\n\n\n\n<blockquote class=\"wp-block-quote is-layout-flow wp-block-quote-is-layout-flow\">\n<p><em>\u201eIhr werdet die Wahrheit erkennen, und die Wahrheit wird euch befreien\u201c<\/em> (Joh 8,32).<\/p>\n<\/blockquote>\n\n\n\n<h3 class=\"wp-block-heading\">2. <strong>Mit Liebe, aber klar sprechen<\/strong><\/h3>\n\n\n\n<p>Wahrheit ohne Liebe ist Grausamkeit. Aber Liebe ohne Wahrheit ist L\u00fcge. Schweigen, um Konflikte zu vermeiden, gen\u00fcgt nicht. Die Wahrheit zu verschweigen, hei\u00dft, einen Bruder im Irrtum zu lassen.<\/p>\n\n\n\n<h3 class=\"wp-block-heading\">3. <strong>Die Verfolgten unterst\u00fctzen<\/strong><\/h3>\n\n\n\n<p>Viele unserer Glaubensgeschwister leiden, weil sie treu geblieben sind. Wir m\u00fcssen f\u00fcr sie beten, sie \u00f6ffentlich verteidigen und Unterst\u00fctzungsnetzwerke schaffen \u2013 besonders unter christlichen Fachleuten.<\/p>\n\n\n\n<h3 class=\"wp-block-heading\">4. <strong>Selbstzensur vermeiden<\/strong><\/h3>\n\n\n\n<p>Religionsfreiheit ist ein fundamentales Menschenrecht. Wir d\u00fcrfen dem Druck nicht nachgeben, die vorherrschende Sprache zu \u00fcbernehmen, wenn dies bedeutet, die Wahrheit des Evangeliums zu verleugnen.<\/p>\n\n\n\n<h3 class=\"wp-block-heading\">5. <strong>Juristischen und pastoralen Rat suchen<\/strong><\/h3>\n\n\n\n<p>In feindlichen Kontexten ist es klug, sich von katholischen Juristen und gut ausgebildeten Seelsorgern beraten zu lassen. Klugheit ist keine Feigheit, sondern eine Tugend.<\/p>\n\n\n\n<h3 class=\"wp-block-heading\">6. <strong>Starke und mutige Gemeinschaften bilden<\/strong><\/h3>\n\n\n\n<p>Familien, Pfarrgemeinden, apostolische Bewegungen: Alle sollten ihre katholische Identit\u00e4t st\u00e4rken, Gemeinschaft leben, sich gegenseitig st\u00fctzen, gemeinsam beten und die Vereinsamung vermeiden.<\/p>\n\n\n\n<hr class=\"wp-block-separator has-alpha-channel-opacity\"\/>\n\n\n\n<h2 class=\"wp-block-heading\">VI. <strong>Die Wahrheit im Alltag leben: Eine mutige Spiritualit\u00e4t<\/strong><\/h2>\n\n\n\n<p>Heute Christ zu sein bedeutet, gegen den Strom zu schwimmen. Aber wir sind nicht allein. Christus hat die Welt bereits besiegt (vgl. Joh 16,33). Unsere Treue, auch wenn sie Ablehnung mit sich bringt, ist ein Weg zur Heiligkeit.<\/p>\n\n\n\n<p>Der Schl\u00fcssel ist, den Glauben mit <strong>Freude, Gelassenheit und Standhaftigkeit<\/strong> zu leben \u2013 eingedenk dessen, dass <em>\u201eman Gott mehr gehorchen muss als den Menschen\u201c<\/em> (Apg 5,29).<\/p>\n\n\n\n<p>Das wei\u00dfe Martyrium \u2013 also soziale Ausgrenzung, der Verlust von Chancen oder Ruf wegen Treue zum Evangelium \u2013 geh\u00f6rt heute zum christlichen J\u00fcngersein. Aber es gibt keine gr\u00f6\u00dfere Ehre, als Christus in einer Welt zu bezeugen, die ihn ablehnt.<\/p>\n\n\n\n<hr class=\"wp-block-separator has-alpha-channel-opacity\"\/>\n\n\n\n<h2 class=\"wp-block-heading\">Schluss: Zwischen Angst und Treue<\/h2>\n\n\n\n<p>Es geht nicht darum, die Welt zu hassen, sondern <strong>sie zu lieben, wie Christus sie geliebt hat<\/strong> \u2013 Er, der nie geschwiegen hat und sich nie vor Ungerechtigkeit zur\u00fcckgezogen hat. Die Kirche kann ihre prophetische Sendung nicht aufgeben: die rettende Wahrheit zu verk\u00fcnden.<\/p>\n\n\n\n<p>Es geht nicht um ein Dilemma zwischen Diskriminierung und Akzeptanz, sondern zwischen Wahrheit und L\u00fcge. Und der Christ muss immer die Wahrheit w\u00e4hlen \u2013 egal zu welchem Preis \u2013, denn in ihr liegt die wahre Freiheit.<\/p>\n\n\n\n<p>M\u00f6ge die Jungfrau Maria, die selbst wegen ihres Sohnes verfolgt wurde, uns helfen, standhaft, sanft und lichtvoll in der Dunkelheit dieser Zeit zu bleiben. Und m\u00f6ge der Heilige Geist uns den Mut der M\u00e4rtyrer und die Z\u00e4rtlichkeit der Heiligen schenken.<\/p>\n\n\n\n<hr class=\"wp-block-separator has-alpha-channel-opacity\"\/>\n\n\n\n<h3 class=\"wp-block-heading\">Abschlussgebet:<\/h3>\n\n\n\n<blockquote class=\"wp-block-quote is-layout-flow wp-block-quote-is-layout-flow\">\n<p><strong>Herr Jesus<\/strong>,<br>lehre uns, Deine Wahrheit mit Freude zu leben,<br>mit Festigkeit und ohne Hass zu sprechen,<br>nicht aus Angst zu schweigen und nicht aus Frust anzugreifen.<br>M\u00f6ge Dein Geist uns in dieser Stunde der Pr\u00fcfung st\u00e4rken,<br>und m\u00f6ge Deine Kirche weiterhin<br>ein Licht in der Dunkelheit sein.<br>Amen.<\/p>\n<\/blockquote>\n","protected":false},"excerpt":{"rendered":"<p>Eine theologische, pastorale und geistliche Reflexion f\u00fcr unsere Zeit Einleitung: Zwischen dem Kreuz und dem Schwert der politischen Korrektheit In vielen westlichen L\u00e4ndern werden derzeit sogenannte \u201eAntidiskriminierungsgesetze\u201c gef\u00f6rdert, die theoretisch den Schutz der Rechte und der W\u00fcrde aller Menschen bezwecken. Das klingt edel, ja sogar christlich. Die Wirklichkeit ist jedoch komplexer: In der Praxis werden &hellip;<\/p>\n","protected":false},"author":3,"featured_media":4006,"comment_status":"open","ping_status":"open","sticky":false,"template":"","format":"standard","meta":{"_seopress_robots_primary_cat":"","_seopress_titles_title":"","_seopress_titles_desc":"","_seopress_robots_index":"","footnotes":""},"categories":[54,39],"tags":[1347],"class_list":["post-4005","post","type-post","status-publish","format-standard","has-post-thumbnail","","category-bioethik-und-zeitgenoessische-fragen","category-moral-und-christliches-leben","tag-antidiskriminierungsgesetze"],"_links":{"self":[{"href":"https:\/\/catholicus.eu\/de\/wp-json\/wp\/v2\/posts\/4005","targetHints":{"allow":["GET"]}}],"collection":[{"href":"https:\/\/catholicus.eu\/de\/wp-json\/wp\/v2\/posts"}],"about":[{"href":"https:\/\/catholicus.eu\/de\/wp-json\/wp\/v2\/types\/post"}],"author":[{"embeddable":true,"href":"https:\/\/catholicus.eu\/de\/wp-json\/wp\/v2\/users\/3"}],"replies":[{"embeddable":true,"href":"https:\/\/catholicus.eu\/de\/wp-json\/wp\/v2\/comments?post=4005"}],"version-history":[{"count":1,"href":"https:\/\/catholicus.eu\/de\/wp-json\/wp\/v2\/posts\/4005\/revisions"}],"predecessor-version":[{"id":4007,"href":"https:\/\/catholicus.eu\/de\/wp-json\/wp\/v2\/posts\/4005\/revisions\/4007"}],"wp:featuredmedia":[{"embeddable":true,"href":"https:\/\/catholicus.eu\/de\/wp-json\/wp\/v2\/media\/4006"}],"wp:attachment":[{"href":"https:\/\/catholicus.eu\/de\/wp-json\/wp\/v2\/media?parent=4005"}],"wp:term":[{"taxonomy":"category","embeddable":true,"href":"https:\/\/catholicus.eu\/de\/wp-json\/wp\/v2\/categories?post=4005"},{"taxonomy":"post_tag","embeddable":true,"href":"https:\/\/catholicus.eu\/de\/wp-json\/wp\/v2\/tags?post=4005"}],"curies":[{"name":"wp","href":"https:\/\/api.w.org\/{rel}","templated":true}]}}