{"id":3926,"date":"2025-05-19T21:52:09","date_gmt":"2025-05-19T19:52:09","guid":{"rendered":"https:\/\/catholicus.eu\/de\/?p=3926"},"modified":"2025-05-19T21:52:09","modified_gmt":"2025-05-19T19:52:09","slug":"die-zwei-saeulen-die-prophetische-vision-des-heiligen-don-bosco-fuer-unsere-zeit","status":"publish","type":"post","link":"https:\/\/catholicus.eu\/de\/die-zwei-saeulen-die-prophetische-vision-des-heiligen-don-bosco-fuer-unsere-zeit\/","title":{"rendered":"Die Zwei S\u00e4ulen: Die Prophetische Vision des Heiligen Don Bosco f\u00fcr unsere Zeit"},"content":{"rendered":"\n<h2 class=\"wp-block-heading\"><strong>Einleitung: Eine Vision, die die Jahrhunderte \u00fcberdauert<\/strong><\/h2>\n\n\n\n<p>Mitten in den St\u00fcrmen des 19. Jahrhunderts \u2013 einer Zeit, die vom Rationalismus, S\u00e4kularismus und den ersten Wellen des Modernismus verf\u00fchrt war \u2013 empfing der heilige Johannes Bosco eine Reihe prophetischer Tr\u00e4ume. Einer von ihnen, bekannt als der <em>Traum von den zwei S\u00e4ulen<\/em>, bleibt eine der kraftvollsten und geheimnisvollsten Visionen der katholischen Spiritualit\u00e4t. Er offenbart nicht nur das brennende Herz dieses gro\u00dfen Heiligen f\u00fcr die Kirche, sondern auch eine prophetische Landkarte, die mit erstaunlicher Relevanz in unsere heutige Zeit spricht.<\/p>\n\n\n\n<p>Dieser Traum ist keine fromme Allegorie ohne praktische Folgen. Er ist ein spiritueller, theologischer und pastoraler Wegweiser f\u00fcr alle, die die Kirche lieben und in Zeiten des Sturms im Glauben standhaft bleiben wollen. Heute mehr denn je m\u00fcssen wir die tiefe Botschaft dieser Vision verstehen, um unser Leben inmitten der Verwirrung, des Abfalls und der K\u00e4mpfe der modernen Welt auszurichten.<\/p>\n\n\n\n<hr class=\"wp-block-separator has-alpha-channel-opacity\"\/>\n\n\n\n<h2 class=\"wp-block-heading\"><strong>Der Traum von den Zwei S\u00e4ulen: Vollst\u00e4ndiger Bericht und Symbolik<\/strong><\/h2>\n\n\n\n<h3 class=\"wp-block-heading\"><strong>Die Erz\u00e4hlung des Traumes<\/strong><\/h3>\n\n\n\n<p>Der heilige Don Bosco erz\u00e4hlte diesen Traum am 30. Mai 1862 in Gegenwart seiner Salesianer. In der Vision sieht er sich selbst als Kommandanten einer gro\u00dfen Flotte von Schiffen, die in einem heftigen Seegefecht gegen zahlreiche Feinde k\u00e4mpfen. Das Hauptschiff, das die Kirche darstellt, ist das gr\u00f6\u00dfte von allen und wird vom Papst gelenkt. Der Sturm ist heftig, die Feinde umzingeln es, und es scheint, als w\u00fcrde das Schiff untergehen.<\/p>\n\n\n\n<p>Doch mitten im Chaos erheben sich zwei gewaltige S\u00e4ulen aus dem Meer. Auf der einen befindet sich die <strong>heilige Eucharistie<\/strong> mit der Inschrift <em>Salus Credentium<\/em> (\u201eHeil der Gl\u00e4ubigen\u201c); auf der anderen das Bild der <strong>Allerheiligsten Jungfrau Maria<\/strong>, mit der Inschrift <em>Auxilium Christianorum<\/em> (\u201eHilfe der Christen\u201c).<\/p>\n\n\n\n<p>Der Papst, gef\u00fchrt von der Vorsehung, gelingt es, das Schiff zwischen diesen beiden S\u00e4ulen zu verankern. Sofort beruhigt sich der Sturm, und die Feinde fliehen. Die Kirche ist gerettet.<\/p>\n\n\n\n<hr class=\"wp-block-separator has-alpha-channel-opacity\"\/>\n\n\n\n<h2 class=\"wp-block-heading\"><strong>Theologische Deutung des Traums<\/strong><\/h2>\n\n\n\n<p>Dieser Traum wurde \u00fcber ein Jahrhundert hinweg von Theologen, Heiligen und geistlichen F\u00fchrern studiert. Seine Botschaft ist tiefgr\u00fcndig und zugleich klar: <strong>Die Kirche wird nur dann Sicherheit und Heil finden, wenn sie sich fest an zwei grundlegende Pfeiler klammert: die Eucharistie und die Jungfrau Maria.<\/strong><\/p>\n\n\n\n<h3 class=\"wp-block-heading\"><strong>1. Die Heilige Eucharistie: \u201eSalus Credentium\u201c<\/strong><\/h3>\n\n\n\n<p>Die Eucharistie ist Zentrum und H\u00f6hepunkt des christlichen Lebens. Wie das Zweite Vatikanische Konzil bekr\u00e4ftigt, ist sie \u201eQuelle und H\u00f6hepunkt des ganzen christlichen Lebens\u201c (<em>Lumen Gentium<\/em>, 11). Christus ist in ihr wirklich und wesentlich gegenw\u00e4rtig: mit Leib, Blut, Seele und Gottheit.<\/p>\n\n\n\n<blockquote class=\"wp-block-quote is-layout-flow wp-block-quote-is-layout-flow\">\n<p><strong>\u201eIch bin das lebendige Brot, das vom Himmel herabgekommen ist. Wer von diesem Brot isst, wird in Ewigkeit leben.\u201c<\/strong> (Johannes 6,51)<\/p>\n<\/blockquote>\n\n\n\n<p>In einer s\u00e4kularisierten Welt, die die G\u00f6ttlichkeit Christi leugnet \u2013 und in einem oft lauen oder oberfl\u00e4chlichen Glauben \u2013 wird die Eucharistie zum Anker, der unseren Glauben tr\u00e4gt. Ohne sie verliert die Kirche ihre innere Kraft, ihre \u00fcbernat\u00fcrliche Nahrung, ihre wahre Identit\u00e4t.<\/p>\n\n\n\n<h3 class=\"wp-block-heading\"><strong>2. Die Allerseligste Jungfrau Maria: \u201eAuxilium Christianorum\u201c<\/strong><\/h3>\n\n\n\n<p>Von der Hochzeit zu Kana bis zum Kalvarienberg ist die Jungfrau Maria Trost und Hilfe der Christen. Sie ist keine dekorative oder sentimentale Figur; sie ist die <strong>Mutter Gottes<\/strong> und die <strong>Mutter der Kirche<\/strong>. Ihre Rolle in der Heilsgeschichte dauert an, und ihre F\u00fcrsprache ist m\u00e4chtig.<\/p>\n\n\n\n<blockquote class=\"wp-block-quote is-layout-flow wp-block-quote-is-layout-flow\">\n<p><strong>\u201eSiehe, von nun an preisen mich selig alle Geschlechter.\u201c<\/strong> (Lukas 1,48)<\/p>\n<\/blockquote>\n\n\n\n<p>Maria ist der Stern in der Dunkelheit, die sichere Zuflucht im Kampf. Das Leben in ihr zu verankern ist nicht optional: es ist lebenswichtig.<\/p>\n\n\n\n<hr class=\"wp-block-separator has-alpha-channel-opacity\"\/>\n\n\n\n<h2 class=\"wp-block-heading\"><strong>Aktuelle Bedeutung f\u00fcr die heutige Welt<\/strong><\/h2>\n\n\n\n<p>Der Sturm im Traum beschr\u00e4nkt sich nicht auf das 19. Jahrhundert. <strong>Er ist der Sturm unserer Zeit<\/strong>: Kriege, Verfolgungen, moralischer Relativismus, Spaltungen in der Kirche, Skandale, Angriffe auf Familie und Leben, Verlust des spirituellen Sinns, Glaubensabfall\u2026<\/p>\n\n\n\n<p>Viele Gl\u00e4ubige, Priester und Gemeinschaften f\u00fchlen sich orientierungslos. Wo sollen wir uns verankern? Wo finden wir geistliche Sicherheit? Die Antwort liegt in diesen beiden S\u00e4ulen: <strong>die Eucharistie und die Jungfrau Maria<\/strong>.<\/p>\n\n\n\n<hr class=\"wp-block-separator has-alpha-channel-opacity\"\/>\n\n\n\n<h2 class=\"wp-block-heading\"><strong>Praktischer Leitfaden: Wie wir uns an den beiden S\u00e4ulen verankern<\/strong><\/h2>\n\n\n\n<p>Hier ist ein konkreter und pastoraler Leitfaden, um diese Vision im Alltag zu leben. Es gen\u00fcgt nicht, sie zu bewundern; wir m\u00fcssen sie mit Treue und Entschlossenheit leben.<\/p>\n\n\n\n<h3 class=\"wp-block-heading\"><strong>1. In der Eucharistie verankert sein<\/strong><\/h3>\n\n\n\n<h4 class=\"wp-block-heading\"><strong>a. H\u00e4ufiger Besuch der Heiligen Messe<\/strong><\/h4>\n\n\n\n<p>Nicht nur am Sonntag, sondern auch unter der Woche, so oft wie m\u00f6glich. Die Messe ist das Opfer Christi auf Golgotha, sakramental gegenw\u00e4rtig. Eine and\u00e4chtige Teilnahme verwandelt unsere Seele.<\/p>\n\n\n\n<h4 class=\"wp-block-heading\"><strong>b. W\u00fcrdiger Kommunionempfang<\/strong><\/h4>\n\n\n\n<p>Vermeide sakrilegische Kommunion. Gehe regelm\u00e4\u00dfig zur Beichte. Die Heilige Kommunion ist eine Vereinigung mit Christus und muss im Stand der Gnade empfangen werden.<\/p>\n\n\n\n<h4 class=\"wp-block-heading\"><strong>c. Eucharistische Anbetung<\/strong><\/h4>\n\n\n\n<p>Verbringe Zeit mit der Anbetung Jesu im Allerheiligsten Sakrament. Er ist da, lebendig, und wartet auf unsere Liebe. Viele Heilige sind vor dem Tabernakel heilig geworden.<\/p>\n\n\n\n<h4 class=\"wp-block-heading\"><strong>d. Eucharistische Katechese<\/strong><\/h4>\n\n\n\n<p>Vertiefe das eucharistische Geheimnis. Lies Dokumente der Kirche wie <em>Ecclesia de Eucharistia<\/em> von Johannes Paul II. oder <em>Redemptionis Sacramentum<\/em>. Bilde Herz und Verstand.<\/p>\n\n\n\n<hr class=\"wp-block-separator has-alpha-channel-opacity\"\/>\n\n\n\n<h3 class=\"wp-block-heading\"><strong>2. In der Jungfrau Maria verankert sein<\/strong><\/h3>\n\n\n\n<h4 class=\"wp-block-heading\"><strong>a. Der t\u00e4gliche Rosenkranz<\/strong><\/h4>\n\n\n\n<p>Der Rosenkranz ist ein m\u00e4chtiges Gebet. Die Betrachtung der Geheimnisse des Lebens Christi mit Maria st\u00e4rkt die Seele, vertreibt den D\u00e4mon und sch\u00fctzt unseren Glauben.<\/p>\n\n\n\n<h4 class=\"wp-block-heading\"><strong>b. Marienweihe<\/strong><\/h4>\n\n\n\n<p>Nach der Methode des hl. Ludwig Maria Grignion von Montfort: sich Maria als Liebessklave weihen. Eine tiefe Art, ihr das ganze Leben anzuvertrauen.<\/p>\n\n\n\n<h4 class=\"wp-block-heading\"><strong>c. Feier ihrer Feste<\/strong><\/h4>\n\n\n\n<p>Feiere die marianischen Hochfeste mit Freude. Lebe den liturgischen Kalender mit einem marianischen Herzen.<\/p>\n\n\n\n<h4 class=\"wp-block-heading\"><strong>d. F\u00f6rderung ihrer Verehrung<\/strong><\/h4>\n\n\n\n<p>Sprich \u00fcber Maria, verschenke Rosenkr\u00e4nze, verbreite ihre Bilder, trage ihr Skapulier. Mach sie bekannt und geliebt.<\/p>\n\n\n\n<hr class=\"wp-block-separator has-alpha-channel-opacity\"\/>\n\n\n\n<h2 class=\"wp-block-heading\"><strong>Die Rolle des Papstes im Traum<\/strong><\/h2>\n\n\n\n<p>Ein entscheidendes Detail darf nicht \u00fcbersehen werden: <strong>das Schiff wird vom Papst gelenkt<\/strong>. Don Bosco spricht nicht von einer f\u00fchrungslosen Gemeinschaft, sondern von einer Kirche, die \u2013 selbst im Sturm \u2013 von Petrus gef\u00fchrt wird. Das erinnert uns daran, dass die Gemeinschaft mit dem Papst trotz Schwierigkeiten oder Verwirrung <strong>ein wesentlicher Bestandteil des katholischen Glaubens<\/strong> ist.<\/p>\n\n\n\n<p>Doch das bedeutet auch, dass der Papst und alle Hirten der Kirche die Verantwortung haben, <strong>das Schiff zu den beiden S\u00e4ulen zu f\u00fchren<\/strong>, und nicht davon weg. Heute mehr denn je brauchen wir eine Hierarchie, die Christus treu ist, die auf die Eucharistie und Maria zentriert ist.<\/p>\n\n\n\n<hr class=\"wp-block-separator has-alpha-channel-opacity\"\/>\n\n\n\n<h2 class=\"wp-block-heading\"><strong>Und du? Wo ist dein Anker?<\/strong><\/h2>\n\n\n\n<p>Wir leben in einer Zeit, in der viele Christen Sicherheit in Ideologien, k\u00fcnstlichen Spiritualit\u00e4ten oder Selbsthilfephilosophien suchen. Die Botschaft des heiligen Don Bosco ist einfach, aber herausfordernd: <strong>Es gibt nur zwei sichere S\u00e4ulen.<\/strong> Alles andere ist Treibsand.<\/p>\n\n\n\n<p>Ist dein Leben auf die Eucharistie ausgerichtet? Hast du eine lebendige Beziehung zur Jungfrau Maria? Sind deine Familie, deine Pfarrei, deine Gemeinschaft auf diese beiden Pfeiler gegr\u00fcndet?<\/p>\n\n\n\n<hr class=\"wp-block-separator has-alpha-channel-opacity\"\/>\n\n\n\n<h2 class=\"wp-block-heading\"><strong>Schlussfolgerung: Die Zukunft der Kirche liegt in der Treue<\/strong><\/h2>\n\n\n\n<p>Der Traum des heiligen Don Bosco ist keine Fantasie. Er ist ein <strong>prophetischer Ruf zur Treue<\/strong>. Er zeigt uns, dass der Sieg nicht durch menschliche Strategien, politische Reden oder Anpassung an die Welt kommen wird. Er wird kommen durch <strong>Heiligkeit, Anbetung und vollst\u00e4ndiges Vertrauen in Jesus Christus und Maria<\/strong>.<\/p>\n\n\n\n<blockquote class=\"wp-block-quote is-layout-flow wp-block-quote-is-layout-flow\">\n<p><strong>\u201eDann wird das Schiff gerettet, und viele andere Schiffe, die auf dem Meer verstreut sind, werden seinem Beispiel folgen und ebenfalls sicher den Hafen erreichen.\u201c<\/strong> \u2013 so endet der Traum.<\/p>\n<\/blockquote>\n\n\n\n<p>Du und ich sind berufen, Teil dieses Sieges zu sein. F\u00fcrchte dich nicht vor dem aufgew\u00fchlten Meer. Richte deinen Blick auf die S\u00e4ulen. Und gehen wir \u2013 mit festem Glauben und brennendem Herzen \u2013 dem Hafen des Heils entgegen.<\/p>\n\n\n\n<hr class=\"wp-block-separator has-alpha-channel-opacity\"\/>\n\n\n\n<h2 class=\"wp-block-heading\"><strong>Abschlie\u00dfendes Gebet:<\/strong><\/h2>\n\n\n\n<blockquote class=\"wp-block-quote is-layout-flow wp-block-quote-is-layout-flow\">\n<p><strong>O Jesus in der Eucharistie, fester Anker der Seele, st\u00e4rke unseren Glauben und f\u00fchre uns zu dir.<br>O Maria, Hilfe der Christen, leite unsere Herzen, besch\u00fctze uns im Kampf und f\u00fchre uns zum Herzen deines Sohnes.<br>Amen.<\/strong><\/p>\n<\/blockquote>\n\n\n\n<hr class=\"wp-block-separator has-alpha-channel-opacity\"\/>\n","protected":false},"excerpt":{"rendered":"<p>Einleitung: Eine Vision, die die Jahrhunderte \u00fcberdauert Mitten in den St\u00fcrmen des 19. Jahrhunderts \u2013 einer Zeit, die vom Rationalismus, S\u00e4kularismus und den ersten Wellen des Modernismus verf\u00fchrt war \u2013 empfing der heilige Johannes Bosco eine Reihe prophetischer Tr\u00e4ume. Einer von ihnen, bekannt als der Traum von den zwei S\u00e4ulen, bleibt eine der kraftvollsten und &hellip;<\/p>\n","protected":false},"author":3,"featured_media":3927,"comment_status":"open","ping_status":"open","sticky":false,"template":"","format":"standard","meta":{"_seopress_robots_primary_cat":"","_seopress_titles_title":"","_seopress_titles_desc":"","_seopress_robots_index":"","footnotes":""},"categories":[40,61],"tags":[1320,1319],"class_list":["post-3926","post","type-post","status-publish","format-standard","has-post-thumbnail","","category-gebet-und-spiritualitaet","category-heilige-und-heiligenkalender","tag-heiligen-don-bosco","tag-zwei-saeulen"],"_links":{"self":[{"href":"https:\/\/catholicus.eu\/de\/wp-json\/wp\/v2\/posts\/3926","targetHints":{"allow":["GET"]}}],"collection":[{"href":"https:\/\/catholicus.eu\/de\/wp-json\/wp\/v2\/posts"}],"about":[{"href":"https:\/\/catholicus.eu\/de\/wp-json\/wp\/v2\/types\/post"}],"author":[{"embeddable":true,"href":"https:\/\/catholicus.eu\/de\/wp-json\/wp\/v2\/users\/3"}],"replies":[{"embeddable":true,"href":"https:\/\/catholicus.eu\/de\/wp-json\/wp\/v2\/comments?post=3926"}],"version-history":[{"count":1,"href":"https:\/\/catholicus.eu\/de\/wp-json\/wp\/v2\/posts\/3926\/revisions"}],"predecessor-version":[{"id":3928,"href":"https:\/\/catholicus.eu\/de\/wp-json\/wp\/v2\/posts\/3926\/revisions\/3928"}],"wp:featuredmedia":[{"embeddable":true,"href":"https:\/\/catholicus.eu\/de\/wp-json\/wp\/v2\/media\/3927"}],"wp:attachment":[{"href":"https:\/\/catholicus.eu\/de\/wp-json\/wp\/v2\/media?parent=3926"}],"wp:term":[{"taxonomy":"category","embeddable":true,"href":"https:\/\/catholicus.eu\/de\/wp-json\/wp\/v2\/categories?post=3926"},{"taxonomy":"post_tag","embeddable":true,"href":"https:\/\/catholicus.eu\/de\/wp-json\/wp\/v2\/tags?post=3926"}],"curies":[{"name":"wp","href":"https:\/\/api.w.org\/{rel}","templated":true}]}}