{"id":3920,"date":"2025-05-19T00:23:09","date_gmt":"2025-05-18T22:23:09","guid":{"rendered":"https:\/\/catholicus.eu\/de\/?p=3920"},"modified":"2025-05-19T00:23:10","modified_gmt":"2025-05-18T22:23:10","slug":"der-katechismus-und-die-migration-ein-aufruf-zu-naechstenliebe-gerechtigkeit-und-christlicher-bruederlichkeit","status":"publish","type":"post","link":"https:\/\/catholicus.eu\/de\/der-katechismus-und-die-migration-ein-aufruf-zu-naechstenliebe-gerechtigkeit-und-christlicher-bruederlichkeit\/","title":{"rendered":"Der Katechismus und die Migration: Ein Aufruf zu N\u00e4chstenliebe, Gerechtigkeit und christlicher Br\u00fcderlichkeit"},"content":{"rendered":"\n<h2 class=\"wp-block-heading\"><strong>Einleitung: Eine dringende geistliche und gesellschaftliche Herausforderung<\/strong><\/h2>\n\n\n\n<p>In einer Welt, die von Migrationskrisen, geschlossenen Grenzen und hitzigen politischen Debatten gepr\u00e4gt ist, bietet die katholische Kirche ein Licht der Hoffnung und moralische Orientierung. Der&nbsp;<em>Katechismus der Katholischen Kirche<\/em>, zusammen mit der Heiligen Schrift und der Soziallehre der Kirche, l\u00e4dt uns ein, Migration nicht nur als soziales Ph\u00e4nomen zu betrachten, sondern als Gelegenheit, das Gebot der N\u00e4chstenliebe zu leben.<\/p>\n\n\n\n<p>Doch was sagt der&nbsp;<em>Katechismus<\/em>&nbsp;genau zu diesem Thema? Wie k\u00f6nnen wir als gl\u00e4ubige Katholiken auf die Herausforderungen der Migration aus theologischer und pastoraler Sicht reagieren? In diesem Artikel werden wir die biblischen Wurzeln, die Lehren des Lehramtes und praktische Anwendungen f\u00fcr unser t\u00e4gliches Leben untersuchen.<\/p>\n\n\n\n<hr class=\"wp-block-separator has-alpha-channel-opacity\"\/>\n\n\n\n<h2 class=\"wp-block-heading\"><strong>I. Migration in der Heiligen Schrift: Ein Volk auf dem Weg<\/strong><\/h2>\n\n\n\n<p>Von Anfang an war das Volk Gottes ein wanderndes Volk. Abraham, von Gott berufen, verlie\u00df seine Heimat, um der g\u00f6ttlichen Verhei\u00dfung zu folgen (Genesis 12,1). Jakobs S\u00f6hne wanderten nach \u00c4gypten aus, um zu \u00fcberleben (Genesis 46). Mose f\u00fchrte Israel durch die W\u00fcste ins Gelobte Land. Und im Neuen Testament lebte Jesus selbst als Fl\u00fcchtling in \u00c4gypten, als Herodes ihn t\u00f6ten wollte (Matth\u00e4us 2,13-15).<\/p>\n\n\n\n<p><strong>&#8222;Ich war fremd und ihr habt mich aufgenommen&#8220; (Matth\u00e4us 25,35).<\/strong>&nbsp;Diese Worte Christi beim J\u00fcngsten Gericht erinnern uns daran, dass der Umgang mit dem Fremden kein optionales Thema ist, sondern ein Kriterium f\u00fcr das Heil. Gastfreundschaft ist daher eine wesentliche christliche Tugend.<\/p>\n\n\n\n<hr class=\"wp-block-separator has-alpha-channel-opacity\"\/>\n\n\n\n<h2 class=\"wp-block-heading\"><strong>II. Der Katechismus der Katholischen Kirche und die Lehre \u00fcber Migranten<\/strong><\/h2>\n\n\n\n<p>Der&nbsp;<em>Katechismus der Katholischen Kirche (KKK)<\/em>&nbsp;behandelt das Thema Migration nicht explizit in einer bestimmten Nummer, aber seine theologischen und moralischen Prinzipien geben uns Orientierung. Wir k\u00f6nnen die Lehre in drei S\u00e4ulen zusammenfassen:<\/p>\n\n\n\n<h3 class=\"wp-block-heading\"><strong>1. Die W\u00fcrde jeder menschlichen Person (KKK 1929-1933)<\/strong><\/h3>\n\n\n\n<p>Jeder Mensch, unabh\u00e4ngig von Herkunft, Rasse oder Aufenthaltsstatus, ist nach Gottes Bild geschaffen (Genesis 1,26). Daher verdient er Respekt, Schutz und N\u00e4chstenliebe. Die Kirche verurteilt jede Form von Fremdenfeindlichkeit oder Diskriminierung.<\/p>\n\n\n\n<h3 class=\"wp-block-heading\"><strong>2. Das Recht auf ein besseres Leben (KKK 2241)<\/strong><\/h3>\n\n\n\n<p><strong>KKK 2241<\/strong>&nbsp;ist entscheidend:<\/p>\n\n\n\n<blockquote class=\"wp-block-quote is-layout-flow wp-block-quote-is-layout-flow\">\n<p><em>&#8222;Die wohlhabenderen Nationen sind verpflichtet, soweit m\u00f6glich, den Fremden aufzunehmen, der Sicherheit und Lebensm\u00f6glichkeiten sucht, die er in seinem Heimatland nicht findet.&#8220;<\/em><\/p>\n<\/blockquote>\n\n\n\n<p>Dieser Absatz anerkennt auch, dass Staaten das Recht haben, ihre Grenzen zu regeln, aber immer mit&nbsp;<strong>Gerechtigkeit und N\u00e4chstenliebe<\/strong>, wobei das Gemeinwohl vorrangig ist, ohne die menschliche W\u00fcrde zu vernachl\u00e4ssigen.<\/p>\n\n\n\n<h3 class=\"wp-block-heading\"><strong>3. Solidarit\u00e4t und das Gemeinwohl (KKK 1939-1942)<\/strong><\/h3>\n\n\n\n<p>Solidarit\u00e4t ist nicht nur ein Gef\u00fchl, sondern eine&nbsp;<strong>theologische Tugend<\/strong>, die uns antreibt, materielle und geistige G\u00fcter zu teilen. Die Soziallehre der Kirche lehrt, dass Migranten keine Bedrohung sind, sondern einen kulturellen und geistlichen Reichtum darstellen, wenn sie gerecht integriert werden.<\/p>\n\n\n\n<hr class=\"wp-block-separator has-alpha-channel-opacity\"\/>\n\n\n\n<h2 class=\"wp-block-heading\"><strong>III. Praktische Anwendungen: Wie k\u00f6nnen wir diese Lehre leben?<\/strong><\/h2>\n\n\n\n<h3 class=\"wp-block-heading\"><strong>1. Gebet und Bewusstsein<\/strong><\/h3>\n\n\n\n<ul class=\"wp-block-list\">\n<li>F\u00fcr Migranten und Fl\u00fcchtlinge beten.<\/li>\n\n\n\n<li>\u00dcber die Ursachen von Migration informieren (Kriege, Armut, Verfolgung).<\/li>\n<\/ul>\n\n\n\n<h3 class=\"wp-block-heading\"><strong>2. N\u00e4chstenliebe in Aktion<\/strong><\/h3>\n\n\n\n<ul class=\"wp-block-list\">\n<li>Katholische Organisationen wie\u00a0<strong>Caritas<\/strong>, den\u00a0<strong>Jesuiten-Fl\u00fcchtlingsdienst<\/strong>\u00a0oder die\u00a0<strong>Pastoral f\u00fcr Migranten<\/strong>\u00a0unterst\u00fctzen.<\/li>\n\n\n\n<li>Konkrete Hilfe anbieten: Nahrung, Kleidung, rechtliche oder seelsorgerische Begleitung.<\/li>\n<\/ul>\n\n\n\n<h3 class=\"wp-block-heading\"><strong>3. Politisches Engagement<\/strong><\/h3>\n\n\n\n<ul class=\"wp-block-list\">\n<li>Sich f\u00fcr\u00a0<strong>gerechte und humane<\/strong>\u00a0Migrationspolitiken einsetzen.<\/li>\n\n\n\n<li>Hassreden ablehnen und Integration f\u00f6rdern.<\/li>\n<\/ul>\n\n\n\n<h3 class=\"wp-block-heading\"><strong>4. Zeugnis der Aufnahmebereitschaft<\/strong><\/h3>\n\n\n\n<ul class=\"wp-block-list\">\n<li>Migranten im Alltag mit\u00a0<strong>Respekt und Br\u00fcderlichkeit<\/strong>\u00a0begegnen.<\/li>\n\n\n\n<li>Bedenken, dass wir spirituell alle\u00a0<strong>Pilger auf dem Weg zur Himmlischen Heimat<\/strong>\u00a0sind.<\/li>\n<\/ul>\n\n\n\n<hr class=\"wp-block-separator has-alpha-channel-opacity\"\/>\n\n\n\n<h2 class=\"wp-block-heading\"><strong>Schlussfolgerung: Ein Aufruf zur Bekehrung des Herzens<\/strong><\/h2>\n\n\n\n<p>Die Lehre der Kirche \u00fcber Migration ist nicht einfach eine &#8222;soziale Pflicht&#8220;, sondern ein&nbsp;<strong>radikaler Aufruf zur christlichen Liebe<\/strong>. In einer gespaltenen Welt sind Katholiken berufen, Br\u00fccken der Aufnahme, Gerechtigkeit und Barmherzigkeit zu sein.<\/p>\n\n\n\n<p>Wie der heilige Johannes Paul II. sagte:<\/p>\n\n\n\n<blockquote class=\"wp-block-quote is-layout-flow wp-block-quote-is-layout-flow\">\n<p><em>&#8222;Es geht nicht nur um Migranten: Es geht um unsere Menschlichkeit, um unsere F\u00e4higkeit, so zu lieben, wie Christus uns geliebt hat.&#8220;<\/em><\/p>\n<\/blockquote>\n\n\n\n<p>M\u00f6ge die Jungfrau Maria, die mit dem heiligen Josef das Leid des Exils kannte, uns auf diesem Weg der wahren N\u00e4chstenliebe und Br\u00fcderlichkeit f\u00fchren.<\/p>\n\n\n\n<p><strong>Sind Sie bereit, Ihr Herz dem Fremden zu \u00f6ffnen?<\/strong><\/p>\n\n\n\n<hr class=\"wp-block-separator has-alpha-channel-opacity\"\/>\n\n\n\n<p>Dieser Artikel ist nur der Anfang einer tieferen Reflexion. Ich lade Sie ein, ihn zu teilen, in Gemeinschaft dar\u00fcber zu diskutieren und vor allem ihn in die Praxis umzusetzen. Denn am Ende ist der Glaube ohne Werke tot (Jakobus 2,17).<\/p>\n\n\n\n<p>M\u00f6chten Sie einen bestimmten Aspekt vertiefen? Lassen Sie es mich in den Kommentaren wissen!<\/p>\n","protected":false},"excerpt":{"rendered":"<p>Einleitung: Eine dringende geistliche und gesellschaftliche Herausforderung In einer Welt, die von Migrationskrisen, geschlossenen Grenzen und hitzigen politischen Debatten gepr\u00e4gt ist, bietet die katholische Kirche ein Licht der Hoffnung und moralische Orientierung. Der&nbsp;Katechismus der Katholischen Kirche, zusammen mit der Heiligen Schrift und der Soziallehre der Kirche, l\u00e4dt uns ein, Migration nicht nur als soziales Ph\u00e4nomen &hellip;<\/p>\n","protected":false},"author":3,"featured_media":3921,"comment_status":"open","ping_status":"open","sticky":false,"template":"","format":"standard","meta":{"_seopress_robots_primary_cat":"","_seopress_titles_title":"","_seopress_titles_desc":"","_seopress_robots_index":"","footnotes":""},"categories":[43,37],"tags":[271,1317],"class_list":["post-3920","post","type-post","status-publish","format-standard","has-post-thumbnail","","category-katechismus-der-katholischen-kirche","category-lehre-und-glaube","tag-katechismus","tag-migration"],"_links":{"self":[{"href":"https:\/\/catholicus.eu\/de\/wp-json\/wp\/v2\/posts\/3920","targetHints":{"allow":["GET"]}}],"collection":[{"href":"https:\/\/catholicus.eu\/de\/wp-json\/wp\/v2\/posts"}],"about":[{"href":"https:\/\/catholicus.eu\/de\/wp-json\/wp\/v2\/types\/post"}],"author":[{"embeddable":true,"href":"https:\/\/catholicus.eu\/de\/wp-json\/wp\/v2\/users\/3"}],"replies":[{"embeddable":true,"href":"https:\/\/catholicus.eu\/de\/wp-json\/wp\/v2\/comments?post=3920"}],"version-history":[{"count":1,"href":"https:\/\/catholicus.eu\/de\/wp-json\/wp\/v2\/posts\/3920\/revisions"}],"predecessor-version":[{"id":3922,"href":"https:\/\/catholicus.eu\/de\/wp-json\/wp\/v2\/posts\/3920\/revisions\/3922"}],"wp:featuredmedia":[{"embeddable":true,"href":"https:\/\/catholicus.eu\/de\/wp-json\/wp\/v2\/media\/3921"}],"wp:attachment":[{"href":"https:\/\/catholicus.eu\/de\/wp-json\/wp\/v2\/media?parent=3920"}],"wp:term":[{"taxonomy":"category","embeddable":true,"href":"https:\/\/catholicus.eu\/de\/wp-json\/wp\/v2\/categories?post=3920"},{"taxonomy":"post_tag","embeddable":true,"href":"https:\/\/catholicus.eu\/de\/wp-json\/wp\/v2\/tags?post=3920"}],"curies":[{"name":"wp","href":"https:\/\/api.w.org\/{rel}","templated":true}]}}