{"id":3889,"date":"2025-05-18T11:41:29","date_gmt":"2025-05-18T09:41:29","guid":{"rendered":"https:\/\/catholicus.eu\/de\/?p=3889"},"modified":"2025-05-18T11:41:30","modified_gmt":"2025-05-18T09:41:30","slug":"die-eroeffnungsmesse-eines-pontifikats-bedeutung-geschichte-und-geistlicher-leitfaden-zum-besseren-verstaendnis-und-bewussten-erleben","status":"publish","type":"post","link":"https:\/\/catholicus.eu\/de\/die-eroeffnungsmesse-eines-pontifikats-bedeutung-geschichte-und-geistlicher-leitfaden-zum-besseren-verstaendnis-und-bewussten-erleben\/","title":{"rendered":"Die Er\u00f6ffnungsmesse eines Pontifikats: Bedeutung, Geschichte und geistlicher Leitfaden zum besseren Verst\u00e4ndnis und bewussten Erleben"},"content":{"rendered":"\n<h3 class=\"wp-block-heading\">Einf\u00fchrung: Ein neuer Hirte f\u00fcr die Kirche<\/h3>\n\n\n\n<p>Jedes Mal, wenn ein Papst gew\u00e4hlt wird, richtet sich der Blick der gesamten Kirche \u2013 und in gewisser Weise der ganzen Welt \u2013 nach Rom. Dabei handelt es sich nicht nur um ein protokollarisches Ereignis oder eine formale Zeremonie: Es ist eine Erneuerung des pastoralen Auftrags Christi durch seinen Stellvertreter auf Erden. Die <em>Er\u00f6ffnungsmesse eines Pontifikats<\/em> ist nicht einfach nur eine feierliche Liturgie; sie ist ein sichtbares Zeichen der apostolischen Kontinuit\u00e4t, der Mission, die Christus Petrus und in ihm seinen Nachfolgern anvertraut hat.<\/p>\n\n\n\n<p>Doch was bedeutet diese Messe wirklich? Warum ist sie so wichtig? Was sagt sie uns \u00fcber die Kirche, die Rolle des Papstes und unser eigenes katholisches Leben in der heutigen Zeit? Dieser Artikel m\u00f6chte den geistlichen und theologischen Schatz dieser Feier \u00f6ffnen und dabei ihre Geschichte, ihre Symbole, den liturgischen Ablauf und ihre pastoralen Lehren ausf\u00fchrlich beleuchten.<\/p>\n\n\n\n<hr class=\"wp-block-separator has-alpha-channel-opacity\"\/>\n\n\n\n<h2 class=\"wp-block-heading\">1. Historische Wurzeln und Entwicklung der Zeremonie<\/h2>\n\n\n\n<h3 class=\"wp-block-heading\">Von der p\u00e4pstlichen Kr\u00f6nung zur Er\u00f6ffnungsmesse<\/h3>\n\n\n\n<p>\u00dcber Jahrhunderte hinweg umfasste die Inthronisation eines Papstes die <strong>Kr\u00f6nung mit der p\u00e4pstlichen Tiara<\/strong>, einem Zeichen der dreifachen Macht des Papstes: Vater der K\u00f6nige, Herrscher der Welt und Stellvertreter Christi. Diese Kr\u00f6nung war ein majest\u00e4tisches Ereignis, gepr\u00e4gt von gro\u00dfem Prunk, das die weltliche und geistliche W\u00fcrde des r\u00f6mischen Pontifex symbolisierte.<\/p>\n\n\n\n<p>Im Jahr 1978 jedoch entschied Papst Johannes Paul I., <strong>die Tiara nicht zu tragen<\/strong>, was eine tiefgreifende Ver\u00e4nderung im Verst\u00e4ndnis des p\u00e4pstlichen Amtes markierte: Nicht mehr als Macht, sondern als Dienst. Dieses Verst\u00e4ndnis wurde von Johannes Paul II., Benedikt XVI. und Franziskus weitergef\u00fchrt. Seitdem feiert man anstelle der Kr\u00f6nung eine <strong>Er\u00f6ffnungsmesse des Pontifikats<\/strong>, mit einem viel st\u00e4rkeren geistlichen, liturgischen und pastoralen Akzent.<\/p>\n\n\n\n<hr class=\"wp-block-separator has-alpha-channel-opacity\"\/>\n\n\n\n<h2 class=\"wp-block-heading\">2. Theologische Grundlage: Petrus, Fels der Kirche<\/h2>\n\n\n\n<p>Die Er\u00f6ffnungsmesse baut auf der Verhei\u00dfung Christi im Evangelium auf:<\/p>\n\n\n\n<blockquote class=\"wp-block-quote is-layout-flow wp-block-quote-is-layout-flow\">\n<p>\u201eDu bist Petrus, und auf diesen Felsen werde ich meine Kirche bauen; und die Pforten der H\u00f6lle werden sie nicht \u00fcberw\u00e4ltigen\u201c (Mt 16,18).<\/p>\n<\/blockquote>\n\n\n\n<p>Dieses Versprechen lebt in jedem Nachfolger Petri fort. Die Liturgie der Er\u00f6ffnung macht den Papst nicht zum Papst \u2013 das geschieht bereits bei Annahme der Wahl im Konklave \u2013 sondern <strong>manifestiert sein Amt \u00f6ffentlich<\/strong>, stellt ihn der universalen Kirche vor und \u00fcbergibt ihm die Zeichen seiner pastoralen Mission.<\/p>\n\n\n\n<hr class=\"wp-block-separator has-alpha-channel-opacity\"\/>\n\n\n\n<h2 class=\"wp-block-heading\">3. Liturgische Symbole der Er\u00f6ffnungsmesse<\/h2>\n\n\n\n<p>Die Liturgie ist reich an Symbolen, die das Amt des Papstes als Nachfolger Petri, universellen Hirten und Diener der Diener Gottes ausdr\u00fccken. Die wichtigsten sind:<\/p>\n\n\n\n<h3 class=\"wp-block-heading\">A. Der <strong>Fischer-Ring<\/strong><\/h3>\n\n\n\n<p>Dieser Ring, mit dem Bild des heiligen Petrus, der seine Netze auswirft, symbolisiert die Sendung des Papstes als \u201eFischer von Menschen\u201c. Der Ring ist <strong>f\u00fcr jedes Pontifikat einzigartig<\/strong> und wird nach dem Tod des Papstes zerst\u00f6rt, um das Ende seines Dienstes zu markieren.<br>\ud83d\udc49 <strong>Geistliche Bedeutung f\u00fcr den Gl\u00e4ubigen<\/strong>: Erinnerung daran, dass auch wir ausgesandt sind, die Netze des Evangeliums in unserer Familie, bei der Arbeit und im sozialen Umfeld auszubreiten.<\/p>\n\n\n\n<h3 class=\"wp-block-heading\">B. Das <strong>p\u00e4pstliche Pallium<\/strong><\/h3>\n\n\n\n<p>Das Pallium ist ein wei\u00dfes Wollband mit sechs schwarzen Kreuzen, das der Papst wie die metropolitischen Erzbisch\u00f6fe \u00fcber die Schultern tr\u00e4gt. Es bedeutet, dass der Papst <strong>der gute Hirte<\/strong> ist, der das verlorene Schaf auf seinen Schultern tr\u00e4gt \u2013 ganz wie Christus.<\/p>\n\n\n\n<p>\ud83d\udc49 <strong>F\u00fcr unser Leben<\/strong>: Es fordert uns auf, die Lasten der anderen mitzutragen, N\u00e4chstenliebe gegen\u00fcber den Schwachen, Armen und Fernstehenden zu \u00fcben.<\/p>\n\n\n\n<h3 class=\"wp-block-heading\">C. Das <strong>Grab des heiligen Petrus<\/strong><\/h3>\n\n\n\n<p>Vor der Messe betritt der neue Papst die Gruft des Apostels Petrus unter dem Hauptaltar des Petersdoms. Das ist ein tief symbolischer Akt: <strong>Der neue Papst beginnt sein Amt in Gemeinschaft mit dem ersten Zeugen des Glaubens<\/strong>, der sein Blut in Rom vergossen hat.<\/p>\n\n\n\n<p>\ud83d\udc49 <strong>Praktische Anwendung<\/strong>: Das Fundament unseres geistlichen Lebens muss die apostolische Treue und die Gemeinschaft mit der Kirche sein.<\/p>\n\n\n\n<h3 class=\"wp-block-heading\">D. Das <strong>Evangelium in mehreren Sprachen<\/strong><\/h3>\n\n\n\n<p>W\u00e4hrend der Liturgie wird das Evangelium in verschiedenen Sprachen gesungen, was die <strong>Universalit\u00e4t der Kirche<\/strong> darstellt, die alle Kulturen und V\u00f6lker unter einem Herrn vereint.<\/p>\n\n\n\n<p>\ud83d\udc49 <strong>F\u00fcr uns<\/strong>: Das Evangelium muss in allen Bereichen unseres Lebens gelebt werden, ohne Ausschluss. Es spricht in unserer intimsten Sprache zu uns.<\/p>\n\n\n\n<hr class=\"wp-block-separator has-alpha-channel-opacity\"\/>\n\n\n\n<h2 class=\"wp-block-heading\">4. Liturgischer Ablauf und Schl\u00fcsselstellen<\/h2>\n\n\n\n<p>Die Er\u00f6ffnungsmesse folgt der Struktur des r\u00f6mischen Ritus, jedoch mit Besonderheiten, die sie auszeichnen.<\/p>\n\n\n\n<h3 class=\"wp-block-heading\">1. Einzug<\/h3>\n\n\n\n<p>Eine feierliche Prozession mit Kardin\u00e4len, Bisch\u00f6fen, Diakonen, Ordensleuten und Laien. Sie symbolisiert den <strong>Gottesvolk in Bewegung<\/strong>, das seinen neuen Hirten anerkennt, der es im Namen Christi f\u00fchrt.<\/p>\n\n\n\n<h3 class=\"wp-block-heading\">2. Anlegen des Palliums und \u00dcberreichung des Rings<\/h3>\n\n\n\n<p>Diese beiden Zeichen werden dem Papst vom Dekan des Kardinalskollegiums \u00fcbergeben. Damit wird gezeigt, dass <strong>der Papst sein Amt nicht als Herrschaft, sondern als Dienst am Gottesvolk empf\u00e4ngt<\/strong>.<\/p>\n\n\n\n<blockquote class=\"wp-block-quote is-layout-flow wp-block-quote-is-layout-flow\">\n<p>\u201eWer unter euch der Erste sein will, soll aller Diener sein\u201c (Mk 10,44).<\/p>\n<\/blockquote>\n\n\n\n<h3 class=\"wp-block-heading\">3. Gehorsamsversprechen<\/h3>\n\n\n\n<p>Fr\u00fcher legten alle Kardin\u00e4le ein Gehorsamsversprechen gegen\u00fcber dem neuen Papst ab. Heute n\u00e4hert sich eine Vertretung der Gl\u00e4ubigen \u2013 Bisch\u00f6fe, Priester, Ordensleute, Laien, Frauen und M\u00e4nner \u2013 und spricht dieses Versprechen aus. Das zeigt, dass <strong>der Gehorsam gegen\u00fcber dem Papst auch eine Gemeinschaft der Liebe und des Glaubens mit der ganzen Kirche ist<\/strong>.<\/p>\n\n\n\n<hr class=\"wp-block-separator has-alpha-channel-opacity\"\/>\n\n\n\n<h2 class=\"wp-block-heading\">5. Pastorale und geistliche Bedeutung f\u00fcr den heutigen Gl\u00e4ubigen<\/h2>\n\n\n\n<p>Die Er\u00f6ffnungsmesse ist kein blo\u00dfes Spektakel oder eine ferne Zeremonie. Sie tr\u00e4gt eine tiefe und lebenswichtige Botschaft f\u00fcr alle Katholiken:<\/p>\n\n\n\n<h3 class=\"wp-block-heading\">A. <strong>Erinnerung, dass wir nicht allein sind<\/strong><\/h3>\n\n\n\n<p>Die Figur des Papstes ist ein <strong>Zeichen der Einheit<\/strong> und der Treue zum Evangelium. In Zeiten von Verwirrung, Relativismus und inneren Spaltungen ist der Papst ein fester Fels, Meister des Glaubens und sicherer F\u00fchrer.<\/p>\n\n\n\n<blockquote class=\"wp-block-quote is-layout-flow wp-block-quote-is-layout-flow\">\n<p>\u201eSt\u00e4rke deine Br\u00fcder\u201c (Lk 22,32). Das ist der Auftrag, den Christus Petrus gab und den sein Nachfolger fortf\u00fchrt.<\/p>\n<\/blockquote>\n\n\n\n<h3 class=\"wp-block-heading\">B. <strong>Beispiel von Demut und Dienst<\/strong><\/h3>\n\n\n\n<p>Die Haltung, mit der der Papst sein Pontifikat beginnt, ist eine lebendige Katechese am Vorbild Christi: Er kam nicht, um bedient zu werden, sondern um zu dienen. Jeder Christ ist berufen, diese Haltung im Alltag zu leben.<\/p>\n\n\n\n<p>\ud83d\udc49 Wie kann ich Diener sein in meiner Familie, bei der Arbeit, in meiner Pfarrei?<\/p>\n\n\n\n<h3 class=\"wp-block-heading\">C. <strong>Erneuerung unseres Bekenntnisses zur Kirche<\/strong><\/h3>\n\n\n\n<p>Jede p\u00e4pstliche Er\u00f6ffnungsmesse l\u00e4dt dazu ein, unser Engagement f\u00fcr die Kirche zu erneuern: f\u00fcr den Papst zu beten, uns in der Lehre zu bilden, in der Gemeinschaft zu leben und Zeugen des Evangeliums zu sein.<\/p>\n\n\n\n<p>\ud83d\udc49 Eine gute Gewissenspr\u00fcfung w\u00e4re: Liebe ich wirklich die Kirche? Verteidige ich ihre Einheit? Informiere ich mich treu und katholisch kritisch?<\/p>\n\n\n\n<hr class=\"wp-block-separator has-alpha-channel-opacity\"\/>\n\n\n\n<h2 class=\"wp-block-heading\">6. Praktischer Leitfaden: Wie man geistlich eine Er\u00f6ffnungsmesse erlebt<\/h2>\n\n\n\n<p>Auch wenn dieses Ereignis selten ist, kann man es geistlich sehr bereichernd erleben, vor allem mit diesen Empfehlungen:<\/p>\n\n\n\n<h3 class=\"wp-block-heading\">\u2705 1. <strong>Mit einer Haltung des Gebets zuschauen<\/strong><\/h3>\n\n\n\n<p>Nicht als blo\u00dfer Zuschauer, sondern als Teil eines Leibes. Jedes Wort, jedes Zeichen tr\u00e4gt eine Botschaft f\u00fcr dein Leben.<\/p>\n\n\n\n<h3 class=\"wp-block-heading\">\u2705 2. <strong>Die biblischen Lesungen im Voraus lesen<\/strong><\/h3>\n\n\n\n<p>Bereite dein Herz mit dem Wort Gottes vor. \u00dcberlege, wie dieses Wort das Amt des neuen Papstes beleuchtet \u2026 und deine eigene Taufmission.<\/p>\n\n\n\n<h3 class=\"wp-block-heading\">\u2705 3. <strong>Ein Opfer f\u00fcr den neuen Papst darbringen<\/strong><\/h3>\n\n\n\n<p>Fasten, Almosen, Gebet \u2026 mache diesen Tag zu einem Akt der Liebe f\u00fcr den neuen Pontifex.<\/p>\n\n\n\n<h3 class=\"wp-block-heading\">\u2705 4. <strong>Die Botschaft im Umfeld teilen<\/strong><\/h3>\n\n\n\n<p>Sprich mit deinen Kindern, Freunden und in deiner Gemeinde \u00fcber den neuen Papst. Teile seine erste Botschaft, reflektiere \u00fcber seine Worte, entdecke die Herausforderungen, die er stellt.<\/p>\n\n\n\n<h3 class=\"wp-block-heading\">\u2705 5. <strong>Das Zugeh\u00f6rigkeitsgef\u00fchl zur Kirche erneuern<\/strong><\/h3>\n\n\n\n<p>Sprich das Glaubensbekenntnis, vertraue dich dem Schutz der Jungfrau Maria an und danke Gott, dass er uns einen Hirten geschenkt hat, der uns im Glauben f\u00fchrt.<\/p>\n\n\n\n<hr class=\"wp-block-separator has-alpha-channel-opacity\"\/>\n\n\n\n<h2 class=\"wp-block-heading\">Schlussfolgerung: Ein neues Kapitel in der Heilsgeschichte<\/h2>\n\n\n\n<p>Die Er\u00f6ffnungsmesse eines Pontifikats ist nicht nur ein \u00dcbergangsritus. Sie ist <strong>eine lebendige Seite des Evangeliums, die heute weitergeschrieben wird<\/strong>. Sie l\u00e4dt uns ein, im Glauben zu wachsen, unsere Gemeinschaft mit der Kirche zu vertiefen und unser Engagement f\u00fcr Christus zu erneuern.<\/p>\n\n\n\n<p>Jeder Papst ist ein Geschenk. Jedes neue Pontifikat eine Gnade. Erleben wir es mit Dankbarkeit, Hoffnung und Festigkeit. Vor allem aber mit der Gewissheit, dass <strong>Christus seine Kirche durch die Zeiten hindurch f\u00fchrt, bis zu seiner Herrlichkeit zur\u00fcckkehrt<\/strong>.<\/p>\n\n\n\n<blockquote class=\"wp-block-quote is-layout-flow wp-block-quote-is-layout-flow\">\n<p><em>\u201eUnd siehe, ich bin bei euch alle Tage bis ans Ende der Welt\u201c<\/em> (Mt 28,20).<\/p>\n<\/blockquote>\n","protected":false},"excerpt":{"rendered":"<p>Einf\u00fchrung: Ein neuer Hirte f\u00fcr die Kirche Jedes Mal, wenn ein Papst gew\u00e4hlt wird, richtet sich der Blick der gesamten Kirche \u2013 und in gewisser Weise der ganzen Welt \u2013 nach Rom. Dabei handelt es sich nicht nur um ein protokollarisches Ereignis oder eine formale Zeremonie: Es ist eine Erneuerung des pastoralen Auftrags Christi durch &hellip;<\/p>\n","protected":false},"author":3,"featured_media":3890,"comment_status":"open","ping_status":"open","sticky":false,"template":"","format":"standard","meta":{"_seopress_robots_primary_cat":"","_seopress_titles_title":"","_seopress_titles_desc":"","_seopress_robots_index":"","footnotes":""},"categories":[38,52],"tags":[1306,1307],"class_list":["post-3889","post","type-post","status-publish","format-standard","has-post-thumbnail","","category-geschichte-und-tradition","category-liturgie-und-kirchenjahr","tag-eroeffnungsmesse-eines-pontifikats","tag-paepstlichen-kroenung"],"_links":{"self":[{"href":"https:\/\/catholicus.eu\/de\/wp-json\/wp\/v2\/posts\/3889","targetHints":{"allow":["GET"]}}],"collection":[{"href":"https:\/\/catholicus.eu\/de\/wp-json\/wp\/v2\/posts"}],"about":[{"href":"https:\/\/catholicus.eu\/de\/wp-json\/wp\/v2\/types\/post"}],"author":[{"embeddable":true,"href":"https:\/\/catholicus.eu\/de\/wp-json\/wp\/v2\/users\/3"}],"replies":[{"embeddable":true,"href":"https:\/\/catholicus.eu\/de\/wp-json\/wp\/v2\/comments?post=3889"}],"version-history":[{"count":1,"href":"https:\/\/catholicus.eu\/de\/wp-json\/wp\/v2\/posts\/3889\/revisions"}],"predecessor-version":[{"id":3891,"href":"https:\/\/catholicus.eu\/de\/wp-json\/wp\/v2\/posts\/3889\/revisions\/3891"}],"wp:featuredmedia":[{"embeddable":true,"href":"https:\/\/catholicus.eu\/de\/wp-json\/wp\/v2\/media\/3890"}],"wp:attachment":[{"href":"https:\/\/catholicus.eu\/de\/wp-json\/wp\/v2\/media?parent=3889"}],"wp:term":[{"taxonomy":"category","embeddable":true,"href":"https:\/\/catholicus.eu\/de\/wp-json\/wp\/v2\/categories?post=3889"},{"taxonomy":"post_tag","embeddable":true,"href":"https:\/\/catholicus.eu\/de\/wp-json\/wp\/v2\/tags?post=3889"}],"curies":[{"name":"wp","href":"https:\/\/api.w.org\/{rel}","templated":true}]}}