{"id":3847,"date":"2025-05-16T00:22:26","date_gmt":"2025-05-15T22:22:26","guid":{"rendered":"https:\/\/catholicus.eu\/de\/?p=3847"},"modified":"2025-05-16T00:22:26","modified_gmt":"2025-05-15T22:22:26","slug":"der-neue-turm-zu-babel-wenn-die-welt-ohne-wahrheit-spricht","status":"publish","type":"post","link":"https:\/\/catholicus.eu\/de\/der-neue-turm-zu-babel-wenn-die-welt-ohne-wahrheit-spricht\/","title":{"rendered":"Der neue Turm zu Babel: Wenn die Welt ohne Wahrheit spricht"},"content":{"rendered":"\n<h3 class=\"wp-block-heading\">Einleitung: Bauen wir heute einen neuen Turm zu Babel?<\/h3>\n\n\n\n<p>In einer hypervernetzten Welt, in der jedes Wort in Sekundenschnelle um den Globus geht, k\u00f6nnte man meinen, wir h\u00e4tten uns nie besser verstanden. Und doch haben wir uns vielleicht nie so unverstanden, gespalten und verwirrt gef\u00fchlt wie heute. Wir sprechen dieselbe Sprache \u2013 zumindest glauben wir das \u2013 aber wir verstehen einander nicht. Begriffe wie \u201eFreiheit\u201c, \u201eGerechtigkeit\u201c, \u201eLiebe\u201c, \u201eWahrheit\u201c oder \u201eFrieden\u201c werden st\u00e4ndig verwendet\u2026 aber mit v\u00f6llig unterschiedlichen Bedeutungen. Diese Sinnkrise, dieser Bruch in der tiefen Kommunikation, f\u00fchrt uns zur\u00fcck zu einer biblischen Episode, die weit mehr als nur eine alte Geschichte ist \u2013 sie ist heute aktueller denn je: <strong>der Turmbau zu Babel<\/strong>.<\/p>\n\n\n\n<p>Die Geschichte des Turms zu Babel geht nicht nur um die Verwirrung der Sprachen, sondern um <strong>die Verwirrung des menschlichen Herzens, das versucht, den Himmel ohne Gott zu erreichen<\/strong>, das Einheit ohne Wahrheit und Fortschritt ohne Moral sucht. Heute, im 21. Jahrhundert, in globalisierten, relativistischen und entwurzelten Gesellschaften, <strong>scheint die Menschheit einen neuen Turm zu bauen \u2013 nicht mehr aus Ziegeln, sondern aus leeren Ideen und hohlen Worten<\/strong>. Und wieder geschieht es ohne Gott.<\/p>\n\n\n\n<hr class=\"wp-block-separator has-alpha-channel-opacity\"\/>\n\n\n\n<h3 class=\"wp-block-heading\">1. Der urspr\u00fcngliche Turm zu Babel: Stolz, getarnt als Einheit<\/h3>\n\n\n\n<p>Die Geschichte des Turms zu Babel finden wir in <strong>Genesis 11, 1\u20139<\/strong>. Nach der Sintflut beginnt sich die Menschheit zu vermehren. Die Menschen wollen sich einen Namen machen und vermeiden, zerstreut zu werden. So beschlie\u00dfen sie, eine Stadt mit einem Turm zu bauen, der bis in den Himmel reicht:<\/p>\n\n\n\n<blockquote class=\"wp-block-quote is-layout-flow wp-block-quote-is-layout-flow\">\n<p><em>\u201eWohlan! Lasst uns eine Stadt und einen Turm bauen, dessen Spitze bis zum Himmel reicht! Wir wollen uns einen Namen machen, damit wir uns nicht \u00fcber die ganze Erde zerstreuen.\u201c<\/em> (Gen 11,4)<\/p>\n<\/blockquote>\n\n\n\n<p>Die Absicht der Menschen ist hier nicht blo\u00df architektonischer Natur. Sie ist zutiefst theologisch: <strong>Der Mensch will den Himmel aus eigener Kraft erreichen<\/strong>, sich \u201eeinen Namen machen\u201c. Das hei\u00dft: Er will sich selbst verwirklichen \u2013 aber ohne Gott.<\/p>\n\n\n\n<p>Gott erkennt diesen Hochmut und beschlie\u00dft, ihre Sprache zu verwirren, um das Vorhaben zu stoppen:<\/p>\n\n\n\n<blockquote class=\"wp-block-quote is-layout-flow wp-block-quote-is-layout-flow\">\n<p><em>\u201eWohlan, lasst uns hinabsteigen und dort ihre Sprache verwirren, dass keiner mehr die Sprache des anderen versteht.\u201c<\/em> (Gen 11,7)<\/p>\n<\/blockquote>\n\n\n\n<hr class=\"wp-block-separator has-alpha-channel-opacity\"\/>\n\n\n\n<h3 class=\"wp-block-heading\">2. Von Babel bis heute: Wie zeigt sich das heute?<\/h3>\n\n\n\n<p>Heute bauen wir keine T\u00fcrme aus Steinen mehr, aber wir errichten sehr wohl <strong>Ideologien, Denksysteme und Machtsysteme<\/strong>, die wie Babel darauf abzielen, menschliche Vollkommenheit ohne Gott, ohne objektive Moral und ohne universelle Wahrheit zu erreichen. Dieser <strong>\u201eneue Turm zu Babel\u201c<\/strong> zeigt sich auf verschiedene Weise:<\/p>\n\n\n\n<h4 class=\"wp-block-heading\">a) <strong>Die Diktatur des Relativismus<\/strong><\/h4>\n\n\n\n<p>Wie Papst Benedikt XVI. warnte:<\/p>\n\n\n\n<blockquote class=\"wp-block-quote is-layout-flow wp-block-quote-is-layout-flow\">\n<p><em>\u201eWir stehen vor einer Diktatur des Relativismus, die nichts als endg\u00fcltig anerkennt und die als letztes Ma\u00df nur das eigene Ich und seine W\u00fcnsche gelten l\u00e4sst.\u201c<\/em> (Predigt vor dem Konklave, 2005)<\/p>\n<\/blockquote>\n\n\n\n<p>Wahrheit ist heute nicht mehr etwas, das man entdecken kann, sondern etwas, das jeder \u201ekonstruiert\u201c. Es ist von \u201emeiner Wahrheit\u201c und \u201edeiner Wahrheit\u201c die Rede \u2013 als ob Wahrheit ein pers\u00f6nliches Lifestyle-Produkt w\u00e4re. Aber Wahrheit ist weder deine noch meine. <strong>Die Wahrheit ist Christus<\/strong>: <em>\u201eIch bin der Weg, die Wahrheit und das Leben.\u201c<\/em> (Joh 14,6)<\/p>\n\n\n\n<h4 class=\"wp-block-heading\">b) <strong>Die Manipulation der Sprache<\/strong><\/h4>\n\n\n\n<p>Worte wie \u201eLiebe\u201c, \u201eRechte\u201c, \u201eFreiheit\u201c oder \u201eIdentit\u00e4t\u201c wurden ihres urspr\u00fcnglichen Sinns beraubt. In der neuen Babel dient Sprache nicht mehr dazu, Wahrheit zu vermitteln, sondern dazu, <strong>Irrtum zu verschleiern<\/strong>, Ideologien durchzusetzen oder das Unrecht zu rechtfertigen. Wie es der Prophet Jesaja bereits sagte:<\/p>\n\n\n\n<blockquote class=\"wp-block-quote is-layout-flow wp-block-quote-is-layout-flow\">\n<p><em>\u201eWeh denen, die B\u00f6ses gut und Gutes b\u00f6se nennen, die Finsternis zu Licht und Licht zu Finsternis machen.\u201c<\/em> (Jes 5,20)<\/p>\n<\/blockquote>\n\n\n\n<h4 class=\"wp-block-heading\">c) <strong>Die Illusion von Einheit ohne Gemeinschaft<\/strong><\/h4>\n\n\n\n<p>Die Globalisierung verbindet uns technisch, aber nicht wirklich. Eine falsche Einheit wird durch Konsens, politische Korrektheit oder das Verschweigen von Unterschieden angestrebt. Doch <strong>wahre Gemeinschaft ist nur in Wahrheit und Liebe m\u00f6glich<\/strong>, wie der heilige Paulus schreibt: <em>\u201eLasst uns aber wahrhaftig sein in der Liebe.\u201c<\/em> (Eph 4,15)<\/p>\n\n\n\n<hr class=\"wp-block-separator has-alpha-channel-opacity\"\/>\n\n\n\n<h3 class=\"wp-block-heading\">3. Theologische Bedeutung: Die S\u00fcnde von Babel lebt weiter<\/h3>\n\n\n\n<p>Die S\u00fcnde von Babel ist <strong>nichts anderes als die Urs\u00fcnde in neuer Gestalt<\/strong>: Der Wunsch des Menschen, wie Gott zu sein \u2013 aber ohne Gott. Dieser Stolz f\u00fchrt nicht zur Gr\u00f6\u00dfe, sondern zur Spaltung. Wenn der Mensch sich zum Richter \u00fcber Gut und B\u00f6se, \u00fcber Sprache, Identit\u00e4t und Bedeutung macht, <strong>endet er im Chaos<\/strong>.<\/p>\n\n\n\n<p>In Babel wurde die Menschheit zerstreut, weil sie sich nicht mehr auf Gott verlassen wollte. Heute erleben wir eine neue Form der Zerstreuung: <strong>Einsamkeit, Zerfall der Familie, Generationenkonflikte, Identit\u00e4tsideologien, politische Polarisierung\u2026<\/strong> \u2013 all das sind Fr\u00fcchte desselben Irrtums.<\/p>\n\n\n\n<hr class=\"wp-block-separator has-alpha-channel-opacity\"\/>\n\n\n\n<h3 class=\"wp-block-heading\">4. Die L\u00f6sung? Pfingsten, das Gegen-Babel<\/h3>\n\n\n\n<p>Auf die Zerstreuung von Babel antwortet Gott mit <strong>Pfingsten<\/strong>, als der Heilige Geist auf die Apostel herabkam und ihnen <strong>die Gabe verlieh, in allen Sprachen zu sprechen<\/strong> \u2013 nicht um zu verwirren, sondern um in Wahrheit zu einen. Die Apostelgeschichte berichtet:<\/p>\n\n\n\n<blockquote class=\"wp-block-quote is-layout-flow wp-block-quote-is-layout-flow\">\n<p><em>\u201eWir h\u00f6ren sie in unseren Sprachen von den gro\u00dfen Taten Gottes reden.\u201c<\/em> (Apg 2,11)<\/p>\n<\/blockquote>\n\n\n\n<p>Der Heilige Geist beseitigt nicht die kulturellen oder sprachlichen Unterschiede, sondern <strong>harmonisiert sie in der Wahrheit des Evangeliums<\/strong>. So erf\u00fcllt sich Jesu Verhei\u00dfung: Der Geist wird uns <em>\u201ein die ganze Wahrheit f\u00fchren\u201c<\/em> (Joh 16,13).<\/p>\n\n\n\n<hr class=\"wp-block-separator has-alpha-channel-opacity\"\/>\n\n\n\n<h3 class=\"wp-block-heading\">5. Konkrete theologisch-pastorale Anleitung: Wie leben wir heute in einer Welt-Babel?<\/h3>\n\n\n\n<p>Angesichts der gegenw\u00e4rtigen Verwirrung sind wir Christen berufen, <strong>nicht vor der Welt zu fliehen<\/strong>, sondern <strong>ein Licht in der Dunkelheit zu sein<\/strong>, ein Zeugnis f\u00fcr die Wahrheit \u2013 mit Liebe und Mut. Hier eine praktische Anleitung:<\/p>\n\n\n\n<hr class=\"wp-block-separator has-alpha-channel-opacity\"\/>\n\n\n\n<h4 class=\"wp-block-heading\"><strong>1. Die Sprache des Glaubens wiederentdecken<\/strong><\/h4>\n\n\n\n<ul class=\"wp-block-list\">\n<li>Die Begriffe im theologischen Sinne lernen und gebrauchen.<\/li>\n\n\n\n<li>Keine Angst haben, \u201eS\u00fcnde\u201c S\u00fcnde zu nennen, oder \u201eGnade\u201c Gnade.<\/li>\n\n\n\n<li>Den Katechismus studieren, sich die liturgische, biblische und lehramtliche Sprache aneignen.<\/li>\n<\/ul>\n\n\n\n<h4 class=\"wp-block-heading\"><strong>2. Dem Relativismus nicht nachgeben<\/strong><\/h4>\n\n\n\n<ul class=\"wp-block-list\">\n<li>Glauben, dass es eine objektive Wahrheit gibt, zug\u00e4nglich durch die Vernunft und erleuchtet durch den Glauben.<\/li>\n\n\n\n<li>Nicht als \u201enormal\u201c akzeptieren, was moralisch ungeordnet ist \u2013 nur weil die Gesellschaft es tut.<\/li>\n<\/ul>\n\n\n\n<h4 class=\"wp-block-heading\"><strong>3. Gemeinschaft in der Wahrheit suchen<\/strong><\/h4>\n\n\n\n<ul class=\"wp-block-list\">\n<li>In Familie, Pfarrei, Freundeskreis nach Einheit durch Christus suchen \u2013 nicht durch leeren Konsens.<\/li>\n\n\n\n<li>Dialog f\u00fchren, aber nicht auf Kosten der Wahrheit.<\/li>\n<\/ul>\n\n\n\n<h4 class=\"wp-block-heading\"><strong>4. Das Gewissen formen<\/strong><\/h4>\n\n\n\n<ul class=\"wp-block-list\">\n<li>Die Heilige Schrift lesen und das Gewissen gem\u00e4\u00df der Lehre des Lehramtes bilden.<\/li>\n\n\n\n<li>Entscheidungen nicht nach Gef\u00fchl oder Trend treffen, sondern nach Naturrecht und g\u00f6ttlicher Offenbarung.<\/li>\n<\/ul>\n\n\n\n<h4 class=\"wp-block-heading\"><strong>5. Demut \u00fcben<\/strong><\/h4>\n\n\n\n<ul class=\"wp-block-list\">\n<li>Nicht den eigenen Turm bauen. Nicht sich selbst einen Namen machen, sondern <strong>den Namen Gottes bekannt machen<\/strong>.<\/li>\n\n\n\n<li>Die Demut ist der erste Schritt, um andere zu verstehen und in Gemeinschaft zu leben.<\/li>\n<\/ul>\n\n\n\n<h4 class=\"wp-block-heading\"><strong>6. Mit Klarheit evangelisieren<\/strong><\/h4>\n\n\n\n<ul class=\"wp-block-list\">\n<li>In sozialen Medien, Gespr\u00e4chen und im Alltag den Glauben mit Klarheit und Liebe bezeugen.<\/li>\n\n\n\n<li>Denn: <strong>Die Wahrheit zu verschweigen ist keine N\u00e4chstenliebe \u2013 und sie ohne Liebe zu sagen ist keine Evangelisation.<\/strong><\/li>\n<\/ul>\n\n\n\n<hr class=\"wp-block-separator has-alpha-channel-opacity\"\/>\n\n\n\n<h3 class=\"wp-block-heading\">Schluss: Auf welcher Seite stehst du?<\/h3>\n\n\n\n<p>Der neue Turm zu Babel ist kein physisches Geb\u00e4ude, sondern eine Denkweise, die Medien, Bildung, Politik und sogar manche kirchlichen Kreise durchdringt. Doch Christen sind nicht dem Chaos ausgeliefert. Wir sind berufen, mitten in dieser Verwirrung <strong>Baumeister des Reiches Gottes zu sein \u2013 nicht von Babel<\/strong>.<\/p>\n\n\n\n<p>Es geht nicht darum, zum Turm zur\u00fcckzukehren, sondern <strong>vom Hochmut herabzusteigen, das Herz f\u00fcr die Gnade zu \u00f6ffnen und die Sprache des Geistes zu sprechen: Wahrheit in Liebe.<\/strong><\/p>\n\n\n\n<blockquote class=\"wp-block-quote is-layout-flow wp-block-quote-is-layout-flow\">\n<p><em>\u201eWenn der Herr das Haus nicht baut, m\u00fchen sich die Bauleute umsonst.\u201c<\/em> (Ps 127,1)<\/p>\n<\/blockquote>\n\n\n\n<hr class=\"wp-block-separator has-alpha-channel-opacity\"\/>\n\n\n\n<h3 class=\"wp-block-heading\">Schlussgebet<\/h3>\n\n\n\n<blockquote class=\"wp-block-quote is-layout-flow wp-block-quote-is-layout-flow\">\n<p><strong>Herr, befreie uns vom Hochmut Babels. Gib uns den Geist von Pfingsten. Lehre uns, in Deiner Wahrheit zu sprechen, zu leben und zu lieben. Amen.<\/strong><\/p>\n<\/blockquote>\n\n\n\n<hr class=\"wp-block-separator has-alpha-channel-opacity\"\/>\n\n\n\n<p>M\u00f6chtest du eine Welt voller Sinn? <strong>Dann fang damit an, die Worte so zu benutzen, wie Gott sie benutzt<\/strong>: um zu schaffen, zu lieben und zu retten.<\/p>\n\n\n\n<p><strong>Baue keinen neuen Turm. Erhebe dein Herz.<\/strong><\/p>\n","protected":false},"excerpt":{"rendered":"<p>Einleitung: Bauen wir heute einen neuen Turm zu Babel? In einer hypervernetzten Welt, in der jedes Wort in Sekundenschnelle um den Globus geht, k\u00f6nnte man meinen, wir h\u00e4tten uns nie besser verstanden. Und doch haben wir uns vielleicht nie so unverstanden, gespalten und verwirrt gef\u00fchlt wie heute. Wir sprechen dieselbe Sprache \u2013 zumindest glauben wir &hellip;<\/p>\n","protected":false},"author":3,"featured_media":3848,"comment_status":"open","ping_status":"open","sticky":false,"template":"","format":"standard","meta":{"_seopress_robots_primary_cat":"","_seopress_titles_title":"","_seopress_titles_desc":"","_seopress_robots_index":"","footnotes":""},"categories":[41,66],"tags":[1283],"class_list":["post-3847","post","type-post","status-publish","format-standard","has-post-thumbnail","","category-glaube-und-kultur","category-populaerkultur-und-katholizismus","tag-turm-zu-babel"],"_links":{"self":[{"href":"https:\/\/catholicus.eu\/de\/wp-json\/wp\/v2\/posts\/3847","targetHints":{"allow":["GET"]}}],"collection":[{"href":"https:\/\/catholicus.eu\/de\/wp-json\/wp\/v2\/posts"}],"about":[{"href":"https:\/\/catholicus.eu\/de\/wp-json\/wp\/v2\/types\/post"}],"author":[{"embeddable":true,"href":"https:\/\/catholicus.eu\/de\/wp-json\/wp\/v2\/users\/3"}],"replies":[{"embeddable":true,"href":"https:\/\/catholicus.eu\/de\/wp-json\/wp\/v2\/comments?post=3847"}],"version-history":[{"count":1,"href":"https:\/\/catholicus.eu\/de\/wp-json\/wp\/v2\/posts\/3847\/revisions"}],"predecessor-version":[{"id":3849,"href":"https:\/\/catholicus.eu\/de\/wp-json\/wp\/v2\/posts\/3847\/revisions\/3849"}],"wp:featuredmedia":[{"embeddable":true,"href":"https:\/\/catholicus.eu\/de\/wp-json\/wp\/v2\/media\/3848"}],"wp:attachment":[{"href":"https:\/\/catholicus.eu\/de\/wp-json\/wp\/v2\/media?parent=3847"}],"wp:term":[{"taxonomy":"category","embeddable":true,"href":"https:\/\/catholicus.eu\/de\/wp-json\/wp\/v2\/categories?post=3847"},{"taxonomy":"post_tag","embeddable":true,"href":"https:\/\/catholicus.eu\/de\/wp-json\/wp\/v2\/tags?post=3847"}],"curies":[{"name":"wp","href":"https:\/\/api.w.org\/{rel}","templated":true}]}}