{"id":3743,"date":"2025-05-11T14:23:12","date_gmt":"2025-05-11T12:23:12","guid":{"rendered":"https:\/\/catholicus.eu\/de\/?p=3743"},"modified":"2025-05-11T14:23:12","modified_gmt":"2025-05-11T12:23:12","slug":"fides-et-ratio-glaube-und-vernunft-eine-ewige-umarmung-fuer-die-nach-wahrheit-duerstende-seele","status":"publish","type":"post","link":"https:\/\/catholicus.eu\/de\/fides-et-ratio-glaube-und-vernunft-eine-ewige-umarmung-fuer-die-nach-wahrheit-duerstende-seele\/","title":{"rendered":"Fides et Ratio, Glaube und Vernunft: Eine ewige Umarmung f\u00fcr die nach Wahrheit d\u00fcrstende Seele"},"content":{"rendered":"\n<p><em>&#8222;Der Gerechte wird aus Glauben leben&#8220;<\/em>&nbsp;(R\u00f6mer 1,17). Mit diesen Worten erinnert uns der heilige Paulus daran, dass der Glaube kein Sprung ins Dunkle ist, sondern ein von der Vernunft erleuchteter Weg &#8211; eine g\u00f6ttliche Gabe, die es uns erm\u00f6glicht, Gott mit unserem ganzen Sein zu suchen, zu verstehen und zu lieben. Doch wie steht Glaube und Vernunft zueinander? Sind sie Feinde, wie manche heute glauben, oder untrennbare Verb\u00fcndete auf der Suche nach der Wahrheit?<\/p>\n\n\n\n<p>In einer Welt, wo Relativismus und Misstrauen gegen\u00fcber der Religion wachsen, bietet uns die katholische Kirche eine zeitlose Lehre an: Glaube und Vernunft widersprechen sich nicht, sondern erg\u00e4nzen sich wie zwei Fl\u00fcgel, die die Seele zu Gott emporheben. Dies ist das Herzst\u00fcck der Enzyklika&nbsp;<em>Fides et Ratio<\/em>&nbsp;(Glaube und Vernunft) von Johannes Paul II., ein lehramtliches Dokument, das jeder Katholik kennen sollte, um sich gegen moderne Irrt\u00fcmer zu wappnen und einen gefestigten, intelligenten und verwandelnden Glauben zu leben.<\/p>\n\n\n\n<h2 class=\"wp-block-heading\"><strong>I. Glaube und Vernunft: Ein g\u00f6ttliches B\u00fcndnis<\/strong><\/h2>\n\n\n\n<p>Seit den fr\u00fchesten Jahrhunderten lehrt die Kirche, dass die menschliche Vernunft, erleuchtet durch die Gnade, grundlegende Wahrheiten \u00fcber Gott, den Menschen und die Welt erkennen kann. Die Kirchenv\u00e4ter wie Augustinus und gro\u00dfe Theologen wie Thomas von Aquin zeigten, dass der Glaube den Verstand nicht ausschaltet, sondern vollendet.<\/p>\n\n\n\n<p>Gott hat uns zwei B\u00fccher gegeben, um ihn zu erkennen:<\/p>\n\n\n\n<ol start=\"1\" class=\"wp-block-list\">\n<li><strong>Das Buch der Sch\u00f6pfung (Vernunft)<\/strong>:\u00a0<em>&#8222;Die Himmel erz\u00e4hlen die Herrlichkeit Gottes&#8220;<\/em>\u00a0(Psalm 19,2). Philosophie und Wissenschaften, richtig verstanden, f\u00fchren uns dazu, den Sch\u00f6pfer zu erahnen.<\/li>\n\n\n\n<li><strong>Das Buch der Offenbarung (Glaube)<\/strong>: Die Heilige Schrift und die Tradition offenbaren uns das Antlitz Christi, das fleischgewordene Wort (Johannes 1,14).<\/li>\n<\/ol>\n\n\n\n<p>Wenn der Mensch einen dieser Wege ablehnt, verf\u00e4llt er gef\u00e4hrlichen Extremen:<\/p>\n\n\n\n<ul class=\"wp-block-list\">\n<li><strong>Rationalismus<\/strong>: Will alles allein durch die Vernunft erkl\u00e4ren und leugnet das \u00dcbernat\u00fcrliche.<\/li>\n\n\n\n<li><strong>Fideismus<\/strong>: Verachtet die Vernunft und reduziert den Glauben auf irrationales Gef\u00fchl.<\/li>\n<\/ul>\n\n\n\n<p>Der wahre katholische Glaube vermeidet beide Irrt\u00fcmer. Wie Johannes Paul II. sagte:&nbsp;<em>&#8222;Glaube und Vernunft sind wie die beiden Fl\u00fcgel, mit denen sich der menschliche Geist zur Betrachtung der Wahrheit erhebt&#8220;<\/em>&nbsp;(<em>Fides et Ratio<\/em>, Prolog).<\/p>\n\n\n\n<h2 class=\"wp-block-heading\"><strong>II. Die moderne Krise: Wenn sich die Vernunft gegen den Glauben auflehnt<\/strong><\/h2>\n\n\n\n<p>Heute leben wir im Zeitalter der &#8222;Diktatur des Relativismus&#8220; (Benedikt XVI.), wo die objektive Wahrheit geleugnet wird. Viele denken:<\/p>\n\n\n\n<ul class=\"wp-block-list\">\n<li><em>&#8222;Religion ist nur f\u00fcr unintelligente Menschen&#8220;<\/em>\u00a0(der Mythos des aufgekl\u00e4rten Atheismus).<\/li>\n\n\n\n<li><em>&#8222;Wichtig ist nur, was du f\u00fchlst, nicht was die Kirche lehrt&#8220;<\/em>\u00a0(religi\u00f6ser Subjektivismus).<\/li>\n<\/ul>\n\n\n\n<p>Doch der katholische Glaube ist kein M\u00e4rchen, das Schwache tr\u00f6sten soll. Er ist die Antwort auf die tiefsten Fragen des Menschen:<\/p>\n\n\n\n<ul class=\"wp-block-list\">\n<li>Woher komme ich?<\/li>\n\n\n\n<li>Wozu existiere ich?<\/li>\n\n\n\n<li>Gibt es ein Leben nach dem Tod?<\/li>\n<\/ul>\n\n\n\n<p>Jesus sagte nicht:&nbsp;<em>&#8222;Glaub ohne zu denken&#8220;<\/em>, sondern:&nbsp;<em>&#8222;Du sollst den Herrn, deinen Gott, lieben mit ganzem Herzen, ganzer Seele und all deinen Gedanken&#8220;<\/em>&nbsp;(Matth\u00e4us 22,37). Der Glaube verlangt, dass wir unseren Verstand gebrauchen!<\/p>\n\n\n\n<h2 class=\"wp-block-heading\"><strong>III. Praktische Anwendungen: Wie man die Einheit von Glaube und Vernunft lebt<\/strong><\/h2>\n\n\n\n<h3 class=\"wp-block-heading\"><strong>1. Bilde deinen Verstand in der katholischen Lehre<\/strong><\/h3>\n\n\n\n<p>Es gen\u00fcgt nicht, Gott zu &#8222;f\u00fchlen&#8220;; wir m\u00fcssen ihn&nbsp;<em>erkennen<\/em>. Lies den Katechismus, studiere Apologetik, vertiefe dich in die thomistische Philosophie. Religi\u00f6se Unwissenheit ist der N\u00e4hrboden f\u00fcr Irrlehren.<\/p>\n\n\n\n<h3 class=\"wp-block-heading\"><strong>2. F\u00fcrchte dich nicht vor schwierigen Fragen<\/strong><\/h3>\n\n\n\n<p>Wenn du Glaubenszweifel hast, ignoriere sie nicht. Suche Antworten in guten B\u00fcchern, sprich mit einem gebildeten Priester, studiere die Argumente der Heiligen und Kirchenlehrer.<\/p>\n\n\n\n<h3 class=\"wp-block-heading\"><strong>3. Evangelisiere mit Vernunft und Liebe<\/strong><\/h3>\n\n\n\n<p>Viele vom Glauben Entfremdete halten das Christentum f\u00fcr irrational. Zeige ihnen, dass die Kirche Wissenschaft, Logik und Sch\u00f6nheit sch\u00e4tzt. Verwende stichhaltige Argumente wie Eucharistische Wunder oder erf\u00fcllte Prophezeiungen.<\/p>\n\n\n\n<h3 class=\"wp-block-heading\"><strong>4. Bete mit Verstand und Herz<\/strong><\/h3>\n\n\n\n<p>Gebet ist nicht nur Gef\u00fchl; es ist auch Nachdenken.&nbsp;<em>Lectio divina<\/em>, der Rosenkranz und Bibelstudium n\u00e4hren sowohl Intellekt als auch Geist.<\/p>\n\n\n\n<h2 class=\"wp-block-heading\"><strong>Schluss: Zu einem reifen und strahlenden Glauben<\/strong><\/h2>\n\n\n\n<p>In einer verwirrten Welt sind wir Katholiken berufen, Licht zu sein. Wir sind keine &#8222;blinden Gl\u00e4ubigen&#8220;, sondern J\u00fcnger Christi,&nbsp;<em>&#8222;des Weges, der Wahrheit und des Lebens&#8220;<\/em>&nbsp;(Johannes 14,6). Glaube ohne Vernunft wird zum Fanatismus; Vernunft ohne Glaube zum unfruchtbaren Skeptizismus. Doch wenn beide sich vereinen, findet die Seele Frieden und die Welt Hoffnung.<\/p>\n\n\n\n<p>M\u00f6ge die allerseligste Jungfrau Maria,&nbsp;<em>Sitz der Weisheit<\/em>, uns f\u00fchren, Gott mit unserem ganzen Sein zu lieben: mit erleuchtetem Verstand und brennendem Herzen.<\/p>\n\n\n\n<p><strong>Amen.<\/strong><\/p>\n\n\n\n<hr class=\"wp-block-separator has-alpha-channel-opacity\"\/>\n\n\n\n<p><em>Hat Ihnen dieser Artikel gefallen? Teilen Sie ihn und entdecken Sie weiter die Sch\u00f6nheit des katholischen Glaubens. Gott segne Sie!<\/em><\/p>\n","protected":false},"excerpt":{"rendered":"<p>&#8222;Der Gerechte wird aus Glauben leben&#8220;&nbsp;(R\u00f6mer 1,17). Mit diesen Worten erinnert uns der heilige Paulus daran, dass der Glaube kein Sprung ins Dunkle ist, sondern ein von der Vernunft erleuchteter Weg &#8211; eine g\u00f6ttliche Gabe, die es uns erm\u00f6glicht, Gott mit unserem ganzen Sein zu suchen, zu verstehen und zu lieben. Doch wie steht Glaube &hellip;<\/p>\n","protected":false},"author":3,"featured_media":3744,"comment_status":"open","ping_status":"open","sticky":false,"template":"","format":"standard","meta":{"_seopress_robots_primary_cat":"","_seopress_titles_title":"","_seopress_titles_desc":"","_seopress_robots_index":"","footnotes":""},"categories":[41,64],"tags":[1246,1247],"class_list":["post-3743","post","type-post","status-publish","format-standard","has-post-thumbnail","","category-glaube-und-kultur","category-wissenschaft-und-religion","tag-fides-et-ratio","tag-glaube-und-vernunft"],"_links":{"self":[{"href":"https:\/\/catholicus.eu\/de\/wp-json\/wp\/v2\/posts\/3743","targetHints":{"allow":["GET"]}}],"collection":[{"href":"https:\/\/catholicus.eu\/de\/wp-json\/wp\/v2\/posts"}],"about":[{"href":"https:\/\/catholicus.eu\/de\/wp-json\/wp\/v2\/types\/post"}],"author":[{"embeddable":true,"href":"https:\/\/catholicus.eu\/de\/wp-json\/wp\/v2\/users\/3"}],"replies":[{"embeddable":true,"href":"https:\/\/catholicus.eu\/de\/wp-json\/wp\/v2\/comments?post=3743"}],"version-history":[{"count":1,"href":"https:\/\/catholicus.eu\/de\/wp-json\/wp\/v2\/posts\/3743\/revisions"}],"predecessor-version":[{"id":3745,"href":"https:\/\/catholicus.eu\/de\/wp-json\/wp\/v2\/posts\/3743\/revisions\/3745"}],"wp:featuredmedia":[{"embeddable":true,"href":"https:\/\/catholicus.eu\/de\/wp-json\/wp\/v2\/media\/3744"}],"wp:attachment":[{"href":"https:\/\/catholicus.eu\/de\/wp-json\/wp\/v2\/media?parent=3743"}],"wp:term":[{"taxonomy":"category","embeddable":true,"href":"https:\/\/catholicus.eu\/de\/wp-json\/wp\/v2\/categories?post=3743"},{"taxonomy":"post_tag","embeddable":true,"href":"https:\/\/catholicus.eu\/de\/wp-json\/wp\/v2\/tags?post=3743"}],"curies":[{"name":"wp","href":"https:\/\/api.w.org\/{rel}","templated":true}]}}