{"id":3722,"date":"2025-05-09T23:06:11","date_gmt":"2025-05-09T21:06:11","guid":{"rendered":"https:\/\/catholicus.eu\/de\/?p=3722"},"modified":"2025-05-09T23:06:12","modified_gmt":"2025-05-09T21:06:12","slug":"die-kirche-veraendern-oder-sich-selbst-verwandeln-lassen-der-stille-kampf-um-die-seele-des-katholizismus-in-der-modernen-welt","status":"publish","type":"post","link":"https:\/\/catholicus.eu\/de\/die-kirche-veraendern-oder-sich-selbst-verwandeln-lassen-der-stille-kampf-um-die-seele-des-katholizismus-in-der-modernen-welt\/","title":{"rendered":"Die Kirche ver\u00e4ndern oder sich selbst verwandeln lassen? Der stille Kampf um die Seele des Katholizismus in der modernen Welt"},"content":{"rendered":"\n<p><strong>EINF\u00dcHRUNG: DER PERFEKTE STURM<\/strong><\/p>\n\n\n\n<p>Wir leben in einer Zeit, in der scheinbar alles verhandelbar ist: die Wahrheit, die Moral\u2026 sogar Gott. In einer Welt, die eine Freiheit ohne Wahrheit, eine Identit\u00e4t ohne Wurzeln und einen Fortschritt ohne Richtung verherrlicht, bleibt die katholische Kirche ein unbeirrbares Leuchtfeuer\u2026 oder sollte es zumindest sein. Doch etwas Beunruhigendes geschieht: Von den Medien \u00fcber soziale Ideologien bis hin zu Politikern und Influencern scheint sich vieles um ein einziges, hartn\u00e4ckiges Ziel zu drehen: <strong>die katholische Kirche zu ver\u00e4ndern<\/strong>.<\/p>\n\n\n\n<p>Aber warum dieses Interesse? Warum wird nicht versucht, andere Religionen mit der gleichen Intensit\u00e4t zu ver\u00e4ndern? Warum dieser Zwang, die Kirche zu zwingen, das zu akzeptieren, was ihrer Lehre nach unvereinbar ist? Dieser Artikel beleuchtet nicht nur den Hintergrund dieser kulturellen und geistigen Offensive, sondern bietet auch einen <strong>klaren und tiefgehenden Schl\u00fcssel zum Verst\u00e4ndnis<\/strong>, wie man mit Glauben, Klarheit und Liebe zur Wahrheit widerstehen kann.<\/p>\n\n\n\n<hr class=\"wp-block-separator has-alpha-channel-opacity\"\/>\n\n\n\n<h3 class=\"wp-block-heading\">1. <strong>EIN BLICK IN DIE GESCHICHTE: DIE KIRCHE UND DIE WELT VON ANFANG AN<\/strong><\/h3>\n\n\n\n<p>Seit ihrer Entstehung ist die Kirche ein <em>\u201eZeichen, dem widersprochen wird\u201c<\/em> (vgl. Lk 2,34). W\u00e4hrend das R\u00f6mische Reich Sklaverei, Abtreibung, sexuelle Freiz\u00fcgigkeit und absolute Macht f\u00f6rderte, verk\u00fcndete die Kirche Menschenw\u00fcrde, Keuschheit, Vergebung und Gehorsam gegen\u00fcber Gott statt gegen\u00fcber Menschen. Sie wurde verfolgt, verspottet, gemartert. Und dennoch wuchs sie.<\/p>\n\n\n\n<p>Im Laufe der Jahrhunderte widerstand die Kirche Reichen, Revolutionen, Spaltungen, Kriegen und Diktaturen. Nicht weil sie perfekt w\u00e4re (ihre Glieder sind es nicht), sondern weil sie von Christus selbst getragen wird: <em>\u201eDu bist Petrus, und auf diesen Felsen werde ich meine Kirche bauen, und die M\u00e4chte der Unterwelt werden sie nicht \u00fcberw\u00e4ltigen\u201c<\/em> (Mt 16,18).<\/p>\n\n\n\n<p><strong>Was also hat sich heute ge\u00e4ndert?<\/strong><\/p>\n\n\n\n<hr class=\"wp-block-separator has-alpha-channel-opacity\"\/>\n\n\n\n<h3 class=\"wp-block-heading\">2. <strong>EINE NEUE \u00c4RA DER BEEINFLUSSUNG UND DES DRUCKS<\/strong><\/h3>\n\n\n\n<p>Anstelle von r\u00f6mischen Arenen und L\u00f6wen kommt die Verfolgung heute in anderer Form: sensationsl\u00fcsterne Schlagzeilen, mediale L\u00e4cherlichmachung, Desinformationskampagnen, Manipulation von Synoden und Gremien, politischer und ideologischer Druck. Das Ziel: <strong>die Kirche soll nicht l\u00e4nger ein \u201eWiderspruch\u201c zur Welt sein, sondern deren Zustimmungssiegel werden<\/strong>.<\/p>\n\n\n\n<h4 class=\"wp-block-heading\">Wie \u00e4u\u00dfert sich das?<\/h4>\n\n\n\n<ul class=\"wp-block-list\">\n<li><strong>Die S\u00fcnde wird relativiert:<\/strong> \u201eGott ist Liebe\u201c, hei\u00dft es \u2013 doch man verschweigt, dass diese Liebe zur Umkehr ruft. S\u00fcnde wird nicht mehr benannt, sondern normalisiert. Alles wird kontextabh\u00e4ngig.<\/li>\n\n\n\n<li><strong>Dogmen sollen per Abstimmung ge\u00e4ndert werden:<\/strong> Als k\u00f6nne Wahrheit gew\u00e4hlt werden. Man will den Glauben \u201edemokratisieren\u201c, als w\u00e4re er ein politisches Programm.<\/li>\n\n\n\n<li><strong>Ehe und Sexualit\u00e4t werden neu definiert:<\/strong> Es wird Druck ausge\u00fcbt, gleichgeschlechtliche Verbindungen zu segnen, wiederverheirateten Geschiedenen die Kommunion zu erlauben, Keuschheit und Unaufl\u00f6slichkeit der Ehe zu verharmlosen.<\/li>\n\n\n\n<li><strong>Ein Christentum ohne Kreuz wird gef\u00f6rdert:<\/strong> Ein \u201eLight-Evangelium\u201c ohne Anforderungen, ohne Beichte, ohne H\u00f6lle, ohne geistlichen Kampf. Nur Inklusion, Empathie und emotionales Wohlf\u00fchlen.<\/li>\n<\/ul>\n\n\n\n<p>Hinter alldem steht eine klare Logik: <strong>Wenn die Kirche aufh\u00f6rt, die S\u00fcnde anzuprangern, wird die Welt aufh\u00f6ren, sich schuldig zu f\u00fchlen<\/strong>. Doch wozu dient eine Kirche, die der Welt so \u00e4hnlich wird, dass sie ihr nichts mehr zu sagen hat?<\/p>\n\n\n\n<hr class=\"wp-block-separator has-alpha-channel-opacity\"\/>\n\n\n\n<h3 class=\"wp-block-heading\">3. <strong>DIE THEOLOGIE DER UNVER\u00c4NDERLICHEN WAHRHEIT<\/strong><\/h3>\n\n\n\n<p>Der katholische Glaube ist kein menschliches Konstrukt, das beliebig modernisiert werden kann. Seine Dogmen sind keine kollektiven Meinungen, sondern von Gott geoffenbarte Wahrheiten. <em>\u201eJesus Christus ist derselbe \u2013 gestern, heute und in Ewigkeit\u201c<\/em> (Hebr 13,8). Und wie Er bleibt auch Seine Lehre unver\u00e4nderlich.<\/p>\n\n\n\n<p><strong>Kann sich ein Dogma \u00e4ndern? Nein.<\/strong> Es kann im Laufe der Zeit besser verstanden, klarer erkl\u00e4rt werden \u2013 aber niemals verneint oder ins Gegenteil verkehrt. Was einst S\u00fcnde war, bleibt S\u00fcnde. Was Wahrheit war, bleibt Wahrheit.<\/p>\n\n\n\n<p>Die Kirche ist kein Versuchslabor f\u00fcr soziale Experimente. Sie ist der Leib Christi. Wenn sie beginnt, sich der S\u00fcnde anzupassen, anstatt den S\u00fcnder zur Umkehr zu rufen, verliert sie ihr Salz (vgl. Mt 5,13).<\/p>\n\n\n\n<hr class=\"wp-block-separator has-alpha-channel-opacity\"\/>\n\n\n\n<h3 class=\"wp-block-heading\">4. <strong>WARUM WILL MAN SIE WIRKLICH VER\u00c4NDERN?<\/strong><\/h3>\n\n\n\n<h4 class=\"wp-block-heading\">a. <strong>Weil sie das Gewissen st\u00f6rt<\/strong><\/h4>\n\n\n\n<p>Solange es eine Institution gibt, die sagt \u201edas ist S\u00fcnde\u201c, k\u00f6nnen viele Ideologien nicht ungest\u00f6rt existieren. Die Kirche erinnert daran, dass nicht alles erlaubt ist, dass Gut und B\u00f6se existieren. Das st\u00f6rt.<\/p>\n\n\n\n<h4 class=\"wp-block-heading\">b. <strong>Weil sie eine unersch\u00fctterliche moralische Bastion ist<\/strong><\/h4>\n\n\n\n<p>In einer Welt, in der alles verhandelbar ist, ist die Kirche (oder sollte es sein) die einzige Stimme, die nicht nachgibt. Deshalb will man sie zum Schweigen bringen. Wenn sie f\u00e4llt, f\u00e4llt alles.<\/p>\n\n\n\n<h4 class=\"wp-block-heading\">c. <strong>Weil Christus die Wahrheit ist<\/strong><\/h4>\n\n\n\n<p>Und die moderne Welt duldet keine absoluten Wahrheiten. Sie bevorzugt Grauzonen, individuelle Erz\u00e4hlungen, \u201emeine Wahrheit\u201c. Doch Christus sagte nicht: \u201eIch bin eine Option\u201c, sondern <strong>\u201eIch bin die Wahrheit\u201c<\/strong> (Joh 14,6). Deshalb richtet sich der Angriff nicht nur gegen die Kirche, sondern <strong>gegen Christus selbst<\/strong>.<\/p>\n\n\n\n<hr class=\"wp-block-separator has-alpha-channel-opacity\"\/>\n\n\n\n<h3 class=\"wp-block-heading\">5. <strong>WIE DIE GL\u00c4UBIGEN REAGIEREN SOLLEN<\/strong><\/h3>\n\n\n\n<p>Wir sind nicht dazu berufen, tatenlos zuzusehen oder in ideologische K\u00e4mpfe zu verfallen. Wir sind dazu berufen, <strong>den Glauben mit Liebe, Festigkeit und Wahrheit zu leben, zu verteidigen und zu verk\u00fcnden<\/strong>.<\/p>\n\n\n\n<h4 class=\"wp-block-heading\">a. <strong>Sich in der Wahrheit bilden<\/strong><\/h4>\n\n\n\n<p>Man kann nur verteidigen, was man kennt. Den Katechismus lesen, die Heilige Schrift studieren, die Lehrdokumente kennen. Unkenntnis des Glaubens ist ein fruchtbarer Boden f\u00fcr Irrtum.<\/p>\n\n\n\n<h4 class=\"wp-block-heading\">b. <strong>Den Glauben koh\u00e4rent leben<\/strong><\/h4>\n\n\n\n<p>Unsere Taten sollen widerspiegeln, was wir glauben. Wir sollen lebendige Zeugnisse der Wahrheit sein. In einer durstigen Welt ist eine treue katholische Familie ein leuchtender Skandal.<\/p>\n\n\n\n<h4 class=\"wp-block-heading\">c. <strong>Dem sozialen Druck nicht nachgeben<\/strong><\/h4>\n\n\n\n<p>Ein authentischer Katholik zu sein ist heute gegen den Strom. Aber wir sind nicht allein. Gott gibt die Gnade zum Widerstand. Und unsere Treue kann Seelen retten.<\/p>\n\n\n\n<h4 class=\"wp-block-heading\">d. <strong>F\u00fcr die Kirche und ihre Hirten beten<\/strong><\/h4>\n\n\n\n<p>Viele sind versucht zu schweigen, nachzugeben, zu verhandeln. Sie brauchen unser Gebet. Der heilige Pfarrer von Ars sagte: <em>\u201eNach Gott ist der Priester alles.\u201c<\/em> Wenn er f\u00e4llt, fallen viele mit ihm.<\/p>\n\n\n\n<hr class=\"wp-block-separator has-alpha-channel-opacity\"\/>\n\n\n\n<h3 class=\"wp-block-heading\">6. <strong>EINE TREUE KIRCHE HEUTE \u2013 EINE GERETTETE WELT MORGEN<\/strong><\/h3>\n\n\n\n<p>Die Kirche braucht keine <em>Updates<\/em>, die ihre Identit\u00e4t verw\u00e4ssern. Sie braucht <strong>Heilige<\/strong>, M\u00e4rtyrer, Seelen, die die Wahrheit mehr lieben als ihren Ruf. Heute mehr denn je braucht die Welt eine Kirche, die ihr zeigt, dass sie <strong>nicht Gott ist<\/strong>.<\/p>\n\n\n\n<p>Chesterton sagte: <em>\u201eJede Generation wird von einer kleinen Anzahl von Menschen gerettet, die den Mut haben, nicht wie ihre Zeit zu sein.\u201c<\/em> Die Frage ist: <strong>Wirst du dazugeh\u00f6ren?<\/strong><\/p>\n\n\n\n<hr class=\"wp-block-separator has-alpha-channel-opacity\"\/>\n\n\n\n<p><strong>SCHLUSSFOLGERUNG: DER EWIGE \u00c4NDERT SICH NICHT \u2013 DIE HERZEN M\u00dcSSEN SICH \u00c4NDERN<\/strong><\/p>\n\n\n\n<p>Die moderne Welt will die Kirche ver\u00e4ndern, weil sie \u2013 vielleicht unbewusst \u2013 ahnt, dass <strong>die Kirche die Welt ver\u00e4ndern kann<\/strong>. Das ist die wahre Bedrohung. Doch dieser Widerstand soll uns nicht erschrecken, sondern st\u00e4rken.<\/p>\n\n\n\n<p>Christus hat uns nicht dazu berufen, der Welt zu gefallen, sondern sie zu retten. Er hat uns nicht gesandt, die Wahrheit zu diskutieren, sondern <strong>sie mit brennendem Herzen und sanfter Seele zu verk\u00fcnden<\/strong>.<\/p>\n\n\n\n<p>Die Kirche ist kein Club. Sie ist die Arche des Heils. Sie soll nicht den Str\u00f6mungen der Welt folgen, sondern \u00fcber ihnen segeln \u2013 <strong>mit Christus an Bord<\/strong>.<\/p>\n\n\n\n<p><strong>Und du \u2013 wirst du mit ihr segeln oder von der Welle mitgerissen werden?<\/strong><\/p>\n","protected":false},"excerpt":{"rendered":"<p>EINF\u00dcHRUNG: DER PERFEKTE STURM Wir leben in einer Zeit, in der scheinbar alles verhandelbar ist: die Wahrheit, die Moral\u2026 sogar Gott. In einer Welt, die eine Freiheit ohne Wahrheit, eine Identit\u00e4t ohne Wurzeln und einen Fortschritt ohne Richtung verherrlicht, bleibt die katholische Kirche ein unbeirrbares Leuchtfeuer\u2026 oder sollte es zumindest sein. Doch etwas Beunruhigendes geschieht: &hellip;<\/p>\n","protected":false},"author":3,"featured_media":3723,"comment_status":"open","ping_status":"open","sticky":false,"template":"","format":"standard","meta":{"_seopress_robots_primary_cat":"","_seopress_titles_title":"","_seopress_titles_desc":"","_seopress_robots_index":"","footnotes":""},"categories":[41,66],"tags":[1237],"class_list":["post-3722","post","type-post","status-publish","format-standard","has-post-thumbnail","","category-glaube-und-kultur","category-populaerkultur-und-katholizismus","tag-die-katholische-kirche-zu-veraendern"],"_links":{"self":[{"href":"https:\/\/catholicus.eu\/de\/wp-json\/wp\/v2\/posts\/3722","targetHints":{"allow":["GET"]}}],"collection":[{"href":"https:\/\/catholicus.eu\/de\/wp-json\/wp\/v2\/posts"}],"about":[{"href":"https:\/\/catholicus.eu\/de\/wp-json\/wp\/v2\/types\/post"}],"author":[{"embeddable":true,"href":"https:\/\/catholicus.eu\/de\/wp-json\/wp\/v2\/users\/3"}],"replies":[{"embeddable":true,"href":"https:\/\/catholicus.eu\/de\/wp-json\/wp\/v2\/comments?post=3722"}],"version-history":[{"count":1,"href":"https:\/\/catholicus.eu\/de\/wp-json\/wp\/v2\/posts\/3722\/revisions"}],"predecessor-version":[{"id":3724,"href":"https:\/\/catholicus.eu\/de\/wp-json\/wp\/v2\/posts\/3722\/revisions\/3724"}],"wp:featuredmedia":[{"embeddable":true,"href":"https:\/\/catholicus.eu\/de\/wp-json\/wp\/v2\/media\/3723"}],"wp:attachment":[{"href":"https:\/\/catholicus.eu\/de\/wp-json\/wp\/v2\/media?parent=3722"}],"wp:term":[{"taxonomy":"category","embeddable":true,"href":"https:\/\/catholicus.eu\/de\/wp-json\/wp\/v2\/categories?post=3722"},{"taxonomy":"post_tag","embeddable":true,"href":"https:\/\/catholicus.eu\/de\/wp-json\/wp\/v2\/tags?post=3722"}],"curies":[{"name":"wp","href":"https:\/\/api.w.org\/{rel}","templated":true}]}}