{"id":3697,"date":"2025-05-07T21:13:17","date_gmt":"2025-05-07T19:13:17","guid":{"rendered":"https:\/\/catholicus.eu\/de\/?p=3697"},"modified":"2025-05-07T21:13:18","modified_gmt":"2025-05-07T19:13:18","slug":"schwarzer-rauch-wenn-der-heilige-geist-sich-noch-nicht-geaeussert-hat","status":"publish","type":"post","link":"https:\/\/catholicus.eu\/de\/schwarzer-rauch-wenn-der-heilige-geist-sich-noch-nicht-geaeussert-hat\/","title":{"rendered":"Schwarzer Rauch: Wenn der Heilige Geist sich noch nicht ge\u00e4u\u00dfert hat"},"content":{"rendered":"\n<h3 class=\"wp-block-heading\">Einleitung: Ein Rauch, der mehr ist als nur ein Zeichen<\/h3>\n\n\n\n<p>Im Herzen Roms, auf dem Dach der Sixtinischen Kapelle, zieht ein kleiner Schornstein f\u00fcr ein paar Tage die Aufmerksamkeit der ganzen Welt auf sich. Von dort kann wei\u00dfer Rauch aufsteigen\u2026 oder <strong>schwarzer Rauch<\/strong>. Und w\u00e4hrend viele dies einfach als Zeichen \u201enoch kein Papst\u201c deuten, erkennt <strong>das Auge des Glaubens<\/strong> darin viel mehr: einen Aufruf zur Unterscheidung, eine vom Himmel geschenkte Pause, eine Einladung zum Warten.<\/p>\n\n\n\n<p>Doch was bedeutet schwarzer Rauch wirklich? Was lehrt uns die Kirche durch dieses alte Zeichen? Wie kann es uns spirituell helfen, wenn es auch in unserem eigenen Leben scheint, als g\u00e4be es \u201enoch keine Antwort\u201c? Dieser Artikel nimmt Sie mit ins Herz des Konklaves\u2026 und ins Herz Ihrer Seele.<\/p>\n\n\n\n<hr class=\"wp-block-separator has-alpha-channel-opacity\"\/>\n\n\n\n<h2 class=\"wp-block-heading\">I. Geschichte des schwarzen Rauchs: Ein sprechender Rauch<\/h2>\n\n\n\n<h3 class=\"wp-block-heading\">1. Eine alte Sprache im Herzen des Vatikans<\/h3>\n\n\n\n<p>Die Verwendung von Rauch zur Verk\u00fcndigung der Ergebnisse eines Konklaves ist nicht so alt wie die Papstwahl selbst, spricht aber seit Jahrhunderten kraftvoll zu uns. Bereits im 15. Jahrhundert findet man Hinweise auf das Verbrennen der Stimmzettel bei einem Konklave. Doch <strong>die klare Unterscheidung zwischen wei\u00dfem und schwarzem Rauch<\/strong> wurde erst mit dem Konklave von 1878 eingef\u00fchrt, als das Bed\u00fcrfnis entstand, besser mit der Menge auf dem Petersplatz zu kommunizieren.<\/p>\n\n\n\n<p>Ab 1958, bei der Wahl Johannes XXIII., f\u00fcgte man <strong>chemische Zus\u00e4tze<\/strong> zur Verbrennung hinzu, um die Farbdifferenz klar zu machen: Schwarz, wenn kein Papst gew\u00e4hlt wurde; Wei\u00df, wenn die Kirche einen neuen Papst hat.<\/p>\n\n\n\n<h3 class=\"wp-block-heading\">2. Aber\u2026 warum Rauch?<\/h3>\n\n\n\n<p>Weil Rauch, wie in vielen biblischen Realit\u00e4ten, <strong>eine immense symbolische Bedeutung<\/strong> hat: Er erinnert an die Wolke am Sinai (Ex 19,18), an den Tempel-Weihrauch, der wie ein Gebet aufsteigt (Ps 141,2), oder an die Rauchs\u00e4ule, die das Volk in der W\u00fcste f\u00fchrte (Ex 13,21). Aber in <strong>schwarz<\/strong>, ist die Botschaft eindeutig: <strong>Noch nicht<\/strong>. Es ist noch nicht an der Zeit, voranzugehen. Die Unterscheidung ist im Gange. Der Heilige Geist hat sein Zeichen noch nicht gegeben.<\/p>\n\n\n\n<hr class=\"wp-block-separator has-alpha-channel-opacity\"\/>\n\n\n\n<h2 class=\"wp-block-heading\">II. Theologische Bedeutung des schwarzen Rauchs<\/h2>\n\n\n\n<h3 class=\"wp-block-heading\">1. Noch keine Wahl<\/h3>\n\n\n\n<p>Schwarzer Rauch ist <strong>kein Scheitern<\/strong>; er ist ein Raum der Treue. Er erinnert uns daran, dass die Kardin\u00e4le im Konklave <strong>dem menschlichen Druck nicht nachgeben d\u00fcrfen<\/strong>, sondern sich dem Hauch des Heiligen Geistes unterwerfen sollen. Und manchmal braucht dieser Hauch <strong>Zeit<\/strong>, weil die Herzen erst mit dem g\u00f6ttlichen Willen in Einklang gebracht werden m\u00fcssen.<\/p>\n\n\n\n<p>In der Theologie nennt man dies die <strong>kirchliche Unterscheidung<\/strong>. Es ist eine konkrete Weise, wie die Kirche ihre Bereitschaft zeigt, dem Geist zu folgen. Der Papst wird nicht nach \u201ePopularit\u00e4t\u201c oder \u201eStrategie\u201c gew\u00e4hlt, sondern nach dem Willen Gottes. Und dieser Prozess erfordert Gebet, H\u00f6ren, Stille\u2026 und sogar Meinungsverschiedenheiten.<\/p>\n\n\n\n<h3 class=\"wp-block-heading\">2. Der Geist spricht nicht immer sofort<\/h3>\n\n\n\n<p>Viele wundern sich, dass der Heilige Geist sich \u201enoch nicht ge\u00e4u\u00dfert hat\u201c. Doch die Heilsgeschichte ist voller Momente, in denen <strong>Gott sich Zeit l\u00e4sst<\/strong>. Wie als Jesus \u201enoch zwei Tage dort blieb\u201c, bevor er Lazarus auferweckte (vgl. Joh 11,6). Oder als der Prophet Elija Gottes Stimme <strong>nicht im Donner oder im Feuer<\/strong>, sondern im \u201esanften S\u00e4useln\u201c fand (1 K\u00f6n 19,12).<\/p>\n\n\n\n<p>Schwarzer Rauch ist die Zeit des S\u00e4uselns.<\/p>\n\n\n\n<hr class=\"wp-block-separator has-alpha-channel-opacity\"\/>\n\n\n\n<h2 class=\"wp-block-heading\">III. Spirituelle Anwendung: Wenn deine Seele im schwarzen Rauch steht<\/h2>\n\n\n\n<h3 class=\"wp-block-heading\">1. Auf Gott zu warten ist keine Zeitverschwendung<\/h3>\n\n\n\n<p>Wie oft bitten wir im Gebet um etwas und\u2026 nichts geschieht? Wir bitten um Klarheit, einen Weg, eine Entscheidung. Und alles, was wir bekommen, ist schwarzer Rauch. Das bedeutet nicht, dass Gott uns verlassen hat. Es bedeutet, dass <strong>Er noch dabei ist, das Herz zu formen<\/strong>, das seinen Willen aufnehmen soll.<\/p>\n\n\n\n<blockquote class=\"wp-block-quote is-layout-flow wp-block-quote-is-layout-flow\">\n<p><em>\u201eHoffe auf den Herrn und sei stark! Hab festen Mut, und hoffe auf den Herrn!\u201c<\/em> (Psalm 27,14)<\/p>\n<\/blockquote>\n\n\n\n<p>Der schwarze Rauch in deiner Seele ist oft der fruchtbarste Moment. Auch wenn es nicht so aussieht.<\/p>\n\n\n\n<h3 class=\"wp-block-heading\">2. Unterscheidung ist eine Kunst, die Dunkelheit braucht<\/h3>\n\n\n\n<p>Man unterscheidet nicht im grellen Licht. Die gro\u00dfen spirituellen Entscheidungen, wie jene in einem Konklave, entstehen <strong>in der D\u00e4mmerung der Seele<\/strong>, wenn alles verschwommen scheint. Der hl. Johannes vom Kreuz sprach von der \u201edunklen Nacht\u201c als einem notwendigen \u00dcbergang zur Vereinigung mit Gott. Der schwarze Rauch symbolisiert diese Nacht.<\/p>\n\n\n\n<p>F\u00fcrchte sie nicht. \u00dcbereile sie nicht. <strong>Lebe sie im Glauben.<\/strong><\/p>\n\n\n\n<hr class=\"wp-block-separator has-alpha-channel-opacity\"\/>\n\n\n\n<h2 class=\"wp-block-heading\">IV. Theologisch-pastorale praktische Anleitung: Wie du deinen eigenen schwarzen Rauch leben kannst<\/h2>\n\n\n\n<h3 class=\"wp-block-heading\">Schritt 1: Akzeptiere, nicht sofort alles zu verstehen<\/h3>\n\n\n\n<p>Viele Gl\u00e4ubige leben einen \u00e4ngstlichen Glauben, st\u00e4ndig auf der Suche nach sofortigen Gewissheiten. Doch die katholische Spiritualit\u00e4t lehrt uns, dass es einen Wert hat, <strong>im Schweigen zu warten<\/strong>, wie Maria unter dem Kreuz. <strong>Nicht alles kl\u00e4rt sich an einem Tag.<\/strong><\/p>\n\n\n\n<blockquote class=\"wp-block-quote is-layout-flow wp-block-quote-is-layout-flow\">\n<p><em>\u201eIn Umkehr und Ruhe liegt eure Rettung, im Stillsein und Vertrauen eure St\u00e4rke.\u201c<\/em> (Jes 30,15)<\/p>\n<\/blockquote>\n\n\n\n<h3 class=\"wp-block-heading\">Schritt 2: Triff keine endg\u00fcltigen Entscheidungen im Nebel<\/h3>\n\n\n\n<p>Der schwarze Rauch ist ein Symbol f\u00fcr <strong>einen laufenden Prozess<\/strong>, nicht f\u00fcr ein Ende. Handle nicht impulsiv, wenn alles unklar ist. Bleibe wie die Kardin\u00e4le <strong>im Abendmahlssaal deiner Seele<\/strong>, eingeschlossen mit dem Geist und im Gebet.<\/p>\n\n\n\n<h3 class=\"wp-block-heading\">Schritt 3: Bete mit anderen<\/h3>\n\n\n\n<p>Das Konklave ist keine Einzelleistung. Dein geistliches Leben auch nicht. Suche einen Beichtvater, einen geistlichen Begleiter, eine Glaubensgemeinschaft. Wo zwei oder drei versammelt sind\u2026 <strong>weht der Geist<\/strong>.<\/p>\n\n\n\n<h3 class=\"wp-block-heading\">Schritt 4: Pr\u00fcfe deinen Willen: Willst du wirklich, was Gott will?<\/h3>\n\n\n\n<p>Manchmal kommt der schwarze Rauch nicht von Gott, sondern von deinem eigenen Widerstand. Es ist dein Herz, das sich dem, was Gott dir bereits gezeigt hat, widersetzt. Bitte um die Gnade, aufrichtig sagen zu k\u00f6nnen: <em>\u201eDein Wille geschehe\u201c<\/em>, auch wenn es weh tut.<\/p>\n\n\n\n<h3 class=\"wp-block-heading\">Schritt 5: Lerne zu erkennen, wann der wei\u00dfe Rauch kommt<\/h3>\n\n\n\n<p>Ja, er wird kommen! Fr\u00fcher oder sp\u00e4ter wird der wei\u00dfe Rauch des inneren Friedens, der Klarheit, des Lichts erscheinen. Aber <strong>nur, wenn du in der Dunkelheit treu warst<\/strong>. Wie die Kardin\u00e4le, die weiterhin abstimmen, im Vertrauen darauf, dass Gott sich niemals irrt.<\/p>\n\n\n\n<hr class=\"wp-block-separator has-alpha-channel-opacity\"\/>\n\n\n\n<h2 class=\"wp-block-heading\">V. Mehr denn je: Schwarzer Rauch f\u00fcr eine ungeduldige Welt<\/h2>\n\n\n\n<p>Wir leben in einer Gesellschaft, die das Sofortige verg\u00f6ttert. Wir wollen sofortige Antworten, sofortige Befriedigung, L\u00f6sungen ohne Prozess. Der schwarze Rauch ruft uns zu: <strong>Warte!<\/strong><\/p>\n\n\n\n<p>Die Kirche, mit ihrer jahrtausendealten Weisheit, lehrt die Welt, dass <strong>Warten kein Passivsein, sondern aktives Vertrauen<\/strong> ist. Dass der Geist nicht erzwungen werden kann. Dass das Reich Gottes nicht in Angst, sondern im betenden Ausharren w\u00e4chst.<\/p>\n\n\n\n<hr class=\"wp-block-separator has-alpha-channel-opacity\"\/>\n\n\n\n<h3 class=\"wp-block-heading\">Schluss: Wenn der Himmel noch nicht \u201eJa\u201c gesagt hat<\/h3>\n\n\n\n<p>Das n\u00e4chste Mal, wenn du schwarzen Rauch siehst \u2013 in Rom oder in deinem eigenen Herzen \u2013 erinnere dich: <strong>Gott handelt<\/strong>. Auch wenn du es nicht siehst. Auch wenn der Rauch dir die Sicht nimmt. Auch wenn es noch keinen Papst gibt. Auch wenn du noch keine Antwort hast.<\/p>\n\n\n\n<p>Denn Gott kommt nie zu sp\u00e4t. Er kommt <strong>wenn alles bereit ist<\/strong>. Wie zu Pfingsten, als nach vielen Tagen im Abendmahlssaal <strong>das Feuer herabkam<\/strong>.<\/p>\n\n\n\n<p>Und dann: wei\u00dfer Rauch.<\/p>\n","protected":false},"excerpt":{"rendered":"<p>Einleitung: Ein Rauch, der mehr ist als nur ein Zeichen Im Herzen Roms, auf dem Dach der Sixtinischen Kapelle, zieht ein kleiner Schornstein f\u00fcr ein paar Tage die Aufmerksamkeit der ganzen Welt auf sich. Von dort kann wei\u00dfer Rauch aufsteigen\u2026 oder schwarzer Rauch. Und w\u00e4hrend viele dies einfach als Zeichen \u201enoch kein Papst\u201c deuten, erkennt &hellip;<\/p>\n","protected":false},"author":3,"featured_media":3698,"comment_status":"open","ping_status":"open","sticky":false,"template":"","format":"standard","meta":{"_seopress_robots_primary_cat":"","_seopress_titles_title":"","_seopress_titles_desc":"","_seopress_robots_index":"","footnotes":""},"categories":[48,38],"tags":[1227],"class_list":["post-3697","post","type-post","status-publish","format-standard","has-post-thumbnail","","category-geschichte-der-kirche","category-geschichte-und-tradition","tag-schwarzer-rauch"],"_links":{"self":[{"href":"https:\/\/catholicus.eu\/de\/wp-json\/wp\/v2\/posts\/3697","targetHints":{"allow":["GET"]}}],"collection":[{"href":"https:\/\/catholicus.eu\/de\/wp-json\/wp\/v2\/posts"}],"about":[{"href":"https:\/\/catholicus.eu\/de\/wp-json\/wp\/v2\/types\/post"}],"author":[{"embeddable":true,"href":"https:\/\/catholicus.eu\/de\/wp-json\/wp\/v2\/users\/3"}],"replies":[{"embeddable":true,"href":"https:\/\/catholicus.eu\/de\/wp-json\/wp\/v2\/comments?post=3697"}],"version-history":[{"count":1,"href":"https:\/\/catholicus.eu\/de\/wp-json\/wp\/v2\/posts\/3697\/revisions"}],"predecessor-version":[{"id":3699,"href":"https:\/\/catholicus.eu\/de\/wp-json\/wp\/v2\/posts\/3697\/revisions\/3699"}],"wp:featuredmedia":[{"embeddable":true,"href":"https:\/\/catholicus.eu\/de\/wp-json\/wp\/v2\/media\/3698"}],"wp:attachment":[{"href":"https:\/\/catholicus.eu\/de\/wp-json\/wp\/v2\/media?parent=3697"}],"wp:term":[{"taxonomy":"category","embeddable":true,"href":"https:\/\/catholicus.eu\/de\/wp-json\/wp\/v2\/categories?post=3697"},{"taxonomy":"post_tag","embeddable":true,"href":"https:\/\/catholicus.eu\/de\/wp-json\/wp\/v2\/tags?post=3697"}],"curies":[{"name":"wp","href":"https:\/\/api.w.org\/{rel}","templated":true}]}}