{"id":3594,"date":"2025-05-01T23:54:23","date_gmt":"2025-05-01T21:54:23","guid":{"rendered":"https:\/\/catholicus.eu\/de\/?p=3594"},"modified":"2025-05-01T23:54:24","modified_gmt":"2025-05-01T21:54:24","slug":"oikos-und-liturgie-warum-wahre-oekologie-am-altar-beginnt","status":"publish","type":"post","link":"https:\/\/catholicus.eu\/de\/oikos-und-liturgie-warum-wahre-oekologie-am-altar-beginnt\/","title":{"rendered":"Oikos und Liturgie: Warum wahre \u00d6kologie am Altar beginnt"},"content":{"rendered":"\n<p><em>Eine theologische und pastorale Reflexion zur Vers\u00f6hnung des menschlichen Herzens mit der Sch\u00f6pfung, beginnend mit der Eucharistie<\/em><\/p>\n\n\n\n<hr class=\"wp-block-separator has-alpha-channel-opacity\"\/>\n\n\n\n<h3 class=\"wp-block-heading\">Einleitung: Was haben \u00d6kologie und der Altar gemeinsam?<\/h3>\n\n\n\n<p>In einer Welt, die zunehmend durch den Klimawandel, den Verlust der Biodiversit\u00e4t und die Verschmutzung alarmiert ist, ist das Wort <em>\u201e\u00d6kologie\u201c<\/em> zu einem dr\u00e4ngenden Thema geworden. Man spricht \u00fcber Recycling, die Reduzierung des Plastikverbrauchs, den Schutz der W\u00e4lder\u2026 aber selten wird der Altar, die Messe oder die Liturgie als Schl\u00fcssel zur Wiederherstellung der Ordnung der Sch\u00f6pfung genannt. Wenn wir jedoch die Wurzeln des christlichen Denkens erforschen, entdecken wir etwas Revolution\u00e4res: <strong>Die wahre \u00d6kologie beginnt nicht in der Natur, sondern am Altar Gottes<\/strong>.<\/p>\n\n\n\n<p>Zun\u00e4chst mag diese Aussage seltsam erscheinen. Aber wenn wir ihre Bedeutung vertiefen, werden wir erkennen, dass es keine Pflege des gemeinsamen Hauses (des <em>oikos<\/em>) ohne ein geordnetes Herz gibt \u2013 und es gibt kein geordnetes Herz ohne wahre Anbetung. Dieser Artikel hat genau das zum Ziel: <strong>die Liturgie mit der Sch\u00f6pfung zu vers\u00f6hnen und wiederzuentdecken, dass christliche \u00d6kologie zutiefst sakramental ist<\/strong>.<\/p>\n\n\n\n<hr class=\"wp-block-separator has-alpha-channel-opacity\"\/>\n\n\n\n<h2 class=\"wp-block-heading\">1. <strong>\u201eOikos\u201c: Das gemeinsame Zuhause und seine urspr\u00fcngliche Bedeutung<\/strong><\/h2>\n\n\n\n<p>Das Wort <strong>\u201e\u00d6kologie\u201c<\/strong> kommt aus dem Griechischen <em>oikos<\/em> (\u03bf\u1f36\u03ba\u03bf\u03c2), was \u201eHaus\u201c oder \u201eZuhause\u201c bedeutet, und <em>logos<\/em>, was \u201eWort\u201c oder \u201eLehre\u201c bedeutet. Im urspr\u00fcnglichen Sinn ist \u00d6kologie also die \u201eLehre vom Zuhause\u201c. Aber welches Zuhause? Der Planet? Die Natur? Ja, aber nicht nur. In der christlichen Sicht ist der fundamentalste <em>oikos<\/em> <strong>das Haus Gottes<\/strong>, der Ort, an dem der Mensch seinen Sch\u00f6pfer trifft: <strong>der Altar<\/strong>.<\/p>\n\n\n\n<p>Dies ist keine neue Idee. Bereits im Alten Testament wohnt Gott mitten unter seinem Volk: in der Bundeslade, im Tempel von Jerusalem, in der Zeltwohnung. Im Neuen Testament erreicht diese Gegenwart ihren H\u00f6hepunkt: <strong>Gott wird Fleisch und wohnt unter uns<\/strong> (vgl. Joh 1,14). Die Eucharistie, Quelle und H\u00f6hepunkt des christlichen Lebens, ist das neue \u201eZuhause\u201c, in dem Gott mit seinem Volk lebt. Es gibt keine wahre \u00d6kologie ohne diese reale und ordnende Gegenwart zu erkennen.<\/p>\n\n\n\n<hr class=\"wp-block-separator has-alpha-channel-opacity\"\/>\n\n\n\n<h2 class=\"wp-block-heading\">2. <strong>Die Liturgie: Die wiederhergestellte kosmische Ordnung<\/strong><\/h2>\n\n\n\n<p>Die <strong>Liturgie<\/strong> ist nicht einfach eine Sammlung religi\u00f6ser Riten. Sie ist, wie der Katechismus sagt, \u201edie Teilnahme des Volkes Gottes am Werk Gottes\u201c (KKK 1069). Sie ist der Eintritt der Zeit in die Ewigkeit, des Chaos in den Kosmos, der S\u00fcnde in die Erl\u00f6sung. Wenn wir die Liturgie feiern \u2013 insbesondere die Heilige Messe \u2013 <strong>wird das Erl\u00f6sungsopfer Christi sakramental erneuert<\/strong>, wodurch nicht nur die Menschen untereinander, sondern <strong>der Mensch mit der gesamten Sch\u00f6pfung vers\u00f6hnt wird<\/strong>.<\/p>\n\n\n\n<p>Paulus spricht davon mit gro\u00dfer Kraft:<\/p>\n\n\n\n<blockquote class=\"wp-block-quote is-layout-flow wp-block-quote-is-layout-flow\">\n<p>\u201eDie ganze Sch\u00f6pfung seufzt und leidet bis jetzt in Wehen, und nicht nur sie, sondern auch wir selbst\u201c (R\u00f6mer 8,22-23).<\/p>\n<\/blockquote>\n\n\n\n<p>Diese seufzende Sch\u00f6pfung wartet auf die Erl\u00f6sung, die am Altar beginnt. Dort bietet Christus sein Opfer dar, und mit ihm wird die gesamte Sch\u00f6pfung dem Vater dargebracht. In der Liturgie werden Brot, Wein, Wasser, Weihrauch, Licht, Gesten, Musik\u2026 alles Geschaffene auf sein letztes Ziel ausgerichtet: <strong>Gott zu verherrlichen<\/strong>.<\/p>\n\n\n\n<hr class=\"wp-block-separator has-alpha-channel-opacity\"\/>\n\n\n\n<h2 class=\"wp-block-heading\">3. <strong>Die wahre \u00d6kologie: Das Herz des Menschen wiederherstellen<\/strong><\/h2>\n\n\n\n<p>Heute wird viel \u00fcber Nachhaltigkeit, Klimagerechtigkeit und den Respekt vor der Erde gesprochen. Aber <strong>ohne Umkehr des Herzens wird jeder \u00f6kologische Versuch scheitern oder in den G\u00f6tzendienst der geschaffenen Welt verfallen<\/strong>. \u00d6kologie ohne Gott wird zu Heidentum; F\u00fcrsorge f\u00fcr den Planeten ohne eine transzendente Vision wird zu einem Kult der Materie.<\/p>\n\n\n\n<p>Die katholische Theologie lehrt, dass <strong>die S\u00fcnde nicht nur die Beziehung des Menschen zu Gott, sondern auch seine Beziehung zur Sch\u00f6pfung gest\u00f6rt hat<\/strong>. Egoismus, Gier, Stolz\u2026 diese vergiften nicht nur die Seele \u2013 sie vergiften auch Fl\u00fcsse, Felder und Nachbarschaften. Deshalb ist <strong>wahre \u00d6kologie in erster Linie eine \u00d6kologie der Seele<\/strong>.<\/p>\n\n\n\n<p>Und diese innere \u00d6kologie wird im Gebet kultiviert, mit dem Wort bew\u00e4ssert und in der Liturgie zum Erbl\u00fchen gebracht.<\/p>\n\n\n\n<hr class=\"wp-block-separator has-alpha-channel-opacity\"\/>\n\n\n\n<h2 class=\"wp-block-heading\">4. <strong>Der Altar als Zentrum des \u201eoikos\u201c: Die Messe als der h\u00f6chste \u00f6kologische Akt<\/strong><\/h2>\n\n\n\n<p>Wenn ein Priester die Messe feiert, bietet er Brot und Wein dar, Fr\u00fcchte der Erde und der Arbeit der Menschen. <strong>Diese nat\u00fcrlichen Elemente werden erhoben, geweiht, verg\u00f6ttlicht<\/strong>. Was urspr\u00fcnglich einfache Nahrung war, wird zum Leib und Blut Christi.<\/p>\n\n\n\n<p>Dort, <strong>wo die Erde und der Himmel sich treffen<\/strong>. Dort beginnt die Wiederherstellung aller Dinge. Jede Messe ist ein Akt der Erl\u00f6sung nicht nur f\u00fcr die Seelen, sondern f\u00fcr die gesamte Sch\u00f6pfung. Der heilige Franziskus von Assisi, der Patron der \u00d6kologen, liebte die Natur nicht um ihrer selbst willen, sondern <strong>weil er in jeder Kreatur ein Abbild des Sch\u00f6pfers sah<\/strong>. Und in der Eucharistie fand er den h\u00f6chsten Ausdruck dieser kosmischen Gemeinschaft.<\/p>\n\n\n\n<hr class=\"wp-block-separator has-alpha-channel-opacity\"\/>\n\n\n\n<h2 class=\"wp-block-heading\">5. <strong>Eine gut gefeierte Liturgie, ein gut gelebtes \u00d6kologieverst\u00e4ndnis<\/strong><\/h2>\n\n\n\n<p>Wenn die Liturgie mit Ehrfurcht, Sch\u00f6nheit und Treue zu den Riten gefeiert wird, mit dem Herzen auf Christus gerichtet, <strong>wird der gesamte Kosmos geordnet<\/strong>. Es ist kein Zufall, dass die traditionelle sakrale Architektur, der Gregorianische Gesang, der Gebrauch von Weihrauch, der liturgische Kalender, Fasten, Jahreszeiten und Farben\u2026 alles tief mit den Rhythmen der Natur verbunden sind. <strong>Die Kirche lebte in Harmonie mit der Zeit, den Jahreszeiten, dem K\u00f6rper und der Seele<\/strong>.<\/p>\n\n\n\n<p>Die liturgische Krise der letzten Jahrzehnten hat auch eine \u00f6kologische Krise mit sich gebracht: Der Altar wurde verlagert, die Anbetung vergessen, und mit ihr hat <strong>der Mensch seinen Platz im Universum verloren<\/strong>. Er ist nicht mehr ein Vermittler zwischen Himmel und Erde, sondern lediglich ein Konsument des Geschaffenen.<\/p>\n\n\n\n<hr class=\"wp-block-separator has-alpha-channel-opacity\"\/>\n\n\n\n<h2 class=\"wp-block-heading\">6. <strong>Praktischer Leitfaden: Wie man eine liturgische \u00d6kologie lebt<\/strong><\/h2>\n\n\n\n<h3 class=\"wp-block-heading\">a) <strong>Den Sonntag als Tag des Herrn wiederentdecken<\/strong><\/h3>\n\n\n\n<blockquote class=\"wp-block-quote is-layout-flow wp-block-quote-is-layout-flow\">\n<p>\u201eGedenke des Sabbattages und heilige ihn\u201c (Exodus 20,8).<\/p>\n<\/blockquote>\n\n\n\n<p>Der Sonntag ist nicht nur ein Tag der Erholung, sondern ein Tag des <strong>Kultes, des Ruhens und der Familie<\/strong>. Die R\u00fcckkehr zu einem geheiligten Sonntagstempo ist der erste Schritt, unser Leben und unsere Beziehung zur Welt zu ordnen.<\/p>\n\n\n\n<h3 class=\"wp-block-heading\">b) <strong>Mit Ehrfurcht an der Liturgie teilnehmen<\/strong><\/h3>\n\n\n\n<p>Achten Sie darauf, wie Sie sich kleiden, wie Sie antworten, wie Sie sich auf die Messe vorbereiten. Wenn m\u00f6glich, nehmen Sie an der traditionellen lateinischen Messe teil oder an Feiern, bei denen die Heiligkeit bewahrt wird.<\/p>\n\n\n\n<h3 class=\"wp-block-heading\">c) <strong>Die Sch\u00f6pfung verehren, ohne sie anzubeten<\/strong><\/h3>\n\n\n\n<p>Liebt die Sch\u00f6pfung, aber macht sie nicht zu einem G\u00f6tzen. Nutzt das Geschaffene als Mittel, um Gott n\u00e4her zu kommen. Habt Pflanzen, k\u00fcmmert euch um Tiere, recycelt, ja \u2013 aber immer mit einer sakramentalen Weltanschauung.<\/p>\n\n\n\n<h3 class=\"wp-block-heading\">d) <strong>Euer Zuhause zu einem \u201eoikos\u201c des Glaubens machen<\/strong><\/h3>\n\n\n\n<p>Lasst in eurem Haus ein Bild des Heiligsten Herzens stehen, einen kleinen Familienaltar, eine offene Bibel, Zeiten der Stille, Familiengebet. Wie der Tempel den Himmel widerspiegelt, so sollte euer Zuhause den Tempel widerspiegeln.<\/p>\n\n\n\n<h3 class=\"wp-block-heading\">e) <strong>Fasten und Bu\u00dfe zu einem Lebensstil machen<\/strong><\/h3>\n\n\n\n<p>Wir konsumieren zu viel, weil wir innerlich leer sind. Fasten ordnet das Verlangen und befreit die Seele vom Chaos des Materialismus.<\/p>\n\n\n\n<h3 class=\"wp-block-heading\">f) <strong>Die Liturgie mit eurem Leben verbinden<\/strong><\/h3>\n\n\n\n<p>Trennt die Messe nicht vom Rest eures Lebens. Lebt, wie ihr gebetet habt. Lasst eure Art zu konsumieren, zu arbeiten, zu ruhen und zu beziehungen von dem, was ihr am Altar empfangen habt, durchdringen.<\/p>\n\n\n\n<hr class=\"wp-block-separator has-alpha-channel-opacity\"\/>\n\n\n\n<h2 class=\"wp-block-heading\">7. <strong>Ein eschatologischer Horizont: Das Neue Jerusalem als die wahre \u00d6kologie<\/strong><\/h2>\n\n\n\n<p>Die Liturgie antizipiert das, was wir erhoffen: <strong>einen neuen Himmel und eine neue Erde<\/strong> (Offenbarung 21,1). Es geht nicht darum, diese gefallene Welt ewig zu bewahren, sondern sich <strong>auf ihre endg\u00fcltige Verwandlung vorzubereiten<\/strong>. Jede Messe ist ein Vorgeschmack auf das himmlische Jerusalem, wo das Lamm das Licht sein wird und es keine Trauer oder Schmerzen mehr geben wird.<\/p>\n\n\n\n<p>Deshalb ist <strong>christliche \u00d6kologie nicht nur Bewahrung, sondern Erl\u00f6sung<\/strong>. Es geht nicht nur darum, den Garten zu bewahren, sondern die Hochzeit zwischen dem Sch\u00f6pfer und seiner Sch\u00f6pfung vorzubereiten.<\/p>\n\n\n\n<hr class=\"wp-block-separator has-alpha-channel-opacity\"\/>\n\n\n\n<h2 class=\"wp-block-heading\">Schlussfolgerung: Vom Altar zur Erde<\/h2>\n\n\n\n<p>Die gegenw\u00e4rtige \u00f6kologische Krise ist nicht nur eine Umweltkrise \u2013 sie ist eine tief spirituelle Krise. Und deshalb wird die L\u00f6sung nie nur politisch, technologisch oder aktivistisch sein. Die L\u00f6sung liegt im Herzen des Menschen\u2026 und das Herz des Menschen wird <strong>am Altar<\/strong> geheilt.<\/p>\n\n\n\n<p>Wenn wir die Ordnung der Welt wiederherstellen wollen, beginnen wir mit der Wiederherstellung der Ordnung in der Liturgie.<br>Wenn wir den Planeten retten wollen, beginnen wir damit, Gott mit Ehrfurcht anzubeten.<br>Wenn wir uns um die Sch\u00f6pfung k\u00fcmmern wollen, feiern wir die Eucharistie mit Liebe.<\/p>\n\n\n\n<p>Denn hier, am Altar, findet alles seinen Mittelpunkt.<br>Hier beginnt wahre \u00d6kologie.<br>Hier wird der <em>oikos<\/em> zum Tempel.<\/p>\n","protected":false},"excerpt":{"rendered":"<p>Eine theologische und pastorale Reflexion zur Vers\u00f6hnung des menschlichen Herzens mit der Sch\u00f6pfung, beginnend mit der Eucharistie Einleitung: Was haben \u00d6kologie und der Altar gemeinsam? In einer Welt, die zunehmend durch den Klimawandel, den Verlust der Biodiversit\u00e4t und die Verschmutzung alarmiert ist, ist das Wort \u201e\u00d6kologie\u201c zu einem dr\u00e4ngenden Thema geworden. Man spricht \u00fcber Recycling, &hellip;<\/p>\n","protected":false},"author":3,"featured_media":3595,"comment_status":"open","ping_status":"open","sticky":false,"template":"","format":"standard","meta":{"_seopress_robots_primary_cat":"","_seopress_titles_title":"","_seopress_titles_desc":"","_seopress_robots_index":"","footnotes":""},"categories":[39,56],"tags":[1193,1194],"class_list":["post-3594","post","type-post","status-publish","format-standard","has-post-thumbnail","","category-moral-und-christliches-leben","category-oekologie-und-verantwortung-fuer-die-schoepfung","tag-oikos","tag-oekologie"],"_links":{"self":[{"href":"https:\/\/catholicus.eu\/de\/wp-json\/wp\/v2\/posts\/3594","targetHints":{"allow":["GET"]}}],"collection":[{"href":"https:\/\/catholicus.eu\/de\/wp-json\/wp\/v2\/posts"}],"about":[{"href":"https:\/\/catholicus.eu\/de\/wp-json\/wp\/v2\/types\/post"}],"author":[{"embeddable":true,"href":"https:\/\/catholicus.eu\/de\/wp-json\/wp\/v2\/users\/3"}],"replies":[{"embeddable":true,"href":"https:\/\/catholicus.eu\/de\/wp-json\/wp\/v2\/comments?post=3594"}],"version-history":[{"count":1,"href":"https:\/\/catholicus.eu\/de\/wp-json\/wp\/v2\/posts\/3594\/revisions"}],"predecessor-version":[{"id":3596,"href":"https:\/\/catholicus.eu\/de\/wp-json\/wp\/v2\/posts\/3594\/revisions\/3596"}],"wp:featuredmedia":[{"embeddable":true,"href":"https:\/\/catholicus.eu\/de\/wp-json\/wp\/v2\/media\/3595"}],"wp:attachment":[{"href":"https:\/\/catholicus.eu\/de\/wp-json\/wp\/v2\/media?parent=3594"}],"wp:term":[{"taxonomy":"category","embeddable":true,"href":"https:\/\/catholicus.eu\/de\/wp-json\/wp\/v2\/categories?post=3594"},{"taxonomy":"post_tag","embeddable":true,"href":"https:\/\/catholicus.eu\/de\/wp-json\/wp\/v2\/tags?post=3594"}],"curies":[{"name":"wp","href":"https:\/\/api.w.org\/{rel}","templated":true}]}}