{"id":3579,"date":"2025-05-01T19:39:46","date_gmt":"2025-05-01T17:39:46","guid":{"rendered":"https:\/\/catholicus.eu\/de\/?p=3579"},"modified":"2025-05-01T19:39:46","modified_gmt":"2025-05-01T17:39:46","slug":"mai-der-maria-gewidmete-monat-ein-weg-der-liebe-und-hingabe-zur-mutter-des-himmels","status":"publish","type":"post","link":"https:\/\/catholicus.eu\/de\/mai-der-maria-gewidmete-monat-ein-weg-der-liebe-und-hingabe-zur-mutter-des-himmels\/","title":{"rendered":"Mai, der Maria gewidmete Monat: Ein Weg der Liebe und Hingabe zur Mutter des Himmels"},"content":{"rendered":"\n<p><strong>Einf\u00fchrung: Mai, der Monat der Blumen und der Himmelsk\u00f6nigin<\/strong><\/p>\n\n\n\n<p>Der Mai ist ein Monat, der die Natur erwachen l\u00e4sst: Die Blumen bl\u00fchen, die Felder kleiden sich in Gr\u00fcn, und die Sonne scheint kr\u00e4ftiger. Doch f\u00fcr Katholiken ist der Mai nicht nur eine Zeit der nat\u00fcrlichen Erneuerung \u2013 er ist auch eine geistliche Jahreszeit, denn die Kirche hat ihn in besonderer Weise der Allerseligsten Jungfrau Maria geweiht.<\/p>\n\n\n\n<p>Diese sch\u00f6ne Verbindung zwischen Fr\u00fchling und Marienverehrung ist kein Zufall. So wie die Erde erbl\u00fcht, ist auch unsere Seele berufen, in der Gnade aufzubl\u00fchen, und niemand kann uns besser auf diesem Weg f\u00fchren als Maria \u2013 die &#8222;Mystische Rose&#8220;, die &#8222;Lilie der Reinheit&#8220;.<\/p>\n\n\n\n<p>In diesem Artikel werden wir untersuchen:<\/p>\n\n\n\n<ol start=\"1\" class=\"wp-block-list\">\n<li><strong>Den historischen Ursprung<\/strong>\u00a0der Weihe des Mai an Maria<\/li>\n\n\n\n<li><strong>Die theologische Bedeutung<\/strong>\u00a0der Jungfrau im Leben der Kirche<\/li>\n\n\n\n<li><strong>Wie man diesen Marienmonat<\/strong>\u00a0in echter Hingabe leben kann<\/li>\n\n\n\n<li><strong>Praktische Anwendungen<\/strong>, Maria im t\u00e4glichen Leben zu ehren<\/li>\n<\/ol>\n\n\n\n<h2 class=\"wp-block-heading\"><strong>1. Geschichte: Warum ist der Mai der Monat Mariens?<\/strong><\/h2>\n\n\n\n<p>Die Verbindung des Mai mit der Jungfrau Maria hat tiefe Wurzeln, die bis in die Antike zur\u00fcckreichen. Im alten Griechenland und Rom war der Mai den G\u00f6ttinnen der Fruchtbarkeit und des Fr\u00fchlings gewidmet. Die Kirche hat in ihrer Weisheit diese Br\u00e4uche&nbsp;<strong>christianisiert<\/strong>&nbsp;und sie in eine reine Verehrung der Gottesmutter verwandelt.<\/p>\n\n\n\n<p>Im Mittelalter entstand der Brauch der&nbsp;<strong>&#8222;Maiblumen&#8220;<\/strong>, bei dem die Gl\u00e4ubigen Maria Blumen und Ges\u00e4nge darbrachten. Doch erst im 18. Jahrhundert wurde diese Verehrung gefestigt, besonders durch die Jesuiten, die fromme \u00dcbungen wie das&nbsp;<strong>t\u00e4gliche Rosenkranzgebet<\/strong>,&nbsp;<strong>Blumenkr\u00e4nze<\/strong>&nbsp;und&nbsp;<strong>Marienlieder<\/strong>&nbsp;f\u00f6rderten.<\/p>\n\n\n\n<p>Papst Paul VI. schrieb in seiner Enzyklika&nbsp;<em>Mense Maio<\/em>&nbsp;(1965):<\/p>\n\n\n\n<blockquote class=\"wp-block-quote is-layout-flow wp-block-quote-is-layout-flow\">\n<p><em>&#8222;Der Monat Mai l\u00e4dt uns in besonderer Weise ein, an Maria zu denken und von ihr zu sprechen. Denn dies ist ihr Monat. So wird die Jahreszeit, in der die Rhythmen der Natur neue Hoffnung und Freude wecken, zum Widerhall des \u00fcbernat\u00fcrlichen Lebens, das uns die g\u00f6ttliche Gnade schenkt.&#8220;<\/em><\/p>\n<\/blockquote>\n\n\n\n<h2 class=\"wp-block-heading\"><strong>2. Die theologische Bedeutung Mariens im christlichen Leben<\/strong><\/h2>\n\n\n\n<p>Maria ist nicht nur eine fromme Gestalt der Vergangenheit \u2013 sie ist&nbsp;<strong>Mutter der Kirche und Vorbild f\u00fcr jeden Christen<\/strong>. Ihre Rolle in der Heilsgeschichte ist einzigartig:<\/p>\n\n\n\n<ul class=\"wp-block-list\">\n<li><strong>Sie ist die neue Eva<\/strong>\u00a0(Genesis 3:15; Johannes 19:26-27): W\u00e4hrend Eva &#8222;nein&#8220; zu Gott sagte, sprach Maria:\u00a0<em>&#8222;Mir geschehe nach deinem Wort&#8220;<\/em>\u00a0(Lukas 1:38)<\/li>\n\n\n\n<li><strong>Sie ist die Gottesgeb\u00e4rerin (Theotokos)<\/strong>: Das Konzil von Ephesus (431) verk\u00fcndete diese f\u00fcr den katholischen Glauben wesentliche Wahrheit<\/li>\n\n\n\n<li><strong>Sie ist Miterl\u00f6serin und Mittlerin<\/strong>: Nicht gleich mit Christus, aber als Mitarbeiterin am Erl\u00f6sungswerk (Johannes 2:1-11:\u00a0<em>&#8222;Was er euch sagt, das tut!&#8220;<\/em>)<\/li>\n\n\n\n<li><strong>Sie ist Himmelsk\u00f6nigin<\/strong>: Die Offenbarung 12:1 beschreibt sie als\u00a0<em>&#8222;eine Frau, mit der Sonne bekleidet, der Mond unter ihren F\u00fc\u00dfen und ein Kranz von zw\u00f6lf Sternen auf ihrem Haupt&#8220;<\/em><\/li>\n<\/ul>\n\n\n\n<p>Die Verehrung Mariens ist keine Option \u2013&nbsp;<strong>sie ist wesentlicher Bestandteil katholischer Spiritualit\u00e4t<\/strong>. Wie der heilige Ludwig Maria Grignion von Montfort sagte:&nbsp;<em>&#8222;Zu Jesus durch Maria.&#8220;<\/em><\/p>\n\n\n\n<h2 class=\"wp-block-heading\"><strong>3. Wie man den Mai als echten Marienmonat leben kann<\/strong><\/h2>\n\n\n\n<p>Es gen\u00fcgt nicht zu wissen, dass der Mai Maria geh\u00f6rt \u2013 wir m\u00fcssen&nbsp;<strong>ihn in konkreten Taten leben<\/strong>. Hier einige empfohlene Praktiken:<\/p>\n\n\n\n<h3 class=\"wp-block-heading\"><strong>A. T\u00e4glicher Rosenkranz<\/strong><\/h3>\n\n\n\n<p>Der Rosenkranz ist das&nbsp;<strong>&#8222;Evangelium im Kleinen&#8220;<\/strong>&nbsp;(hl. Johannes Paul II.). Sein Gebet in der Familie oder allein vereint unsere Herzen mit dem Mariens.<\/p>\n\n\n\n<h3 class=\"wp-block-heading\"><strong>B. Weihe oder Erneuerung der Weihe an Maria<\/strong><\/h3>\n\n\n\n<p>Nach der Methode des&nbsp;<strong>hl. Ludwig von Montfort<\/strong>&nbsp;oder dem&nbsp;<strong>&#8222;Totus Tuus&#8220;<\/strong>&nbsp;von Johannes Paul II. k\u00f6nnen wir unser Leben Maria anvertrauen.<\/p>\n\n\n\n<h3 class=\"wp-block-heading\"><strong>C. Blumen f\u00fcr Maria<\/strong><\/h3>\n\n\n\n<p>Nicht nur echte Blumen, sondern&nbsp;<strong>geistliche Blumen<\/strong>: Werke der N\u00e4chstenliebe, Opfer und Reinheit des Herzens.<\/p>\n\n\n\n<h3 class=\"wp-block-heading\"><strong>D. Lesung und Betrachtung der Marienerscheinungen<\/strong><\/h3>\n\n\n\n<p>Fatima, Lourdes, Guadalupe&#8230; Maria spricht weiter zur Welt. Ihre Botschaft:&nbsp;<strong>Gebet, Bu\u00dfe und Bekehrung<\/strong>.<\/p>\n\n\n\n<h3 class=\"wp-block-heading\"><strong>E. Teilnahme an Prozessionen und \u00f6ffentlichen Andachten<\/strong><\/h3>\n\n\n\n<p>Wenn m\u00f6glich, nehmen Sie an einer&nbsp;<strong>Maiandacht<\/strong>&nbsp;oder einer Messe zu ihren Ehren teil.<\/p>\n\n\n\n<h2 class=\"wp-block-heading\"><strong>4. Maria in der heutigen Welt: Zuflucht in Zeiten der Krise<\/strong><\/h2>\n\n\n\n<p>In einer Zeit, die von&nbsp;<strong>Unsicherheit, S\u00e4kularismus und Glaubensverlust<\/strong>&nbsp;gepr\u00e4gt ist, ist Maria&nbsp;<strong>ein Leuchtfeuer der Hoffnung<\/strong>. Sie ruft uns:<\/p>\n\n\n\n<ul class=\"wp-block-list\">\n<li><strong>Zum Vertrauen<\/strong>:\u00a0<em>&#8222;F\u00fcrchte dich nicht, ich bin deine Mutter&#8220;<\/em>\u00a0(Guadalupe)<\/li>\n\n\n\n<li><strong>Zur Treue<\/strong>: Wie in Kana sagt sie uns:\u00a0<em>&#8222;Was er euch sagt, das tut!&#8220;<\/em><\/li>\n\n\n\n<li><strong>Zum geistlichen Kampf<\/strong>: Mit ihrem\u00a0<em>&#8222;Sie wird der Schlange den Kopf zertreten&#8220;<\/em>\u00a0(Genesis 3:15) erinnert sie uns, dass das B\u00f6se bereits besiegt ist.<\/li>\n<\/ul>\n\n\n\n<h2 class=\"wp-block-heading\"><strong>Schluss: Der Mai soll der Beginn eines marianischeren Lebens sein<\/strong><\/h2>\n\n\n\n<p>Dieser Monat soll nicht nur eine fromme Erinnerung sein, sondern der Beginn einer&nbsp;<strong>tieferen Freundschaft mit der Jungfrau<\/strong>. Wie der gro\u00dfe heilige Bernhard sagte:<\/p>\n\n\n\n<blockquote class=\"wp-block-quote is-layout-flow wp-block-quote-is-layout-flow\">\n<p><em>&#8222;In Gefahren, in Zweifeln, in Schwierigkeiten denk an Maria, ruf Maria an. Ihr Name soll nie von deinen Lippen, nie aus deinem Herzen weichen.&#8220;<\/em><\/p>\n<\/blockquote>\n\n\n\n<p><strong>Gesegneter Marienmonat! M\u00f6ge sie uns immer zu Jesus f\u00fchren.<\/strong><\/p>\n\n\n\n<hr class=\"wp-block-separator has-alpha-channel-opacity\"\/>\n\n\n\n<p><strong>Wie werden Sie die Jungfrau in diesem Mai ehren?<\/strong>&nbsp;Teilen Sie Ihre Andachten und Erfahrungen in den Kommentaren. M\u00f6ge Maria Ihren Weg segnen! \ud83c\udf39\ud83d\ude4f<\/p>\n","protected":false},"excerpt":{"rendered":"<p>Einf\u00fchrung: Mai, der Monat der Blumen und der Himmelsk\u00f6nigin Der Mai ist ein Monat, der die Natur erwachen l\u00e4sst: Die Blumen bl\u00fchen, die Felder kleiden sich in Gr\u00fcn, und die Sonne scheint kr\u00e4ftiger. Doch f\u00fcr Katholiken ist der Mai nicht nur eine Zeit der nat\u00fcrlichen Erneuerung \u2013 er ist auch eine geistliche Jahreszeit, denn die &hellip;<\/p>\n","protected":false},"author":3,"featured_media":3580,"comment_status":"open","ping_status":"open","sticky":false,"template":"","format":"standard","meta":{"_seopress_robots_primary_cat":"","_seopress_titles_title":"","_seopress_titles_desc":"","_seopress_robots_index":"","footnotes":""},"categories":[40,60],"tags":[1189],"class_list":["post-3579","post","type-post","status-publish","format-standard","has-post-thumbnail","","category-gebet-und-spiritualitaet","category-marianische-andachten","tag-maria-gewidmete-monat"],"_links":{"self":[{"href":"https:\/\/catholicus.eu\/de\/wp-json\/wp\/v2\/posts\/3579","targetHints":{"allow":["GET"]}}],"collection":[{"href":"https:\/\/catholicus.eu\/de\/wp-json\/wp\/v2\/posts"}],"about":[{"href":"https:\/\/catholicus.eu\/de\/wp-json\/wp\/v2\/types\/post"}],"author":[{"embeddable":true,"href":"https:\/\/catholicus.eu\/de\/wp-json\/wp\/v2\/users\/3"}],"replies":[{"embeddable":true,"href":"https:\/\/catholicus.eu\/de\/wp-json\/wp\/v2\/comments?post=3579"}],"version-history":[{"count":1,"href":"https:\/\/catholicus.eu\/de\/wp-json\/wp\/v2\/posts\/3579\/revisions"}],"predecessor-version":[{"id":3581,"href":"https:\/\/catholicus.eu\/de\/wp-json\/wp\/v2\/posts\/3579\/revisions\/3581"}],"wp:featuredmedia":[{"embeddable":true,"href":"https:\/\/catholicus.eu\/de\/wp-json\/wp\/v2\/media\/3580"}],"wp:attachment":[{"href":"https:\/\/catholicus.eu\/de\/wp-json\/wp\/v2\/media?parent=3579"}],"wp:term":[{"taxonomy":"category","embeddable":true,"href":"https:\/\/catholicus.eu\/de\/wp-json\/wp\/v2\/categories?post=3579"},{"taxonomy":"post_tag","embeddable":true,"href":"https:\/\/catholicus.eu\/de\/wp-json\/wp\/v2\/tags?post=3579"}],"curies":[{"name":"wp","href":"https:\/\/api.w.org\/{rel}","templated":true}]}}