{"id":3494,"date":"2025-04-27T15:28:13","date_gmt":"2025-04-27T13:28:13","guid":{"rendered":"https:\/\/catholicus.eu\/de\/?p=3494"},"modified":"2025-04-27T15:28:13","modified_gmt":"2025-04-27T13:28:13","slug":"achtung-wenn-mit-der-kirche-fuehlen-mit-persoenlichen-meinungen-kollidiert","status":"publish","type":"post","link":"https:\/\/catholicus.eu\/de\/achtung-wenn-mit-der-kirche-fuehlen-mit-persoenlichen-meinungen-kollidiert\/","title":{"rendered":"Achtung! Wenn &#8222;mit der Kirche f\u00fchlen&#8220; mit pers\u00f6nlichen Meinungen kollidiert"},"content":{"rendered":"\n<p>In einer Welt voller Meinungen, in der jede Idee scheinbar das gleiche Gewicht wie eine ewige Wahrheit hat, wird es dringend notwendig, eine vergessene Tugend wiederzuentdecken \u2013 eine Tugend, die f\u00fcr ein authentisches christliches Leben unerl\u00e4sslich ist: <strong>&#8222;mit der Kirche f\u00fchlen&#8220;<\/strong> (<em>sentire cum Ecclesia<\/em>).<br>Was bedeutet dieser Ausdruck wirklich? Warum geraten unsere pers\u00f6nlichen Ansichten manchmal mit den Lehren der Kirche in Konflikt? Und vor allem: Wie k\u00f6nnen wir mit diesen Spannungen in Demut und Treue umgehen?<\/p>\n\n\n\n<p>Heute lade ich dich ein zu einer tiefgehenden, einfachen und praktischen Reise, um den unsch\u00e4tzbaren Wert eines echten Lebens in Gemeinschaft mit der Kirche, dem mystischen Leib Christi, wiederzuentdecken.<\/p>\n\n\n\n<hr class=\"wp-block-separator has-alpha-channel-opacity\"\/>\n\n\n\n<h2 class=\"wp-block-heading\">1. Was bedeutet &#8222;mit der Kirche f\u00fchlen&#8220;?<\/h2>\n\n\n\n<p>&#8222;Mit der Kirche f\u00fchlen&#8220; ist kein modernes Konzept. Es reicht zur\u00fcck zu den ersten Christen und wurde besonders von Ignatius von Loyola in seinen <em>Exerzitien<\/em> als grundlegendes Kriterium geistlicher Unterscheidung ausgearbeitet.<br>Es bedeutet nicht einfach, &#8222;mit allem einverstanden zu sein&#8220;, was Menschen in der Kirche sagen (denn auch sie k\u00f6nnen sich irren), sondern <strong>mit dem tiefen Empfinden des Geistes, der die Braut Christi leitet, \u00fcbereinzustimmen \u2013 im Herzen, im Geist und im Willen<\/strong>.<\/p>\n\n\n\n<p>Ganz einfach gesagt: <strong>&#8222;Mit der Kirche f\u00fchlen&#8220; hei\u00dft, zu lieben, was sie liebt, abzulehnen, was sie ablehnt, und ihrer F\u00fchrung als Mutter und Lehrmeisterin zu vertrauen, auch wenn meine eigenen Gef\u00fchle oder \u00dcberlegungen dagegenstehen.<\/strong><\/p>\n\n\n\n<hr class=\"wp-block-separator has-alpha-channel-opacity\"\/>\n\n\n\n<h2 class=\"wp-block-heading\">2. Biblische Wurzeln der kirchlichen Gehorsamkeit<\/h2>\n\n\n\n<p>Christus hat seine Kirche nicht als eine Gemeinschaft verstreuter Meinungen hinterlassen, sondern als einen lebendigen Leib, gef\u00fchrt durch den Heiligen Geist:<\/p>\n\n\n\n<blockquote class=\"wp-block-quote is-layout-flow wp-block-quote-is-layout-flow\">\n<p>&#8222;<strong>Wer euch h\u00f6rt, der h\u00f6rt mich; und wer euch ablehnt, der lehnt mich ab<\/strong>&#8220; (Lukas 10,16).<\/p>\n<\/blockquote>\n\n\n\n<p>Die Autorit\u00e4t der Apostel, die in den Bisch\u00f6fen und im Papst weiterlebt, ist nicht nur organisatorisch, sondern zutiefst <strong>sakramental<\/strong>: Christus selbst handelt durch sie, trotz ihrer menschlichen Begrenztheit.<br>Diese Autorit\u00e4t abzulehnen ist nicht blo\u00df &#8222;eine andere Meinung haben&#8220; \u2013 es ist ein geistliches Risiko, das uns von der Gemeinschaft mit Gott entfremden kann.<\/p>\n\n\n\n<hr class=\"wp-block-separator has-alpha-channel-opacity\"\/>\n\n\n\n<h2 class=\"wp-block-heading\">3. Warum geraten wir manchmal in Konflikt mit der Kirche?<\/h2>\n\n\n\n<p>Dieser Konflikt kann verschiedene legitime und menschliche Ursachen haben:<\/p>\n\n\n\n<ul class=\"wp-block-list\">\n<li><strong>Unwissenheit<\/strong>: Wir verstehen die Lehren der Kirche nicht vollst\u00e4ndig.<\/li>\n\n\n\n<li><strong>Kultureller Kontext<\/strong>: Wir sind in Ideologien eingetaucht, die dem Glauben widersprechen.<\/li>\n\n\n\n<li><strong>Pers\u00f6nliche Verletzungen<\/strong>: Negative Erfahrungen innerhalb kirchlicher Strukturen k\u00f6nnen unsere Sicht tr\u00fcben.<\/li>\n\n\n\n<li><strong>Geistlicher Hochmut<\/strong>: Wir glauben, es &#8222;besser zu wissen&#8220; als das Lehramt.<\/li>\n<\/ul>\n\n\n\n<p>In jedem Fall ist eine ehrliche Gewissenserforschung unerl\u00e4sslich:<br>Entspringt mein Widerspruch einer aufrichtigen Liebe zur Wahrheit \u2013 oder meinem eigenen Stolz? Habe ich wirklich versucht zu verstehen, oder reagiere ich nur emotional?<\/p>\n\n\n\n<hr class=\"wp-block-separator has-alpha-channel-opacity\"\/>\n\n\n\n<h2 class=\"wp-block-heading\">4. Die theologische Tiefe: Warum ist &#8222;mit der Kirche f\u00fchlen&#8220; notwendig?<\/h2>\n\n\n\n<p><strong>Weil die Kirche der Leib Christi ist<\/strong> (1 Korinther 12,27).<br>Echter Glaube existiert nicht ohne Gemeinschaft mit diesem Leib. Bereits im dritten Jahrhundert mahnte der heilige Cyprian von Karthago:<\/p>\n\n\n\n<blockquote class=\"wp-block-quote is-layout-flow wp-block-quote-is-layout-flow\">\n<p>&#8222;<strong>Wer die Kirche nicht zur Mutter hat, kann Gott nicht zum Vater haben.<\/strong>&#8222;<\/p>\n<\/blockquote>\n\n\n\n<p>Mit der Kirche zu f\u00fchlen bedeutet nicht, kritisches Denken oder Intelligenz aufzugeben, sondern zu erkennen, dass <strong>mein pers\u00f6nliches Urteil gereinigt, erleuchtet und bereichert werden muss durch zweitausend Jahre gelebten Glaubens<\/strong>.<br>Es ist ein Akt \u00fcbernat\u00fcrlicher Demut.<\/p>\n\n\n\n<hr class=\"wp-block-separator has-alpha-channel-opacity\"\/>\n\n\n\n<h2 class=\"wp-block-heading\">5. Praktischer Leitfaden: Was tun, wenn meine Ansichten mit der Kirche kollidieren?<\/h2>\n\n\n\n<p>Hier ein <strong>Weg der Unterscheidung und des Wachstums<\/strong>, aus theologischer und pastoraler Perspektive:<\/p>\n\n\n\n<h3 class=\"wp-block-heading\">a) Dem\u00fctiges Zuh\u00f6ren<\/h3>\n\n\n\n<p>Bevor du eine Lehre ablehnst, <strong>h\u00f6re<\/strong> hin. Lies den Katechismus, konsultiere offizielle Dokumente, sprich mit gut ausgebildeten Priestern. Frage dich: Verstehe ich wirklich, was die Kirche lehrt und warum?<\/p>\n\n\n\n<h3 class=\"wp-block-heading\">b) Unterscheidung im Gebet<\/h3>\n\n\n\n<p>Bitte den Heiligen Geist um Licht zum Verstehen. Gottes Wahrheit widerspricht niemals der wahren menschlichen Freiheit.<br>Bete zum Beispiel:<\/p>\n\n\n\n<blockquote class=\"wp-block-quote is-layout-flow wp-block-quote-is-layout-flow\">\n<p>&#8222;Herr, reinige mein Herz von allen Vorurteilen und f\u00fchre mich zur rettenden Wahrheit.&#8220;<\/p>\n<\/blockquote>\n\n\n\n<h3 class=\"wp-block-heading\">c) Das Gewissen formen, nicht die Vorlieben<\/h3>\n\n\n\n<p>Das christliche Gewissen bedeutet nicht, zu tun, &#8222;was ich will&#8220;, sondern <strong>die objektive Wahrheit zu suchen und sich ihr anzupassen<\/strong>, wie es das Zweite Vatikanische Konzil lehrt (<em>Gaudium et Spes<\/em>, 16).<\/p>\n\n\n\n<h3 class=\"wp-block-heading\">d) Die innere Spannung annehmen<\/h3>\n\n\n\n<p>Nicht alles l\u00f6st sich sofort. Manchmal l\u00e4sst Gott zu, dass wir im Glauben gehen, Spannungen tragend, als einen Akt des vertrauenden Gehorsams.<\/p>\n\n\n\n<h3 class=\"wp-block-heading\">e) Einen geistlichen Begleiter suchen<\/h3>\n\n\n\n<p>Ein Beichtvater oder geistlicher Begleiter, der dem Lehramt treu ist, kann dir helfen, klarer zu sehen, wo du treu bist \u2013 und wo du vielleicht dem Subjektivismus nachgibst.<\/p>\n\n\n\n<h3 class=\"wp-block-heading\">f) Die Liebe zur Kirche pflegen<\/h3>\n\n\n\n<p>Entdecke ihre Geschichte, ihre Sch\u00f6nheit, ihre M\u00e4rtyrer, ihre Heiligen. Wer liebt, versteht besser. Schaue \u00fcber menschliche Schw\u00e4chen hinaus und betrachte die Kirche, <strong>wie Christus sie sieht: ohne Flecken oder Runzeln in ihrem tiefsten Wesen<\/strong> (vgl. Epheser 5,27).<\/p>\n\n\n\n<hr class=\"wp-block-separator has-alpha-channel-opacity\"\/>\n\n\n\n<h2 class=\"wp-block-heading\">6. Anwendungen f\u00fcr den Alltag<\/h2>\n\n\n\n<ul class=\"wp-block-list\">\n<li><strong>In deinem Gebet<\/strong>: F\u00fcge t\u00e4glich ein Gebet f\u00fcr die Treue zur Kirche hinzu.<\/li>\n\n\n\n<li><strong>In deiner Lekt\u00fcre<\/strong>: Verlasse dich nicht auf Meinungen oder soziale Medien \u2013 suche seri\u00f6se katholische Quellen.<\/li>\n\n\n\n<li><strong>In deinen Gespr\u00e4chen<\/strong>: Vermeide aggressive Streitgespr\u00e4che. Zeugnis ablegen durch ruhige Treue, auch wenn du als &#8222;r\u00fcckst\u00e4ndig&#8220; oder &#8222;fanatisch&#8220; abgestempelt wirst.<\/li>\n\n\n\n<li><strong>In deiner Ausbildung<\/strong>: Widme jede Woche Zeit, um dein Glaubenswissen zu vertiefen, um besser zu lieben.<\/li>\n<\/ul>\n\n\n\n<hr class=\"wp-block-separator has-alpha-channel-opacity\"\/>\n\n\n\n<h2 class=\"wp-block-heading\">7. Ein letzter Ratschlag<\/h2>\n\n\n\n<p><strong>Hab keine Angst, nicht alles sofort zu verstehen.<\/strong> Glaube ist keine Sammlung intellektueller Zustimmungen, sondern eine lebendige Beziehung des Vertrauens zu Gott, der sich durch seine Kirche offenbart.<br>Mit ihr zu gehen, auch wenn nicht alles klar ist, geh\u00f6rt zum Geheimnis des Lebens &#8222;im Gehorsam des Glaubens&#8220; (R\u00f6mer 1,5).<\/p>\n\n\n\n<p>Denke immer daran: <strong>Christus trennt sich nicht von seiner Kirche<\/strong>, auch wenn die Menschen in ihr s\u00fcndigen oder Fehler machen.<br>Wer mit ihr vereint bleibt, bleibt mit Ihm vereint.<\/p>\n\n\n\n<hr class=\"wp-block-separator has-alpha-channel-opacity\"\/>\n\n\n\n<h1 class=\"wp-block-heading\">Schlussfolgerung<\/h1>\n\n\n\n<p>Heute, mehr denn je, in einer Welt wechselnder Meinungen, ruft Gott uns zu einem reifen und festen Glauben \u2013 gegr\u00fcndet nicht auf fl\u00fcchtige Gef\u00fchle, sondern auf den festen Felsen des kirchlichen Lehramtes.<\/p>\n\n\n\n<p><strong>Mit der Kirche zu f\u00fchlen<\/strong> bedeutet nicht, seine Freiheit zu verlieren, sondern die wahre Freiheit zu entdecken, die aus der Wahrheit geboren wird.<\/p>\n\n\n\n<p>Vertraue auf die Weisheit deiner Mutter. Umarme die Lehre deiner Braut. Gehe im vertrauenden Gehorsam.<br>So wirst du, auch wenn die Welt dich verurteilt, in der rettenden Wahrheit bleiben.<\/p>\n\n\n\n<blockquote class=\"wp-block-quote is-layout-flow wp-block-quote-is-layout-flow\">\n<p>&#8222;<strong>Ihr werdet die Wahrheit erkennen, und die Wahrheit wird euch frei machen<\/strong>&#8220; (Johannes 8,32).<\/p>\n<\/blockquote>\n","protected":false},"excerpt":{"rendered":"<p>In einer Welt voller Meinungen, in der jede Idee scheinbar das gleiche Gewicht wie eine ewige Wahrheit hat, wird es dringend notwendig, eine vergessene Tugend wiederzuentdecken \u2013 eine Tugend, die f\u00fcr ein authentisches christliches Leben unerl\u00e4sslich ist: &#8222;mit der Kirche f\u00fchlen&#8220; (sentire cum Ecclesia).Was bedeutet dieser Ausdruck wirklich? Warum geraten unsere pers\u00f6nlichen Ansichten manchmal mit &hellip;<\/p>\n","protected":false},"author":3,"featured_media":3495,"comment_status":"open","ping_status":"open","sticky":false,"template":"","format":"standard","meta":{"_seopress_robots_primary_cat":"","_seopress_titles_title":"","_seopress_titles_desc":"","_seopress_robots_index":"","footnotes":""},"categories":[41,66],"tags":[1156],"class_list":["post-3494","post","type-post","status-publish","format-standard","has-post-thumbnail","","category-glaube-und-kultur","category-populaerkultur-und-katholizismus","tag-mit-der-kirche-fuehlen"],"_links":{"self":[{"href":"https:\/\/catholicus.eu\/de\/wp-json\/wp\/v2\/posts\/3494","targetHints":{"allow":["GET"]}}],"collection":[{"href":"https:\/\/catholicus.eu\/de\/wp-json\/wp\/v2\/posts"}],"about":[{"href":"https:\/\/catholicus.eu\/de\/wp-json\/wp\/v2\/types\/post"}],"author":[{"embeddable":true,"href":"https:\/\/catholicus.eu\/de\/wp-json\/wp\/v2\/users\/3"}],"replies":[{"embeddable":true,"href":"https:\/\/catholicus.eu\/de\/wp-json\/wp\/v2\/comments?post=3494"}],"version-history":[{"count":1,"href":"https:\/\/catholicus.eu\/de\/wp-json\/wp\/v2\/posts\/3494\/revisions"}],"predecessor-version":[{"id":3496,"href":"https:\/\/catholicus.eu\/de\/wp-json\/wp\/v2\/posts\/3494\/revisions\/3496"}],"wp:featuredmedia":[{"embeddable":true,"href":"https:\/\/catholicus.eu\/de\/wp-json\/wp\/v2\/media\/3495"}],"wp:attachment":[{"href":"https:\/\/catholicus.eu\/de\/wp-json\/wp\/v2\/media?parent=3494"}],"wp:term":[{"taxonomy":"category","embeddable":true,"href":"https:\/\/catholicus.eu\/de\/wp-json\/wp\/v2\/categories?post=3494"},{"taxonomy":"post_tag","embeddable":true,"href":"https:\/\/catholicus.eu\/de\/wp-json\/wp\/v2\/tags?post=3494"}],"curies":[{"name":"wp","href":"https:\/\/api.w.org\/{rel}","templated":true}]}}