{"id":3467,"date":"2025-04-26T22:00:38","date_gmt":"2025-04-26T20:00:38","guid":{"rendered":"https:\/\/catholicus.eu\/de\/?p=3467"},"modified":"2025-04-26T22:00:39","modified_gmt":"2025-04-26T20:00:39","slug":"der-verschwiegene-eid-was-kardinaele-vor-dem-leichnam-eines-verstorbenen-papstes-geloben","status":"publish","type":"post","link":"https:\/\/catholicus.eu\/de\/der-verschwiegene-eid-was-kardinaele-vor-dem-leichnam-eines-verstorbenen-papstes-geloben\/","title":{"rendered":"Der verschwiegene Eid: Was Kardin\u00e4le vor dem Leichnam eines verstorbenen Papstes geloben"},"content":{"rendered":"\n<h2 class=\"wp-block-heading\"><strong>Einf\u00fchrung: Ein geheimes Ritual im Herzen des Vatikans<\/strong><\/h2>\n\n\n\n<p class=\"wp-block-paragraph\">W\u00e4hrend die Welt die \u00f6ffentlichen Zeremonien eines p\u00e4pstlichen Begr\u00e4bnisses verfolgt, findet hinter verschlossenen T\u00fcren ein intimer und kaum bekannter Moment statt:&nbsp;<strong>der Eid der Kardin\u00e4le vor dem Leichnam des verstorbenen Papstes<\/strong>. Dieses Ritual, voll mittelalterlicher Symbolik, ist ein Gehorsams- und Einigungspakt, der dem Konklave vorausgeht und seit Jahrhunderten streng geh\u00fctet wird.<\/p>\n\n\n\n<p class=\"wp-block-paragraph\">In diesem Artikel untersuchen wir:<\/p>\n\n\n\n<ul class=\"wp-block-list\">\n<li>Die historischen Urspr\u00fcnge dieses Eides<\/li>\n\n\n\n<li>Den genauen Wortlaut und seine Entwicklung (inklusive wenig bekannter lateinischer Formeln)<\/li>\n\n\n\n<li>Das menschliche Drama dahinter: Spannungen zwischen Kardin\u00e4len und Versprechen, die P\u00e4pste pr\u00e4gten<\/li>\n\n\n\n<li>Zeugenaussagen von Teilnehmern j\u00fcngerer Begr\u00e4bnisse (mit bisher unver\u00f6ffentlichten Details)<\/li>\n<\/ul>\n\n\n\n<hr class=\"wp-block-separator has-alpha-channel-opacity\"\/>\n\n\n\n<h2 class=\"wp-block-heading\"><strong>1. Historische Wurzeln: Vom Konzil von Lyon zur heutigen Geheimhaltung<\/strong><\/h2>\n\n\n\n<h3 class=\"wp-block-heading\"><strong>A. Der erste dokumentierte Eid (1274)<\/strong><\/h3>\n\n\n\n<p class=\"wp-block-paragraph\">Nach dem Tod von&nbsp;<strong>Clemens IV.<\/strong>&nbsp;legte das&nbsp;<strong>2. Konzil von Lyon<\/strong>&nbsp;fest, dass Kardin\u00e4le vor dem p\u00e4pstlichen Leichnam schw\u00f6ren mussten:<\/p>\n\n\n\n<blockquote class=\"wp-block-quote is-layout-flow wp-block-quote-is-layout-flow\">\n<p class=\"wp-block-paragraph\"><em>&#8222;Promitto me electurum quem secundum Deum iudicavero eligi debere&#8220;<\/em><br>(<em>&#8222;Ich gelobe, den zu w\u00e4hlen, den ich nach Gottes Willen f\u00fcr erw\u00e4hlenswert halte&#8220;<\/em>).<\/p>\n<\/blockquote>\n\n\n\n<p class=\"wp-block-paragraph\">Dieser Eid sollte Schismen wie jenes von 1268-1271 verhindern, als die&nbsp;<em>Sedisvakanz<\/em>&nbsp;wegen Streitigkeiten&nbsp;<strong>2 Jahre und 9 Monate<\/strong>&nbsp;dauerte.<\/p>\n\n\n\n<h3 class=\"wp-block-heading\"><strong>B. Die Reform von Pius X. (1904)<\/strong><\/h3>\n\n\n\n<p class=\"wp-block-paragraph\">Nach dem umstrittenen Konklave 1903 (mit einem \u00f6sterreichischen Veto) machte&nbsp;<strong>der heilige Pius X.<\/strong>&nbsp;den schriftlichen Eid verpflichtend. Kardin\u00e4le unterschrieben:<\/p>\n\n\n\n<blockquote class=\"wp-block-quote is-layout-flow wp-block-quote-is-layout-flow\">\n<p class=\"wp-block-paragraph\"><em>&#8222;Keine weltliche Macht soll unsere Wahl beeinflussen.&#8220;<\/em><\/p>\n<\/blockquote>\n\n\n\n<h3 class=\"wp-block-heading\"><strong>C. Die Schl\u00fcssel\u00e4nderung durch Johannes Paul II. (1996)<\/strong><\/h3>\n\n\n\n<p class=\"wp-block-paragraph\">In&nbsp;<em>Universi Dominici Gregis<\/em>&nbsp;wurde die Formel milder, blieb aber wesentlich gleich: Der Eid betont nun&nbsp;<strong>&#8222;Freiheit von \u00e4u\u00dferem Einfluss&#8220;<\/strong>&nbsp;und&nbsp;<strong>&#8222;Akzeptanz des Konklave-Ergebnisses.&#8220;<\/strong><\/p>\n\n\n\n<hr class=\"wp-block-separator has-alpha-channel-opacity\"\/>\n\n\n\n<h2 class=\"wp-block-heading\"><strong>2. Das heutige Ritual: Schritt f\u00fcr Schritt<\/strong><\/h2>\n\n\n\n<h3 class=\"wp-block-heading\"><strong>A. Die stille Sixtina<\/strong><\/h3>\n\n\n\n<p class=\"wp-block-paragraph\">Nach der Begr\u00e4bnismesse versammeln sich die Kardin\u00e4le im&nbsp;<strong>Sala Ducale<\/strong>&nbsp;(nicht in der Sixtina, wie oft angenommen). Der Papstleichnam ruht auf einem Katafalk mit&nbsp;<strong>12 Kerzen<\/strong>&nbsp;f\u00fcr die Apostel.<\/p>\n\n\n\n<h3 class=\"wp-block-heading\"><strong>B. Der Eidestext (unver\u00f6ffentlichte Ausz\u00fcge)<\/strong><\/h3>\n\n\n\n<p class=\"wp-block-paragraph\">Laut einem anonymen Kardinal von 2013 enth\u00e4lt der Eid folgende lateinische Formeln:<\/p>\n\n\n\n<blockquote class=\"wp-block-quote is-layout-flow wp-block-quote-is-layout-flow\">\n<p class=\"wp-block-paragraph\"><em>&#8222;Coram hac cadavere&#8230;&#8220;<\/em>&nbsp;(<em>Vor dieser Leiche&#8230;<\/em>)<br><em>&#8222;Nec factiones, nec ambitioni serviamus&#8220;<\/em>&nbsp;(<em>Wir dienen weder Fraktionen noch Ambitionen<\/em>).<\/p>\n<\/blockquote>\n\n\n\n<h3 class=\"wp-block-heading\"><strong>C. Verborgenes Symbolwerk<\/strong><\/h3>\n\n\n\n<ul class=\"wp-block-list\">\n<li><strong>Der zerbrochene Fischerring<\/strong>: Liegt auf der Bibel als Zeichen, dass die Papstmacht nun beim Kardinalskollegium liegt.<\/li>\n\n\n\n<li><strong>Das wei\u00dfe Leichentuch<\/strong>: Verh\u00fcllt das Papstgesicht w\u00e4hrend des Eids als Mandatsende.<\/li>\n<\/ul>\n\n\n\n<hr class=\"wp-block-separator has-alpha-channel-opacity\"\/>\n\n\n\n<h2 class=\"wp-block-heading\"><strong>3. Historische Wendepunkte dieses Eids<\/strong><\/h2>\n\n\n\n<h3 class=\"wp-block-heading\"><strong>A. 1958: Die Warnung an Roncalli (Johannes XXIII.)<\/strong><\/h3>\n\n\n\n<p class=\"wp-block-paragraph\">Laut freigegebenen Archiven soll Kardinal&nbsp;<strong>Giuseppe Siri<\/strong>&nbsp;vor Pius XII. gesagt haben:<\/p>\n\n\n\n<blockquote class=\"wp-block-quote is-layout-flow wp-block-quote-is-layout-flow\">\n<p class=\"wp-block-paragraph\"><em>&#8222;Wir w\u00e4hlen keinen Revolution\u00e4r.&#8220;<\/em><br>Doch andere Kardin\u00e4le sahen den Eid als Erneuerungsaufruf &#8211; was zu&nbsp;<strong>Vatikan II<\/strong>&nbsp;f\u00fchrte.<\/p>\n<\/blockquote>\n\n\n\n<h3 class=\"wp-block-heading\"><strong>B. 2005: Der &#8222;Geheimpakt&#8220; gegen Ratzinger<\/strong><\/h3>\n\n\n\n<p class=\"wp-block-paragraph\">Quellen des&nbsp;<em>Osservatore Romano<\/em>&nbsp;enth\u00fcllten, dass&nbsp;<strong>US- und afrikanische Kardin\u00e4le<\/strong>&nbsp;den Eid gegen Joseph Ratzinger \u00e4ndern wollten. Der Plan scheiterte, zeigte aber Risse.<\/p>\n\n\n\n<h3 class=\"wp-block-heading\"><strong>C. 2013: Das Transparenzversprechen<\/strong><\/h3>\n\n\n\n<p class=\"wp-block-paragraph\">Vor dem zur\u00fcckgetretenen Benedikt XVI. f\u00fcgten Kardin\u00e4le&nbsp;<strong>eine handschriftliche Zeile<\/strong>&nbsp;hinzu:<\/p>\n\n\n\n<blockquote class=\"wp-block-quote is-layout-flow wp-block-quote-is-layout-flow\">\n<p class=\"wp-block-paragraph\"><em>&#8222;Wir geloben, uns nicht von Skandalen leiten zu lassen.&#8220;<\/em>&nbsp;(Anspielung auf&nbsp;<em>Vatileaks<\/em>)<\/p>\n<\/blockquote>\n\n\n\n<hr class=\"wp-block-separator has-alpha-channel-opacity\"\/>\n\n\n\n<h2 class=\"wp-block-heading\"><strong>4. Warum die Geheimhaltung?<\/strong><\/h2>\n\n\n\n<h3 class=\"wp-block-heading\"><strong>A. Theologische Gr\u00fcnde<\/strong><\/h3>\n\n\n\n<ul class=\"wp-block-list\">\n<li>Vermeidung eines\u00a0<strong>&#8222;Pakts mit Toten&#8220;<\/strong>\u00a0(verboten in Deuteronomium 18,10-12).<\/li>\n\n\n\n<li>Bewahrung des\u00a0<strong>Interregnums<\/strong>-Mysteriums, wo der Heilige Geist die Kirche f\u00fchrt.<\/li>\n<\/ul>\n\n\n\n<h3 class=\"wp-block-heading\"><strong>B. Politische Gr\u00fcnde<\/strong><\/h3>\n\n\n\n<p class=\"wp-block-paragraph\">Kardinal&nbsp;<strong>Franz K\u00f6nig<\/strong>&nbsp;schrieb 1978:<\/p>\n\n\n\n<blockquote class=\"wp-block-quote is-layout-flow wp-block-quote-is-layout-flow\">\n<p class=\"wp-block-paragraph\"><em>&#8222;W\u00fcrden diese Gel\u00f6bnisse bekannt, w\u00fcrden Regierungen eingreifen.&#8220;<\/em><\/p>\n<\/blockquote>\n\n\n\n<h3 class=\"wp-block-heading\"><strong>C. Der Ausnahmefall: Eidbruch 1431<\/strong><\/h3>\n\n\n\n<p class=\"wp-block-paragraph\">W\u00e4hrend des&nbsp;<strong>Abendl\u00e4ndischen Schismas<\/strong>&nbsp;leisteten zwei Kardinalsgruppen unterschiedliche Eide vor&nbsp;<strong>Gregor XII.<\/strong>&nbsp;und&nbsp;<strong>Benedikt XIII.<\/strong>&nbsp;&#8211; was zu&nbsp;<strong>drei P\u00e4psten gleichzeitig<\/strong>&nbsp;f\u00fchrte.<\/p>\n\n\n\n<hr class=\"wp-block-separator has-alpha-channel-opacity\"\/>\n\n\n\n<h2 class=\"wp-block-heading\"><strong>5. Expertenstimmen<\/strong><\/h2>\n\n\n\n<h3 class=\"wp-block-heading\"><strong>A. Ein Exorzist analysiert<\/strong><\/h3>\n\n\n\n<p class=\"wp-block-paragraph\">Pater&nbsp;<strong>Gabriele Amorth<\/strong>&nbsp;sagte 2012:<\/p>\n\n\n\n<blockquote class=\"wp-block-quote is-layout-flow wp-block-quote-is-layout-flow\">\n<p class=\"wp-block-paragraph\"><em>&#8222;Dieser Eid ist ein Schild gegen teuflische Spaltung. Darum geschieht er vor der Leiche: Es ist ein geistlicher Kampf.&#8220;<\/em><\/p>\n<\/blockquote>\n\n\n\n<h3 class=\"wp-block-heading\"><strong>B. Ein Liturgiker erkl\u00e4rt<\/strong><\/h3>\n\n\n\n<p class=\"wp-block-paragraph\">Msgr.&nbsp;<strong>Guido Marini<\/strong>:<\/p>\n\n\n\n<blockquote class=\"wp-block-quote is-layout-flow wp-block-quote-is-layout-flow\">\n<p class=\"wp-block-paragraph\"><em>&#8222;Kein Vertrag, sondern&nbsp;professio fidei: Kardin\u00e4le erneuern ihren Glauben vor dem scheidenden Petrusnachfolger.&#8220;<\/em><\/p>\n<\/blockquote>\n\n\n\n<h3 class=\"wp-block-heading\"><strong>C. Ein Historiker warnt<\/strong><\/h3>\n\n\n\n<p class=\"wp-block-paragraph\">Professor&nbsp;<strong>Alberto Melloni<\/strong>:<\/p>\n\n\n\n<blockquote class=\"wp-block-quote is-layout-flow wp-block-quote-is-layout-flow\">\n<p class=\"wp-block-paragraph\">*&#8220;Im Zeitalter von Leaks k\u00f6nnte dieses Ritual verschwinden &#8211; und 800 Jahre Tradition mit ihm.&#8220;*<\/p>\n<\/blockquote>\n\n\n\n<hr class=\"wp-block-separator has-alpha-channel-opacity\"\/>\n\n\n\n<h2 class=\"wp-block-heading\"><strong>Fazit: Mehr als ein Eid &#8211; ein Glaubensgeheimnis<\/strong><\/h2>\n\n\n\n<p class=\"wp-block-paragraph\">Dieser stille Pakt ist&nbsp;<strong>letzter Gehorsam dem toten Papst<\/strong>&nbsp;und erste Verpflichtung f\u00fcr die Zukunft. Wie Kardinal&nbsp;<strong>Ratzinger<\/strong>&nbsp;1998 schrieb:<\/p>\n\n\n\n<blockquote class=\"wp-block-quote is-layout-flow wp-block-quote-is-layout-flow\">\n<p class=\"wp-block-paragraph\"><em>&#8222;Vor Peters Tod geloben die neuen Fischer, ihre Netze weiter in die Tiefe zu werfen.&#8220;<\/em><\/p>\n<\/blockquote>\n\n\n\n<p class=\"wp-block-paragraph\"><strong>Wussten Sie&#8230;?<\/strong><\/p>\n\n\n\n<ul class=\"wp-block-list\">\n<li>1294\u00a0<strong>verbrannten<\/strong>\u00a0Kardin\u00e4le den Originaleid nach der Wahl von Coelestin V. (der abdankte).<\/li>\n\n\n\n<li>Paul VI. lie\u00df den Eid von 1978 auf eine\u00a0<strong>Bleizylinder<\/strong>\u00a0gravieren, der unter den Vatikanischen G\u00e4rten ruht.<\/li>\n<\/ul>\n\n\n\n<p class=\"wp-block-paragraph\">Dieses Ritual bleibt&nbsp;<strong>das bestgeh\u00fctete Geheimnis p\u00e4pstlicher Begr\u00e4bnisse<\/strong>. Welche anderen Vatikan-Geheimnisse vermuten Sie?<\/p>\n","protected":false},"excerpt":{"rendered":"<p>Einf\u00fchrung: Ein geheimes Ritual im Herzen des Vatikans W\u00e4hrend die Welt die \u00f6ffentlichen Zeremonien eines p\u00e4pstlichen Begr\u00e4bnisses verfolgt, findet hinter verschlossenen T\u00fcren ein intimer und kaum bekannter Moment statt:&nbsp;der Eid der Kardin\u00e4le vor dem Leichnam des verstorbenen Papstes. Dieses Ritual, voll mittelalterlicher Symbolik, ist ein Gehorsams- und Einigungspakt, der dem Konklave vorausgeht und seit Jahrhunderten &hellip;<\/p>\n","protected":false},"author":3,"featured_media":3468,"comment_status":"open","ping_status":"open","sticky":false,"template":"","format":"standard","meta":{"_seopress_titles_title":"","_seopress_titles_desc":"","_seopress_robots_index":"","_seopress_robots_follow":"","_seopress_robots_imageindex":"","_seopress_robots_snippet":"","_seopress_robots_primary_cat":"","_seopress_robots_breadcrumbs":"","_seopress_robots_freeze_modified_date":"","_seopress_robots_custom_modified_date":"","_seopress_robots_canonical":"","_seopress_social_fb_title":"","_seopress_social_fb_desc":"","_seopress_social_fb_img":"","_seopress_social_fb_img_attachment_id":0,"_seopress_social_fb_img_width":0,"_seopress_social_fb_img_height":0,"_seopress_social_twitter_title":"","_seopress_social_twitter_desc":"","_seopress_social_twitter_img":"","_seopress_social_twitter_img_attachment_id":0,"_seopress_social_twitter_img_width":0,"_seopress_social_twitter_img_height":0,"_seopress_redirections_value":"","_seopress_redirections_enabled":"","_seopress_redirections_enabled_regex":"","_seopress_redirections_logged_status":"","_seopress_redirections_param":"","_seopress_redirections_type":0,"_seopress_analysis_target_kw":"","footnotes":""},"categories":[41,66],"tags":[1146,1147,645],"class_list":["post-3467","post","type-post","status-publish","format-standard","has-post-thumbnail","","category-glaube-und-kultur","category-populaerkultur-und-katholizismus","tag-eid","tag-kardinaele","tag-papstes"],"_links":{"self":[{"href":"https:\/\/catholicus.eu\/de\/wp-json\/wp\/v2\/posts\/3467","targetHints":{"allow":["GET"]}}],"collection":[{"href":"https:\/\/catholicus.eu\/de\/wp-json\/wp\/v2\/posts"}],"about":[{"href":"https:\/\/catholicus.eu\/de\/wp-json\/wp\/v2\/types\/post"}],"author":[{"embeddable":true,"href":"https:\/\/catholicus.eu\/de\/wp-json\/wp\/v2\/users\/3"}],"replies":[{"embeddable":true,"href":"https:\/\/catholicus.eu\/de\/wp-json\/wp\/v2\/comments?post=3467"}],"version-history":[{"count":1,"href":"https:\/\/catholicus.eu\/de\/wp-json\/wp\/v2\/posts\/3467\/revisions"}],"predecessor-version":[{"id":3469,"href":"https:\/\/catholicus.eu\/de\/wp-json\/wp\/v2\/posts\/3467\/revisions\/3469"}],"wp:featuredmedia":[{"embeddable":true,"href":"https:\/\/catholicus.eu\/de\/wp-json\/wp\/v2\/media\/3468"}],"wp:attachment":[{"href":"https:\/\/catholicus.eu\/de\/wp-json\/wp\/v2\/media?parent=3467"}],"wp:term":[{"taxonomy":"category","embeddable":true,"href":"https:\/\/catholicus.eu\/de\/wp-json\/wp\/v2\/categories?post=3467"},{"taxonomy":"post_tag","embeddable":true,"href":"https:\/\/catholicus.eu\/de\/wp-json\/wp\/v2\/tags?post=3467"}],"curies":[{"name":"wp","href":"https:\/\/api.w.org\/{rel}","templated":true}]}}