{"id":3414,"date":"2025-04-22T22:40:48","date_gmt":"2025-04-22T20:40:48","guid":{"rendered":"https:\/\/catholicus.eu\/de\/?p=3414"},"modified":"2025-04-22T22:40:48","modified_gmt":"2025-04-22T20:40:48","slug":"das-schreckliche-begraebnis-von-papst-pius-xii-eine-lebendige-lektion-ueber-demut-eitelkeit-und-heiligkeit","status":"publish","type":"post","link":"https:\/\/catholicus.eu\/de\/das-schreckliche-begraebnis-von-papst-pius-xii-eine-lebendige-lektion-ueber-demut-eitelkeit-und-heiligkeit\/","title":{"rendered":"Das schreckliche Begr\u00e4bnis von Papst Pius XII.: Eine lebendige Lektion \u00fcber Demut, Eitelkeit und Heiligkeit"},"content":{"rendered":"\n<p><strong>Einleitung: Ein Skandal vor den Augen der Welt<\/strong><\/p>\n\n\n\n<p>Am 9. Oktober 1958 trauerte die katholische Welt um einen geistlichen Giganten: Papst Pius XII. Der <em>Pastor Angelicus<\/em>, wie man ihn nannte, hatte die Kirche durch die dunkelsten Jahre des 20. Jahrhunderts gef\u00fchrt \u2013 durch den Zweiten Weltkrieg, den Nationalsozialismus, den Kommunismus und die ersten Herausforderungen des modernen S\u00e4kularismus. Was jedoch ein feierlicher, w\u00fcrdiger und heiliger Abschied h\u00e4tte sein sollen, <strong>verwandelte sich in ein groteskes und schmerzhaftes Spektakel: Das schreckliche Begr\u00e4bnis von Pius XII. bleibt eines der besch\u00e4mendsten Kapitel in der j\u00fcngeren Geschichte des Vatikans.<\/strong><\/p>\n\n\n\n<p>Was mit seinem Leichnam nach seinem Tod geschah, schockierte nicht nur Rom, sondern bietet uns heute \u2013 mehr als ein halbes Jahrhundert sp\u00e4ter \u2013 eine tiefgreifende Lektion \u00fcber die menschliche Zerbrechlichkeit, die Gefahren des Stolzes, die Ehrfurcht vor dem Geheimnis des Todes und den Wert echter Heiligkeit.<\/p>\n\n\n\n<hr class=\"wp-block-separator has-alpha-channel-opacity\"\/>\n\n\n\n<h3 class=\"wp-block-heading\">I. Der Papst des Schweigens\u2026 und des Leidens<\/h3>\n\n\n\n<p>Um das Ausma\u00df des Skandals zu verstehen, muss man zun\u00e4chst den Mann kennen, der Pius XII. war. Eugenio Pacelli wurde 1876 geboren und 1939 zum Papst gew\u00e4hlt. Sein Pontifikat war gepr\u00e4gt von au\u00dferordentlicher diplomatischer Weisheit, einer prophetischen Sicht auf die moderne Zeit und einer tiefen Liebe zu Christus und der Kirche. Seine angebliche \u201eNeutralit\u00e4t\u201c w\u00e4hrend des Zweiten Weltkriegs war Gegenstand ungerechter Kontroversen, doch <strong>viele zeitgen\u00f6ssische Zeugnisse \u2013 auch von geretteten Juden \u2013 erkennen in Pius XII. einen stillen, aber wirksamen Verteidiger der Verfolgten.<\/strong><\/p>\n\n\n\n<p>Dieser Papst lebte in bewundernswerter Askese. Er fastete streng, schlief wenig und verbrachte lange Stunden im Gebet. Er starb in Castel Gandolfo, wie ein wahrer Diener Gottes. Doch weder er noch irgendjemand sonst konnte die Trag\u00f6die voraussehen, die folgen sollte.<\/p>\n\n\n\n<hr class=\"wp-block-separator has-alpha-channel-opacity\"\/>\n\n\n\n<h3 class=\"wp-block-heading\">II. Der Verantwortliche f\u00fcr das Desaster: Der Arzt, der sich f\u00fcr einen Balsamierer hielt<\/h3>\n\n\n\n<p>Der Protagonist dieser Trag\u00f6die war kein \u00e4u\u00dferer Feind, sondern <strong>sein eigener Leibarzt<\/strong>, der umstrittene <em>Riccardo Galeazzi-Lisi<\/em>. Dieser Mann, dessen Ego seiner Unvorsichtigkeit gleichkam, sah sich als unverzichtbare Figur im Vatikan. Mit seiner Rolle als Arzt war er nicht zufrieden \u2013 er wollte gl\u00e4nzen\u2026 selbst \u00fcber den Tod des Papstes hinaus.<\/p>\n\n\n\n<p>Entgegen allen Warnungen und Protokollen beschloss Galeazzi-Lisi, <strong>eine \u201enat\u00fcrliche\u201c Einbalsamierungsmethode zu erproben<\/strong>, die seiner Meinung nach die Integrit\u00e4t des K\u00f6rpers respektieren und ihn ohne Ausweidung oder Chemikalien konservieren w\u00fcrde. Sein Rezept bestand aus <strong>Essig, aromatischen Kr\u00e4utern, Harz und einer hermetisch verschlossenen Glaskammer<\/strong>. Laut ihm sei dies eine Hommage an die alt\u00e4gyptischen Techniken, kombiniert mit moderner Medizin.<\/p>\n\n\n\n<p>Doch die Realit\u00e4t war eine Katastrophe.<\/p>\n\n\n\n<hr class=\"wp-block-separator has-alpha-channel-opacity\"\/>\n\n\n\n<h3 class=\"wp-block-heading\">III. Ein verwesender K\u00f6rper\u2026 vor den Augen der Welt<\/h3>\n\n\n\n<p>Anstatt den Leichnam zu erhalten, <strong>beschleunigte Galeazzi-Lisis \u201eTechnik\u201c den Verwesungsprozess dramatisch.<\/strong> Sehr schnell begann <strong>der Leichnam von Papst Pius XII. anzuschwellen und einen abscheulichen Geruch abzugeben<\/strong>, noch bevor er Rom f\u00fcr die Beisetzungszeremonien erreichte. Sein Gesicht entstellte sich. Seine Haut riss auf und schw\u00e4rzte sich. W\u00e4hrend der \u00f6ffentlichen Aufbahrung in St. Peter <strong>berichteten Zeugen, dass der K\u00f6rper durch die inneren Gase \u201eplatzte\u201c.<\/strong><\/p>\n\n\n\n<p>Es wurde sogar berichtet \u2013 obwohl dies umstritten ist \u2013 dass ein Notfalleingriff n\u00f6tig war, um bestimmte K\u00f6rperteile zu versiegeln. Die Glaskammer, die seine W\u00fcrde bewahren sollte, machte seinen posthumen Zustand zu einem grotesken Spektakel. Ein italienischer Journalist schrieb: <em>\u201eNoch nie ist ein Papst zweimal gestorben\u2026 zuerst im Fleisch, dann im Ged\u00e4chtnis.\u201c<\/em><\/p>\n\n\n\n<p>Die Emp\u00f6rung war so gro\u00df, dass <strong>der Vatikan Galeazzi-Lisi sofort entlie\u00df<\/strong> und aus dem p\u00e4pstlichen Umfeld verbannte. Sein Versuch, Fotos des Papstleichnams vor der Zersetzung zu ver\u00f6ffentlichen, verschlimmerte den Skandal noch weiter. Es war eine Schande ohnegleichen.<\/p>\n\n\n\n<hr class=\"wp-block-separator has-alpha-channel-opacity\"\/>\n\n\n\n<h3 class=\"wp-block-heading\">IV. Theologische und geistliche Lehren aus einem dem\u00fctigenden Begr\u00e4bnis<\/h3>\n\n\n\n<p>Warum sollte man sich an so etwas D\u00fcsteres erinnern? Welchen Sinn hat es, sich an ein so unw\u00fcrdiges Begr\u00e4bnis zu erinnern?<\/p>\n\n\n\n<p>Die Antwort liegt in <strong>der P\u00e4dagogik der g\u00f6ttlichen Vorsehung.<\/strong> Die Geschichte dieses Begr\u00e4bnisses ist wie ein lebendiges Gleichnis, das uns mit unserem menschlichen Elend konfrontiert und einl\u00e4dt, \u00fcber das Sichtbare hinauszuschauen. <strong>Der Tod \u2013 selbst der eines heiligen Papstes \u2013 kann grotesk sein, wenn es an Demut, Gehorsam und Ehrfurcht vor dem Geheimnis fehlt.<\/strong><\/p>\n\n\n\n<blockquote class=\"wp-block-quote is-layout-flow wp-block-quote-is-layout-flow\">\n<p>\u201eDu bist Staub, und zum Staub kehrst du zur\u00fcck.\u201c (Genesis 3,19)<br>Diese Wahrheit ist nicht nur eine physische Erinnerung, sondern auch eine geistige: Die Herrlichkeit des Menschen liegt in seiner Seele, nicht in seinem \u00e4u\u00dferen Anschein.<\/p>\n<\/blockquote>\n\n\n\n<ol class=\"wp-block-list\">\n<li><strong>Eitelkeit der Eitelkeiten<\/strong>: Galeazzi-Lisi verk\u00f6rpert die moderne Eitelkeit, die experimentieren, auffallen und dominieren will. In seinem Drang zur Innovation dem\u00fctigte er den Papst. Tun wir nicht \u00c4hnliches, wenn wir nur <em>gut erscheinen<\/em>, statt wirklich in der Gnade zu leben?<\/li>\n\n\n\n<li><strong>Die W\u00fcrde des Todes<\/strong>: Der menschliche K\u00f6rper ist ein Tempel des Heiligen Geistes (vgl. 1 Kor 6,19) \u2013 auch nach dem Tod. Der Respekt vor dem Leichnam ist ein Werk der leiblichen Barmherzigkeit. Diese Trag\u00f6die erinnert uns an die Bedeutung der Begr\u00e4bnisliturgie, des Rituals, der Stille und des Gebets f\u00fcr die Seelen.<\/li>\n\n\n\n<li><strong>Der Skandal als Reinigung<\/strong>: Pius XII. litt im Leben wie im Tod. Seine letzte Dem\u00fctigung spricht von <strong>der Reinigung, die viele heilige Seelen durchmachen, um zur Herrlichkeit zu gelangen.<\/strong> Es ist nicht so, dass \u201eGott den Papst nicht besch\u00fctzt\u201c h\u00e4tte, sondern dass Er eine letzte Dem\u00fctigung zulie\u00df, um seine Seele zu erh\u00f6hen.<\/li>\n<\/ol>\n\n\n\n<hr class=\"wp-block-separator has-alpha-channel-opacity\"\/>\n\n\n\n<h3 class=\"wp-block-heading\">V. Praktische Anwendungen f\u00fcr das t\u00e4gliche Leben<\/h3>\n\n\n\n<p>Diese Episode sollte nicht als makabre Anekdote abgetan werden. Sie spricht <strong>zu uns, heute<\/strong>, in einer Welt, die das \u00c4u\u00dfere verherrlicht, den Tod verachtet und dem Leiden entflieht:<\/p>\n\n\n\n<ul class=\"wp-block-list\">\n<li><strong>Die W\u00fcrde des K\u00f6rpers neu wertsch\u00e4tzen<\/strong>: In einer Kultur, die Euthanasie und Abtreibung f\u00f6rdert, ruft uns diese Geschichte dazu auf, die Heiligkeit des menschlichen K\u00f6rpers von der Empf\u00e4ngnis bis zum letzten Atemzug zu verteidigen.<\/li>\n\n\n\n<li><strong>Sich im Glauben auf den Tod vorbereiten<\/strong>: Bin ich in einem Zustand der Gnade? Habe ich \u00fcberlegt, wie ich sterben m\u00f6chte, welche Art von Begr\u00e4bnis ich w\u00fcnsche, welches geistliche Erbe ich hinterlassen will?<\/li>\n\n\n\n<li><strong>Demut bis in den Tod<\/strong>: Viele planen Mausoleen, Ehrungen, posthume Applausbekundungen. Doch der wahre christliche Weg besteht darin, das Kreuz zu umarmen \u2013 ohne Spektakel, ohne Eitelkeit. Wie Christus, der vom Kreuz genommen, in ein Leinentuch gewickelt und in der Stille begraben wurde.<\/li>\n<\/ul>\n\n\n\n<hr class=\"wp-block-separator has-alpha-channel-opacity\"\/>\n\n\n\n<h3 class=\"wp-block-heading\">VI. Ein Papst, der im Ged\u00e4chtnis der Gl\u00e4ubigen aufersteht<\/h3>\n\n\n\n<p>Trotz seines schrecklichen Begr\u00e4bnisses <strong>lebt das Andenken an Pius XII. mit Kraft wieder auf.<\/strong> Viele Gl\u00e4ubige betrachten ihn als Heiligen. Sein Seligsprechungsverfahren ist im Gange, und Zeugnisse von Wundern und empfangenen Gnaden durch seine F\u00fcrsprache werden weiterhin gesammelt.<\/p>\n\n\n\n<p>Der Schrecken seines Begr\u00e4bnisses hat sein Erbe nicht ausgel\u00f6scht \u2013 er hat es gereinigt. Denn Heilige gl\u00e4nzen nicht durch die Art ihres Sterbens, sondern durch die Art ihres Lebens. Und Eugenio Pacelli hat sein Leben mit Liebe, Klugheit, Treue und Heldenmut hingegeben. Seine letzte Dem\u00fctigung ist ein neues Kapitel in der Geschichte der M\u00e4rtyrer des Geistes.<\/p>\n\n\n\n<hr class=\"wp-block-separator has-alpha-channel-opacity\"\/>\n\n\n\n<p><strong>Schlussfolgerung: Vom Skandal zum Zeugnis<\/strong><\/p>\n\n\n\n<p>Das schreckliche Begr\u00e4bnis von Papst Pius XII. ist nicht nur eine dunkle Fu\u00dfnote der vatikanischen Geschichte. Es ist ein <strong>geistlicher Spiegel.<\/strong> Es zeigt uns, wie <strong>Gott Gutes aus dem B\u00f6sen ziehen kann<\/strong>, wie das Leiden erl\u00f6send wirken kann und wie <strong>wahre christliche Herrlichkeit nicht in einem unversehrten K\u00f6rper, sondern in einer Seele liegt, die f\u00fcr Christus brennt.<\/strong><\/p>\n\n\n\n<blockquote class=\"wp-block-quote is-layout-flow wp-block-quote-is-layout-flow\">\n<p>\u201eSelig sind, die da Leid tragen; denn sie sollen getr\u00f6stet werden.\u201c (Matth\u00e4us 5,4)<\/p>\n<\/blockquote>\n\n\n\n<p>M\u00f6ge das stille Zeugnis von Pius XII., selbst in seinem grotesken Tod, uns inspirieren, in Demut zu leben, in Gnade zu sterben und stets das Ewige \u00fcber das Sichtbare zu suchen. Seine Geschichte ist ein Schrei gegen die Eitelkeit und ein Hymnus an die wahre Heiligkeit.<\/p>\n","protected":false},"excerpt":{"rendered":"<p>Einleitung: Ein Skandal vor den Augen der Welt Am 9. Oktober 1958 trauerte die katholische Welt um einen geistlichen Giganten: Papst Pius XII. Der Pastor Angelicus, wie man ihn nannte, hatte die Kirche durch die dunkelsten Jahre des 20. Jahrhunderts gef\u00fchrt \u2013 durch den Zweiten Weltkrieg, den Nationalsozialismus, den Kommunismus und die ersten Herausforderungen des &hellip;<\/p>\n","protected":false},"author":3,"featured_media":3415,"comment_status":"open","ping_status":"open","sticky":false,"template":"","format":"standard","meta":{"_seopress_robots_primary_cat":"","_seopress_titles_title":"","_seopress_titles_desc":"","_seopress_robots_index":"","footnotes":""},"categories":[48,38],"tags":[1128],"class_list":["post-3414","post","type-post","status-publish","format-standard","has-post-thumbnail","","category-geschichte-der-kirche","category-geschichte-und-tradition","tag-begraebnis-von-papst-pius-xii"],"_links":{"self":[{"href":"https:\/\/catholicus.eu\/de\/wp-json\/wp\/v2\/posts\/3414","targetHints":{"allow":["GET"]}}],"collection":[{"href":"https:\/\/catholicus.eu\/de\/wp-json\/wp\/v2\/posts"}],"about":[{"href":"https:\/\/catholicus.eu\/de\/wp-json\/wp\/v2\/types\/post"}],"author":[{"embeddable":true,"href":"https:\/\/catholicus.eu\/de\/wp-json\/wp\/v2\/users\/3"}],"replies":[{"embeddable":true,"href":"https:\/\/catholicus.eu\/de\/wp-json\/wp\/v2\/comments?post=3414"}],"version-history":[{"count":1,"href":"https:\/\/catholicus.eu\/de\/wp-json\/wp\/v2\/posts\/3414\/revisions"}],"predecessor-version":[{"id":3416,"href":"https:\/\/catholicus.eu\/de\/wp-json\/wp\/v2\/posts\/3414\/revisions\/3416"}],"wp:featuredmedia":[{"embeddable":true,"href":"https:\/\/catholicus.eu\/de\/wp-json\/wp\/v2\/media\/3415"}],"wp:attachment":[{"href":"https:\/\/catholicus.eu\/de\/wp-json\/wp\/v2\/media?parent=3414"}],"wp:term":[{"taxonomy":"category","embeddable":true,"href":"https:\/\/catholicus.eu\/de\/wp-json\/wp\/v2\/categories?post=3414"},{"taxonomy":"post_tag","embeddable":true,"href":"https:\/\/catholicus.eu\/de\/wp-json\/wp\/v2\/tags?post=3414"}],"curies":[{"name":"wp","href":"https:\/\/api.w.org\/{rel}","templated":true}]}}