{"id":3411,"date":"2025-04-22T22:11:00","date_gmt":"2025-04-22T20:11:00","guid":{"rendered":"https:\/\/catholicus.eu\/de\/?p=3411"},"modified":"2025-04-22T22:11:00","modified_gmt":"2025-04-22T20:11:00","slug":"die-fuenf-wege-des-heiligen-thomas-von-aquin-vernunft-und-glaube-auf-der-suche-nach-gott","status":"publish","type":"post","link":"https:\/\/catholicus.eu\/de\/die-fuenf-wege-des-heiligen-thomas-von-aquin-vernunft-und-glaube-auf-der-suche-nach-gott\/","title":{"rendered":"Die F\u00fcnf Wege des Heiligen Thomas von Aquin: Vernunft und Glaube auf der Suche nach Gott"},"content":{"rendered":"\n<p>In einer Welt, in der Materialismus und Skeptizismus den \u00f6ffentlichen Diskurs zu dominieren scheinen, fragen sich viele Menschen:&nbsp;<em>Existiert Gott wirklich? K\u00f6nnen wir seine Existenz durch Vernunft beweisen, oder ist das reine Glaubenssache?<\/em><\/p>\n\n\n\n<p>Vor mehr als 700 Jahren gab ein gro\u00dfer Kirchenlehrer,&nbsp;<strong>der Heilige Thomas von Aquin<\/strong>, Antworten auf diese Fragen mit Argumenten, die so solide sind, dass sie heute noch g\u00fcltig sind. In seinem Meisterwerk, der&nbsp;<em>Summa Theologica<\/em>, entwickelte er&nbsp;<strong>f\u00fcnf rationale Wege<\/strong>, Gottes Existenz zu beweisen &#8211; nicht durch Offenbarung allein, sondern durch Logik und Beobachtung der Welt.<\/p>\n\n\n\n<p>Diese &#8222;F\u00fcnf Wege&#8220; sind nicht nur intellektuelle \u00dcbungen, sondern Pfade,&nbsp;<strong>die unseren Geist zum Sch\u00f6pfer erheben<\/strong>&nbsp;und uns helfen, seine Spuren in allem Geschaffenen zu erkennen. In diesem Artikel werden wir jeden Weg untersuchen, ihre Bedeutung f\u00fcr die katholische Theologie und wie sie unser geistliches Leben in der heutigen Welt verwandeln k\u00f6nnen.<\/p>\n\n\n\n<hr class=\"wp-block-separator has-alpha-channel-opacity\"\/>\n\n\n\n<h2 class=\"wp-block-heading\"><strong>1. Der Weg der Bewegung: Gott als unbewegter Beweger<\/strong><\/h2>\n\n\n\n<p><strong>Schl\u00fcsseltext:<\/strong>&nbsp;<em>&#8222;Im Anfang schuf Gott Himmel und Erde&#8220;<\/em>&nbsp;(Genesis 1,1).<\/p>\n\n\n\n<p>Der heilige Thomas beobachtete, dass&nbsp;<strong>alles, was bewegt wird, von etwas anderem bewegt wird<\/strong>. Ein Ball rollt nicht von selbst &#8211; jemand wirft ihn; ein Baum w\u00e4chst nicht ohne vorherigen Samen. Wenn wir diese Kette von Ursachen zur\u00fcckverfolgen, stellen wir die Frage:&nbsp;<em>Wer gab den ersten Ansto\u00df?<\/em><\/p>\n\n\n\n<p>Es kann keine unendliche Reihe von Bewegern geben, denn dann&nbsp;<strong>h\u00e4tte die Bewegung niemals begonnen<\/strong>. Daher muss es einen&nbsp;<strong>unbewegten Beweger<\/strong>&nbsp;geben, der selbst von nichts bewegt wird, sondern die Quelle aller Bewegung ist.&nbsp;<strong>Dieser Beweger ist Gott<\/strong>.<\/p>\n\n\n\n<p><strong>Praktische Anwendung:<\/strong><\/p>\n\n\n\n<ul class=\"wp-block-list\">\n<li>Wenn Sie Ver\u00e4nderungen in der Natur beobachten (ein flie\u00dfender Fluss, der Wechsel der Jahreszeiten), erinnern Sie sich, dass dahinter\u00a0<strong>die g\u00f6ttliche Hand steht, die alles erh\u00e4lt<\/strong>.<\/li>\n\n\n\n<li>Leben Sie in Dankbarkeit, im Wissen, dass\u00a0<strong>Gott der Ursprung Ihres Lebens<\/strong>\u00a0und jeder Bewegung zum Guten ist.<\/li>\n<\/ul>\n\n\n\n<hr class=\"wp-block-separator has-alpha-channel-opacity\"\/>\n\n\n\n<h2 class=\"wp-block-heading\"><strong>2. Der Weg der Kausalit\u00e4t: Gott als erste Ursache<\/strong><\/h2>\n\n\n\n<p><strong>Schl\u00fcsseltext:<\/strong>&nbsp;<em>&#8222;Denn in ihm leben wir, bewegen wir uns und sind wir&#8220;<\/em>&nbsp;(Apostelgeschichte 17,28).<\/p>\n\n\n\n<p>Nichts entsteht aus dem Nichts. Jede Wirkung hat eine Ursache: Ein Geb\u00e4ude braucht einen Architekten, eine Uhr einen Uhrmacher. Wenn wir der Kette der Ursachen folgen,&nbsp;<strong>kann es keinen unendlichen Regress geben<\/strong>, denn dann w\u00fcrde gegenw\u00e4rtig nichts existieren.<\/p>\n\n\n\n<p>Daher muss es eine&nbsp;<strong>unverursachte erste Ursache<\/strong>&nbsp;geben, ein Wesen, das von nichts anderem abh\u00e4ngt, sondern die Quelle von allem ist.&nbsp;<strong>Diese Ursache ist Gott<\/strong>.<\/p>\n\n\n\n<p><strong>Praktische Anwendung:<\/strong><\/p>\n\n\n\n<ul class=\"wp-block-list\">\n<li>Denken Sie nach:\u00a0<em>Wer hat Ihnen die Existenz geschenkt?<\/em>\u00a0<strong>Gott hat Sie von Ewigkeit her gewollt<\/strong>.<\/li>\n\n\n\n<li>In Schwierigkeiten vertrauen Sie darauf, dass\u00a0<strong>Gott Anfang und Ende aller Dinge ist<\/strong>\u00a0und nichts seiner Vorsehung entgeht.<\/li>\n<\/ul>\n\n\n\n<hr class=\"wp-block-separator has-alpha-channel-opacity\"\/>\n\n\n\n<h2 class=\"wp-block-heading\"><strong>3. Der Weg der Kontingenz: Gott als notwendiges Wesen<\/strong><\/h2>\n\n\n\n<p><strong>Schl\u00fcsseltext:<\/strong>&nbsp;<em>&#8222;Ehe die Berge wurden, die Erde entstand und das Weltall, bist du, Gott, von Ewigkeit zu Ewigkeit&#8220;<\/em>&nbsp;(Psalm 90,2).<\/p>\n\n\n\n<p>Alles, was wir in der Welt sehen, ist&nbsp;<strong>kontingent<\/strong>&nbsp;(es k\u00f6nnte existieren oder nicht existieren). B\u00e4ume, Sterne, sogar wir selbst&nbsp;<strong>tragen den Grund unserer Existenz nicht in uns<\/strong>.<\/p>\n\n\n\n<p>Wenn alles kontingent w\u00e4re, w\u00fcrde irgendwann&nbsp;<strong>nichts existieren<\/strong>. Daher muss es ein&nbsp;<strong>notwendiges Wesen<\/strong>&nbsp;geben, das von nichts abh\u00e4ngt, sondern aus sich selbst existiert.&nbsp;<strong>Dieses Wesen ist Gott<\/strong>.<\/p>\n\n\n\n<p><strong>Praktische Anwendung:<\/strong><\/p>\n\n\n\n<ul class=\"wp-block-list\">\n<li><strong>Demut<\/strong>: Erkennen Sie, dass wir in allem von Gott abh\u00e4ngen.<\/li>\n\n\n\n<li><strong>Vertrauen<\/strong>: Auch wenn alles vergeht,\u00a0<strong>bleibt Gott<\/strong>.<\/li>\n<\/ul>\n\n\n\n<hr class=\"wp-block-separator has-alpha-channel-opacity\"\/>\n\n\n\n<h2 class=\"wp-block-heading\"><strong>4. Der Weg der Stufen der Vollkommenheit: Gott als h\u00f6chstes Gut<\/strong><\/h2>\n\n\n\n<p><strong>Schl\u00fcsseltext:<\/strong>&nbsp;<em>&#8222;Ihr sollt also vollkommen sein, wie es auch euer himmlischer Vater ist&#8220;<\/em>&nbsp;(Matth\u00e4us 5,48).<\/p>\n\n\n\n<p>In der Welt sehen wir verschiedene Grade von G\u00fcte, Sch\u00f6nheit und Wahrheit. Etwas ist mehr oder weniger gerecht, mehr oder weniger sch\u00f6n. Aber diese Begriffe&nbsp;<strong>setzen ein absolutes Maximum voraus<\/strong>, einen perfekten Ma\u00dfstab.<\/p>\n\n\n\n<p>Daher muss es&nbsp;<strong>etwas (oder Jemanden) geben, der die Vollkommenheit selbst ist<\/strong>, die Quelle alles Guten.&nbsp;<strong>Dieses vollkommene Wesen ist Gott<\/strong>.<\/p>\n\n\n\n<p><strong>Praktische Anwendung:<\/strong><\/p>\n\n\n\n<ul class=\"wp-block-list\">\n<li><strong>Streben Sie nach wahrer Sch\u00f6nheit<\/strong>\u00a0(nicht nach Oberfl\u00e4chlichkeit).<\/li>\n\n\n\n<li><strong>Lieben Sie das Gute als Abbild Gottes<\/strong>.<\/li>\n<\/ul>\n\n\n\n<hr class=\"wp-block-separator has-alpha-channel-opacity\"\/>\n\n\n\n<h2 class=\"wp-block-heading\"><strong>5. Der Weg der Zweckm\u00e4\u00dfigkeit: Gott als ordnende Intelligenz<\/strong><\/h2>\n\n\n\n<p><strong>Schl\u00fcsseltext:<\/strong>&nbsp;<em>&#8222;Die Himmel erz\u00e4hlen die Herrlichkeit Gottes, das Firmament k\u00fcndet das Werk seiner H\u00e4nde&#8220;<\/em>&nbsp;(Psalm 19,2).<\/p>\n\n\n\n<p>Das Universum zeigt eine&nbsp;<strong>erstaunliche Ordnung<\/strong>&nbsp;(Naturgesetze, biologische Zyklen). Diese Ordnung kann nicht Zufall sein, sondern erfordert eine&nbsp;<strong>\u00fcberlegene Intelligenz, die sie entworfen hat<\/strong>.<\/p>\n\n\n\n<p>Daher existiert ein&nbsp;<strong>intelligentes Wesen, das alles ordnet<\/strong>.&nbsp;<strong>Dieser ordnende Geist ist Gott<\/strong>.<\/p>\n\n\n\n<p><strong>Praktische Anwendung:<\/strong><\/p>\n\n\n\n<ul class=\"wp-block-list\">\n<li><strong>Bestaunen Sie die Sch\u00f6pfung als Gottes Werk<\/strong>.<\/li>\n\n\n\n<li><strong>Leben Sie mit Ziel<\/strong>, im Wissen, dass es einen g\u00f6ttlichen Plan f\u00fcr Ihr Leben gibt.<\/li>\n<\/ul>\n\n\n\n<hr class=\"wp-block-separator has-alpha-channel-opacity\"\/>\n\n\n\n<h2 class=\"wp-block-heading\"><strong>Schlussfolgerung: Glaube und Vernunft in Harmonie<\/strong><\/h2>\n\n\n\n<p>Der heilige Thomas lehrt uns, dass&nbsp;<strong>Glaube und Vernunft sich nicht widersprechen<\/strong>&nbsp;&#8211; sie erg\u00e4nzen einander. Diese F\u00fcnf Wege sind nicht nur philosophische Argumente, sondern&nbsp;<strong>Tore zur Begegnung mit Gott<\/strong>.<\/p>\n\n\n\n<p>In einer lauten, ablenkenden Welt&nbsp;<strong>geben uns diese ewigen Wahrheiten Frieden und Orientierung<\/strong>. Wie der Aquinate sagte:&nbsp;<em>&#8222;Die Begrenztheit des menschlichen Geistes ist keine Entschuldigung, nicht nach Wahrheit zu suchen, denn Gott selbst hat uns das Licht der Vernunft gegeben, um ihn zu erkennen.&#8220;<\/em><\/p>\n\n\n\n<p><strong>Letzte Einladung:<\/strong><br>Nehmen Sie sich heute einen Moment Zeit,&nbsp;<strong>um sich umzusehen und Gottes Spuren in der Sch\u00f6pfung zu entdecken<\/strong>.&nbsp;<strong>Er ist nicht fern; er ist der Grund von allem<\/strong>.<\/p>\n\n\n\n<p><em>&#8222;Naht euch Gott, dann naht er sich euch&#8220;<\/em>&nbsp;(Jakobus 4,8).<\/p>\n\n\n\n<p>Sind Sie bereit, dieser Einladung zu folgen?<\/p>\n","protected":false},"excerpt":{"rendered":"<p>In einer Welt, in der Materialismus und Skeptizismus den \u00f6ffentlichen Diskurs zu dominieren scheinen, fragen sich viele Menschen:&nbsp;Existiert Gott wirklich? K\u00f6nnen wir seine Existenz durch Vernunft beweisen, oder ist das reine Glaubenssache? Vor mehr als 700 Jahren gab ein gro\u00dfer Kirchenlehrer,&nbsp;der Heilige Thomas von Aquin, Antworten auf diese Fragen mit Argumenten, die so solide sind, &hellip;<\/p>\n","protected":false},"author":3,"featured_media":3412,"comment_status":"open","ping_status":"open","sticky":false,"template":"","format":"standard","meta":{"_seopress_robots_primary_cat":"","_seopress_titles_title":"","_seopress_titles_desc":"","_seopress_robots_index":"","footnotes":""},"categories":[41,63],"tags":[1127],"class_list":["post-3411","post","type-post","status-publish","format-standard","has-post-thumbnail","","category-glaube-und-kultur","category-philosophie-und-glaube","tag-fuenf-wege-des-heiligen-thomas-von-aquin"],"_links":{"self":[{"href":"https:\/\/catholicus.eu\/de\/wp-json\/wp\/v2\/posts\/3411","targetHints":{"allow":["GET"]}}],"collection":[{"href":"https:\/\/catholicus.eu\/de\/wp-json\/wp\/v2\/posts"}],"about":[{"href":"https:\/\/catholicus.eu\/de\/wp-json\/wp\/v2\/types\/post"}],"author":[{"embeddable":true,"href":"https:\/\/catholicus.eu\/de\/wp-json\/wp\/v2\/users\/3"}],"replies":[{"embeddable":true,"href":"https:\/\/catholicus.eu\/de\/wp-json\/wp\/v2\/comments?post=3411"}],"version-history":[{"count":1,"href":"https:\/\/catholicus.eu\/de\/wp-json\/wp\/v2\/posts\/3411\/revisions"}],"predecessor-version":[{"id":3413,"href":"https:\/\/catholicus.eu\/de\/wp-json\/wp\/v2\/posts\/3411\/revisions\/3413"}],"wp:featuredmedia":[{"embeddable":true,"href":"https:\/\/catholicus.eu\/de\/wp-json\/wp\/v2\/media\/3412"}],"wp:attachment":[{"href":"https:\/\/catholicus.eu\/de\/wp-json\/wp\/v2\/media?parent=3411"}],"wp:term":[{"taxonomy":"category","embeddable":true,"href":"https:\/\/catholicus.eu\/de\/wp-json\/wp\/v2\/categories?post=3411"},{"taxonomy":"post_tag","embeddable":true,"href":"https:\/\/catholicus.eu\/de\/wp-json\/wp\/v2\/tags?post=3411"}],"curies":[{"name":"wp","href":"https:\/\/api.w.org\/{rel}","templated":true}]}}