{"id":3399,"date":"2025-04-22T07:54:41","date_gmt":"2025-04-22T05:54:41","guid":{"rendered":"https:\/\/catholicus.eu\/de\/?p=3399"},"modified":"2025-04-22T07:54:41","modified_gmt":"2025-04-22T05:54:41","slug":"novemdiales-neun-tage-der-hoffnung-der-trauer-und-der-erneuerung-in-der-katholischen-kirche","status":"publish","type":"post","link":"https:\/\/catholicus.eu\/de\/novemdiales-neun-tage-der-hoffnung-der-trauer-und-der-erneuerung-in-der-katholischen-kirche\/","title":{"rendered":"Novemdiales: Neun Tage der Hoffnung, der Trauer und der Erneuerung in der katholischen Kirche"},"content":{"rendered":"\n<p><strong>EINLEITUNG:<\/strong><\/p>\n\n\n\n<p>In der feierlichen Stille, die dem Tod eines Papstes folgt, vertieft sich die Kirche in ein jahrtausendealtes Ritual voller Gebet, Hoffnung und Unterscheidung: die <em>Novemdiales<\/em>. Diese neunt\u00e4gige Zeit der Trauer und Liturgie ehrt nicht nur das Leben des verstorbenen Pontifex, sondern bereitet den mystischen Leib Christi geistlich auf den Beginn eines neuen Abschnitts seiner Pilgerreise vor. Obwohl diese Tage in Rom mit besonderer Intensit\u00e4t erlebt werden, haben sie auch f\u00fcr jeden einzelnen Katholiken eine tiefe Bedeutung. Sie laden uns ein, \u00fcber den Tod, das Verm\u00e4chtnis, die Gemeinschaft der Heiligen und die Kontinuit\u00e4t des petrinischen Dienstes nachzudenken.<\/p>\n\n\n\n<p>Aber was genau sind die <em>Novemdiales<\/em>? Warum dauern sie neun Tage? Welchen geistlichen Wert haben sie, und wie k\u00f6nnen wir, die Gl\u00e4ubigen vor Ort, sie von unseren H\u00e4usern, Pfarreien und Gemeinschaften aus leben?<\/p>\n\n\n\n<p>Dieser Artikel m\u00f6chte nicht nur eine historische und theologische Erkl\u00e4rung der <em>Novemdiales<\/em> geben, sondern auch eine geistliche und pastorale Anleitung bieten, um sie als wahre Schule des Glaubens, der Hoffnung und der Erneuerung zu erleben.<\/p>\n\n\n\n<hr class=\"wp-block-separator has-alpha-channel-opacity\"\/>\n\n\n\n<h3 class=\"wp-block-heading\">1. <strong>Was sind die Novemdiales? Historischer Ursprung und Bedeutung<\/strong><\/h3>\n\n\n\n<p>Das Wort <em>Novemdiales<\/em> stammt aus dem Lateinischen <em>novem dies<\/em>, was \u201eneun Tage\u201c bedeutet. Es bezeichnet die liturgische und protokollarische Phase nach dem Tod eines Papstes. Ihr Ursprung liegt in den Trauerritualen des antiken Roms, die von der Kirche \u00fcbernommen und mit christlichem Sinn erf\u00fcllt wurden.<\/p>\n\n\n\n<p>In der Praxis sind die <em>Novemdiales<\/em> eine Serie von neun heiligen Messen, die f\u00fcr das Seelenheil des verstorbenen Pontifex gefeiert werden, beginnend am Tag nach seiner Beisetzung. Obwohl ihre heutige Form im Mittelalter Gestalt annahm und im <em>Ordo Exsequiarum Romani Pontificis<\/em> kodifiziert wurde, betete man bereits in den ersten Jahrhunderten des Christentums \u00fcber einen Zeitraum von neun Tagen f\u00fcr die Verstorbenen \u2013 im biblischen und eschatologischen Sinne des Zahlensymbols \u201eneun\u201c.<\/p>\n\n\n\n<hr class=\"wp-block-separator has-alpha-channel-opacity\"\/>\n\n\n\n<h3 class=\"wp-block-heading\">2. <strong>Theologische Symbolik der Zahl Neun<\/strong><\/h3>\n\n\n\n<p>In der biblischen und patristischen Tradition hat die Zahl neun eine tiefgehende geistliche Bedeutung:<\/p>\n\n\n\n<ul class=\"wp-block-list\">\n<li><strong>Vorbote der Vollendung:<\/strong> Neun ist die Zahl vor der Zehn, die f\u00fcr Vollst\u00e4ndigkeit steht. Sie symbolisiert das aktive Warten auf etwas, das kommt \u2013 in diesem Fall auf die Wahl eines neuen Papstes und die Wiedergeburt der sichtbaren Leitung der Kirche.<\/li>\n\n\n\n<li><strong>F\u00fcrbitte und \u00dcbergang:<\/strong> So wie Maria und die Apostel neun Tage lang beteten, bevor der Heilige Geist an Pfingsten kam (Apg 1,14), betet die Kirche f\u00fcr die Seele des verstorbenen Papstes und bereitet sich auf das Wirken des Heiligen Geistes im Konklave vor.<\/li>\n\n\n\n<li><strong>Reinigung:<\/strong> Neun Tage des Gebets stehen sinnbildlich f\u00fcr den L\u00e4uterungsprozess der Seele auf ihrem Weg zur ewigen Herrlichkeit.<\/li>\n<\/ul>\n\n\n\n<hr class=\"wp-block-separator has-alpha-channel-opacity\"\/>\n\n\n\n<h3 class=\"wp-block-heading\">3. <strong>Struktur und Liturgie der Novemdiales<\/strong><\/h3>\n\n\n\n<p>W\u00e4hrend der <em>Novemdiales<\/em> werden t\u00e4glich feierliche Messen f\u00fcr das ewige Heil des verstorbenen Papstes gefeiert. Jede Messe kann ein bestimmtes Thema hervorheben, das mit seinem Pontifikat, dem christlichen Leben oder der Sendung der Kirche zusammenh\u00e4ngt.<\/p>\n\n\n\n<p>Diese Messen finden haupts\u00e4chlich in der Petersbasilika statt, und an jedem Tag steht ein anderer Kardinal der Feier vor, w\u00e4hrend die Kirche auf den Beginn des Konklaves wartet.<\/p>\n\n\n\n<p>Liturgisch sind die <em>Novemdiales<\/em> durch folgende Merkmale gekennzeichnet:<\/p>\n\n\n\n<ul class=\"wp-block-list\">\n<li>Verwendung von violetten oder schwarzen Messgew\u00e4ndern<\/li>\n\n\n\n<li>Besondere Gebete f\u00fcr den verstorbenen Papst<\/li>\n\n\n\n<li>Lesungen, die auf die Hoffnung der Auferstehung ausgerichtet sind<\/li>\n\n\n\n<li>Teilnahme der Gl\u00e4ubigen in einer Haltung der Sammlung und des Gebets<\/li>\n<\/ul>\n\n\n\n<hr class=\"wp-block-separator has-alpha-channel-opacity\"\/>\n\n\n\n<h3 class=\"wp-block-heading\">4. <strong>Theologische Bedeutung der Novemdiales<\/strong><\/h3>\n\n\n\n<p>Der geistliche Wert der <em>Novemdiales<\/em> ist tiefgreifend und ber\u00fchrt mehrere theologische Dimensionen:<\/p>\n\n\n\n<h4 class=\"wp-block-heading\">a. <strong>Christliche Eschatologie<\/strong><\/h4>\n\n\n\n<p>Die Erinnerung an den Tod eines Papstes f\u00fchrt uns zur ewigen Bestimmung der Seele und zur Gemeinschaft der Heiligen. Der <em>Katechismus der Katholischen Kirche<\/em> (1030\u20131032) beschreibt das Fegefeuer als Zustand der Reinigung f\u00fcr jene, die in Gnade sterben, aber noch nicht vollkommen gel\u00e4utert sind. F\u00fcr die Seele des Papstes zu beten, ist ein Akt der N\u00e4chstenliebe und der kirchlichen Verbundenheit.<\/p>\n\n\n\n<h4 class=\"wp-block-heading\">b. <strong>Episkopale Kollegialit\u00e4t und Einheit<\/strong><\/h4>\n\n\n\n<p>Die Zeit der <em>Sedisvakanz<\/em> erlaubt den Kardin\u00e4len, sich geistlich auf die Wahl des neuen Nachfolgers Petri vorzubereiten. Die <em>Novemdiales<\/em> sind eine Zeit der Einheit der Kirche, in der das ganze Volk Gottes \u2013 vom Vatikan bis zur kleinsten Dorfpfarrei \u2013 im Gebet f\u00fcr die Zukunft der Kirche vereint ist.<\/p>\n\n\n\n<h4 class=\"wp-block-heading\">c. <strong>Ekklesiologie und apostolische Kontinuit\u00e4t<\/strong><\/h4>\n\n\n\n<p>Diese Tage erinnern uns daran, dass die Kirche nicht stillsteht. Sie wird vom Heiligen Geist gef\u00fchrt, und das Petrusamt \u2013 auch wenn es von schwachen Menschen ausge\u00fcbt wird \u2013 ist ein bleibendes Geschenk an die Kirche (vgl. Mt 16,18\u201319).<\/p>\n\n\n\n<hr class=\"wp-block-separator has-alpha-channel-opacity\"\/>\n\n\n\n<h3 class=\"wp-block-heading\">5. <strong>Praktische Anwendungen: Wie man die Novemdiales heute leben kann<\/strong><\/h3>\n\n\n\n<p>Auch wenn wir physisch weit von Rom entfernt sind, kann jeder katholische Gl\u00e4ubige an den <em>Novemdiales<\/em> konkret und geistlich fruchtbar teilnehmen. Hier ist ein pastoraler und praktischer Leitfaden:<\/p>\n\n\n\n<h4 class=\"wp-block-heading\"><strong>1. Teilnahme an der Heiligen Messe<\/strong><\/h4>\n\n\n\n<p>Besuche (oder verfolge online) die t\u00e4glichen Messen w\u00e4hrend der <em>Novemdiales<\/em> und bringe sie f\u00fcr das Seelenheil des verstorbenen Papstes dar. Wenn du nicht jeden Tag teilnehmen kannst, w\u00e4hle einzelne Tage aus, die du besonders bewusst gestaltest.<\/p>\n\n\n\n<h4 class=\"wp-block-heading\"><strong>2. Eine Novene f\u00fcr seine Seele beten<\/strong><\/h4>\n\n\n\n<p>Du kannst eine traditionelle Novene (zum Beispiel f\u00fcr Verstorbene) \u00fcber diese neun Tage hinweg beten. Hier ein Vorschlag f\u00fcr t\u00e4gliche Gebetsanliegen:<\/p>\n\n\n\n<ul class=\"wp-block-list\">\n<li>Tag 1: F\u00fcr seine Seele und L\u00e4uterung<\/li>\n\n\n\n<li>Tag 2: F\u00fcr seine S\u00fcnden und menschlichen Schw\u00e4chen<\/li>\n\n\n\n<li>Tag 3: F\u00fcr seine guten Werke und pastoralen Fr\u00fcchte<\/li>\n\n\n\n<li>Tag 4: F\u00fcr die Kirche, die er hinterl\u00e4sst<\/li>\n\n\n\n<li>Tag 5: F\u00fcr den zuk\u00fcnftigen Papst<\/li>\n\n\n\n<li>Tag 6: F\u00fcr die Einheit der Gl\u00e4ubigen<\/li>\n\n\n\n<li>Tag 7: F\u00fcr die wahlberechtigten Kardin\u00e4le<\/li>\n\n\n\n<li>Tag 8: F\u00fcr den Heiligen Geist<\/li>\n\n\n\n<li>Tag 9: Dank f\u00fcr sein Leben<\/li>\n<\/ul>\n\n\n\n<h4 class=\"wp-block-heading\"><strong>3. Seine Lehren lesen<\/strong><\/h4>\n\n\n\n<p>Nimm dir Zeit, eine Enzyklika, Predigt oder ein Apostolisches Schreiben des verstorbenen Papstes zu lesen. Meditiere \u00fcber sein geistliches Erbe.<\/p>\n\n\n\n<h4 class=\"wp-block-heading\"><strong>4. Werke der Barmherzigkeit \u00fcben<\/strong><\/h4>\n\n\n\n<p>Verrichte ein Werk der Barmherzigkeit (Besuch bei einem Kranken, Hilfe f\u00fcr einen Bed\u00fcrftigen, Gebet f\u00fcr die Verstorbenen) in seinem Andenken.<\/p>\n\n\n\n<h4 class=\"wp-block-heading\"><strong>5. Eine Kerze entz\u00fcnden oder einen Gebetsplatz einrichten<\/strong><\/h4>\n\n\n\n<p>Gestalte einen besonderen Ort mit einer Kerze, einem Bild des hl. Petrus und einer ge\u00f6ffneten Bibel auf Matth\u00e4us 16,18. Dies hilft, diese Tage als Zeit der geistlichen Erwartung und Hoffnung zu leben.<\/p>\n\n\n\n<hr class=\"wp-block-separator has-alpha-channel-opacity\"\/>\n\n\n\n<h3 class=\"wp-block-heading\">6. <strong>Biblisches Zitat zur Meditation<\/strong><\/h3>\n\n\n\n<blockquote class=\"wp-block-quote is-layout-flow wp-block-quote-is-layout-flow\">\n<p><strong>\u201eSelig sind die Toten, die im Herrn sterben von nun an. Ja, spricht der Geist, sie sollen ausruhen von ihren M\u00fchen; denn ihre Werke folgen ihnen nach.\u201c<\/strong><br><em>(Offenbarung 14,13)<\/em><\/p>\n<\/blockquote>\n\n\n\n<p>Dieser Vers erinnert uns daran, dass der Tod in Christus kein Ende ist, sondern der \u00dcbergang zur F\u00fclle. Der Papst, wie jeder Christ, tr\u00e4gt die Werke seines pastoralen Lebens mit sich, und die Kirche begleitet ihn mit Gebet und Dankbarkeit.<\/p>\n\n\n\n<hr class=\"wp-block-separator has-alpha-channel-opacity\"\/>\n\n\n\n<h3 class=\"wp-block-heading\">7. <strong>Letzte Inspiration: Eine Kirche, die betet und wartet<\/strong><\/h3>\n\n\n\n<p>In einer Welt, in der der Tod oft verdr\u00e4ngt oder verschwiegen wird, lehren uns die <em>Novemdiales<\/em>, dem Tod mit Hoffnung und Glauben zu begegnen. Weit entfernt davon, nur ein zeremonielles Protokoll zu sein, sind sie eine lebendige Katechese \u00fcber unsere ewige Bestimmung, die kirchliche Gemeinschaft und die immer erneuerte Sendung der Kirche.<\/p>\n\n\n\n<p>W\u00e4hrend das Volk Gottes die <em>Novemdiales<\/em> begeht, wird es zu einem gro\u00dfen Obergemach des Gebets, in dem der Schmerz zu Glauben wird, die Sehnsucht zu Dankbarkeit und die Ungewissheit zur Offenheit gegen\u00fcber dem Heiligen Geist.<\/p>\n\n\n\n<hr class=\"wp-block-separator has-alpha-channel-opacity\"\/>\n\n\n\n<p><strong>SCHLUSSFOLGERUNG:<\/strong><\/p>\n\n\n\n<p>Die <em>Novemdiales<\/em> sind nicht nur eine r\u00f6mische Tradition oder ein liturgisches Detail, das dem Vatikan vorbehalten ist. Sie sind eine kraftvolle Gelegenheit f\u00fcr jeden Christen, am Herzen der Kirche teilzuhaben \u2013 indem er den verstorbenen Papst auf seinem Weg zum Vaterhaus begleitet und sich mit lebendigem Glauben darauf vorbereitet, den neuen Nachfolger Petri zu empfangen. In diesen neun Tagen erlebt die Kirche zugleich ihre menschliche Trauer und ihre \u00fcbernat\u00fcrliche Hoffnung.<\/p>\n\n\n\n<p>Lass uns diese Tage als geistliches Geschenk annehmen. Denn jedes Mal, wenn ein Papst diese Welt verl\u00e4sst, ber\u00fchren sich Himmel und Erde \u2013 und die Kirche erbl\u00fcht aus ihren apostolischen Wurzeln neu.<\/p>\n","protected":false},"excerpt":{"rendered":"<p>EINLEITUNG: In der feierlichen Stille, die dem Tod eines Papstes folgt, vertieft sich die Kirche in ein jahrtausendealtes Ritual voller Gebet, Hoffnung und Unterscheidung: die Novemdiales. Diese neunt\u00e4gige Zeit der Trauer und Liturgie ehrt nicht nur das Leben des verstorbenen Pontifex, sondern bereitet den mystischen Leib Christi geistlich auf den Beginn eines neuen Abschnitts seiner &hellip;<\/p>\n","protected":false},"author":3,"featured_media":3400,"comment_status":"open","ping_status":"open","sticky":false,"template":"","format":"standard","meta":{"_seopress_robots_primary_cat":"","_seopress_titles_title":"","_seopress_titles_desc":"","_seopress_robots_index":"","footnotes":""},"categories":[41,66],"tags":[1123],"class_list":["post-3399","post","type-post","status-publish","format-standard","has-post-thumbnail","","category-glaube-und-kultur","category-populaerkultur-und-katholizismus","tag-novemdiales"],"_links":{"self":[{"href":"https:\/\/catholicus.eu\/de\/wp-json\/wp\/v2\/posts\/3399","targetHints":{"allow":["GET"]}}],"collection":[{"href":"https:\/\/catholicus.eu\/de\/wp-json\/wp\/v2\/posts"}],"about":[{"href":"https:\/\/catholicus.eu\/de\/wp-json\/wp\/v2\/types\/post"}],"author":[{"embeddable":true,"href":"https:\/\/catholicus.eu\/de\/wp-json\/wp\/v2\/users\/3"}],"replies":[{"embeddable":true,"href":"https:\/\/catholicus.eu\/de\/wp-json\/wp\/v2\/comments?post=3399"}],"version-history":[{"count":1,"href":"https:\/\/catholicus.eu\/de\/wp-json\/wp\/v2\/posts\/3399\/revisions"}],"predecessor-version":[{"id":3401,"href":"https:\/\/catholicus.eu\/de\/wp-json\/wp\/v2\/posts\/3399\/revisions\/3401"}],"wp:featuredmedia":[{"embeddable":true,"href":"https:\/\/catholicus.eu\/de\/wp-json\/wp\/v2\/media\/3400"}],"wp:attachment":[{"href":"https:\/\/catholicus.eu\/de\/wp-json\/wp\/v2\/media?parent=3399"}],"wp:term":[{"taxonomy":"category","embeddable":true,"href":"https:\/\/catholicus.eu\/de\/wp-json\/wp\/v2\/categories?post=3399"},{"taxonomy":"post_tag","embeddable":true,"href":"https:\/\/catholicus.eu\/de\/wp-json\/wp\/v2\/tags?post=3399"}],"curies":[{"name":"wp","href":"https:\/\/api.w.org\/{rel}","templated":true}]}}