{"id":3393,"date":"2025-04-22T00:15:10","date_gmt":"2025-04-21T22:15:10","guid":{"rendered":"https:\/\/catholicus.eu\/de\/?p=3393"},"modified":"2025-04-22T00:15:10","modified_gmt":"2025-04-21T22:15:10","slug":"wenn-gott-eine-tuer-schliesst-die-tiefe-symbolik-der-versiegelung-der-paepstlichen-wohnung","status":"publish","type":"post","link":"https:\/\/catholicus.eu\/de\/wenn-gott-eine-tuer-schliesst-die-tiefe-symbolik-der-versiegelung-der-paepstlichen-wohnung\/","title":{"rendered":"Wenn Gott eine T\u00fcr schlie\u00dft: Die tiefe Symbolik der Versiegelung der p\u00e4pstlichen Wohnung"},"content":{"rendered":"\n<h3 class=\"wp-block-heading\">Einleitung: Eine stille Geste, die kraftvoll spricht<\/h3>\n\n\n\n<p>Im Herzen des Vatikans, wenn ein Papst stirbt oder zur\u00fccktritt, vollzieht sich eine Geste, die von uralter Symbolkraft durchdrungen ist: <strong>Die T\u00fcren der p\u00e4pstlichen Wohnung werden versiegelt.<\/strong> Ein feierlicher, diskreter Akt, oft unsichtbar f\u00fcr die Augen der Welt, der jedoch eine tiefgehende theologische, spirituelle und pastorale Bedeutung tr\u00e4gt, weit \u00fcber blo\u00dfe Rituale hinaus. Dieser Akt ist keine einfache kirchliche Formalit\u00e4t: <strong>Er ist eine stille Verk\u00fcndigung des Mysteriums der Autorit\u00e4t, der menschlichen Endlichkeit und der Treue der Kirche zum Heiligen Geist.<\/strong><\/p>\n\n\n\n<p>Aber was bedeutet diese Handlung? Warum wird sie vollzogen? Was sagt sie uns \u00fcber Macht, Tod und die Kontinuit\u00e4t der Kirche? Und wie kann sie unser geistliches Leben erhellen in einer Welt, in der sich viele T\u00fcren schlie\u00dfen, aber nur wenige geweiht sind?<\/p>\n\n\n\n<p>In diesem Artikel lade ich dich ein, die Geschichte, Theologie und aktuelle Relevanz dieser Geste zu entdecken \u2013 und wie das Versiegeln einer T\u00fcr unsere Seele f\u00fcr das Geheimnis Gottes \u00f6ffnen kann.<\/p>\n\n\n\n<hr class=\"wp-block-separator has-alpha-channel-opacity\"\/>\n\n\n\n<h2 class=\"wp-block-heading\">I. Geschichte und Protokoll der p\u00e4pstlichen Versiegelung: Eine stille Liturgie<\/h2>\n\n\n\n<p>Die Handlung der <strong>Versiegelung der p\u00e4pstlichen Wohnung<\/strong> findet traditionell nach dem Tod eines Papstes statt. Sie markiert <strong>das offizielle Ende des Pontifikats<\/strong>, eine Art Schlusspunkt, der die Zeit der <em>sede vacante<\/em> einleitet und den Prozess der Wahl eines neuen Nachfolgers Petri er\u00f6ffnet.<\/p>\n\n\n\n<p>Wenn ein Papst stirbt (oder, wie im Fall von Benedikt XVI., zur\u00fccktritt), tritt der <strong>Camerlengo der Heiligen R\u00f6mischen Kirche<\/strong> in den Vordergrund. Eine seiner Aufgaben besteht darin, <strong>die p\u00e4pstliche Wohnung zu betreten, deren Leere festzustellen und die T\u00fcren physisch zu versiegeln.<\/strong> Dies geschieht mit einem roten Band oder Wachs, das in der Regel \u00fcber dem T\u00fcrschloss angebracht wird, um anzuzeigen, dass der Ort unter dem Schutz der Kirche steht und ohne Autorisierung nicht betreten werden darf.<\/p>\n\n\n\n<p>Diese Geste erinnert auch an die <strong>Versiegelung des Grabes Christi<\/strong>, als Josef von Arimath\u00e4a ihn bestattete und Pilatus die Versiegelung anordnete:<\/p>\n\n\n\n<blockquote class=\"wp-block-quote is-layout-flow wp-block-quote-is-layout-flow\">\n<p><strong>Matth\u00e4us 27,66<\/strong> \u2013 <em>\u201eDa gingen sie hin, sicherten das Grab und versiegelten den Stein und stellten die Wache.\u201c<\/em><\/p>\n<\/blockquote>\n\n\n\n<p>Es ist ein kraftvolles Bild: <strong>die Schlie\u00dfung eines heiligen Ortes, der Zeuge eines Geheimnisses war.<\/strong><\/p>\n\n\n\n<hr class=\"wp-block-separator has-alpha-channel-opacity\"\/>\n\n\n\n<h2 class=\"wp-block-heading\">II. Theologie der Schwelle: T\u00fcren, die sich schlie\u00dfen, und T\u00fcren, die Gott \u00f6ffnet<\/h2>\n\n\n\n<p><strong>T\u00fcren<\/strong> haben in der Bibel eine tiefgr\u00fcndige Symbolik. Sie sind Orte des <strong>\u00dcbergangs, der Entscheidung, der Trennung oder der Gemeinschaft.<\/strong> In der Offenbarung sagt Christus \u00fcber sich:<\/p>\n\n\n\n<blockquote class=\"wp-block-quote is-layout-flow wp-block-quote-is-layout-flow\">\n<p><em>\u201eSiehe, ich stehe vor der T\u00fcr und klopfe an. Wenn jemand meine Stimme h\u00f6rt und die T\u00fcr \u00f6ffnet, werde ich bei ihm eintreten und das Mahl mit ihm halten, und er mit mir.\u201c<\/em> (Offenbarung 3,20)<\/p>\n<\/blockquote>\n\n\n\n<p>In diesem Zusammenhang ist die <strong>Versiegelung der p\u00e4pstlichen Wohnung<\/strong> weit mehr als eine Verwaltungsma\u00dfnahme. Sie stellt eine <strong>Theologie der Schwelle<\/strong> dar: Eine T\u00fcr wird geschlossen, weil eine Sendung erf\u00fcllt, ein Zyklus vollendet, ein Leben hingegeben wurde.<\/p>\n\n\n\n<p>Und das hat <strong>eine direkte Bedeutung f\u00fcr unser geistliches Leben<\/strong>: Auch bei uns l\u00e4sst Gott gewisse \u201eT\u00fcren\u201c schlie\u00dfen \u2014 Beziehungen, Berufe, Lebensabschnitte \u2014 als Teil eines Prozesses der Unterscheidung, Reinigung und Erneuerung.<\/p>\n\n\n\n<hr class=\"wp-block-separator has-alpha-channel-opacity\"\/>\n\n\n\n<h2 class=\"wp-block-heading\">III. Was lehrt uns diese Geste geistlich?<\/h2>\n\n\n\n<h3 class=\"wp-block-heading\">1. <strong>Macht ist nicht ewig \u2013 nur Gott ist es<\/strong><\/h3>\n\n\n\n<p>Dass selbst der Papst \u2014 die m\u00e4chtigste spirituelle Autorit\u00e4t auf Erden \u2014 <strong>seine Wohnung versiegelt hinterlassen muss<\/strong>, erinnert uns daran, dass <strong>alle Macht in der Kirche Dienst ist<\/strong> und dem Reich Gottes dient, nicht der Person.<\/p>\n\n\n\n<p>Der Papst ist <strong>der Stellvertreter Christi, nicht sein Ersatz.<\/strong> Die geistliche Autorit\u00e4t, die er empf\u00e4ngt, <strong>geh\u00f6rt nicht ihm<\/strong>, und deshalb wird nach Beendigung seines Dienstes der Raum seiner Autorit\u00e4t versiegelt \u2013 ein Zeichen daf\u00fcr, dass die Kirche nicht auf einem Menschen ruht, sondern auf <strong>der Verhei\u00dfung Christi: <em>\u201eIch bin bei euch alle Tage\u201c (Matth\u00e4us 28,20).<\/em><\/strong><\/p>\n\n\n\n<h3 class=\"wp-block-heading\">2. <strong>Verschluss als Weihe<\/strong><\/h3>\n\n\n\n<p>Das Versiegeln ist nicht nur ein Akt des Schlie\u00dfens \u2014 es ist <strong>eine Weihe an das Schweigen<\/strong>, an das Geheimnis, an die Zeit des Geistes. Es l\u00e4dt uns ein, <strong>Momente des R\u00fcckzugs<\/strong>, der Sammlung, des Wartens zu leben. Die \u201ep\u00e4pstliche Wohnung\u201c kann auch <strong>unsere Seele<\/strong> symbolisieren, in der Gott manchmal Phasen schlie\u00dfen muss, etwas zur Ruhe kommen l\u00e4sst, um etwas Neues zu entz\u00fcnden.<\/p>\n\n\n\n<h3 class=\"wp-block-heading\">3. <strong>Fruchtbares Warten<\/strong><\/h3>\n\n\n\n<p>Nach dem Versiegeln folgt die Zeit des <strong>Konklaves<\/strong>. Die Kirche tritt in eine hoffnungsvolle Erwartung ein. Das ist zutiefst pastoral: <strong>Gott hat keine Eile.<\/strong> Wir m\u00fcssen unterscheiden, beten und dem Geist Raum geben, zu sprechen. In einer Welt, die von Sofortigkeit besessen ist, ist diese Geste gegenkulturell: <strong>Sie l\u00e4dt uns ein, dem g\u00f6ttlichen Zeitplan zu vertrauen.<\/strong><\/p>\n\n\n\n<hr class=\"wp-block-separator has-alpha-channel-opacity\"\/>\n\n\n\n<h2 class=\"wp-block-heading\">IV. Praktische Anwendungen f\u00fcr das geistliche Leben<\/h2>\n\n\n\n<p>Wie k\u00f6nnen wir diese Symbolik in unser t\u00e4gliches Leben \u00fcbertragen? Hier ein theologischer-pastoraler Leitfaden f\u00fcr eine tiefe Umsetzung:<\/p>\n\n\n\n<h3 class=\"wp-block-heading\">\ud83d\udd12 1. <strong>Lerne, Lebensabschnitte gut zu beenden<\/strong><\/h3>\n\n\n\n<p>Wenn du eine Beziehung, eine Arbeit oder einen Lebensabschnitt beendest, <strong>tu es nicht mit Groll oder Gleichg\u00fcltigkeit.<\/strong> Tu es mit der gleichen W\u00fcrde wie beim Versiegeln der p\u00e4pstlichen T\u00fcren: mit Dankbarkeit, Sammlung und Hoffnung. Danke Gott f\u00fcr das Erlebte, weihe es ihm, und <strong>versiegle diese T\u00fcr mit Liebe.<\/strong><\/p>\n\n\n\n<h3 class=\"wp-block-heading\">\ud83d\udd6f\ufe0f 2. <strong>Mach dein eigenes \u201egeistliches Versiegeln\u201c<\/strong><\/h3>\n\n\n\n<p>Nimm dir regelm\u00e4\u00dfig Gebetszeiten, in denen du dein inneres Zimmer \u201eversiegelst\u201c: <strong>verzichte auf L\u00e4rm, st\u00e4ndige Aktivit\u00e4t, und tritt ein in die Stille.<\/strong> So wie die Kirche im Konklave wartet, warte auch du im Gebet, damit der Geist wirken kann.<\/p>\n\n\n\n<h3 class=\"wp-block-heading\">\ud83d\uded0 3. <strong>Akzeptiere die Stillen Gottes<\/strong><\/h3>\n\n\n\n<p>Es gibt Zeiten, in denen Gott zu schweigen scheint, als w\u00e4re die Verbindung \u201eversiegelt\u201c. <strong>Das ist keine Verlassenheit, sondern Reinigung.<\/strong> Lerne, in diesen Stillen zu verweilen wie auf heiligem Boden. Oft wirkt der Heilige Geist gerade dort am freisten.<\/p>\n\n\n\n<h3 class=\"wp-block-heading\">\ud83d\udd25 4. <strong>Lebe deine Berufung als etwas Zeitliches und doch Ewiges<\/strong><\/h3>\n\n\n\n<p>So wie der Papst eine begrenzte Amtszeit hat, hast auch du eine bestimmte Mission. Sie mag sich in der Form ver\u00e4ndern, nicht aber im Wesen. <strong>Lebe sie mit Intensit\u00e4t, aber auch mit Losl\u00f6sung<\/strong>, im Wissen, dass das Werk Gottes ist, nicht deins.<\/p>\n\n\n\n<hr class=\"wp-block-separator has-alpha-channel-opacity\"\/>\n\n\n\n<h2 class=\"wp-block-heading\">V. Eine Kirche, die sich in Treue erneuert<\/h2>\n\n\n\n<p>Das Versiegeln der p\u00e4pstlichen Wohnung ist auch ein lebendiges Bild f\u00fcr die <strong>Treue der Kirche zu ihrem Auftrag.<\/strong> Es gibt kein Vakuum in der Kirche, denn der wahre \u201eHausherr\u201c stirbt nie. <strong>Christus lebt und f\u00fchrt seine Braut durch die Jahrhunderte.<\/strong><\/p>\n\n\n\n<p>Wenn du also siehst, dass sich T\u00fcren in deinem Leben schlie\u00dfen, <strong>erinnere dich daran, dass Gott die Geschichte lenkt \u2013 auch deine.<\/strong> Und jede Schlie\u00dfung ist ein Akt des Vertrauens darauf, dass <strong>der Geist zur rechten Zeit neue T\u00fcren \u00f6ffnet.<\/strong><\/p>\n\n\n\n<hr class=\"wp-block-separator has-alpha-channel-opacity\"\/>\n\n\n\n<h2 class=\"wp-block-heading\">Schluss: Das Schweigen, das das Wort vorbereitet<\/h2>\n\n\n\n<p>Die versiegelte p\u00e4pstliche Wohnung ist kein Symbol des Todes, sondern der Erwartung. Sie spricht nicht von Leere, sondern von Verhei\u00dfung. Es ist die Geste einer Kirche, die wei\u00df, wie man das, was Frucht gebracht hat, schlie\u00dft, und sich in Treue dem \u00f6ffnet, was Gott vorbereitet hat.<\/p>\n\n\n\n<p>M\u00f6gest auch du im Glauben das versiegeln, was versiegelt werden muss, <strong>damit Gott das \u00f6ffnen kann, was du noch nicht einmal erahnst.<\/strong> Denn wenn eine T\u00fcr von Gott geschlossen wird, <strong>\u00f6ffnet sich eine andere, viel gr\u00f6\u00dfere im Himmel deiner Seele.<\/strong><\/p>\n\n\n\n<blockquote class=\"wp-block-quote is-layout-flow wp-block-quote-is-layout-flow\">\n<p><em>\u201eSiehe, ich habe vor dir eine T\u00fcr ge\u00f6ffnet, die niemand schlie\u00dfen kann.\u201c<\/em> (Offenbarung 3,8)<\/p>\n<\/blockquote>\n","protected":false},"excerpt":{"rendered":"<p>Einleitung: Eine stille Geste, die kraftvoll spricht Im Herzen des Vatikans, wenn ein Papst stirbt oder zur\u00fccktritt, vollzieht sich eine Geste, die von uralter Symbolkraft durchdrungen ist: Die T\u00fcren der p\u00e4pstlichen Wohnung werden versiegelt. Ein feierlicher, diskreter Akt, oft unsichtbar f\u00fcr die Augen der Welt, der jedoch eine tiefgehende theologische, spirituelle und pastorale Bedeutung tr\u00e4gt, &hellip;<\/p>\n","protected":false},"author":3,"featured_media":3394,"comment_status":"open","ping_status":"open","sticky":false,"template":"","format":"standard","meta":{"_seopress_robots_primary_cat":"","_seopress_titles_title":"","_seopress_titles_desc":"","_seopress_robots_index":"","footnotes":""},"categories":[41,66],"tags":[1120],"class_list":["post-3393","post","type-post","status-publish","format-standard","has-post-thumbnail","","category-glaube-und-kultur","category-populaerkultur-und-katholizismus","tag-versiegelung-der-paepstlichen-wohnung"],"_links":{"self":[{"href":"https:\/\/catholicus.eu\/de\/wp-json\/wp\/v2\/posts\/3393","targetHints":{"allow":["GET"]}}],"collection":[{"href":"https:\/\/catholicus.eu\/de\/wp-json\/wp\/v2\/posts"}],"about":[{"href":"https:\/\/catholicus.eu\/de\/wp-json\/wp\/v2\/types\/post"}],"author":[{"embeddable":true,"href":"https:\/\/catholicus.eu\/de\/wp-json\/wp\/v2\/users\/3"}],"replies":[{"embeddable":true,"href":"https:\/\/catholicus.eu\/de\/wp-json\/wp\/v2\/comments?post=3393"}],"version-history":[{"count":1,"href":"https:\/\/catholicus.eu\/de\/wp-json\/wp\/v2\/posts\/3393\/revisions"}],"predecessor-version":[{"id":3395,"href":"https:\/\/catholicus.eu\/de\/wp-json\/wp\/v2\/posts\/3393\/revisions\/3395"}],"wp:featuredmedia":[{"embeddable":true,"href":"https:\/\/catholicus.eu\/de\/wp-json\/wp\/v2\/media\/3394"}],"wp:attachment":[{"href":"https:\/\/catholicus.eu\/de\/wp-json\/wp\/v2\/media?parent=3393"}],"wp:term":[{"taxonomy":"category","embeddable":true,"href":"https:\/\/catholicus.eu\/de\/wp-json\/wp\/v2\/categories?post=3393"},{"taxonomy":"post_tag","embeddable":true,"href":"https:\/\/catholicus.eu\/de\/wp-json\/wp\/v2\/tags?post=3393"}],"curies":[{"name":"wp","href":"https:\/\/api.w.org\/{rel}","templated":true}]}}