{"id":3390,"date":"2025-04-21T23:02:56","date_gmt":"2025-04-21T21:02:56","guid":{"rendered":"https:\/\/catholicus.eu\/de\/?p=3390"},"modified":"2025-04-21T23:02:56","modified_gmt":"2025-04-21T21:02:56","slug":"franziskus-der-papst-an-den-grenzen-der-barmherzigkeit-licht-schatten-und-geistliches-erbe-eines-pontifikats-das-das-21-jahrhundert-gepraegt-hat","status":"publish","type":"post","link":"https:\/\/catholicus.eu\/de\/franziskus-der-papst-an-den-grenzen-der-barmherzigkeit-licht-schatten-und-geistliches-erbe-eines-pontifikats-das-das-21-jahrhundert-gepraegt-hat\/","title":{"rendered":"Franziskus, der Papst an den Grenzen der Barmherzigkeit: Licht, Schatten und geistliches Erbe eines Pontifikats, das das 21. Jahrhundert gepr\u00e4gt hat"},"content":{"rendered":"\n<p><strong>Einleitung: Eine feierliche Stunde f\u00fcr die Kirche<\/strong><\/p>\n\n\n\n<p>Am 21. April 2025, in den fr\u00fchen Morgenstunden, ersch\u00fctterte die Nachricht vom Tod Papst Franziskus\u2019 die Glockent\u00fcrme der Welt mit dem Gewicht eines Ereignisses, das nicht unbemerkt vor\u00fcbergeht. Der erste amerikanische Papst, Jesuit, mit volkst\u00fcmlicher Sprache, aufrichtigem L\u00e4cheln und oft \u00fcberraschendem Stil, hat seine Augen vor der Geschichte geschlossen und sie f\u00fcr die Ewigkeit ge\u00f6ffnet.<\/p>\n\n\n\n<p>Sein Tod stellt uns an eine Weggabelung: Wie ist sein Pontifikat zu deuten? Wie kann man einen Hirten verstehen, der so viele Verwundete umarmt hat, aber auch viele Gl\u00e4ubige mit seinem direkten Stil und seinen pastoralen Entscheidungen irritiert hat? Was bleibt von seinen Reformen, seinem missionarischen Geist, seinen st\u00e4ndigen Appellen zur Barmherzigkeit? Und vor allem: Wie kann sein Verm\u00e4chtnis uns heute als Christen leiten?<\/p>\n\n\n\n<p>Dieser Artikel m\u00f6chte einen tiefgehenden, zug\u00e4nglichen und lehrreichen Blick auf das Pontifikat von Franziskus werfen \u2013 auf seine Wurzeln, seine Fr\u00fcchte, seine Widerspr\u00fcche und seine geistlichen Schl\u00fcssel f\u00fcr Gegenwart und Zukunft der Kirche. Nicht nur im Gedenken an einen Papst, sondern als pers\u00f6nliche Einladung, das Evangelium mit neuer K\u00fchnheit zu leben.<\/p>\n\n\n\n<hr class=\"wp-block-separator has-alpha-channel-opacity\"\/>\n\n\n\n<h3 class=\"wp-block-heading\">I. Der Kontext seiner Wahl: Stilwechsel und R\u00fcckkehr zum Wesentlichen<\/h3>\n\n\n\n<p>Jorge Mario Bergoglio wurde am 13. M\u00e4rz 2013 zum Papst gew\u00e4hlt. Die Welt war noch ersch\u00fcttert vom historischen R\u00fccktritt Benedikts XVI. Die Kirche suchte einen nahbaren Hirten, f\u00e4hig zur F\u00fchrung und gleichzeitig zur Vermittlung von Gottes Z\u00e4rtlichkeit. Und da erschien ein bisher nicht verwendeter Name: Franziskus. Kein Papst hatte diesen Namen je zuvor gew\u00e4hlt.<\/p>\n\n\n\n<p>Schon bei seinem ersten Auftritt auf der Loggia von St. Peter durchbrach er die Protokolle: keine Mitra, kein Thron, nur ein einfaches \u201eGuten Abend\u201c. Er bat das Volk um den Segen, bevor er es segnete. Und er bezeichnete sich als \u201eBischof von Rom\u201c \u2013 eine Ausdrucksweise mit tiefem \u00f6kumenischen Sinn.<\/p>\n\n\n\n<p>Dieser dem\u00fctige, direkte, freundliche Stil ging mit einem Tonwechsel einher. Franziskus begann, Begriffe zu verwenden, die das Herz ber\u00fchren: \u201eFeldlazarett\u201c, \u201eGlobalisierung der Gleichg\u00fcltigkeit\u201c, \u201ean die R\u00e4nder gehen\u201c, \u201edie Z\u00e4rtlichkeit Gottes\u201c. Es ging nicht nur um \u00c4u\u00dferlichkeiten: Seine Botschaft antwortete auf das dringende Bed\u00fcrfnis nach einer R\u00fcckkehr zum Wesentlichen.<\/p>\n\n\n\n<hr class=\"wp-block-separator has-alpha-channel-opacity\"\/>\n\n\n\n<h3 class=\"wp-block-heading\">II. Der zentrale Schwerpunkt: Barmherzigkeit als Deutungsschl\u00fcssel<\/h3>\n\n\n\n<p>Der theologische Begriff, der das gesamte Pontifikat von Franziskus gepr\u00e4gt hat, ist die <strong>Barmherzigkeit<\/strong>. Es handelt sich nicht um ein pastorales Marketingthema, sondern um eine biblische, patristische und spirituelle Kategorie, die im Zentrum der Offenbarung steht.<\/p>\n\n\n\n<p>In der Bulle <em>Misericordiae Vultus<\/em>, mit der er das au\u00dferordentliche Heilige Jahr der Barmherzigkeit (2015\u20132016) er\u00f6ffnete, schrieb der Papst:<\/p>\n\n\n\n<blockquote class=\"wp-block-quote is-layout-flow wp-block-quote-is-layout-flow\">\n<p>\u201eDie Barmherzigkeit ist das Wort, das das Geheimnis der Heiligsten Dreifaltigkeit offenbart.\u201c<\/p>\n<\/blockquote>\n\n\n\n<p>Franziskus spricht von einem Gott, der nie m\u00fcde wird zu vergeben, auch wenn wir m\u00fcde sind, um Vergebung zu bitten. Er betont, dass Barmherzigkeit nicht die Gerechtigkeit aufhebt, sondern sie vollendet. Er schl\u00e4gt keine laxe Kirche vor, sondern eine m\u00fctterliche Kirche.<\/p>\n\n\n\n<p>In diesem Licht stehen seine mutigen Gesten: die Fu\u00dfwaschung von Muslimen und Frauen, pers\u00f6nliche Telefonate mit verletzten Personen, \u00f6ffentliche Beichten, Besuche in Gef\u00e4ngnissen, auf Inseln, in Fl\u00fcchtlingslagern. Franziskus erinnert uns daran, dass Theologie \u201eauf den Knien\u201c betrieben wird \u2013 mit dem Geruch der Schafe und den H\u00e4nden in den Wunden der Welt.<\/p>\n\n\n\n<hr class=\"wp-block-separator has-alpha-channel-opacity\"\/>\n\n\n\n<h3 class=\"wp-block-heading\">III. Reformen und Synodalit\u00e4t: Ein neuer Regierungsstil<\/h3>\n\n\n\n<p>Einer der sichtbarsten Schwerpunkte seines Pontifikats war die Reform der R\u00f6mischen Kurie. Mit der Apostolischen Konstitution <em>Praedicate Evangelium<\/em> (2022) gestaltete er das Organigramm der Dikasterien neu, wobei er die Evangelisierung \u2013 und nicht mehr die Glaubenslehre \u2013 in den Mittelpunkt stellte. Er gab Laien und Frauen mehr Verantwortung, er\u00f6ffnete Konsultationskan\u00e4le, vereinfachte Verfahren.<\/p>\n\n\n\n<p>Doch seine tiefste Reform war spirituell und ekklesiologisch: die F\u00f6rderung einer <strong>synodalen Kirche<\/strong>. Franziskus w\u00fcnschte sich eine Kirche, die \u201egemeinsam geht\u201c \u2013 Bisch\u00f6fe, Priester, Ordensleute und Laien. Er berief eine weltweite Synode zur Synodalit\u00e4t in mehreren Phasen ein, h\u00f6rte auf die Ortskirchen, betonte das H\u00f6ren als geistliche Haltung. Er stellte das \u201egl\u00e4ubige Volk Gottes\u201c als theologischen Ort in den Mittelpunkt.<\/p>\n\n\n\n<p>Diese Dynamik blieb jedoch nicht spannungsfrei. Einige sahen darin eine \u00fcberm\u00e4\u00dfige \u00d6ffnung f\u00fcr zweifelhafte Ideen, andere warfen ihm vor, die Kirche \u201edemokratisieren\u201c zu wollen. Franziskus betont: Es geht nicht darum, den Glauben zu \u00e4ndern, sondern gemeinsam den Weg zu suchen, heute Kirche zu sein.<\/p>\n\n\n\n<hr class=\"wp-block-separator has-alpha-channel-opacity\"\/>\n\n\n\n<h3 class=\"wp-block-heading\">IV. Licht: Evangeliumswahrheit, prophetischer Mut, pastorale N\u00e4he<\/h3>\n\n\n\n<p>Die Fr\u00fcchte seines Pontifikats sind zahlreich und tiefgreifend:<\/p>\n\n\n\n<ol class=\"wp-block-list\">\n<li><strong>Eine Kirche n\u00e4her bei den Armen<\/strong><br>Er prangerte wiederholt den wilden Kapitalismus, die Wegwerfkultur und globale Gleichg\u00fcltigkeit an. Er besuchte die R\u00e4nder der Welt, a\u00df mit Obdachlosen, weinte mit Missbrauchsopfern und erinnerte daran, dass sich Jesus mit den Geringsten identifiziert.<\/li>\n\n\n\n<li><strong>Ein erneuertes \u00f6kologisches Bewusstsein<\/strong><br>Mit der Enzyklika <em>Laudato Si\u2019<\/em> (2015) verband er Theologie, Wissenschaft und Spiritualit\u00e4t in einem umfassenden \u00f6kologischen Umdenken. Er verkn\u00fcpfte die Zerst\u00f6rung des Planeten mit sozialen Ungleichheiten. Er sprach von der Erde als \u201eunserem gemeinsamen Haus\u201c.<\/li>\n\n\n\n<li><strong>Interreligi\u00f6ser Dialog<\/strong><br>Er traf Imame, Rabbiner, evangelische Pastoren, Buddhisten und Hindus. Er unterzeichnete mit dem Gro\u00dfimam von Al-Azhar das Dokument von Abu Dhabi (2019) \u00fcber die menschliche Br\u00fcderlichkeit. Er ging den Weg des Dialogs als Zeugnis des Friedens.<\/li>\n\n\n\n<li><strong>Ein Leben in Einfachheit und Koh\u00e4renz<\/strong><br>Er lebte im G\u00e4stehaus Santa Marta, verzichtete auf Zeichen von Luxus, fuhr ein einfaches Auto. Er verk\u00fcndete das Evangelium durch sein Beispiel. Er lehrte, dass die Glaubw\u00fcrdigkeit der Kirche aus der \u00dcbereinstimmung zwischen Wort und Leben kommt.<\/li>\n<\/ol>\n\n\n\n<hr class=\"wp-block-separator has-alpha-channel-opacity\"\/>\n\n\n\n<h3 class=\"wp-block-heading\">V. Schatten: lehrm\u00e4\u00dfige Spannungen, pastorale Verwirrung, liturgische Missverst\u00e4ndnisse<\/h3>\n\n\n\n<p>Wo Licht ist, gibt es auch Schatten. Und das Pontifikat von Franziskus kannte verschiedene Spannungsfelder:<\/p>\n\n\n\n<ol class=\"wp-block-list\">\n<li><strong>Wahrgenommene lehrm\u00e4\u00dfige Mehrdeutigkeiten<\/strong><br>Dokumente wie <em>Amoris Laetitia<\/em> wurden unterschiedlich interpretiert. Einige Kardin\u00e4le reichten <em>Dubia<\/em> ein. Die Frage des Eucharistieempfangs f\u00fcr wiederverheiratete Geschiedene spaltete. Franziskus betonte die Unterscheidung, doch manchmal fehlte es an Klarheit.<\/li>\n\n\n\n<li><strong>Praktischer Zentralismus<\/strong><br>Trotz der Rhetorik \u00fcber Kollegialit\u00e4t meinen manche, er habe zentralistisch regiert \u2013 besonders bei Bischofsernennungen und liturgischen Reformen.<\/li>\n\n\n\n<li><strong>Einschr\u00e4nkungen der traditionellen Messe<\/strong><br>Mit dem <em>Motu proprio Traditionis Custodes<\/em> (2021) schr\u00e4nkte er den Gebrauch des tridentinischen Ritus ein. Dies verursachte Schmerz, Unverst\u00e4ndnis und Kritik vieler Gl\u00e4ubiger, die dieser Liturgie verbunden waren. Viele konnten nicht nachvollziehen, warum eine fruchtbringende Liturgie beschnitten wurde.<\/li>\n\n\n\n<li><strong>Spontane Sprache und Kontroversen<\/strong><br>Seine improvisierten Aussagen \u2013 im Flugzeug oder in Interviews \u2013 wurden oft aus dem Kontext gerissen, missverstanden oder von den Medien \u00fcbertrieben. Das schw\u00e4chte bisweilen die Botschaft des Evangeliums.<\/li>\n<\/ol>\n\n\n\n<hr class=\"wp-block-separator has-alpha-channel-opacity\"\/>\n\n\n\n<h3 class=\"wp-block-heading\">VI. Praktische Schl\u00fcssel: Wie wir heute das Erbe von Franziskus leben k\u00f6nnen<\/h3>\n\n\n\n<p>Das Pontifikat von Franziskus ist mehr als eine historische Epoche. Es ist ein geistlicher Impuls, eine Schule der J\u00fcngerschaft. Hier einige praktische Schl\u00fcssel, um seine Botschaft im Alltag umzusetzen:<\/p>\n\n\n\n<ol class=\"wp-block-list\">\n<li><strong>Barmherzigkeit konkret leben<\/strong><br>Vergebung \u00fcben, vorschnelles Urteilen vermeiden, den anderen mit Mitgef\u00fchl begegnen. Einen z\u00e4rtlichen Blick schenken \u2013 besonders jenen, die anders oder verletzt sind.<\/li>\n\n\n\n<li><strong>An die R\u00e4nder gehen<\/strong><br>Menschen aufsuchen, die sich von der Kirche entfernt haben. In der realen Welt wirken. Eine \u201eausgehende Kirche\u201c sein \u2013 nicht selbstbezogen.<\/li>\n\n\n\n<li><strong>Das gemeinsame Haus bewahren<\/strong><br>Konsum reduzieren, betend die Sch\u00f6pfung betrachten, die Erde als Lobpreisort gestalten.<\/li>\n\n\n\n<li><strong>Zuh\u00f6ren vor dem Reden<\/strong><br>Unterscheiden lernen, Rat einholen, den Geist im anderen h\u00f6ren. Einen synodalen Stil in Familie, Pfarrei und Bewegungen leben.<\/li>\n\n\n\n<li><strong>Die Kirche trotz ihrer Wunden lieben<\/strong><br>Nicht vor Schwierigkeiten fliehen. Die Kirche lieben wie eine kranke Mutter: mit Geduld, Treue und Hoffnung.<\/li>\n<\/ol>\n\n\n\n<hr class=\"wp-block-separator has-alpha-channel-opacity\"\/>\n\n\n\n<h3 class=\"wp-block-heading\">VII. Schluss: Eine menschlichere und g\u00f6ttlichere Kirche<\/h3>\n\n\n\n<p>Papst Franziskus beendete seine Ansprachen oft mit den Worten:<br><strong>\u201eVergesst nicht, f\u00fcr mich zu beten.\u201c<\/strong><br>Heute ist es die ganze Kirche, die f\u00fcr ihn betet.<\/p>\n\n\n\n<p>Sein Pontifikat war ein Wehen des Heiligen Geistes. Er \u00f6ffnete Fenster, ersch\u00fctterte Sicherheiten, ermutigte einfache Herzen. Er lie\u00df offene Fragen zur\u00fcck, aber auch tiefe Spuren gelebten Evangeliums.<\/p>\n\n\n\n<p>Sein Tod erinnert uns daran, dass P\u00e4pste kommen und gehen \u2013 aber die Kirche bleibt. Was bleibt, ist die Treue zu Jesus Christus, dem einzigen Herrn.<\/p>\n\n\n\n<p>M\u00f6ge das Erbe von Franziskus uns zu einem konkreteren Glauben, einer mutigeren Liebe und einer strahlenderen Hoffnung f\u00fchren.<\/p>\n\n\n\n<blockquote class=\"wp-block-quote is-layout-flow wp-block-quote-is-layout-flow\">\n<p><em>\u201eSeid barmherzig, wie auch euer Vater barmherzig ist.\u201c<\/em> (Lukas 6,36)<\/p>\n<\/blockquote>\n","protected":false},"excerpt":{"rendered":"<p>Einleitung: Eine feierliche Stunde f\u00fcr die Kirche Am 21. April 2025, in den fr\u00fchen Morgenstunden, ersch\u00fctterte die Nachricht vom Tod Papst Franziskus\u2019 die Glockent\u00fcrme der Welt mit dem Gewicht eines Ereignisses, das nicht unbemerkt vor\u00fcbergeht. Der erste amerikanische Papst, Jesuit, mit volkst\u00fcmlicher Sprache, aufrichtigem L\u00e4cheln und oft \u00fcberraschendem Stil, hat seine Augen vor der Geschichte &hellip;<\/p>\n","protected":false},"author":3,"featured_media":3391,"comment_status":"open","ping_status":"open","sticky":false,"template":"","format":"standard","meta":{"_seopress_robots_primary_cat":"","_seopress_titles_title":"","_seopress_titles_desc":"","_seopress_robots_index":"","footnotes":""},"categories":[48,38],"tags":[1119,578],"class_list":["post-3390","post","type-post","status-publish","format-standard","has-post-thumbnail","","category-geschichte-der-kirche","category-geschichte-und-tradition","tag-franziskus","tag-papst"],"_links":{"self":[{"href":"https:\/\/catholicus.eu\/de\/wp-json\/wp\/v2\/posts\/3390","targetHints":{"allow":["GET"]}}],"collection":[{"href":"https:\/\/catholicus.eu\/de\/wp-json\/wp\/v2\/posts"}],"about":[{"href":"https:\/\/catholicus.eu\/de\/wp-json\/wp\/v2\/types\/post"}],"author":[{"embeddable":true,"href":"https:\/\/catholicus.eu\/de\/wp-json\/wp\/v2\/users\/3"}],"replies":[{"embeddable":true,"href":"https:\/\/catholicus.eu\/de\/wp-json\/wp\/v2\/comments?post=3390"}],"version-history":[{"count":1,"href":"https:\/\/catholicus.eu\/de\/wp-json\/wp\/v2\/posts\/3390\/revisions"}],"predecessor-version":[{"id":3392,"href":"https:\/\/catholicus.eu\/de\/wp-json\/wp\/v2\/posts\/3390\/revisions\/3392"}],"wp:featuredmedia":[{"embeddable":true,"href":"https:\/\/catholicus.eu\/de\/wp-json\/wp\/v2\/media\/3391"}],"wp:attachment":[{"href":"https:\/\/catholicus.eu\/de\/wp-json\/wp\/v2\/media?parent=3390"}],"wp:term":[{"taxonomy":"category","embeddable":true,"href":"https:\/\/catholicus.eu\/de\/wp-json\/wp\/v2\/categories?post=3390"},{"taxonomy":"post_tag","embeddable":true,"href":"https:\/\/catholicus.eu\/de\/wp-json\/wp\/v2\/tags?post=3390"}],"curies":[{"name":"wp","href":"https:\/\/api.w.org\/{rel}","templated":true}]}}