{"id":3387,"date":"2025-04-21T22:33:47","date_gmt":"2025-04-21T20:33:47","guid":{"rendered":"https:\/\/catholicus.eu\/de\/?p=3387"},"modified":"2025-04-21T22:33:47","modified_gmt":"2025-04-21T20:33:47","slug":"der-traenenraum-wo-der-heilige-geist-im-schweigen-spricht","status":"publish","type":"post","link":"https:\/\/catholicus.eu\/de\/der-traenenraum-wo-der-heilige-geist-im-schweigen-spricht\/","title":{"rendered":"Der Tr\u00e4nenraum: Wo der Heilige Geist im Schweigen spricht"},"content":{"rendered":"\n<h3 class=\"wp-block-heading\">Einleitung: Der Ort, an dem die Auserw\u00e4hlten erzittern<\/h3>\n\n\n\n<p>Nur wenige Orte auf der Welt rufen so viel Geheimnis, Demut und Ehrfurcht hervor wie <strong>der Tr\u00e4nenraum<\/strong>, jener kleine, verborgene Raum im Herzen des Vatikans, der auf keinem Touristenplan zu finden ist und auf keiner Postkarte erscheint. Und doch ist es genau dort \u2013 in der Stille, im Gebet und im inneren Beben \u2013, wo ein Mensch der Unermesslichkeit der g\u00f6ttlichen Aufgabe gegen\u00fcbersteht, die ihm soeben zuteilgeworden ist: der Nachfolger Petri zu sein, der Stellvertreter Christi auf Erden.<\/p>\n\n\n\n<p>Dieser Raum, so unauff\u00e4llig wie tief symbolisch, wird zu einem geistlichen Ort, der <strong>den \u00dcbergang zwischen Menschlichkeit und heiliger Verantwortung<\/strong> markiert, zwischen Menschsein und apostolischer Sendung. Es ist nicht nur der Ort, an dem der neue Papst nach seiner Wahl seine wei\u00dfe Soutane anlegt; es ist der Ort, an dem der Heilige Geist die Seele des Berufenen ber\u00fchrt, wo Tr\u00e4nen flie\u00dfen \u2013 nicht aus Schw\u00e4che, sondern aus Liebe, Gottesfurcht und vollkommener Hingabe.<\/p>\n\n\n\n<p>Aber warum sollte uns dieser verborgene Raum interessieren, uns, die \u201eeinfachen\u201c Gl\u00e4ubigen? Weil <strong>der Tr\u00e4nenraum nicht nur ein physischer Ort im Vatikan ist<\/strong>, sondern eine geistliche Wirklichkeit, in die jeder von uns im Laufe seines Lebens gerufen wird.<\/p>\n\n\n\n<hr class=\"wp-block-separator has-alpha-channel-opacity\"\/>\n\n\n\n<h3 class=\"wp-block-heading\">Was ist der Tr\u00e4nenraum?<\/h3>\n\n\n\n<p>Der Tr\u00e4nenraum befindet sich direkt neben der Sixtinischen Kapelle. Seinen volkst\u00fcmlichen, inoffiziellen Namen verdankt er einem zutiefst menschlichen und geistlichen Ph\u00e4nomen: <strong>Viele P\u00e4pste haben ihn mit Tr\u00e4nen in den Augen verlassen<\/strong>, ersch\u00fcttert vom Gewicht des Petrusdienstes. Eine der bekanntesten Geschichten ist die von Papst Johannes XXIII., der nach seiner Wahl in diesen Raum gef\u00fchrt wurde, um die wei\u00dfe Papstkleidung anzulegen. Beim Anblick des p\u00e4pstlichen Gewandes und der Erkenntnis dessen, was gerade geschehen war, <strong>brach er in Tr\u00e4nen aus<\/strong>. Dasselbe wird auch von anderen P\u00e4psten berichtet \u2013 etwa Benedikt XVI., der seine Wahl einmal als \u201eeine Guillotine\u201c bezeichnete.<\/p>\n\n\n\n<p>Im Raum selbst befinden sich drei wei\u00dfe Soutanen (in klein, mittel und gro\u00df), ein Spiegel, ein Tisch, ein Kruzifix \u2013 und vor allem: <strong>das Schweigen Gottes, das mehr sagt als tausend Worte<\/strong>.<\/p>\n\n\n\n<hr class=\"wp-block-separator has-alpha-channel-opacity\"\/>\n\n\n\n<h3 class=\"wp-block-heading\">Theologische Dimension: Tr\u00e4nen, die reinigen und weihen<\/h3>\n\n\n\n<p>In der katholischen Tradition gelten Tr\u00e4nen seit jeher als <strong>Ausdruck der Seele vor dem Heiligen<\/strong>. Der heilige Augustinus spricht in seinen <em>Bekenntnissen<\/em> von den Tr\u00e4nen als der \u201eSprache des Herzens, die Gott versteht\u201c. Und auch die Heilige Schrift kennt eine tiefe Bedeutung der Tr\u00e4ne:<\/p>\n\n\n\n<blockquote class=\"wp-block-quote is-layout-flow wp-block-quote-is-layout-flow\">\n<p>\u201eDu z\u00e4hlst, wie oft ich fliehen muss; sammle meine Tr\u00e4nen in deinem Krug! Steht nicht alles in deinem Buch?\u201c (Psalm 56,9)<\/p>\n<\/blockquote>\n\n\n\n<p>Die Tr\u00e4nen im Tr\u00e4nenraum sind nicht das Ergebnis oberfl\u00e4chlicher Emotion. Sie sind <strong>ein Echo von Getsemani<\/strong>, wo Jesus \u2013 wissend, was auf ihn zukam \u2013 ebenfalls weinte. Nicht aus Schw\u00e4che, sondern aus schmerzlicher, freiwilliger Hingabe:<\/p>\n\n\n\n<blockquote class=\"wp-block-quote is-layout-flow wp-block-quote-is-layout-flow\">\n<p>\u201eVater, wenn du willst, nimm diesen Kelch von mir! Doch nicht mein Wille, sondern der deine soll geschehen.\u201c (Lukas 22,42)<\/p>\n<\/blockquote>\n\n\n\n<p>Ebenso steht der neugew\u00e4hlte Papst in diesem Raum vor derselben Frage: Wird er das Kreuz annehmen, das ihm gereicht wird? Wird er sich um die Herde Christi k\u00fcmmern? Wird er sich dem Heiligen Geist ganz \u00fcberlassen?<\/p>\n\n\n\n<p>In diesem Moment reinigen die Tr\u00e4nen nicht nur die Seele: <strong>sie weihen sie<\/strong>.<\/p>\n\n\n\n<hr class=\"wp-block-separator has-alpha-channel-opacity\"\/>\n\n\n\n<h3 class=\"wp-block-heading\">Geistliche Relevanz f\u00fcr uns heute<\/h3>\n\n\n\n<p>Auch wenn die meisten von uns nie einen Fu\u00df in diesen vatikanischen Raum setzen werden, <strong>haben wir alle unseren eigenen \u201eTr\u00e4nenraum\u201c<\/strong>. Es sind jene Momente tiefer Entscheidung, der Angst, der Berufung, des Verlusts, der Hingabe oder des inneren Rufes.<\/p>\n\n\n\n<p>Das kann sein:<\/p>\n\n\n\n<ul class=\"wp-block-list\">\n<li>Wenn eine Mutter f\u00fcr ihr krankes Kind betet.<\/li>\n\n\n\n<li>Wenn ein junger Mensch sich f\u00fcr den Ordensweg entscheidet.<\/li>\n\n\n\n<li>Wenn ein Vater seine Arbeit verliert und nicht wei\u00df, wie er seine Familie ern\u00e4hren soll.<\/li>\n\n\n\n<li>Wenn ein Priester die dunkle Nacht der Seele durchlebt.<\/li>\n\n\n\n<li>Wenn jemand im Beichtstuhl weint, sich seiner S\u00fcnde bewusst ist \u2013 und noch mehr der g\u00f6ttlichen Barmherzigkeit.<\/li>\n<\/ul>\n\n\n\n<p>In solchen Momenten begegnen wir Gott. <strong>Dort brechen unsere menschlichen Sicherheiten zusammen \u2013 und nur die Gnade bleibt.<\/strong><\/p>\n\n\n\n<hr class=\"wp-block-separator has-alpha-channel-opacity\"\/>\n\n\n\n<h3 class=\"wp-block-heading\">Theologisch-pastorale Anleitung: So lebst du deinen eigenen \u201eTr\u00e4nenraum\u201c<\/h3>\n\n\n\n<h4 class=\"wp-block-heading\">1. <strong>Umarme die Stille<\/strong><\/h4>\n\n\n\n<p>Stille ist nicht Abwesenheit \u2013 sie ist <strong>Gegenwart ohne Worte<\/strong>. Wenn du an einem inneren Wendepunkt stehst, w\u00e4hle die Stille. \u00dcbert\u00f6ne sie nicht mit L\u00e4rm. Der Geist spricht leise:<\/p>\n\n\n\n<blockquote class=\"wp-block-quote is-layout-flow wp-block-quote-is-layout-flow\">\n<p>\u201eNach dem Erdbeben kam ein Feuer, doch der Herr war nicht im Feuer. Und nach dem Feuer kam ein sanftes S\u00e4useln.\u201c (1 K\u00f6nige 19,12)<\/p>\n<\/blockquote>\n\n\n\n<p>Suche dieses S\u00e4useln im Gebet. Schalte dein Handy aus. Schlie\u00dfe die T\u00fcr. Mach Platz, damit Gott sprechen kann.<\/p>\n\n\n\n<hr class=\"wp-block-separator has-alpha-channel-opacity\"\/>\n\n\n\n<h4 class=\"wp-block-heading\">2. <strong>F\u00fcrchte dich nicht zu weinen<\/strong><\/h4>\n\n\n\n<p>In einer Kultur, die Erfolg, Kontrolle und Selbstinszenierung sch\u00e4tzt, <strong>gilt Weinen oft als Schw\u00e4che<\/strong>. Doch im Evangelium k\u00f6nnen Tr\u00e4nen fast sakramentale Bedeutung haben. Sie reinigen, machen menschlich, bringen uns Gott n\u00e4her.<br>Scheue dich nicht, vor dem Herrn zu weinen. Wie die heilige Teresa von \u00c1vila sagte:<\/p>\n\n\n\n<blockquote class=\"wp-block-quote is-layout-flow wp-block-quote-is-layout-flow\">\n<p>\u201eTr\u00e4nen vor Gott zu vergie\u00dfen ist keine Schw\u00e4che, sondern eine Gabe des Heiligen Geistes.\u201c<\/p>\n<\/blockquote>\n\n\n\n<hr class=\"wp-block-separator has-alpha-channel-opacity\"\/>\n\n\n\n<h4 class=\"wp-block-heading\">3. <strong>Unterscheide mit Demut<\/strong><\/h4>\n\n\n\n<p>In deinem inneren Raum frage mit ehrlichem Herzen: <strong>\u201eHerr, was willst du von mir?\u201c<\/strong><br>Es geht nicht darum, was du erreichen willst, sondern darum, was Gott in dir wirken m\u00f6chte. Die Wahl des Papstes ist ein g\u00f6ttliches Mysterium; <strong>auch deine Berufung ist es<\/strong>. Jeder ist berufen zu seinem eigenen Stuhl der Liebe, zu seinem eigenen fruchtbaren Kalvarienberg.<\/p>\n\n\n\n<hr class=\"wp-block-separator has-alpha-channel-opacity\"\/>\n\n\n\n<h4 class=\"wp-block-heading\">4. <strong>Bekleide deine Seele<\/strong><\/h4>\n\n\n\n<p>Im Tr\u00e4nenraum wird der Papst in Wei\u00df gekleidet. Auch du bist gerufen, <strong>den neuen Menschen anzuziehen<\/strong>, wie Paulus schreibt:<\/p>\n\n\n\n<blockquote class=\"wp-block-quote is-layout-flow wp-block-quote-is-layout-flow\">\n<p>\u201eZieht den Herrn Jesus Christus an.\u201c (R\u00f6mer 13,14)<\/p>\n<\/blockquote>\n\n\n\n<p>Das bedeutet: Ego, Stolz und S\u00fcnde abzulegen \u2013 und stattdessen Demut, Liebe und Gehorsam anzunehmen.<\/p>\n\n\n\n<hr class=\"wp-block-separator has-alpha-channel-opacity\"\/>\n\n\n\n<h4 class=\"wp-block-heading\">5. <strong>Geh mit klarer Sendung hinaus<\/strong><\/h4>\n\n\n\n<p>Wenn das Zittern vorbei ist, tritt der neue Papst auf den Balkon. Und du?<br>Auch du bist <strong>gesandt in die Welt<\/strong>, mit dem Bewusstsein: Gott hat dich berufen. Der Tr\u00e4nenraum ist kein Ende \u2013 er ist ein Anfang. Wenn du aus dieser Krise, diesem tiefen Gebet, dieser heiligen Beichte hervorgehst, <strong>geh ver\u00e4ndert hinaus.<\/strong><\/p>\n\n\n\n<hr class=\"wp-block-separator has-alpha-channel-opacity\"\/>\n\n\n\n<h3 class=\"wp-block-heading\">Letzte Inspiration: Der Papst als Ikone unserer eigenen Umkehr<\/h3>\n\n\n\n<p>Einen Mann zu sehen, der weint, bevor er die wei\u00dfe Papstkleidung anlegt, erinnert uns an eine essentielle Wahrheit: <strong>Die Gr\u00f6\u00dfe des Dienstes nimmt die Angst nicht weg, sie verkl\u00e4rt sie.<\/strong> Der Papst ist in diesem Moment nicht nur ein Staatsoberhaupt. Er ist Vater. Hirte. Diener der Diener Gottes.<\/p>\n\n\n\n<p>So ist auch jeder von uns aufgerufen, in seiner Umgebung diese Rolle zu \u00fcbernehmen: Licht zu sein, Wegweiser, Trostspender \u2013 auch wenn es uns etwas kostet.<\/p>\n\n\n\n<hr class=\"wp-block-separator has-alpha-channel-opacity\"\/>\n\n\n\n<h3 class=\"wp-block-heading\">Schlusswort: Tritt ein in deinen eigenen Tr\u00e4nenraum<\/h3>\n\n\n\n<p>Vielleicht findet heute keine Papstwahl statt. Aber vielleicht liegt <strong>eine g\u00f6ttliche Wahl \u00fcber deinem Leben.<\/strong> Vielleicht wartet keine wei\u00dfe Soutane auf dich, aber <strong>ein Gewand der Liebe.<\/strong> Vielleicht stimmen keine Kardin\u00e4le ab \u2013 aber <strong>die Engel erwarten dein \u201eJa\u201c.<\/strong><\/p>\n\n\n\n<p><strong>F\u00fcrchte dich nicht, vor Gott zu weinen. Ein zerknirschtes Herz wird Er nicht verschm\u00e4hen.<\/strong><\/p>\n\n\n\n<p>Denn Tr\u00e4nen, die aus dem Glauben geboren sind, <strong>machen nicht blind \u2013 sie erleuchten.<\/strong><br>Und in jeder Tr\u00e4ne schreibt Gott eine Verhei\u00dfung.<\/p>\n\n\n\n<blockquote class=\"wp-block-quote is-layout-flow wp-block-quote-is-layout-flow\">\n<p>\u201eSelig sind, die da Leid tragen; denn sie sollen getr\u00f6stet werden.\u201c (Matth\u00e4us 5,4)<\/p>\n<\/blockquote>\n\n\n\n<hr class=\"wp-block-separator has-alpha-channel-opacity\"\/>\n\n\n\n<p>Und du? Bist du schon in deinen eigenen Tr\u00e4nenraum eingetreten?<br>Bist du bereit, dich von Gott bekleiden zu lassen \u2013 auch wenn dein Herz zittert?<\/p>\n\n\n\n<p>Du musst kein Papst sein, um dem Heiligen Geist zu sagen: <strong>\u201eHier bin ich, Herr \u2013 mir geschehe nach deinem Wort.\u201c<\/strong><\/p>\n","protected":false},"excerpt":{"rendered":"<p>Einleitung: Der Ort, an dem die Auserw\u00e4hlten erzittern Nur wenige Orte auf der Welt rufen so viel Geheimnis, Demut und Ehrfurcht hervor wie der Tr\u00e4nenraum, jener kleine, verborgene Raum im Herzen des Vatikans, der auf keinem Touristenplan zu finden ist und auf keiner Postkarte erscheint. Und doch ist es genau dort \u2013 in der Stille, &hellip;<\/p>\n","protected":false},"author":3,"featured_media":3388,"comment_status":"open","ping_status":"open","sticky":false,"template":"","format":"standard","meta":{"_seopress_robots_primary_cat":"","_seopress_titles_title":"","_seopress_titles_desc":"","_seopress_robots_index":"","footnotes":""},"categories":[41,66],"tags":[1118],"class_list":["post-3387","post","type-post","status-publish","format-standard","has-post-thumbnail","","category-glaube-und-kultur","category-populaerkultur-und-katholizismus","tag-traenenraum"],"_links":{"self":[{"href":"https:\/\/catholicus.eu\/de\/wp-json\/wp\/v2\/posts\/3387","targetHints":{"allow":["GET"]}}],"collection":[{"href":"https:\/\/catholicus.eu\/de\/wp-json\/wp\/v2\/posts"}],"about":[{"href":"https:\/\/catholicus.eu\/de\/wp-json\/wp\/v2\/types\/post"}],"author":[{"embeddable":true,"href":"https:\/\/catholicus.eu\/de\/wp-json\/wp\/v2\/users\/3"}],"replies":[{"embeddable":true,"href":"https:\/\/catholicus.eu\/de\/wp-json\/wp\/v2\/comments?post=3387"}],"version-history":[{"count":1,"href":"https:\/\/catholicus.eu\/de\/wp-json\/wp\/v2\/posts\/3387\/revisions"}],"predecessor-version":[{"id":3389,"href":"https:\/\/catholicus.eu\/de\/wp-json\/wp\/v2\/posts\/3387\/revisions\/3389"}],"wp:featuredmedia":[{"embeddable":true,"href":"https:\/\/catholicus.eu\/de\/wp-json\/wp\/v2\/media\/3388"}],"wp:attachment":[{"href":"https:\/\/catholicus.eu\/de\/wp-json\/wp\/v2\/media?parent=3387"}],"wp:term":[{"taxonomy":"category","embeddable":true,"href":"https:\/\/catholicus.eu\/de\/wp-json\/wp\/v2\/categories?post=3387"},{"taxonomy":"post_tag","embeddable":true,"href":"https:\/\/catholicus.eu\/de\/wp-json\/wp\/v2\/tags?post=3387"}],"curies":[{"name":"wp","href":"https:\/\/api.w.org\/{rel}","templated":true}]}}