{"id":3384,"date":"2025-04-21T22:12:02","date_gmt":"2025-04-21T20:12:02","guid":{"rendered":"https:\/\/catholicus.eu\/de\/?p=3384"},"modified":"2025-04-21T22:12:02","modified_gmt":"2025-04-21T20:12:02","slug":"urbi-et-orbi-ein-segen-fuer-die-ganze-welt-der-auch-dein-leben-veraendern-kann","status":"publish","type":"post","link":"https:\/\/catholicus.eu\/de\/urbi-et-orbi-ein-segen-fuer-die-ganze-welt-der-auch-dein-leben-veraendern-kann\/","title":{"rendered":"URBI ET ORBI: Ein Segen f\u00fcr die ganze Welt, der auch dein Leben ver\u00e4ndern kann"},"content":{"rendered":"\n<p><em>Wenn der Himmel die Erde vom Herzen Roms aus umarmt<\/em><\/p>\n\n\n\n<hr class=\"wp-block-separator has-alpha-channel-opacity\"\/>\n\n\n\n<h3 class=\"wp-block-heading\">EINLEITUNG: EINE STIMME, DIE DURCH DIE GANZE WELT HALLT<\/h3>\n\n\n\n<p>Jedes Mal, wenn der Papst auf dem mittleren Balkon des Petersdoms erscheint und den Segen <strong>Urbi et Orbi<\/strong> spricht, geschieht etwas Au\u00dfergew\u00f6hnliches. Mitten auf dem Platz, umgeben von einer Menschenmenge und Kameras aus aller Welt, breitet sich eine alte Gnadenformel wie ein unsichtbarer Tau \u00fcber die Stadt Rom (<em>Urbi<\/em>) und die ganze Welt (<em>Orbi<\/em>) aus.<\/p>\n\n\n\n<p>Aber was genau ist dieser Segen? Warum hat er ein so tiefes geistliches Gewicht? Und wie kann er konkret dein Leben hier und jetzt ver\u00e4ndern, selbst wenn du niemals einen Fu\u00df in die Ewige Stadt gesetzt hast?<\/p>\n\n\n\n<p>Dieser Artikel nimmt dich mit zu den theologischen und historischen Wurzeln dieses kraftvollen Segens. Er will aber auch ein <strong>geistlicher, aktueller und verwandelnder Wegweiser<\/strong> sein, der dir hilft, deinen Glauben durch dieses Geschenk der Kirche tiefer zu leben.<\/p>\n\n\n\n<hr class=\"wp-block-separator has-alpha-channel-opacity\"\/>\n\n\n\n<h2 class=\"wp-block-heading\">1. <strong>WAS BEDEUTET &#8222;URBI ET ORBI&#8220;?<\/strong><\/h2>\n\n\n\n<p>\u201eUrbi et Orbi\u201c bedeutet w\u00f6rtlich <strong>\u201eder Stadt [Rom] und dem Erdkreis [der ganzen Welt]\u201c<\/strong>. Es handelt sich um den feierlichen Segen, den der Papst im Namen des auferstandenen Christus zu drei bestimmten Zeiten im Jahr erteilt:<\/p>\n\n\n\n<ul class=\"wp-block-list\">\n<li>Am <strong>Ostersonntag<\/strong><\/li>\n\n\n\n<li>Am <strong>Weihnachtstag<\/strong><\/li>\n\n\n\n<li>Und bei au\u00dfergew\u00f6hnlichen Anl\u00e4ssen gro\u00dfer Not oder Krise (z.\u202fB. am 27. M\u00e4rz 2020 w\u00e4hrend der Corona-Pandemie).<\/li>\n<\/ul>\n\n\n\n<p>Dieser Segen ist nicht nur ein symbolischer Akt oder eine sch\u00f6ne Tradition. Er ist ein <strong>liturgischer Akt mit echter geistlicher Kraft<\/strong>, der besondere Gnaden auf die Gl\u00e4ubigen ausgie\u00dft \u2013 einschlie\u00dflich eines <strong>vollst\u00e4ndigen Ablasses<\/strong> (unter bestimmten Bedingungen, die wir weiter unten erl\u00e4utern).<\/p>\n\n\n\n<hr class=\"wp-block-separator has-alpha-channel-opacity\"\/>\n\n\n\n<h2 class=\"wp-block-heading\">2. <strong>URSPRUNG UND GESCHICHTE: EIN SEGEN MIT IMPERIALEN UND GEISTLICHEN WURZELN<\/strong><\/h2>\n\n\n\n<p>Der Ausdruck \u201eUrbi et Orbi\u201c hat sehr alte Wurzeln, die bis ins r\u00f6mische Kaiserreich zur\u00fcckreichen. Damals verk\u00fcndeten die Kaiser <em>Urbi et Orbi<\/em> offizielle Mitteilungen, die sowohl f\u00fcr die Hauptstadt als auch f\u00fcr das ganze Reich galten.<\/p>\n\n\n\n<p>Die Kirche hat diesen Ausdruck in ihrer Weisheit christianisiert: Es ist nicht mehr der Kaiser, der spricht, sondern der <strong>Stellvertreter Christi<\/strong>, und es ist kein politisches Edikt mehr, sondern ein <strong>\u00fcbernat\u00fcrlicher Segen<\/strong>, der den Frieden, die Gnade und den Sieg des Auferstandenen \u00fcber S\u00fcnde und Tod verk\u00fcndet.<\/p>\n\n\n\n<p>Diese Tradition, wie wir sie heute kennen, wurde in der Renaissance gefestigt und erhielt ab dem 18. Jahrhundert eine besondere liturgische Bedeutung \u2013 obwohl ihre Wurzeln bereits in den ersten Jahrhunderten des Christentums liegen, als der Bischof von Rom schon eine pastorale Autorit\u00e4t \u00fcber die Stadt hinaus aus\u00fcbte.<\/p>\n\n\n\n<hr class=\"wp-block-separator has-alpha-channel-opacity\"\/>\n\n\n\n<h2 class=\"wp-block-heading\">3. <strong>THEOLOGISCHE BEDEUTUNG: MEHR ALS WORTE, EINE \u00dcBERTRAGUNG VON GNADE<\/strong><\/h2>\n\n\n\n<p>Der <strong>Urbi et Orbi<\/strong>-Segen ist kein blo\u00dfer Wohlwunsch. Es ist ein <strong>heiliger Akt<\/strong>, durch den der Papst, in Gemeinschaft mit Christus und der ganzen Kirche, <strong>die g\u00f6ttliche Barmherzigkeit \u00fcber die Menschheit erfleht<\/strong>.<\/p>\n\n\n\n<p>Der Schl\u00fcssel liegt in der <strong>Autorit\u00e4t des Papstes<\/strong> als Nachfolger Petri, zu dem Jesus sagte:<\/p>\n\n\n\n<blockquote class=\"wp-block-quote is-layout-flow wp-block-quote-is-layout-flow\">\n<p>\u201eIch werde dir die Schl\u00fcssel des Himmelreichs geben: Was du auf Erden bindest, das wird auch im Himmel gebunden sein, und was du auf Erden l\u00f6st, das wird auch im Himmel gel\u00f6st sein.\u201c (Matth\u00e4us 16,19)<\/p>\n<\/blockquote>\n\n\n\n<p>Durch diese Autorit\u00e4t spendet der Papst <strong>Vergebung, Frieden und g\u00f6ttlichen Segen<\/strong> mit apostolischer und universaler Kraft. Der <strong>Urbi et Orbi<\/strong>-Segen ist daher eine <strong>Epiphanie der Kirche als Mutter und Mittlerin der Gnade<\/strong>, sichtbar und wirksam f\u00fcr die ganze Menschheit.<\/p>\n\n\n\n<p>Au\u00dferdem ist dieser Segen mit einem <strong>vollst\u00e4ndigen Ablass<\/strong> verbunden \u2013 das hei\u00dft dem vollst\u00e4ndigen Erlass der zeitlichen S\u00fcndenstrafen f\u00fcr bereits gebeichtete S\u00fcnden. Mit anderen Worten: Wenn du in einem Stand der Gnade bist, kannst du eine spirituelle Erneuerung empfangen, die so tief ist, als ob du gerade getauft worden w\u00e4rst.<\/p>\n\n\n\n<hr class=\"wp-block-separator has-alpha-channel-opacity\"\/>\n\n\n\n<h2 class=\"wp-block-heading\">4. <strong>WIE DU DEN URBI ET ORBI-SEGEN IN DEINEM ALLTAG LEBEN KANNST: EIN PRAKTISCHER UND PASTORALER LEITFADEN<\/strong><\/h2>\n\n\n\n<p>Diesen Segen zu empfangen kann viel mehr sein als ein ergriffener Moment vor einem Bildschirm. Hier ist ein <strong>Schritt-f\u00fcr-Schritt-Leitfaden<\/strong>, um dir zu helfen, seine theologische und pastorale Tiefe voll auszusch\u00f6pfen.<\/p>\n\n\n\n<h3 class=\"wp-block-heading\">\ud83d\udcff <strong>VORHER: BEREITE DEIN HERZ VOR<\/strong><\/h3>\n\n\n\n<ol class=\"wp-block-list\">\n<li><strong>Beichte<\/strong> (idealerweise einige Tage vorher).<\/li>\n\n\n\n<li><strong>Eucharistischer Empfang der Kommunion<\/strong> (m\u00f6glichst am selben Tag).<\/li>\n\n\n\n<li><strong>Gebet in den Anliegen des Papstes<\/strong>, als Zeichen der Gemeinschaft mit der Kirche.<\/li>\n\n\n\n<li><strong>V\u00f6llige Losl\u00f6sung von jeder S\u00fcnde, selbst l\u00e4sslicher<\/strong>. Das ist die anspruchsvollste, aber auch befreiendste Bedingung.<\/li>\n<\/ol>\n\n\n\n<blockquote class=\"wp-block-quote is-layout-flow wp-block-quote-is-layout-flow\">\n<p><em>\u201eWenn der Herr das Haus nicht baut, m\u00fchen sich die Bauleute vergeblich.\u201c<\/em> (Psalm 127,1) Bereite dich in Demut vor, nicht im Selbstvertrauen.<\/p>\n<\/blockquote>\n\n\n\n<h3 class=\"wp-block-heading\">\ud83d\udcfa <strong>W\u00c4HREND: GLAUBEND MITFEIERN, NICHT NUR ZUSCHAUEN<\/strong><\/h3>\n\n\n\n<ul class=\"wp-block-list\">\n<li>Verfolge die \u00dcbertragung \u00fcber einen offiziellen Kanal (z.\u202fB. Vatican News, EWTN, K-TV etc.).<\/li>\n\n\n\n<li>Halte innerlich Stille.<\/li>\n\n\n\n<li>Begleite die Worte des Papstes mit deinem eigenen Gebet.<\/li>\n\n\n\n<li>Wenn der Heilige Vater den Segen erteilt, <strong>bekreuzige dich mit Andacht<\/strong>. Dieser Moment ist real, gegenw\u00e4rtig und wirksam. Er ist nicht nur symbolisch: <strong>Der Segen erreicht dich wirklich!<\/strong><\/li>\n<\/ul>\n\n\n\n<h3 class=\"wp-block-heading\">\ud83d\ude4c <strong>NACHHER: SETZE DEN SEGEN UM<\/strong><\/h3>\n\n\n\n<ul class=\"wp-block-list\">\n<li>Lebe den Tag wie einen <strong>geistlichen Neuanfang<\/strong>.<\/li>\n\n\n\n<li>Sei ein Kanal des Segens f\u00fcr andere: vergib, liebe, diene.<\/li>\n\n\n\n<li>Wiederhole im Laufe des Tages: <em>\u201eGepriesen sei der Name des Herrn, von nun an bis in Ewigkeit.\u201c<\/em><\/li>\n<\/ul>\n\n\n\n<hr class=\"wp-block-separator has-alpha-channel-opacity\"\/>\n\n\n\n<h2 class=\"wp-block-heading\">5. <strong>IN EINER VERWUNDETEN WELT EIN SEGEN, DER HEILT<\/strong><\/h2>\n\n\n\n<p>In Zeiten des Krieges, wirtschaftlicher Krisen, gesellschaftlicher Spannungen oder pers\u00f6nlicher Verluste ist <strong>Urbi et Orbi<\/strong> keine leere Formel, sondern ein lebendiges Flehen zum allm\u00e4chtigen Gott. Der p\u00e4pstliche Segen <strong>erinnert uns daran, dass das B\u00f6se nicht das letzte Wort hat<\/strong>, dass <strong>Christus den Tod besiegt hat<\/strong>, und dass <strong>die Kirche als Mutter alle Menschen ohne Ausnahme umarmt<\/strong>.<\/p>\n\n\n\n<p>Besonders in Momenten wie der Pandemie 2020, als die ganze Welt einen einsamen Papst auf einem menschenleeren Petersplatz sah, der im Namen aller zu Gott flehte, wurde <strong>die ganze Menschheit darin dargestellt<\/strong> \u2013 verwundet, aber hoffnungsvoll, verdunkelt, aber immer noch vom Licht Christi erleuchtet.<\/p>\n\n\n\n<blockquote class=\"wp-block-quote is-layout-flow wp-block-quote-is-layout-flow\">\n<p><em>\u201eDer Herr segne dich und beh\u00fcte dich! Der Herr lasse sein Angesicht \u00fcber dich leuchten und sei dir gn\u00e4dig!\u201c<\/em> (Numeri 6,24\u201325)<\/p>\n<\/blockquote>\n\n\n\n<hr class=\"wp-block-separator has-alpha-channel-opacity\"\/>\n\n\n\n<h2 class=\"wp-block-heading\">6. <strong>H\u00c4UFIGE FRAGEN (SPIRITUELLE FAQ)<\/strong><\/h2>\n\n\n\n<h3 class=\"wp-block-heading\">Kann ich den vollkommenen Ablass erhalten, wenn ich die \u00dcbertragung im Fernsehen sehe?<\/h3>\n\n\n\n<p>Ja, sofern du die Bedingungen erf\u00fcllst (Beichte, Kommunion, Gebet in den Anliegen des Papstes, Losl\u00f6sung von der S\u00fcnde), kannst du den Ablass <strong>auch \u00fcber die Medien empfangen<\/strong>.<\/p>\n\n\n\n<h3 class=\"wp-block-heading\">Und wenn ich nicht im Stand der Gnade bin?<\/h3>\n\n\n\n<p>Der Segen hat dennoch geistlichen Wert. Er l\u00e4dt dich ein, <strong>zur Gnade zur\u00fcckzukehren<\/strong>, das Sakrament der Vers\u00f6hnung zu suchen und dich dem Erbarmen Gottes zu \u00f6ffnen.<\/p>\n\n\n\n<h3 class=\"wp-block-heading\">Ist es verpflichtend, den Segen mitzuverfolgen?<\/h3>\n\n\n\n<p>Nein, aber es ist <strong>sehr zu empfehlen<\/strong>. Es ist eine einzigartige Gelegenheit, der g\u00f6ttlichen Barmherzigkeit zu begegnen.<\/p>\n\n\n\n<hr class=\"wp-block-separator has-alpha-channel-opacity\"\/>\n\n\n\n<h2 class=\"wp-block-heading\">7. <strong>EINE PERS\u00d6NLICHE EINLADUNG: LASS URBI ET ORBI DEINE WIEDERGEBURT SEIN<\/strong><\/h2>\n\n\n\n<p>Wenn du dieses Jahr die Stimme des Papstes h\u00f6rst, wie sie vom Petersplatz aus den Segen spricht, dann <strong>sei nicht nur Zuschauer<\/strong>. Sei ein <strong>Akteur der Gnade<\/strong> \u2013 eine offene Seele, ein verf\u00fcgbares Herz, ein Werkzeug des Friedens.<\/p>\n\n\n\n<p>Lass diesen Segen in dein Haus eintreten, in deine Geschichte, in deine Wunden, in deine Tr\u00e4ume. M\u00f6ge er deine Angeh\u00f6rigen ber\u00fchren, jene, die fern von Gott sind, jene, die in Dunkelheit leben. Denn in diesem Segen <strong>bist du gegenw\u00e4rtig<\/strong>. Denn im Herzen des Papstes <strong>schl\u00e4gt die Liebe des Guten Hirten, der kein einziges Schaf verlieren will<\/strong>.<\/p>\n\n\n\n<hr class=\"wp-block-separator has-alpha-channel-opacity\"\/>\n\n\n\n<h3 class=\"wp-block-heading\">SCHLUSSFOLGERUNG: VON ROM ZUR WELT, VON GOTT ZU DEINEM HERZEN<\/h3>\n\n\n\n<p>Der <strong>Urbi et Orbi<\/strong>-Segen ist kein blo\u00dfes vatikanisches Ritual. Er ist eine <strong>Liebkosung Gottes f\u00fcr die ganze Welt<\/strong>. Er ist eine <strong>offene T\u00fcr zu Vergebung, Gnade und Erneuerung<\/strong>.<\/p>\n\n\n\n<p>Lass dich segnen. Lass dich lieben. Und dann, <strong>geh hinaus und segne die Welt<\/strong>, als Zeuge der Hoffnung, die nicht entt\u00e4uscht.<\/p>\n\n\n\n<blockquote class=\"wp-block-quote is-layout-flow wp-block-quote-is-layout-flow\">\n<p><em>\u201eEmpfangt den Heiligen Geist. Wem ihr die S\u00fcnden vergebt, dem sind sie vergeben.\u201c<\/em> (Johannes 20,22\u201323)<\/p>\n<\/blockquote>\n","protected":false},"excerpt":{"rendered":"<p>Wenn der Himmel die Erde vom Herzen Roms aus umarmt EINLEITUNG: EINE STIMME, DIE DURCH DIE GANZE WELT HALLT Jedes Mal, wenn der Papst auf dem mittleren Balkon des Petersdoms erscheint und den Segen Urbi et Orbi spricht, geschieht etwas Au\u00dfergew\u00f6hnliches. Mitten auf dem Platz, umgeben von einer Menschenmenge und Kameras aus aller Welt, breitet &hellip;<\/p>\n","protected":false},"author":3,"featured_media":3385,"comment_status":"open","ping_status":"open","sticky":false,"template":"","format":"standard","meta":{"_seopress_robots_primary_cat":"","_seopress_titles_title":"","_seopress_titles_desc":"","_seopress_robots_index":"","footnotes":""},"categories":[58,40],"tags":[],"class_list":["post-3384","post","type-post","status-publish","format-standard","has-post-thumbnail","","category-gebet-und-geistliches-leben","category-gebet-und-spiritualitaet"],"_links":{"self":[{"href":"https:\/\/catholicus.eu\/de\/wp-json\/wp\/v2\/posts\/3384","targetHints":{"allow":["GET"]}}],"collection":[{"href":"https:\/\/catholicus.eu\/de\/wp-json\/wp\/v2\/posts"}],"about":[{"href":"https:\/\/catholicus.eu\/de\/wp-json\/wp\/v2\/types\/post"}],"author":[{"embeddable":true,"href":"https:\/\/catholicus.eu\/de\/wp-json\/wp\/v2\/users\/3"}],"replies":[{"embeddable":true,"href":"https:\/\/catholicus.eu\/de\/wp-json\/wp\/v2\/comments?post=3384"}],"version-history":[{"count":1,"href":"https:\/\/catholicus.eu\/de\/wp-json\/wp\/v2\/posts\/3384\/revisions"}],"predecessor-version":[{"id":3386,"href":"https:\/\/catholicus.eu\/de\/wp-json\/wp\/v2\/posts\/3384\/revisions\/3386"}],"wp:featuredmedia":[{"embeddable":true,"href":"https:\/\/catholicus.eu\/de\/wp-json\/wp\/v2\/media\/3385"}],"wp:attachment":[{"href":"https:\/\/catholicus.eu\/de\/wp-json\/wp\/v2\/media?parent=3384"}],"wp:term":[{"taxonomy":"category","embeddable":true,"href":"https:\/\/catholicus.eu\/de\/wp-json\/wp\/v2\/categories?post=3384"},{"taxonomy":"post_tag","embeddable":true,"href":"https:\/\/catholicus.eu\/de\/wp-json\/wp\/v2\/tags?post=3384"}],"curies":[{"name":"wp","href":"https:\/\/api.w.org\/{rel}","templated":true}]}}