{"id":3381,"date":"2025-04-21T17:20:33","date_gmt":"2025-04-21T15:20:33","guid":{"rendered":"https:\/\/catholicus.eu\/de\/?p=3381"},"modified":"2025-04-21T17:20:33","modified_gmt":"2025-04-21T15:20:33","slug":"der-stuhl-ist-verwaist-restauration-oder-revolution-ein-katholischer-leitfaden-fuer-zeiten-paepstlicher-ungewissheit","status":"publish","type":"post","link":"https:\/\/catholicus.eu\/de\/der-stuhl-ist-verwaist-restauration-oder-revolution-ein-katholischer-leitfaden-fuer-zeiten-paepstlicher-ungewissheit\/","title":{"rendered":"Der Stuhl ist verwaist: Restauration oder Revolution? Ein katholischer Leitfaden f\u00fcr Zeiten p\u00e4pstlicher Ungewissheit"},"content":{"rendered":"\n<h3 class=\"wp-block-heading\"><strong>Einf\u00fchrung: Wenn der Thron Petri leer zu sein scheint<\/strong><\/h3>\n\n\n\n<p>In Zeiten, in denen der Stuhl Petri verwaist ist, durchlebt die katholische Kirche eine ihrer heikelsten Pr\u00fcfungen:&nbsp;<em>Ist es Zeit f\u00fcr eine R\u00fcckbesinnung auf die Tradition oder soll der eingeschlagene Weg fortgesetzt werden?<\/em>&nbsp;Die Geschichte lehrt uns, dass diese Perioden nicht blo\u00df administrative \u00dcberg\u00e4nge sind, sondern Zeiten tiefer Reflexion, in denen der Heilige Geist auf geheimnisvolle Weise wirkt, um das Schiff Petri zu lenken.<\/p>\n\n\n\n<p>In diesem Artikel werden wir untersuchen:<\/p>\n\n\n\n<ol start=\"1\" class=\"wp-block-list\">\n<li><strong>Die theologische Bedeutung der\u00a0<em>Sedisvakanz<\/em><\/strong><\/li>\n\n\n\n<li><strong>Historische Lehren aus entscheidenden Konklaven<\/strong><\/li>\n\n\n\n<li><strong>Restauration oder Kontinuit\u00e4t? Eine Debatte mit tiefen Wurzeln<\/strong><\/li>\n\n\n\n<li><strong>Wie man diese Wartezeit geistlich leben kann<\/strong><\/li>\n\n\n\n<li><strong>Ein praktischer Leitfaden: Gebet, Unterscheidung und Handeln<\/strong><\/li>\n<\/ol>\n\n\n\n<hr class=\"wp-block-separator has-alpha-channel-opacity\"\/>\n\n\n\n<h3 class=\"wp-block-heading\"><strong>I. Was bedeutet es wirklich, dass der Stuhl verwaist ist?<\/strong><\/h3>\n\n\n\n<p>Die&nbsp;<em>Sedisvakanz<\/em>&nbsp;(von lateinisch&nbsp;<em>Sedes Vacans<\/em>) ist der Zeitraum zwischen dem Tod oder R\u00fccktritt eines Papstes und der Wahl seines Nachfolgers. Es handelt sich nicht um eine blo\u00dfe &#8222;\u00dcbergangsphase&#8220;, sondern um eine heilige Zeit, in der die Kirche &#8211; obwohl ohne sichtbaren Hirten &#8211; von Christus getragen wird, der verhei\u00dfen hat:&nbsp;<em>&#8222;Du bist Petrus, und auf diesen Felsen werde ich meine Kirche bauen, und die M\u00e4chte der Unterwelt werden sie nicht \u00fcberw\u00e4ltigen.&#8220;<\/em>&nbsp;(Matth\u00e4us 16,18)<\/p>\n\n\n\n<p><strong>Wesentliche Punkte:<\/strong><\/p>\n\n\n\n<ul class=\"wp-block-list\">\n<li><strong>Die Kirche ist nicht kopflos<\/strong>: Christus ist ihr unsichtbares Fundament<\/li>\n\n\n\n<li><strong>Das Kardinalskollegium \u00fcbernimmt eine vor\u00fcbergehende Rolle<\/strong>, hat aber keine Autorit\u00e4t, Dogmen zu \u00e4ndern<\/li>\n\n\n\n<li><strong>Ein Ruf zur Demut<\/strong>: Die Kirche h\u00e4ngt nicht von einem Menschen ab, sondern von Gott<\/li>\n<\/ul>\n\n\n\n<hr class=\"wp-block-separator has-alpha-channel-opacity\"\/>\n\n\n\n<h3 class=\"wp-block-heading\"><strong>II. Lehren aus der Geschichte: Konklaven, die den Kurs bestimmten<\/strong><\/h3>\n\n\n\n<p>Die Geschichte zeigt, dass Perioden der&nbsp;<em>Sedisvakanz<\/em>&nbsp;oft Zeiten der Gnade und L\u00e4uterung sind. Einige Beispiele:<\/p>\n\n\n\n<ol start=\"1\" class=\"wp-block-list\">\n<li><strong>Das Konklave von Viterbo (1268-1271)<\/strong>: Dauerte fast drei Jahre wegen Spaltungen unter den Kardin\u00e4len. Schlie\u00dflich griff der heilige Bonaventura ein, und nach Fasten und Gebeten wurde Gregor X. gew\u00e4hlt, der strengere Regeln f\u00fcr k\u00fcnftige Konklaven einf\u00fchrte.<\/li>\n\n\n\n<li><strong>Das Konklave 1958<\/strong>: Nach Pius XII. Tod erwarteten viele einen Fortf\u00fchrer seiner klaren Linie, doch der Heilige Geist \u00fcberraschte mit Johannes XXIII. und dem Zweiten Vatikanischen Konzil.<\/li>\n\n\n\n<li><strong>Der R\u00fccktritt Benedikts XVI. (2013)<\/strong>: Ein in Jahrhunderten beispielloser Akt, der zum Pontifikat von Franziskus und einem Wandel im pastoralen Stil f\u00fchrte.<\/li>\n<\/ol>\n\n\n\n<p><strong>Nachdenkliches<\/strong>:&nbsp;<em>F\u00fchrt der Heilige Geist, oder setzen sich menschliche Str\u00f6mungen durch?<\/em><\/p>\n\n\n\n<hr class=\"wp-block-separator has-alpha-channel-opacity\"\/>\n\n\n\n<h3 class=\"wp-block-heading\"><strong>III. Restauration vs. Kontinuit\u00e4t: Eine tiefverwurzelte Debatte<\/strong><\/h3>\n\n\n\n<p>Heute fragen sich viele Katholiken:&nbsp;<em>Soll der n\u00e4chste Papst die traditionelle Liturgie, die kirchliche Disziplin und die doktrin\u00e4re Klarheit wiederherstellen oder einen eher &#8222;pastoralen&#8220; Ansatz verfolgen, der der Moderne angepasst ist?<\/em><\/p>\n\n\n\n<p><strong>Zentrale Argumente:<\/strong><br>\u2705&nbsp;<strong>F\u00fcr Restauration<\/strong>:<\/p>\n\n\n\n<ul class=\"wp-block-list\">\n<li>Wiederherstellung verlorener Heiligkeit (z.B. Tridentinische Messe)<\/li>\n\n\n\n<li>Bekr\u00e4ftigung ewiger Wahrheiten gegen den Relativismus<\/li>\n\n\n\n<li>Heilung der Spaltung zwischen Glaube und Vernunft<\/li>\n<\/ul>\n\n\n\n<p>\u2705&nbsp;<strong>F\u00fcr Kontinuit\u00e4t<\/strong>:<\/p>\n\n\n\n<ul class=\"wp-block-list\">\n<li>Bewahrung einer &#8222;ausgehenden Kirche&#8220; (wie Papst Franziskus fordert)<\/li>\n\n\n\n<li>Anpassung der Sprache (ohne Dogmen zu \u00e4ndern), um mehr Seelen zu erreichen<\/li>\n\n\n\n<li>Vermeidung br\u00fcsker Br\u00fcche, die weitere Spaltungen verursachen k\u00f6nnten<\/li>\n<\/ul>\n\n\n\n<p><strong>Was sagt die Theologie?<\/strong><br>Die Kirche ist&nbsp;<em>semper reformanda<\/em>&nbsp;(stets zu erneuern), aber&nbsp;<em>nicht in der Lehre, sondern in der Treue zu Christus<\/em>. Wie der heilige Vinzenz von Ler\u00edn sagte:&nbsp;<em>&#8222;Fortschritt soll echt sein, nicht Ver\u00e4nderung; das Verst\u00e4ndnis wachse, aber das Wesen bleibe.&#8220;<\/em><\/p>\n\n\n\n<hr class=\"wp-block-separator has-alpha-channel-opacity\"\/>\n\n\n\n<h3 class=\"wp-block-heading\"><strong>IV. Wie man diese Zeit geistlich leben kann: Ein praktischer Leitfaden<\/strong><\/h3>\n\n\n\n<p>W\u00e4hrend die Welt \u00fcber den n\u00e4chsten Papst spekuliert, sind die Gl\u00e4ubigen zu etwas Tieferem berufen:<\/p>\n\n\n\n<h4 class=\"wp-block-heading\"><strong>1. Gebet f\u00fcr das Konklave<\/strong><\/h4>\n\n\n\n<ul class=\"wp-block-list\">\n<li>Beten des\u00a0<strong>Rosenkranzes<\/strong>\u00a0unter Anrufung Mariens, der K\u00f6nigin der Apostel<\/li>\n\n\n\n<li><strong>Fasten und Bu\u00df\u00fcbungen<\/strong>\u00a0f\u00fcr eine reine Wahl anbieten<\/li>\n\n\n\n<li>Das\u00a0<strong>Gebet des heiligen Nikolaus von Fl\u00fce<\/strong>, Patron der Einheit, verwenden:\u00a0<em>&#8222;Herr, nimm von mir, was mich von dir trennt. Gib mir, was mich zu dir f\u00fchrt. Nimm mich mir und gib mich ganz zu eigen dir.&#8220;<\/em><\/li>\n<\/ul>\n\n\n\n<h4 class=\"wp-block-heading\"><strong>2. Unterscheidung, nicht Polarisierung<\/strong><\/h4>\n\n\n\n<ul class=\"wp-block-list\">\n<li>Vermeidung von &#8222;kirchlichen Parteien&#8220; (Konservative vs. Progressive)<\/li>\n\n\n\n<li>Erinnern an:\u00a0<em>&#8222;Wer nicht gegen uns ist, der ist f\u00fcr uns&#8220;<\/em>\u00a0(Markus 9,40)<\/li>\n<\/ul>\n\n\n\n<h4 class=\"wp-block-heading\"><strong>3. Handeln: Licht in der Verwirrung sein<\/strong><\/h4>\n\n\n\n<ul class=\"wp-block-list\">\n<li><strong>Den Katechismus studieren<\/strong>, um nicht von falschen Lehren verf\u00fchrt zu werden<\/li>\n\n\n\n<li><strong>Den Glauben konsequent leben<\/strong>\u00a0und Christus in Familie und Gesellschaft bezeugen<\/li>\n\n\n\n<li><strong>Auf die Vorsehung vertrauen<\/strong>, wie die heilige Katharina von Siena w\u00e4hrend des Abendl\u00e4ndischen Schismas<\/li>\n<\/ul>\n\n\n\n<hr class=\"wp-block-separator has-alpha-channel-opacity\"\/>\n\n\n\n<h3 class=\"wp-block-heading\"><strong>Schluss: Was nun zu tun ist<\/strong><\/h3>\n\n\n\n<p>Die&nbsp;<em>Sedisvakanz<\/em>&nbsp;ist keine Zeit der Angst, sondern der Hoffnung. Als Katholiken sollen wir:<br>\ud83d\udd39&nbsp;<strong>Vertrauen<\/strong>, dass der Heilige Geist die Kardin\u00e4le leiten wird<br>\ud83d\udd39&nbsp;<strong>Handeln<\/strong>&nbsp;mit N\u00e4chstenliebe und doktrin\u00e4rer Festigkeit<br>\ud83d\udd39&nbsp;<strong>Gelassen bleiben<\/strong>&nbsp;in Erinnerung daran, dass die Kirche schlimmere Krisen \u00fcberstanden hat<\/p>\n\n\n\n<p><strong>Das letzte Wort hat Christus, nicht die Schlagzeilen.<\/strong><\/p>\n\n\n\n<blockquote class=\"wp-block-quote is-layout-flow wp-block-quote-is-layout-flow\">\n<p><em>&#8222;F\u00fcrchte dich nicht, du kleine Herde! Denn euer Vater hat beschlossen, euch das Reich zu geben.&#8220;<\/em>&nbsp;(Lukas 12,32)<\/p>\n<\/blockquote>\n\n\n\n<p><strong>Abschlie\u00dfendes Gebet:<\/strong><br><em>&#8222;Herr, schenke uns einen Papst nach deinem Herzen, der uns in Wahrheit und Liebe f\u00fchrt. Er sei Petrus f\u00fcr die Starken und Hirte f\u00fcr die Schwachen. Amen.&#8220;<\/em><\/p>\n\n\n\n<hr class=\"wp-block-separator has-alpha-channel-opacity\"\/>\n\n\n\n<p>Was denken Sie? Wie leben Sie diese Wartezeit? Teilen Sie Ihre Gedanken und lasst uns gemeinsam im Glauben wandeln!<\/p>\n","protected":false},"excerpt":{"rendered":"<p>Einf\u00fchrung: Wenn der Thron Petri leer zu sein scheint In Zeiten, in denen der Stuhl Petri verwaist ist, durchlebt die katholische Kirche eine ihrer heikelsten Pr\u00fcfungen:&nbsp;Ist es Zeit f\u00fcr eine R\u00fcckbesinnung auf die Tradition oder soll der eingeschlagene Weg fortgesetzt werden?&nbsp;Die Geschichte lehrt uns, dass diese Perioden nicht blo\u00df administrative \u00dcberg\u00e4nge sind, sondern Zeiten tiefer &hellip;<\/p>\n","protected":false},"author":3,"featured_media":3382,"comment_status":"open","ping_status":"open","sticky":false,"template":"","format":"standard","meta":{"_seopress_robots_primary_cat":"","_seopress_titles_title":"","_seopress_titles_desc":"","_seopress_robots_index":"","footnotes":""},"categories":[48,38],"tags":[1117],"class_list":["post-3381","post","type-post","status-publish","format-standard","has-post-thumbnail","","category-geschichte-der-kirche","category-geschichte-und-tradition","tag-stuhl-ist-verwaist"],"_links":{"self":[{"href":"https:\/\/catholicus.eu\/de\/wp-json\/wp\/v2\/posts\/3381","targetHints":{"allow":["GET"]}}],"collection":[{"href":"https:\/\/catholicus.eu\/de\/wp-json\/wp\/v2\/posts"}],"about":[{"href":"https:\/\/catholicus.eu\/de\/wp-json\/wp\/v2\/types\/post"}],"author":[{"embeddable":true,"href":"https:\/\/catholicus.eu\/de\/wp-json\/wp\/v2\/users\/3"}],"replies":[{"embeddable":true,"href":"https:\/\/catholicus.eu\/de\/wp-json\/wp\/v2\/comments?post=3381"}],"version-history":[{"count":1,"href":"https:\/\/catholicus.eu\/de\/wp-json\/wp\/v2\/posts\/3381\/revisions"}],"predecessor-version":[{"id":3383,"href":"https:\/\/catholicus.eu\/de\/wp-json\/wp\/v2\/posts\/3381\/revisions\/3383"}],"wp:featuredmedia":[{"embeddable":true,"href":"https:\/\/catholicus.eu\/de\/wp-json\/wp\/v2\/media\/3382"}],"wp:attachment":[{"href":"https:\/\/catholicus.eu\/de\/wp-json\/wp\/v2\/media?parent=3381"}],"wp:term":[{"taxonomy":"category","embeddable":true,"href":"https:\/\/catholicus.eu\/de\/wp-json\/wp\/v2\/categories?post=3381"},{"taxonomy":"post_tag","embeddable":true,"href":"https:\/\/catholicus.eu\/de\/wp-json\/wp\/v2\/tags?post=3381"}],"curies":[{"name":"wp","href":"https:\/\/api.w.org\/{rel}","templated":true}]}}