{"id":3341,"date":"2025-04-19T17:43:51","date_gmt":"2025-04-19T15:43:51","guid":{"rendered":"https:\/\/catholicus.eu\/de\/?p=3341"},"modified":"2025-04-19T17:43:51","modified_gmt":"2025-04-19T15:43:51","slug":"wenn-das-licht-ueber-die-dunkelheit-siegt-die-wiederentdeckung-des-lichtritus-als-gebet-das-die-seele-erleuchtet","status":"publish","type":"post","link":"https:\/\/catholicus.eu\/de\/wenn-das-licht-ueber-die-dunkelheit-siegt-die-wiederentdeckung-des-lichtritus-als-gebet-das-die-seele-erleuchtet\/","title":{"rendered":"Wenn das Licht \u00fcber die Dunkelheit siegt: Die Wiederentdeckung des Lichtritus als Gebet, das die Seele erleuchtet"},"content":{"rendered":"\n<h3 class=\"wp-block-heading\">Einleitung: Das Bed\u00fcrfnis nach Licht inmitten der Finsternis<\/h3>\n\n\n\n<p>Wir leben in einer Zeit geistiger Dunkelheit. Hektik, Technologie, Oberfl\u00e4chlichkeit und das Vergessen liturgischer Traditionen haben viele Sch\u00e4tze des christlichen Erbes verdeckt. Doch mitten in diesem Schatten bietet uns die Kirche einen uralten und lichtvollen Ritus: den <strong>Lucernar<\/strong> \u2013 ein Gebet, das nicht nur eine Lampe entz\u00fcndet, sondern <strong>auch die Seele in Brand setzt<\/strong>. Diese einfache und tiefgr\u00fcndige Geste kann uns helfen, den Sinn von Tag, Zeit, Licht \u2026 und von Christus selbst wiederzuentdecken.<\/p>\n\n\n\n<hr class=\"wp-block-separator has-alpha-channel-opacity\"\/>\n\n\n\n<h3 class=\"wp-block-heading\">1. Was ist der Lucernar?<\/h3>\n\n\n\n<p>Der Lucernar ist eine liturgische Feier bei Sonnenuntergang, wenn das Tageslicht schwindet und Lampen f\u00fcr die christliche Abendwache entz\u00fcndet werden. Der Name stammt vom lateinischen <em>lucerna<\/em> (Lampe), und in seiner einfachsten Form besteht er darin, <strong>eine Lampe zu entz\u00fcnden und ein Lobgebet zu Gott, dem wahren Licht, zu sprechen<\/strong>.<\/p>\n\n\n\n<p>Es handelt sich um eine der \u00e4ltesten Formen christlichen Gebets, reich an Symbolik: <strong>Er erinnert an Christus als \u201eLicht der Welt\u201c (Joh 8,12)<\/strong> und bringt die christliche Hoffnung zum Ausdruck, dass selbst in der Dunkelheit das Licht gesiegt hat.<\/p>\n\n\n\n<hr class=\"wp-block-separator has-alpha-channel-opacity\"\/>\n\n\n\n<h3 class=\"wp-block-heading\">2. Biblische Wurzeln des Lucernars<\/h3>\n\n\n\n<p>Die Praxis des Lucernars hat ihre Wurzeln in der Heiligen Schrift. Schon im Alten Testament ist das Licht ein Symbol der g\u00f6ttlichen Gegenwart:<\/p>\n\n\n\n<ul class=\"wp-block-list\">\n<li><strong>\u201eDein Wort ist eine Leuchte f\u00fcr meinen Fu\u00df und ein Licht auf meinem Weg\u201c<\/strong> (Ps 119,105).<\/li>\n\n\n\n<li>In Exodus f\u00fchrt eine Feuers\u00e4ule das Volk durch die Nacht (Ex 13,21).<\/li>\n\n\n\n<li>Der siebenarmige Leuchter (<em>Menora<\/em>) im Tempel brennt Tag und Nacht \u2013 ein Zeichen des Bundes und der st\u00e4ndigen Anbetung.<\/li>\n<\/ul>\n\n\n\n<p>Doch in Jesus erf\u00fcllt sich das Symbol des Lichts:<\/p>\n\n\n\n<ul class=\"wp-block-list\">\n<li><strong>\u201eDas Licht leuchtet in der Finsternis, und die Finsternis hat es nicht erfasst\u201c<\/strong> (Joh 1,5).<\/li>\n\n\n\n<li><strong>\u201eIch bin das Licht der Welt\u201c<\/strong> (Joh 8,12).<\/li>\n\n\n\n<li>In der Verkl\u00e4rung und der Auferstehung wird das Licht zum Zeichen der Herrlichkeit.<\/li>\n<\/ul>\n\n\n\n<p>Der Lucernar ist daher weit mehr als ein ritueller Akt: Er ist ein <strong>Glaubensbekenntnis an den Sieg des Lichtes Christi \u00fcber die Dunkelheit der S\u00fcnde und des Todes<\/strong>.<\/p>\n\n\n\n<hr class=\"wp-block-separator has-alpha-channel-opacity\"\/>\n\n\n\n<h3 class=\"wp-block-heading\">3. Der Lucernar in der fr\u00fchen Kirche<\/h3>\n\n\n\n<p>Schon in den ersten Jahrhunderten des Christentums, besonders in den Kirchen des Ostens, wurde der Lucernar bei Sonnenuntergang gefeiert. Eines der \u00e4ltesten \u00fcberlieferten Texte ist der Hymnus \u201e<strong>Phos Hilaron<\/strong>\u201c (<em>Freudiges Licht<\/em>), der noch heute in der orthodoxen Kirche gesungen wird und in manchen katholischen Riten wieder aufgenommen wurde. Er beginnt mit:<\/p>\n\n\n\n<blockquote class=\"wp-block-quote is-layout-flow wp-block-quote-is-layout-flow\">\n<p>\u201eFreudiges Licht der heiligen Herrlichkeit des unsterblichen Vaters, des himmlischen, heiligen, seligen, Jesus Christus&#8230;\u201c<\/p>\n<\/blockquote>\n\n\n\n<p>Dieser Hymnus wurde in der Kirche beim Entz\u00fcnden der Lampe im Heiligtum gesungen und markierte den Beginn der Nacht nicht als Zeit der Angst oder Unsicherheit, sondern als <strong>Zeit der Hoffnung und des Wachens im Herrn<\/strong>.<\/p>\n\n\n\n<p>Kirchenv\u00e4ter wie Basilius der Gro\u00dfe oder Clemens von Alexandria erw\u00e4hnen die Bedeutung dieses Abendgebets im t\u00e4glichen Leben des Christen.<\/p>\n\n\n\n<hr class=\"wp-block-separator has-alpha-channel-opacity\"\/>\n\n\n\n<h3 class=\"wp-block-heading\">4. Historische Entwicklung des Lucernars<\/h3>\n\n\n\n<p>Im Laufe der Jahrhunderte wurde der Lucernar in das Abendgebet der Kirche integriert, insbesondere in die Vesper. In der lateinischen Tradition verschwand er nach und nach oder wurde von anderen liturgischen Formen absorbiert \u2013 bis er beinahe unsichtbar wurde. Doch <strong>er ist nie v\u00f6llig verloren gegangen<\/strong>, und zu besonderen Zeiten \u2013 wie der <strong>Osternacht<\/strong> \u2013 ist er weiterhin kraftvoll pr\u00e4sent.<\/p>\n\n\n\n<p>Heute, im Zuge der liturgischen Erneuerung und der Wiederentdeckung des spirituellen Symbolismus, finden viele Gl\u00e4ubige den Lucernar wieder als <strong>eine einfache, h\u00e4usliche und tief geistliche Weise, den Tagesabschluss zu heiligen<\/strong>.<\/p>\n\n\n\n<hr class=\"wp-block-separator has-alpha-channel-opacity\"\/>\n\n\n\n<h3 class=\"wp-block-heading\">5. Der Lucernar heute: Ein Licht f\u00fcr unsere Zeit<\/h3>\n\n\n\n<p>Warum sollten wir den Lucernar heute wiederentdecken? Weil er in einer von Verwirrung beherrschten Welt, in der die Tage im Stress, vor Bildschirmen und in innerer Leere enden, <strong>ein prophetischer Akt sein kann<\/strong>.<\/p>\n\n\n\n<h4 class=\"wp-block-heading\">a) Ein Gebet f\u00fcr die Familie<\/h4>\n\n\n\n<p>Sich bei Sonnenuntergang zu versammeln, eine Lampe zu entz\u00fcnden und Christus als Licht zu preisen, ist eine sch\u00f6ne und einfache Geste, um:<\/p>\n\n\n\n<ul class=\"wp-block-list\">\n<li>F\u00fcr den Tag zu danken.<\/li>\n\n\n\n<li>Die Nacht Gott anzuvertrauen.<\/li>\n\n\n\n<li>Den Glauben an die Kinder weiterzugeben.<\/li>\n\n\n\n<li>Das Zuhause zu einer kleinen \u201eHauskirche\u201c zu machen.<\/li>\n<\/ul>\n\n\n\n<h4 class=\"wp-block-heading\">b) Ein liturgischer Akt mit geistlicher Kraft<\/h4>\n\n\n\n<p>Wenn der Lucernar in einer Gemeinschaft gefeiert wird (Pfarrei, Kloster, Gebetskreis), kann er die Vesper einleiten oder eine Gebetswache er\u00f6ffnen.<\/p>\n\n\n\n<p>Er ist auch eine hervorragende Weise, sich innerlich auf die Abendmesse einzustimmen oder besondere Feiern zu er\u00f6ffnen \u2013 wie Mari\u00e4 Lichtmess, die Osternacht oder christliche Begr\u00e4bnisse \u2013 und erinnert daran, dass \u201ef\u00fcr die, die an dich glauben, o Herr, das Leben nicht genommen, sondern gewandelt wird\u201c.<\/p>\n\n\n\n<h4 class=\"wp-block-heading\">c) Ein Gebet des geistlichen Kampfes<\/h4>\n\n\n\n<p>Auch pers\u00f6nlich kann der Lucernar ein Akt geistlichen Widerstands werden. Statt sich von der Dunkelheit \u00fcbermannen zu lassen, eine Lampe im Glauben zu entz\u00fcnden und zu sprechen:<\/p>\n\n\n\n<blockquote class=\"wp-block-quote is-layout-flow wp-block-quote-is-layout-flow\">\n<p>\u201eDer Herr ist mein Licht und mein Heil \u2013 vor wem sollte ich mich f\u00fcrchten?\u201c (Ps 27,1)<\/p>\n<\/blockquote>\n\n\n\n<p>ist ein Akt des Mutes, des Vertrauens und der christlichen Hoffnung.<\/p>\n\n\n\n<hr class=\"wp-block-separator has-alpha-channel-opacity\"\/>\n\n\n\n<h3 class=\"wp-block-heading\">6. Wie kann man den Lucernar zu Hause oder in der Gemeinschaft feiern?<\/h3>\n\n\n\n<p>Es gibt keine starre Form, aber hier ist ein einfacher Ablauf, den man verwenden kann:<\/p>\n\n\n\n<p><strong>Lucernar-Ritus (in der Familie oder Gemeinschaft):<\/strong><\/p>\n\n\n\n<ol class=\"wp-block-list\">\n<li><strong>Beginnen im Halbdunkel oder in v\u00f6lliger Dunkelheit.<\/strong><\/li>\n\n\n\n<li><strong>Eine Lampe oder Kerze entz\u00fcnden<\/strong>, mit einem Antiphon oder Vers: \u201eChristus, Licht der Welt, wir beten dich an und preisen dich.\u201c<\/li>\n\n\n\n<li><strong>Gesang oder Hymnus<\/strong>, z.\u202fB. <em>Phos Hilaron<\/em> oder ein geeignetes christliches Lied.<\/li>\n\n\n\n<li><strong>Ein Abendpsalm<\/strong> (z.\u202fB. Ps 141, Ps 27 oder Ps 119).<\/li>\n\n\n\n<li><strong>Eine kurze Lesung aus der Bibel<\/strong> (z.\u202fB. Joh 1,1\u20139; 1 Thess 5,5\u20136).<\/li>\n\n\n\n<li><strong>Freie oder vorbereitete F\u00fcrbitten.<\/strong><\/li>\n\n\n\n<li><strong>Vaterunser.<\/strong><\/li>\n\n\n\n<li><strong>Schlussgebet und Segen.<\/strong><\/li>\n<\/ol>\n\n\n\n<p>Kinder k\u00f6nnen einbezogen werden, indem sie die Lampe entz\u00fcnden, Texte lesen oder singen.<\/p>\n\n\n\n<hr class=\"wp-block-separator has-alpha-channel-opacity\"\/>\n\n\n\n<h3 class=\"wp-block-heading\">7. Theologische Dimension: Christus, das wahre Licht<\/h3>\n\n\n\n<p>Im Herzen des Lucernars steht eine grundlegende Wahrheit: <strong>Jesus ist das Licht, das in unserer Dunkelheit leuchtet<\/strong>. Das ist nicht nur ein poetisches Bild \u2013 es ist eine ontologische, geistliche und eschatologische Realit\u00e4t.<\/p>\n\n\n\n<ul class=\"wp-block-list\">\n<li><strong>Ontologisch<\/strong>: Christus ist das ewige Licht des Vaters, gezeugt, nicht geschaffen, wahrer Gott vom wahren Gott.<\/li>\n\n\n\n<li><strong>Geistlich<\/strong>: Sein Licht erleuchtet, reinigt und tr\u00f6stet.<\/li>\n\n\n\n<li><strong>Eschatologisch<\/strong>: Am Ende der Zeiten \u201ewird keine Nacht mehr sein \u2026 denn Gott, der Herr, wird ihr Licht sein\u201c (Offb 22,5).<\/li>\n<\/ul>\n\n\n\n<p>Jedes Mal, wenn wir eine Flamme entz\u00fcnden, um Christus zu loben, <strong>antizipieren wir die Ewigkeit<\/strong>, in der wir \u201eim unverg\u00e4nglichen Licht\u201c leben werden (vgl. Liturgie f\u00fcr Verstorbene).<\/p>\n\n\n\n<hr class=\"wp-block-separator has-alpha-channel-opacity\"\/>\n\n\n\n<h3 class=\"wp-block-heading\">8. Eine Einladung zur R\u00fcckkehr zum Wesentlichen<\/h3>\n\n\n\n<p>Letztlich ist der Lucernar kein Relikt aus der Vergangenheit, sondern ein Kompass f\u00fcr die Gegenwart. In einer Kultur, die Schnelligkeit, L\u00e4rm und k\u00fcnstliches Licht verg\u00f6ttert, erinnert uns dieser Ritus daran:<\/p>\n\n\n\n<ul class=\"wp-block-list\">\n<li>Dass es einen geistlichen Rhythmus des Tages gibt, den wir wiederentdecken k\u00f6nnen.<\/li>\n\n\n\n<li>Dass Dunkelheit nicht das Ende ist \u2013 ein Licht erlischt nie.<\/li>\n\n\n\n<li>Dass unser Leben dazu berufen ist, zu brennen \u2013 wie lebendige Lampen vor Gott.<\/li>\n<\/ul>\n\n\n\n<hr class=\"wp-block-separator has-alpha-channel-opacity\"\/>\n\n\n\n<h3 class=\"wp-block-heading\">Schlusswort: Lasst eure Lampen brennen<\/h3>\n\n\n\n<p>Lieber Leser, warum versuchst du nicht heute Abend, f\u00fcr einen Moment das Licht auszuschalten, eine Kerze zu entz\u00fcnden, einen Psalm aufzuschlagen \u2013 und Christus dein Licht sein zu lassen?<\/p>\n\n\n\n<p>Vielleicht wirst du in dieser einfachen Geste entdecken, dass <strong>du nicht allein bist<\/strong>, dass <strong>das Licht noch immer in der Nacht leuchtet<\/strong>, und dass <strong>Gott ganz nahe ist<\/strong>. Der Lucernar ist mehr als ein Gebet \u2013 er ist <strong>eine Lebensweise, vom Licht Christi erleuchtet<\/strong>, gerade \u2013 und besonders \u2013 in der Dunkelheit der Welt.<\/p>\n\n\n\n<hr class=\"wp-block-separator has-alpha-channel-opacity\"\/>\n\n\n\n<blockquote class=\"wp-block-quote is-layout-flow wp-block-quote-is-layout-flow\">\n<p><strong>\u201eM\u00f6ge Christus das Licht sein, das in deiner Nacht leuchtet. M\u00f6ge er dein Herz erhellen. Und wenn du die Lampe entz\u00fcndest, m\u00f6ge auch deine Seele vom Feuer des Heiligen Geistes entz\u00fcndet werden.\u201c<\/strong><\/p>\n<\/blockquote>\n\n\n\n<p>Wirst du den Mut haben, diese Flamme zu entz\u00fcnden?<\/p>\n","protected":false},"excerpt":{"rendered":"<p>Einleitung: Das Bed\u00fcrfnis nach Licht inmitten der Finsternis Wir leben in einer Zeit geistiger Dunkelheit. Hektik, Technologie, Oberfl\u00e4chlichkeit und das Vergessen liturgischer Traditionen haben viele Sch\u00e4tze des christlichen Erbes verdeckt. Doch mitten in diesem Schatten bietet uns die Kirche einen uralten und lichtvollen Ritus: den Lucernar \u2013 ein Gebet, das nicht nur eine Lampe entz\u00fcndet, &hellip;<\/p>\n","protected":false},"author":3,"featured_media":3342,"comment_status":"open","ping_status":"open","sticky":false,"template":"","format":"standard","meta":{"_seopress_robots_primary_cat":"","_seopress_titles_title":"","_seopress_titles_desc":"","_seopress_robots_index":"","footnotes":""},"categories":[38,52],"tags":[1101,1102],"class_list":["post-3341","post","type-post","status-publish","format-standard","has-post-thumbnail","","category-geschichte-und-tradition","category-liturgie-und-kirchenjahr","tag-lichtritus","tag-lucernarium"],"_links":{"self":[{"href":"https:\/\/catholicus.eu\/de\/wp-json\/wp\/v2\/posts\/3341","targetHints":{"allow":["GET"]}}],"collection":[{"href":"https:\/\/catholicus.eu\/de\/wp-json\/wp\/v2\/posts"}],"about":[{"href":"https:\/\/catholicus.eu\/de\/wp-json\/wp\/v2\/types\/post"}],"author":[{"embeddable":true,"href":"https:\/\/catholicus.eu\/de\/wp-json\/wp\/v2\/users\/3"}],"replies":[{"embeddable":true,"href":"https:\/\/catholicus.eu\/de\/wp-json\/wp\/v2\/comments?post=3341"}],"version-history":[{"count":1,"href":"https:\/\/catholicus.eu\/de\/wp-json\/wp\/v2\/posts\/3341\/revisions"}],"predecessor-version":[{"id":3343,"href":"https:\/\/catholicus.eu\/de\/wp-json\/wp\/v2\/posts\/3341\/revisions\/3343"}],"wp:featuredmedia":[{"embeddable":true,"href":"https:\/\/catholicus.eu\/de\/wp-json\/wp\/v2\/media\/3342"}],"wp:attachment":[{"href":"https:\/\/catholicus.eu\/de\/wp-json\/wp\/v2\/media?parent=3341"}],"wp:term":[{"taxonomy":"category","embeddable":true,"href":"https:\/\/catholicus.eu\/de\/wp-json\/wp\/v2\/categories?post=3341"},{"taxonomy":"post_tag","embeddable":true,"href":"https:\/\/catholicus.eu\/de\/wp-json\/wp\/v2\/tags?post=3341"}],"curies":[{"name":"wp","href":"https:\/\/api.w.org\/{rel}","templated":true}]}}