{"id":3308,"date":"2025-04-18T01:24:05","date_gmt":"2025-04-17T23:24:05","guid":{"rendered":"https:\/\/catholicus.eu\/de\/?p=3308"},"modified":"2025-04-18T01:24:05","modified_gmt":"2025-04-17T23:24:05","slug":"die-deutschen-palmesel-der-vergessene-ursprung-der-karwoche","status":"publish","type":"post","link":"https:\/\/catholicus.eu\/de\/die-deutschen-palmesel-der-vergessene-ursprung-der-karwoche\/","title":{"rendered":"Die deutschen Palmesel: Der vergessene Ursprung der Karwoche"},"content":{"rendered":"\n<p><strong>Einleitung: Ein h\u00f6lzerner Esel und ein jahrhundertealtes Geheimnis<\/strong><\/p>\n\n\n\n<p>In vielen St\u00e4dten der Welt beginnt die Karwoche mit feierlichen Prozessionen, Palmen und tief verwurzelten Ritualen. Doch nur wenige wissen, dass einer der fr\u00fchesten \u00f6ffentlichen Schritte zur Erinnerung an das Leiden Christi nicht in Sevilla oder Rom entstand, sondern in Mitteleuropa, insbesondere im deutschsprachigen Raum. Im Zentrum dieser fast vergessenen Tradition steht eine besondere und tief symbolische Figur: <strong>der Palmesel<\/strong>.<\/p>\n\n\n\n<p>Diese alte Gewohnheit \u2013 eine h\u00f6lzerne Statue Christi auf einem Esel, die am Palmsonntag durch die Stra\u00dfen gezogen wurde \u2013 verbindet uns nicht nur sichtbar mit dem Evangelium, sondern stellt auch heute, im 21. Jahrhundert, eine tiefgreifende Frage: <strong>Wie begleiten wir Christus auf seinem Weg nach Jerusalem?<\/strong> Sind wir wie die Kinder, die ihm mit Palmzweigen zujubeln? Oder stehen wir abseits, unf\u00e4hig, die paradoxe Botschaft eines dem\u00fctigen K\u00f6nigs zu erkennen?<\/p>\n\n\n\n<p>Dieser Artikel l\u00e4dt dich ein, eine nahezu vergessene Perle der mittelalterlichen Fr\u00f6mmigkeit zu entdecken. Lass dich lehren, inspirieren \u2013 und geistlich f\u00fchren. Beginnen wir von vorn.<\/p>\n\n\n\n<hr class=\"wp-block-separator has-alpha-channel-opacity\"\/>\n\n\n\n<h3 class=\"wp-block-heading\">1. Was ist ein Palmesel?<\/h3>\n\n\n\n<p>Ein <strong>Palmesel<\/strong> ist eine h\u00f6lzerne Figur Christi auf einem Esel, die auf einem fahrbaren Untersatz angebracht war und traditionell am <strong>Palmsonntag<\/strong> in einer feierlichen Prozession durch die Stra\u00dfen gezogen wurde \u2013 zur Darstellung des triumphalen Einzugs Jesu in Jerusalem.<\/p>\n\n\n\n<p>Im Gegensatz zu den pr\u00e4chtigen Prozessionen S\u00fcdeuropas mit Gold, Blumen und Brokat ist der Palmesel schlicht, dem\u00fctig, fast zur\u00fcckhaltend. Der Fokus liegt nicht auf Pracht, sondern auf Bedeutung: <strong>Christus, der K\u00f6nig, zieht nicht als milit\u00e4rischer Held ein, sondern als dem\u00fctiger Friedensk\u00f6nig \u2013 auf einem Lasttier.<\/strong><\/p>\n\n\n\n<hr class=\"wp-block-separator has-alpha-channel-opacity\"\/>\n\n\n\n<h3 class=\"wp-block-heading\">2. Ursprung und Geschichte: Vom Ritus zum Kunstwerk<\/h3>\n\n\n\n<p>Die ersten Belege f\u00fcr Palmesel stammen aus dem <strong>13. Jahrhundert<\/strong>, besonders in Deutschland, \u00d6sterreich und der Schweiz. Ihr Gebrauch war eng mit der mittelalterlichen Liturgie des <strong>Palmsonntags<\/strong> verbunden \u2013 einer der wichtigsten liturgischen Handlungen des Kirchenjahres.<\/p>\n\n\n\n<p>In einer Zeit, in der die meisten Menschen nicht lesen konnten, diente <strong>die sakrale Kunst als lebendige Katechese<\/strong>. Der Palmesel war ein \u201erollendes Evangelium\u201c, ein sichtbares Zeichen f\u00fcr die frohe Botschaft. Das Volk h\u00f6rte die Schrift nicht nur \u2013 <strong>es sah sie vor\u00fcberziehen<\/strong>.<\/p>\n\n\n\n<p>Manchmal wurde ein Kind oder Priester als Christus auf dem Esel dargestellt, meist aber war es eine festliche Statue, die in der Prozession mitgef\u00fchrt wurde. Dabei sang man Hymnen, schwenkte Palm- oder Buchsbaumzweige, verbrannte Weihrauch und hielt an bestimmten Stationen inne zum Gebet.<\/p>\n\n\n\n<hr class=\"wp-block-separator has-alpha-channel-opacity\"\/>\n\n\n\n<h3 class=\"wp-block-heading\">3. Der Palmesel von Z\u00fcrich: Der \u00e4lteste der Welt<\/h3>\n\n\n\n<p>Ein besonders bemerkenswertes \u2013 und vermutlich <strong>\u00e4ltestes erhaltenes<\/strong> \u2013 Beispiel ist der <strong>Palmesel von Z\u00fcrich<\/strong>, der um das Jahr <strong>1300<\/strong> entstanden ist. Heute steht er im Schweizerischen Nationalmuseum, urspr\u00fcnglich jedoch geh\u00f6rte er zur <strong>Fraum\u00fcnsterkirche in Z\u00fcrich<\/strong>.<\/p>\n\n\n\n<p>Diese Statue ist von besonderem Interesse, weil sie zeigt, wie St\u00e4dte im Mittelalter die Karwoche lebten. Statt barocker Pracht vermittelt sie ein Bild des stillen, fast traurigen Christus \u2013 wissend, dass das \u201eHosanna\u201c bald zum \u201eKreuzige ihn!\u201c werden wird.<\/p>\n\n\n\n<p>Z\u00fcrich war vor der Reformation eine zutiefst katholische Stadt. Der Palmesel k\u00f6nnte <strong>eine der fr\u00fchesten Prozessionsfiguren \u00fcberhaupt<\/strong> sein \u2013 ein direkter historischer Ursprung der heutigen Karwochenfeiern.<\/p>\n\n\n\n<hr class=\"wp-block-separator has-alpha-channel-opacity\"\/>\n\n\n\n<h3 class=\"wp-block-heading\">4. Theologie des Palmesels: Ein tiefes Symbol f\u00fcr unsere Zeit<\/h3>\n\n\n\n<p>Hinter der schlichten Holzfigur verbirgt sich eine theologische Tiefe, die unser geistliches Leben heute bereichern kann:<\/p>\n\n\n\n<ul class=\"wp-block-list\">\n<li><strong>Die Sanftmut des Messias<\/strong>: Christus kommt als K\u00f6nig \u2013 aber nicht wie die K\u00f6nige dieser Welt. Er reitet auf einem Esel, dem Tier der Armen. Das fordert auch uns heraus: Welche Vorstellung haben wir von Macht, Erfolg und Gr\u00f6\u00dfe?<\/li>\n\n\n\n<li><strong>Erf\u00fcllung der Schrift<\/strong>: Diese Szene erf\u00fcllt die Prophezeiung aus Sacharja 9,9: <em>\u201eSiehe, dein K\u00f6nig kommt zu dir \u2013 gerecht und siegreich, dem\u00fctig und reitet auf einem Esel.\u201c<\/em> Der Palmesel ist nicht nur Kunst \u2013 er ist <strong>heilsgeschichtliche Wirklichkeit<\/strong>.<\/li>\n\n\n\n<li><strong>Ein K\u00f6nig zieht vorbei<\/strong>: Die Prozession mit dem Palmesel macht deutlich: Christus zieht <strong>heute<\/strong> in unsere pers\u00f6nliche \u201eJerusalem\u201c ein. Gehen wir ihm entgegen? Legen wir unsere eigenen Palmzweige \u2013 unsere Werke, unsere Hoffnung \u2013 vor ihn?<\/li>\n<\/ul>\n\n\n\n<hr class=\"wp-block-separator has-alpha-channel-opacity\"\/>\n\n\n\n<h3 class=\"wp-block-heading\">5. Sind die Palmesel die ersten Schritte der Karwoche?<\/h3>\n\n\n\n<p>Ja \u2013 ohne Zweifel. In liturgischer wie historischer Hinsicht stellen die Palmesel <strong>den sichtbaren, feierlichen Beginn der Karwoche<\/strong> dar. Sie markieren die Schwelle zwischen der Fastenzeit und der Passion. In ihnen beginnt die Kirche, die letzten Tage Jesu <strong>lebendig zu erz\u00e4hlen<\/strong>.<\/p>\n\n\n\n<p>Man k\u00f6nnte sogar sagen: Sie sind <strong>die \u201eGro\u00dfv\u00e4ter\u201c der heutigen Prozessionen<\/strong> \u2013 von Sevilla bis nach Polen. W\u00e4hrend barocke Figuren Schmerz und Herrlichkeit zeigen, spricht der Palmesel von der <strong>Entscheidung<\/strong>: Gehen wir mit dem dem\u00fctigen K\u00f6nig \u2013 oder nur, solange gejubelt wird?<\/p>\n\n\n\n<hr class=\"wp-block-separator has-alpha-channel-opacity\"\/>\n\n\n\n<h3 class=\"wp-block-heading\">6. Die Wiederentdeckung des Palmesels heute<\/h3>\n\n\n\n<p>In den letzten Jahren wurden viele alte Palmesel in Deutschland, \u00d6sterreich und der Schweiz wiederentdeckt, restauriert und <strong>am Palmsonntag erneut in Prozessionen verwendet<\/strong>. Manche Gemeinden haben sogar begonnen, neue Palmesel nach mittelalterlichem Vorbild zu fertigen \u2013 als Verbindung von Kunst, Geschichte und Evangelisation.<\/p>\n\n\n\n<p>In einer s\u00e4kularisierten Welt, in der Glaube oft ins Private verdr\u00e4ngt wird, erhalten <strong>solche \u00f6ffentlichen Gesten der Fr\u00f6mmigkeit<\/strong> neue Kraft. Sie sind nicht Folklore \u2013 sie sind <strong>sichtbares Glaubenszeugnis<\/strong>.<\/p>\n\n\n\n<p>Der Palmesel ist eine Provokation an die moderne Welt. Er zeigt einen K\u00f6nig, der sich nicht durch Macht behauptet, sondern <strong>durch Liebe hingibt<\/strong>. Einen Gott, der <strong>in unsere St\u00e4dte einzieht \u2013 entwaffnet, aber voller Wahrheit.<\/strong><\/p>\n\n\n\n<hr class=\"wp-block-separator has-alpha-channel-opacity\"\/>\n\n\n\n<h3 class=\"wp-block-heading\">7. Was wir heute vom Palmesel lernen k\u00f6nnen<\/h3>\n\n\n\n<ul class=\"wp-block-list\">\n<li><strong>Zur\u00fcck zum Evangelium in Einfachheit<\/strong>: In einer Welt voller L\u00e4rm und Spektakel erinnert uns der Palmesel an die Kraft des Stillen, des Dem\u00fctigen, des Wesentlichen.<\/li>\n\n\n\n<li><strong>\u00d6ffentlicher Glaube statt Privatsache<\/strong>: Wie die Christen im Mittelalter, so sind auch wir heute gerufen, unseren Glauben <strong>sichtbar und freudig zu bekennen<\/strong>.<\/li>\n\n\n\n<li><strong>Die Karwoche beginnt mit einer Entscheidung<\/strong>: Folgen wir Christus \u2013 oder nur, solange es bequemer Applaus ist? Der Palmesel stellt uns diese unbequeme, aber rettende Frage.<\/li>\n<\/ul>\n\n\n\n<hr class=\"wp-block-separator has-alpha-channel-opacity\"\/>\n\n\n\n<h3 class=\"wp-block-heading\">Schluss: Die Lehre eines Esels und eines K\u00f6nigs<\/h3>\n\n\n\n<p>Der deutsche Palmesel \u2013 alt, h\u00f6lzern, still \u2013 scheint Relikt einer fernen Zeit. Doch in Wahrheit ist er <strong>ein Wegweiser f\u00fcr unsere Gegenwart<\/strong>. Er zeigt uns, wer Christus ist, wie er in unser Leben eintritt \u2013 und was er von uns erwartet.<\/p>\n\n\n\n<p>Wenn du das n\u00e4chste Mal eine Palmprozession siehst oder daran teilnimmst, denk an diesen h\u00f6lzernen Esel, der vor \u00fcber 700 Jahren durch Z\u00fcrich gezogen wurde. Und erinnere dich: <strong>Christus zieht heute wieder ein<\/strong> \u2013 in die \u201eJerusalem\u201c deines Herzens. Wirst du ihm den Weg bereiten?<\/p>\n\n\n\n<hr class=\"wp-block-separator has-alpha-channel-opacity\"\/>\n\n\n\n<p>Hat dich dieser Artikel inspiriert? Teile ihn \u2013 und hilf mit, die lebendigen Wurzeln unseres Glaubens neu zu entdecken.<\/p>\n","protected":false},"excerpt":{"rendered":"<p>Einleitung: Ein h\u00f6lzerner Esel und ein jahrhundertealtes Geheimnis In vielen St\u00e4dten der Welt beginnt die Karwoche mit feierlichen Prozessionen, Palmen und tief verwurzelten Ritualen. Doch nur wenige wissen, dass einer der fr\u00fchesten \u00f6ffentlichen Schritte zur Erinnerung an das Leiden Christi nicht in Sevilla oder Rom entstand, sondern in Mitteleuropa, insbesondere im deutschsprachigen Raum. Im Zentrum &hellip;<\/p>\n","protected":false},"author":3,"featured_media":3309,"comment_status":"open","ping_status":"open","sticky":false,"template":"","format":"standard","meta":{"_seopress_robots_primary_cat":"","_seopress_titles_title":"","_seopress_titles_desc":"","_seopress_robots_index":"","footnotes":""},"categories":[41,66],"tags":[761,1087],"class_list":["post-3308","post","type-post","status-publish","format-standard","has-post-thumbnail","","category-glaube-und-kultur","category-populaerkultur-und-katholizismus","tag-karwoche","tag-palmesel"],"_links":{"self":[{"href":"https:\/\/catholicus.eu\/de\/wp-json\/wp\/v2\/posts\/3308","targetHints":{"allow":["GET"]}}],"collection":[{"href":"https:\/\/catholicus.eu\/de\/wp-json\/wp\/v2\/posts"}],"about":[{"href":"https:\/\/catholicus.eu\/de\/wp-json\/wp\/v2\/types\/post"}],"author":[{"embeddable":true,"href":"https:\/\/catholicus.eu\/de\/wp-json\/wp\/v2\/users\/3"}],"replies":[{"embeddable":true,"href":"https:\/\/catholicus.eu\/de\/wp-json\/wp\/v2\/comments?post=3308"}],"version-history":[{"count":1,"href":"https:\/\/catholicus.eu\/de\/wp-json\/wp\/v2\/posts\/3308\/revisions"}],"predecessor-version":[{"id":3310,"href":"https:\/\/catholicus.eu\/de\/wp-json\/wp\/v2\/posts\/3308\/revisions\/3310"}],"wp:featuredmedia":[{"embeddable":true,"href":"https:\/\/catholicus.eu\/de\/wp-json\/wp\/v2\/media\/3309"}],"wp:attachment":[{"href":"https:\/\/catholicus.eu\/de\/wp-json\/wp\/v2\/media?parent=3308"}],"wp:term":[{"taxonomy":"category","embeddable":true,"href":"https:\/\/catholicus.eu\/de\/wp-json\/wp\/v2\/categories?post=3308"},{"taxonomy":"post_tag","embeddable":true,"href":"https:\/\/catholicus.eu\/de\/wp-json\/wp\/v2\/tags?post=3308"}],"curies":[{"name":"wp","href":"https:\/\/api.w.org\/{rel}","templated":true}]}}