{"id":3276,"date":"2025-04-16T19:02:57","date_gmt":"2025-04-16T17:02:57","guid":{"rendered":"https:\/\/catholicus.eu\/de\/?p=3276"},"modified":"2025-04-16T19:04:47","modified_gmt":"2025-04-16T17:04:47","slug":"drei-lektionen-vom-gruendonnerstag-um-die-karwoche-tiefgreifend-zu-leben","status":"publish","type":"post","link":"https:\/\/catholicus.eu\/de\/drei-lektionen-vom-gruendonnerstag-um-die-karwoche-tiefgreifend-zu-leben\/","title":{"rendered":"Drei Lektionen vom Gr\u00fcndonnerstag, um die Karwoche tiefgreifend zu leben"},"content":{"rendered":"\n<p><em>Einf\u00fchrung<\/em><br>Der&nbsp;<strong>Gr\u00fcndonnerstag<\/strong>&nbsp;bildet eine heilige Schwelle zwischen den turbulenten ersten Tagen der Karwoche und der Feierlichkeit des \u00f6sterlichen Triduums. W\u00e4hrend die Liturgie an diesem Tag in bedeutsamer Stille verharrt &#8211; es wird keine Messe gefeiert &#8211; l\u00e4dt uns die Kirche ein, drei entscheidende Lektionen zu verinnerlichen, die unser Herz auf das zentrale Mysterium unseres Glaubens vorbereiten: Passion, Tod und Auferstehung Christi.<\/p>\n\n\n\n<h3 class=\"wp-block-heading\"><strong>1. Lektion \u00fcber S\u00fcnde und Barmherzigkeit: Judas vs. Petrus<\/strong><\/h3>\n\n\n\n<p><strong>Der dramatische Kontrast<\/strong>:<\/p>\n\n\n\n<ul class=\"wp-block-list\">\n<li><em>Judas<\/em>: Seine Geschichte (Mt 26,14-16; 27,3-5) lehrt uns, dass\u00a0<strong>die gr\u00f6\u00dfte Gefahr nicht im Fallen liegt, sondern in der Weigerung, sich wieder aufrichten zu lassen<\/strong>. Judas&#8216; S\u00fcnde war nicht nur der Verrat, sondern seine endg\u00fcltige Ablehnung der Vergebung (&#8222;S\u00fcnde wider den Heiligen Geist&#8220; &#8211; Mt 12,31).<\/li>\n\n\n\n<li><em>Petrus<\/em>: Seine Verleugnung (Mt 26,69-75), gefolgt von Tr\u00e4nen, zeigt, dass\u00a0<strong>Gott selbst mit unseren krummen Linien gerade schreiben kann<\/strong>. Seine Tr\u00e4nen wurden zum Samen f\u00fcr seine sp\u00e4tere Rolle als Hirte (Joh 21,15-17).<\/li>\n<\/ul>\n\n\n\n<p><strong>Praktische Umsetzung heute<\/strong>:<\/p>\n\n\n\n<ul class=\"wp-block-list\">\n<li><em>Selbstpr\u00fcfung<\/em>: In welchen Lebensbereichen handle ich wie Judas (Selbstrechtfertigung, Geheimnisse) oder wie Petrus (echte Reue)?<\/li>\n\n\n\n<li><em>Handlung<\/em>: Das Sakrament der Vers\u00f6hnung vor Ostern empfangen.<\/li>\n<\/ul>\n\n\n\n<h3 class=\"wp-block-heading\"><strong>2. Lektion \u00fcber fruchtbare Stille: Maria von Bethanien salbt Jesus (Joh 12,1-8)<\/strong><\/h3>\n\n\n\n<p><strong>Die prophetische Geste<\/strong>:<br>W\u00e4hrend die J\u00fcnger \u00fcber Geld (Judas) und Macht (Mk 10,35-37) streiten, zerbricht Maria ein Alabastergef\u00e4\u00df mit reinem Narden\u00f6l &#8211; im Wert eines Jahreslohns &#8211; um Jesus zu salben. Diese Tat lehrt uns:<\/p>\n\n\n\n<ul class=\"wp-block-list\">\n<li><strong>Liebe rechnet nicht<\/strong>: Was die Welt als &#8222;Verschwendung&#8220; (Joh 12,4-5) bezeichnet, gilt Gott als wahrer Gottesdienst.<\/li>\n\n\n\n<li><strong>Beredtes Schweigen<\/strong>: Maria diskutiert nicht; ihre Tat spricht lauter als Worte.<\/li>\n<\/ul>\n\n\n\n<p><strong>Praktische Umsetzung heute<\/strong>:<\/p>\n\n\n\n<ul class=\"wp-block-list\">\n<li><em>Frage<\/em>: Welches &#8222;Narden\u00f6lgef\u00e4\u00df&#8220; &#8211; Zeit, Talente, Ressourcen &#8211; horte ich, statt es f\u00fcr Christus auszugie\u00dfen?<\/li>\n\n\n\n<li><em>Praxis<\/em>: Eine konkrete Liebestat w\u00e4hlen (Krankenbesuch, Vergebung \u00fcben) als pers\u00f6nliche &#8222;Salbung&#8220; f\u00fcr Jesus.<\/li>\n<\/ul>\n\n\n\n<h3 class=\"wp-block-heading\"><strong>3. Lektion \u00fcber t\u00e4glichen Verrat: Mit welchem Kuss verraten wir Christus?<\/strong><\/h3>\n\n\n\n<p><strong>Das Paradox von Judas&#8216; Kuss (Lk 22,47-48)<\/strong>:<br>Das Zeichen der Liebe (Kuss) wird zum Werkzeug des Verrats. Dies spiegelt wider:<\/p>\n\n\n\n<ul class=\"wp-block-list\">\n<li><strong>Unsere Widerspr\u00fcche<\/strong>: Wenn wir zwar die Eucharistie feiern, aber Christus durch Klatsch, Gleichg\u00fcltigkeit oder geistige Oberfl\u00e4chlichkeit verleugnen.<\/li>\n\n\n\n<li><strong>Jesu Antwort<\/strong>: Er nennt Judas &#8222;Freund&#8220; (Mt 26,50), was zeigt, dass\u00a0<strong>seine Barmherzigkeit unserer Untreue vorausgeht<\/strong>.<\/li>\n<\/ul>\n\n\n\n<p><strong>Praktische Umsetzung heute<\/strong>:<\/p>\n\n\n\n<ul class=\"wp-block-list\">\n<li><em>Selbstpr\u00fcfung<\/em>: Mit welchen &#8222;Verratsk\u00fcssen&#8220; betr\u00fcge ich Gott? (z.B. mechanische Gebete, gebrochene Versprechen).<\/li>\n\n\n\n<li><em>Vorsatz<\/em>: Einen Bereich der Heuchelei in Treue verwandeln (z.B. aufh\u00f6ren zu l\u00e4stern, p\u00fcnktlich zur Messe kommen).<\/li>\n<\/ul>\n\n\n\n<p><em>Abschluss: Ein Gr\u00fcndonnerstag, der verwandelt<\/em><br>Diese drei Lektionen sind Stufen zum Triduum:<\/p>\n\n\n\n<ol start=\"1\" class=\"wp-block-list\">\n<li><strong>Wie Petrus bereuen<\/strong>\u00a0&#8211; nicht wie Judas.<\/li>\n\n\n\n<li><strong>Wie Maria lieben<\/strong>\u00a0&#8211; ohne menschliche Berechnung.<\/li>\n\n\n\n<li><strong>Konsequent sein<\/strong>\u00a0&#8211; dass unsere K\u00fcsse (Liebeszeichen) niemals zur Verratsw\u00e4hrung werden.<\/li>\n<\/ol>\n\n\n\n<p><em>Abschlussgebet<\/em>:<br>&#8222;Herr, gib mir an diesem Gr\u00fcndonnerstag die Klarheit, meinen inneren Judas zu erkennen, Marias Gro\u00dfherzigkeit, um Dich ohne Ma\u00df zu lieben, und die Best\u00e4ndigkeit, mein Leben zu einem treuen Kuss zu Deinen F\u00fc\u00dfen zu machen. Amen.&#8220;<\/p>\n\n\n\n<p><strong>Vertiefungsm\u00f6glichkeiten<\/strong>:<\/p>\n\n\n\n<ul class=\"wp-block-list\">\n<li><em>Bibelstellen<\/em>: Joh 12,1-11 (Salbung in Bethanien) + Mt 26,14-25 (Judas).<\/li>\n\n\n\n<li><em>Geistliche \u00dcbung<\/em>: Einen Brief an Jesus schreiben \u00fcber t\u00e4glichen Verrat mit einem Wiedergutmachungsvorsatz.<\/li>\n\n\n\n<li><em>F\u00fcr Gruppen<\/em>: Diskutieren: Welches &#8222;Narden\u00f6l&#8220; k\u00f6nnen wir als Gemeinschaft in dieser Karwoche ausgie\u00dfen?<\/li>\n<\/ul>\n","protected":false},"excerpt":{"rendered":"<p>Einf\u00fchrungDer&nbsp;Gr\u00fcndonnerstag&nbsp;bildet eine heilige Schwelle zwischen den turbulenten ersten Tagen der Karwoche und der Feierlichkeit des \u00f6sterlichen Triduums. W\u00e4hrend die Liturgie an diesem Tag in bedeutsamer Stille verharrt &#8211; es wird keine Messe gefeiert &#8211; l\u00e4dt uns die Kirche ein, drei entscheidende Lektionen zu verinnerlichen, die unser Herz auf das zentrale Mysterium unseres Glaubens vorbereiten: Passion, &hellip;<\/p>\n","protected":false},"author":3,"featured_media":3277,"comment_status":"open","ping_status":"open","sticky":false,"template":"","format":"standard","meta":{"_seopress_robots_primary_cat":"","_seopress_titles_title":"","_seopress_titles_desc":"","_seopress_robots_index":"","footnotes":""},"categories":[43,37],"tags":[695],"class_list":["post-3276","post","type-post","status-publish","format-standard","has-post-thumbnail","","category-katechismus-der-katholischen-kirche","category-lehre-und-glaube","tag-gruendonnerstag"],"_links":{"self":[{"href":"https:\/\/catholicus.eu\/de\/wp-json\/wp\/v2\/posts\/3276","targetHints":{"allow":["GET"]}}],"collection":[{"href":"https:\/\/catholicus.eu\/de\/wp-json\/wp\/v2\/posts"}],"about":[{"href":"https:\/\/catholicus.eu\/de\/wp-json\/wp\/v2\/types\/post"}],"author":[{"embeddable":true,"href":"https:\/\/catholicus.eu\/de\/wp-json\/wp\/v2\/users\/3"}],"replies":[{"embeddable":true,"href":"https:\/\/catholicus.eu\/de\/wp-json\/wp\/v2\/comments?post=3276"}],"version-history":[{"count":1,"href":"https:\/\/catholicus.eu\/de\/wp-json\/wp\/v2\/posts\/3276\/revisions"}],"predecessor-version":[{"id":3278,"href":"https:\/\/catholicus.eu\/de\/wp-json\/wp\/v2\/posts\/3276\/revisions\/3278"}],"wp:featuredmedia":[{"embeddable":true,"href":"https:\/\/catholicus.eu\/de\/wp-json\/wp\/v2\/media\/3277"}],"wp:attachment":[{"href":"https:\/\/catholicus.eu\/de\/wp-json\/wp\/v2\/media?parent=3276"}],"wp:term":[{"taxonomy":"category","embeddable":true,"href":"https:\/\/catholicus.eu\/de\/wp-json\/wp\/v2\/categories?post=3276"},{"taxonomy":"post_tag","embeddable":true,"href":"https:\/\/catholicus.eu\/de\/wp-json\/wp\/v2\/tags?post=3276"}],"curies":[{"name":"wp","href":"https:\/\/api.w.org\/{rel}","templated":true}]}}