{"id":3258,"date":"2025-04-15T11:56:54","date_gmt":"2025-04-15T09:56:54","guid":{"rendered":"https:\/\/catholicus.eu\/de\/?p=3258"},"modified":"2025-04-15T11:56:54","modified_gmt":"2025-04-15T09:56:54","slug":"die-synode-zur-synodalitaet-erneuerung-in-der-tradition-oder-gefaehrlicher-bruch-eine-betrachtung-aus-traditionell-katholischer-sicht","status":"publish","type":"post","link":"https:\/\/catholicus.eu\/de\/die-synode-zur-synodalitaet-erneuerung-in-der-tradition-oder-gefaehrlicher-bruch-eine-betrachtung-aus-traditionell-katholischer-sicht\/","title":{"rendered":"Die Synode zur Synodalit\u00e4t: Erneuerung in der Tradition oder gef\u00e4hrlicher Bruch? Eine Betrachtung aus traditionell katholischer Sicht"},"content":{"rendered":"\n<h3 class=\"wp-block-heading\"><strong>Einf\u00fchrung: Eine Zeit der Verwirrung, ein Ruf zur Klarheit<\/strong><\/h3>\n\n\n\n<p>Wir leben in bewegten Zeiten innerhalb der Kirche. Die&nbsp;<strong>Synode zur Synodalit\u00e4t<\/strong>, vorgestellt als &#8222;Prozess des Zuh\u00f6rens und Unterscheidens&#8220;, hat bei einigen Hoffnung geweckt, bei anderen tiefe Besorgnis ausgel\u00f6st. Als Katholiken, die der&nbsp;<strong>immerw\u00e4hrenden Tradition der Kirche<\/strong>&nbsp;treu sind, m\u00fcssen wir uns fragen: Ist diese Synode ein wahrhaftiger Ausdruck kirchlicher Gemeinschaft, wie sie von den Kirchenv\u00e4tern gelebt wurde, oder ein Versuch, eine neue Ekklesiologie durchzusetzen, die die heilige Autorit\u00e4t zugunsten menschlichen Konsenses verw\u00e4ssert?<\/p>\n\n\n\n<p>Dieser Artikel m\u00f6chte das Thema aus&nbsp;<strong>theologischer, historischer und pastoraler Perspektive<\/strong>&nbsp;beleuchten &#8211; stets treu zum&nbsp;<strong>unver\u00e4nderlichen Lehramt der Kirche<\/strong>&nbsp;und wachsam gegen\u00fcber den Gefahren einer falschen Synodalit\u00e4t, die hinter frommen Worten ernsthafte Abweichungen verbergen k\u00f6nnte.<\/p>\n\n\n\n<hr class=\"wp-block-separator has-alpha-channel-opacity\"\/>\n\n\n\n<h3 class=\"wp-block-heading\"><strong>I. Was ist Synodalit\u00e4t? Urspr\u00fcnge und traditionelle Bedeutung<\/strong><\/h3>\n\n\n\n<p>Das Wort&nbsp;<em>Synode<\/em>&nbsp;kommt vom griechischen&nbsp;<em>synodos<\/em>&nbsp;(\u03c3\u03cd\u03bd\u03bf\u03b4\u03bf\u03c2), was &#8222;gemeinsamer Weg&#8220; bedeutet. Historisch waren Synoden&nbsp;<strong>Versammlungen von Bisch\u00f6fen in Gemeinschaft mit dem Papst<\/strong>, einberufen zur Behandlung doktrin\u00e4rer oder disziplin\u00e4rer Fragen. Klare Beispiele sind das&nbsp;<strong>Konzil von Jerusalem<\/strong>&nbsp;(Apostelgeschichte 15), wo die Apostel die Frage der Beschneidung kl\u00e4rten, oder die gro\u00dfen&nbsp;<strong>\u00d6kumenischen Konzilien<\/strong>&nbsp;wie Nic\u00e4a oder Trient, die Dogmen gegen H\u00e4resien definierten.<\/p>\n\n\n\n<p><strong>Echte Synodalit\u00e4t<\/strong>&nbsp;hatte stets drei Merkmale:<\/p>\n\n\n\n<ol start=\"1\" class=\"wp-block-list\">\n<li><strong>Hierarchisch<\/strong>: Die Hirten, Nachfolger der Apostel, unterscheiden in Gemeinschaft mit dem Papst, geleitet vom Heiligen Geist.<\/li>\n\n\n\n<li><strong>Lehrm\u00e4\u00dfig treu<\/strong>: Sie &#8222;erfand&#8220; den Glauben nicht neu, sondern bewahrte die\u00a0<strong>von Christus empfangene Tradition<\/strong>.<\/li>\n\n\n\n<li><strong>Pastoral ausgerichtet<\/strong>: Sie suchte das Heil der Seelen, nicht Anpassung an die Welt.<\/li>\n<\/ol>\n\n\n\n<p><strong>Das aktuelle Problem<\/strong>: Heute wird Synodalit\u00e4t oft als&nbsp;<em>horizontaler<\/em>&nbsp;Prozess dargestellt, wo &#8222;das ganze Volk Gottes&#8220; (einschlie\u00dflich Laien ohne theologische Bildung) in Glaubens- und Moralthemen mitreden soll, als w\u00e4re die Kirche eine Demokratie. Dies&nbsp;<strong>verleugnet die g\u00f6ttliche Natur der Kirche<\/strong>, die keine menschliche Vereinigung ist, die Mehrheitsbeschl\u00fcssen folgt, sondern der mystische Leib Christi, gef\u00fchrt von seinen legitimen Hirten.<\/p>\n\n\n\n<hr class=\"wp-block-separator has-alpha-channel-opacity\"\/>\n\n\n\n<h3 class=\"wp-block-heading\"><strong>II. Die Gefahren der &#8222;Neuen Synodalit\u00e4t&#8220;: Sechs schwerwiegende Bedenken<\/strong><\/h3>\n\n\n\n<h4 class=\"wp-block-heading\"><strong>1. Lehrhafte Unklarheit: Wird das Unver\u00e4nderliche in Frage gestellt?<\/strong><\/h4>\n\n\n\n<p>Das Synoden-Vorbereitungsdokument spricht von &#8222;offenen Fragen&#8220;, einschlie\u00dflich Themen wie&nbsp;<strong>Sexualmoral, Frauenpriestertum oder Kommunion f\u00fcr Wiederverheiratete Geschiedene<\/strong>. Doch&nbsp;<strong>katholische Lehre ist nicht verhandelbar<\/strong>:<\/p>\n\n\n\n<ul class=\"wp-block-list\">\n<li><strong>Christus stiftete das m\u00e4nnliche Priestertum<\/strong>\u00a0(Lk 22,19; Mt 16,18).<\/li>\n\n\n\n<li><strong>Die Ehe ist unaufl\u00f6slich<\/strong>\u00a0(Mk 10,9).<\/li>\n\n\n\n<li><strong>Das Sittengesetz ist objektiv<\/strong>\u00a0(R\u00f6m 2,15).<\/li>\n<\/ul>\n\n\n\n<p>Wenn eine Synode suggeriert, diese Wahrheiten k\u00f6nnten sich &#8222;entwickeln&#8220;,&nbsp;<strong>verleugnet sie dann nicht das Wesen der g\u00f6ttlichen Offenbarung selbst?<\/strong><\/p>\n\n\n\n<h4 class=\"wp-block-heading\"><strong>2. Die Gefahr der Protestantisierung: Wenn Meinungen das Lehramt ersetzen<\/strong><\/h4>\n\n\n\n<p>Luther berief sich auf die &#8222;private Schriftauslegung&#8220; und verwarf die Autorit\u00e4t der Kirche. Heute f\u00f6rdern manche eine&nbsp;<strong>&#8222;protestantische Synodalit\u00e4t&#8220;<\/strong>, wo die Stimme des Volkes (einschlie\u00dflich dissidenter Gruppen) schwerer wiegen soll als das Lehramt.<\/p>\n\n\n\n<p><strong>Doch die Kirche ist keine Demokratie.<\/strong>&nbsp;Christus sagte nicht: &#8222;<em>Geht und stimmt ab<\/em>&#8222;, sondern &#8222;<em>Geht und lehrt<\/em>&#8220; (Mt 28,19).<\/p>\n\n\n\n<h4 class=\"wp-block-heading\"><strong>3. Verweltlichte Sprache: Inklusion oder Apostasie?<\/strong><\/h4>\n\n\n\n<p>Synodendokumente sprechen von&nbsp;<strong>&#8222;Inklusion&#8220;, &#8222;Diversit\u00e4t&#8220; und &#8222;Zuh\u00f6ren&#8220;<\/strong>, erw\u00e4hnen aber selten&nbsp;<strong>S\u00fcnde, Bekehrung, H\u00f6lle oder Erl\u00f6sung<\/strong>. Ist das nicht&nbsp;<strong>das Evangelium der Welt anpassen<\/strong>, statt die Welt durch das Evangelium zu bekehren?<\/p>\n\n\n\n<p>Der heilige Paulus warnte:&nbsp;<em>&#8222;Gleicht euch nicht dieser Welt an&#8220;<\/em>&nbsp;(R\u00f6m 12,2).<\/p>\n\n\n\n<h4 class=\"wp-block-heading\"><strong>4. Ideologische Manipulation? Die Gefahr einer vorab bestimmten Synode<\/strong><\/h4>\n\n\n\n<p>Viele f\u00fcrchten, unter dem Deckmantel des &#8222;Unterscheidens&#8220; seien&nbsp;<strong>die Ergebnisse bereits vorherbestimmt<\/strong>: progressive Gruppen dr\u00e4ngen auf radikale \u00c4nderungen, w\u00e4hrend traditionelle Gl\u00e4ubige zum Schweigen gebracht werden.<\/p>\n\n\n\n<p><strong>Wenn der Heilige Geist die Kirche f\u00fchrt, warum scheint Er nur die Agenden der modernen Welt zu &#8222;inspirieren&#8220;?<\/strong><\/p>\n\n\n\n<h4 class=\"wp-block-heading\"><strong>5. Der Bruch mit der Tradition: Wird die Kirche neu erfunden?<\/strong><\/h4>\n\n\n\n<p>Die Kirche wurde stets durch&nbsp;<strong>Konzilien und das Lehramt<\/strong>&nbsp;geleitet, nicht durch Versammlungen, wo Laienaktivisten \u00c4nderungen fordern.&nbsp;<strong>Tradition ist heilig<\/strong>&nbsp;(2 Thess 2,15), kein &#8222;totes Archiv&#8220; zur Neuinterpretation.<\/p>\n\n\n\n<h4 class=\"wp-block-heading\"><strong>6. Der pastorale Schaden: Verwirrung in den Seelen<\/strong><\/h4>\n\n\n\n<p>Die Frucht wahrer Synodalit\u00e4t ist&nbsp;<strong>Einheit in der Wahrheit<\/strong>. Doch wenn dieser Prozess mehr Zweifel als Gewissheit schafft,&nbsp;<strong>f\u00fchrt er dann die Gl\u00e4ubigen nicht von dem klaren Glauben aller Zeiten weg?<\/strong><\/p>\n\n\n\n<hr class=\"wp-block-separator has-alpha-channel-opacity\"\/>\n\n\n\n<h3 class=\"wp-block-heading\"><strong>III. Gibt es eine g\u00fcltige Synodalit\u00e4t? Ja, aber unter drei Bedingungen<\/strong><\/h3>\n\n\n\n<p>Traditionelle Katholiken&nbsp;<strong>lehnen nicht jede Synodalit\u00e4t ab<\/strong>, nur ihre moderne Verzerrung. Um authentisch zu sein, muss sie:<\/p>\n\n\n\n<ol start=\"1\" class=\"wp-block-list\">\n<li><strong>Sich dem Lehramt unterordnen<\/strong>, nicht es \u00e4ndern wollen.<\/li>\n\n\n\n<li><strong>Bereits definierte Fragen ausschlie\u00dfen<\/strong>\u00a0(Moral- und Sakramentenlehre).<\/li>\n\n\n\n<li><strong>Heiligung suchen<\/strong>, nicht weltliche Zustimmung.<\/li>\n<\/ol>\n\n\n\n<hr class=\"wp-block-separator has-alpha-channel-opacity\"\/>\n\n\n\n<h3 class=\"wp-block-heading\"><strong>Schluss: Treue in Zeiten der Verwirrung<\/strong><\/h3>\n\n\n\n<p>Angesichts der Synode zur Synodalit\u00e4t erinnern wir uns an die Worte des heiligen Vinzenz von Lerin:&nbsp;<em>&#8222;Wir m\u00fcssen festhalten, was \u00fcberall, immer und von allen geglaubt wurde.&#8220;<\/em><\/p>\n\n\n\n<p><strong>Die Kirche muss sich nicht neu erfinden; sie muss ihre ewige Identit\u00e4t wiederentdecken.<\/strong>&nbsp;Als Katholiken ist es unsere Pflicht,&nbsp;<strong>zu beten, zu unterscheiden und, wenn n\u00f6tig, mit Liebe aber Festigkeit zu widerstehen<\/strong>, damit das&nbsp;<strong>Boot Petri<\/strong>&nbsp;nicht in den st\u00fcrmischen Wellen des Relativismus untergeht.<\/p>\n\n\n\n<blockquote class=\"wp-block-quote is-layout-flow wp-block-quote-is-layout-flow\">\n<p><em>&#8222;Haltet fest an den \u00dcberlieferungen, die ihr von uns empfangen habt!&#8220;<\/em>&nbsp;(2 Thess 3,6).<\/p>\n<\/blockquote>\n\n\n\n<p><strong>Werden wir dieser Aufgabe gerecht?<\/strong><\/p>\n\n\n\n<hr class=\"wp-block-separator has-alpha-channel-opacity\"\/>\n\n\n\n<p><em>[Dieser Artikel orientiert sich an traditioneller katholischer Lehre und dem immerw\u00e4hrenden Lehramt. Zur Vertiefung empfehlen wir die Kirchenv\u00e4ter, den Katechismus von Trient und p\u00e4pstliche Enzykliken gegen den Modernismus.]<\/em><\/p>\n\n\n\n<p>\ud83d\udcd6&nbsp;<strong>Hat Ihnen dieser Artikel gefallen? Teilen Sie ihn und treten Sie ein f\u00fcr die Verteidigung des wahren Glaubens.<\/strong>&nbsp;#TreueZurTradition<\/p>\n","protected":false},"excerpt":{"rendered":"<p>Einf\u00fchrung: Eine Zeit der Verwirrung, ein Ruf zur Klarheit Wir leben in bewegten Zeiten innerhalb der Kirche. Die&nbsp;Synode zur Synodalit\u00e4t, vorgestellt als &#8222;Prozess des Zuh\u00f6rens und Unterscheidens&#8220;, hat bei einigen Hoffnung geweckt, bei anderen tiefe Besorgnis ausgel\u00f6st. Als Katholiken, die der&nbsp;immerw\u00e4hrenden Tradition der Kirche&nbsp;treu sind, m\u00fcssen wir uns fragen: Ist diese Synode ein wahrhaftiger Ausdruck &hellip;<\/p>\n","protected":false},"author":3,"featured_media":3259,"comment_status":"open","ping_status":"open","sticky":false,"template":"","format":"standard","meta":{"_seopress_robots_primary_cat":"","_seopress_titles_title":"","_seopress_titles_desc":"","_seopress_robots_index":"","footnotes":""},"categories":[54,39],"tags":[1062,1061],"class_list":["post-3258","post","type-post","status-publish","format-standard","has-post-thumbnail","","category-bioethik-und-zeitgenoessische-fragen","category-moral-und-christliches-leben","tag-synodalitaet","tag-synode"],"_links":{"self":[{"href":"https:\/\/catholicus.eu\/de\/wp-json\/wp\/v2\/posts\/3258","targetHints":{"allow":["GET"]}}],"collection":[{"href":"https:\/\/catholicus.eu\/de\/wp-json\/wp\/v2\/posts"}],"about":[{"href":"https:\/\/catholicus.eu\/de\/wp-json\/wp\/v2\/types\/post"}],"author":[{"embeddable":true,"href":"https:\/\/catholicus.eu\/de\/wp-json\/wp\/v2\/users\/3"}],"replies":[{"embeddable":true,"href":"https:\/\/catholicus.eu\/de\/wp-json\/wp\/v2\/comments?post=3258"}],"version-history":[{"count":1,"href":"https:\/\/catholicus.eu\/de\/wp-json\/wp\/v2\/posts\/3258\/revisions"}],"predecessor-version":[{"id":3260,"href":"https:\/\/catholicus.eu\/de\/wp-json\/wp\/v2\/posts\/3258\/revisions\/3260"}],"wp:featuredmedia":[{"embeddable":true,"href":"https:\/\/catholicus.eu\/de\/wp-json\/wp\/v2\/media\/3259"}],"wp:attachment":[{"href":"https:\/\/catholicus.eu\/de\/wp-json\/wp\/v2\/media?parent=3258"}],"wp:term":[{"taxonomy":"category","embeddable":true,"href":"https:\/\/catholicus.eu\/de\/wp-json\/wp\/v2\/categories?post=3258"},{"taxonomy":"post_tag","embeddable":true,"href":"https:\/\/catholicus.eu\/de\/wp-json\/wp\/v2\/tags?post=3258"}],"curies":[{"name":"wp","href":"https:\/\/api.w.org\/{rel}","templated":true}]}}