{"id":3255,"date":"2025-04-15T11:10:26","date_gmt":"2025-04-15T09:10:26","guid":{"rendered":"https:\/\/catholicus.eu\/de\/?p=3255"},"modified":"2025-04-15T11:10:26","modified_gmt":"2025-04-15T09:10:26","slug":"der-tag-an-dem-christus-die-absichten-der-welt-offenbarte-warum-der-heilige-dienstag-der-prophetischste-tag-der-karwoche-ist","status":"publish","type":"post","link":"https:\/\/catholicus.eu\/de\/der-tag-an-dem-christus-die-absichten-der-welt-offenbarte-warum-der-heilige-dienstag-der-prophetischste-tag-der-karwoche-ist\/","title":{"rendered":"Der Tag, an dem Christus die Absichten der Welt offenbarte: Warum der Heilige Dienstag der prophetischste Tag der Karwoche ist"},"content":{"rendered":"\n<p><strong>Einleitung: Das Schweigen, das die Wahrheit schreit<\/strong><\/p>\n\n\n\n<p>Die Karwoche ist voller ehrfurchtgebietender Momente, liturgischer Tiefe und Gesten, die das Herz mit geistlicher Bedeutung durchbohren. Doch es gibt einen Tag \u2013 oft \u00fcbersehen \u2013 der in Wirklichkeit <strong>ein prophetischer Vulkan ist: der Heilige Dienstag<\/strong>. Mitten in den Prozessionen, der Sch\u00f6nheit geschm\u00fcckter Kirchen und der Ergriffenheit durch das Leiden Christi sticht dieser Tag hervor als <strong>der Moment, in dem Jesus das menschliche Herz entlarvt, religi\u00f6se Heuchelei anklagt und mit Dringlichkeit das ank\u00fcndigt, was den Lauf der Geschichte ver\u00e4ndern wird<\/strong>.<\/p>\n\n\n\n<p>Warum ist dieser Tag so wichtig? Was macht ihn prophetisch? Was hat er uns heute zu sagen \u2013 im 21. Jahrhundert, in einer Zeit voller Verwirrung, lauer Fr\u00f6mmigkeit und Banalisierung des Heiligen? Dieser Artikel m\u00f6chte dich auf eine geistliche Reise mitnehmen \u2013 durch die <strong>biblischen, liturgischen und spirituellen Wurzeln des Heiligen Dienstags<\/strong>, damit du <strong>einen der eindringlichsten und aufschlussreichsten Tage im \u00f6ffentlichen Leben Christi entdecken kannst \u2013 und einen der bedeutungsvollsten f\u00fcr unseren eigenen Weg der Umkehr.<\/strong><\/p>\n\n\n\n<hr class=\"wp-block-separator has-alpha-channel-opacity\"\/>\n\n\n\n<h3 class=\"wp-block-heading\">I. Was geschah am Heiligen Dienstag? Der Tag der gro\u00dfen Enth\u00fcllung<\/h3>\n\n\n\n<p>Die christliche Tradition, besonders die Liturgie und die Evangelien, helfen uns, die wichtigsten Ereignisse jedes Tages der Karwoche zu rekonstruieren. Nach der g\u00e4ngigsten Chronologie ist der Heilige Dienstag der Tag, an dem Jesus nach Jerusalem in den Tempel zur\u00fcckkehrt, nachdem Er am Vortag (Heiliger Montag) die H\u00e4ndler hinausgeworfen hatte.<\/p>\n\n\n\n<p>Doch diesmal <strong>kommt Er nicht mit einer Gei\u00dfel \u2013 sondern mit dem prophetischen Feuer des Wortes.<\/strong> Jesus konfrontiert offen die religi\u00f6sen Autorit\u00e4ten Seiner Zeit: Pharis\u00e4er, Sadduz\u00e4er, Herodianer und Schriftgelehrte. Es ist ein spannungsgeladener, fast dramatischer Tag. Sie versuchen, Ihn mit Fangfragen zu stellen \u2013 \u00fcber die Steuer an den Kaiser, \u00fcber die Auferstehung der Toten, \u00fcber das gr\u00f6\u00dfte Gebot&#8230;<\/p>\n\n\n\n<p>Jesus antwortet mit \u00fcberw\u00e4ltigender Weisheit. Er <strong>entlarvt nicht nur die T\u00e4uschung Seiner Gegner<\/strong>, sondern nutzt die Gelegenheit, um <strong>einige der kraftvollsten und schmerzhaftesten Lehren des ganzen Evangeliums zu verk\u00fcnden<\/strong>:<\/p>\n\n\n\n<ul class=\"wp-block-list\">\n<li>Das <strong>Gleichnis von den zwei S\u00f6hnen<\/strong> \u2013 der eine sagt \u201eja\u201c, geht aber nicht; der andere sagt \u201enein\u201c, handelt aber (Mt 21,28\u201332).<\/li>\n\n\n\n<li>Das <strong>Gleichnis von den b\u00f6sen Winzern<\/strong>, die den Sohn des Weinbergbesitzers t\u00f6ten (Mt 21,33\u201346).<\/li>\n\n\n\n<li>Das <strong>Gleichnis vom k\u00f6niglichen Hochzeitsmahl<\/strong>, bei dem die geladenen G\u00e4ste ablehnen und durch Unerwartete ersetzt werden (Mt 22,1\u201314).<\/li>\n\n\n\n<li>Und schlie\u00dflich spricht Jesus die vernichtenden <strong>\u201eWehe euch, ihr Schriftgelehrten und Pharis\u00e4er, ihr Heuchler!\u201c<\/strong> (Mt 23) \u2013 eine scharfe Anklage gegen religi\u00f6se Falschheit und \u00e4u\u00dferen Schein.<\/li>\n<\/ul>\n\n\n\n<p>An diesem Tag spricht Jesus nicht nur in sanften Gleichnissen oder mit tr\u00f6stenden Worten. <strong>Er spricht als Prophet. Als Richter. Als Gott.<\/strong> Und deshalb ist <strong>der Heilige Dienstag der prophetischste Tag der Karwoche<\/strong>: der Tag, <strong>an dem Christus die Wahrheit offenbart, zur radikalen Umkehr ruft und vor den Folgen geistlicher Heuchelei warnt.<\/strong><\/p>\n\n\n\n<hr class=\"wp-block-separator has-alpha-channel-opacity\"\/>\n\n\n\n<h3 class=\"wp-block-heading\">II. Die Prophezeiung Christi: Zwischen Gericht und Hoffnung<\/h3>\n\n\n\n<p>Einer der kraftvollsten Abschnitte des Heiligen Dienstags ist <strong>die sogenannte Endzeitrede Jesu<\/strong>, die sich in den Kapiteln 24 und 25 des Matth\u00e4usevangeliums findet.<\/p>\n\n\n\n<p>Hier spricht Christus \u00fcber die Zerst\u00f6rung Jerusalems, das Ende der Welt und das J\u00fcngste Gericht. Er offenbart sich als <strong>der Menschensohn, der in Herrlichkeit wiederkommen wird.<\/strong> Und Er schenkt uns einige der bekanntesten und tiefgr\u00fcndigsten Gleichnisse:<\/p>\n\n\n\n<ul class=\"wp-block-list\">\n<li>Das <strong>Gleichnis von den klugen und t\u00f6richten Jungfrauen<\/strong> (Mt 25,1\u201313): ein Aufruf zur Wachsamkeit, mit brennender Lampe des Glaubens.<\/li>\n\n\n\n<li>Das <strong>Gleichnis von den anvertrauten Talenten<\/strong> (Mt 25,14\u201330): eine Mahnung, dass wir f\u00fcr das, was uns gegeben wurde, Rechenschaft ablegen m\u00fcssen.<\/li>\n\n\n\n<li>Das <strong>Gleichnis vom Weltgericht<\/strong> (Mt 25,31\u201346): die ersch\u00fctternde Szene, in der die Schafe von den B\u00f6cken getrennt werden \u2013 je nachdem, ob Werke der Barmherzigkeit getan wurden.<\/li>\n<\/ul>\n\n\n\n<p>Der Heilige Dienstag ist kein Tag f\u00fcr Sentimentalit\u00e4t oder oberfl\u00e4chliche Betrachtung. <strong>Es ist ein Tag der Konfrontation mit der Wahrheit. Ein Tag, um sich dem Licht Christi zu stellen. Ein Tag, an dem Seine Worte unsere Masken verbrennen und den Zustand unserer Seele offenlegen wollen.<\/strong><\/p>\n\n\n\n<hr class=\"wp-block-separator has-alpha-channel-opacity\"\/>\n\n\n\n<h3 class=\"wp-block-heading\">III. Ein vergessener Tag \u2013 doch dringender denn je<\/h3>\n\n\n\n<p>Warum hat der Heilige Dienstag heute so wenig Gewicht in der Fr\u00f6mmigkeit vieler Gl\u00e4ubiger? Vielleicht, weil <strong>er uns mit unseren Widerspr\u00fcchen, unseren L\u00fcgen, unseren Kompromissen mit der S\u00fcnde konfrontiert<\/strong>. In einer Welt, in der Oberfl\u00e4chlichkeit herrscht, in der das Image wichtiger ist als die Wahrheit, in der alles relativiert wird, erinnert uns dieser Tag: <strong>Gott l\u00e4sst sich nicht t\u00e4uschen. Er sieht das Herz. Und Er fordert einen gelebten Glauben \u2013 keine \u00e4u\u00dfere Fr\u00f6mmigkeit ohne Inhalt.<\/strong><\/p>\n\n\n\n<p>Heute leben viele Christen \u2013 selbst praktizierende \u2013 in einem geistlichen Trott, mit routinierten Gesten, aber schl\u00e4frigen Seelen. Der Heilige Dienstag ist <strong>ein prophetischer Aufschrei gegen geistliche Narkose.<\/strong><\/p>\n\n\n\n<p>Und nicht nur das. In einer Welt, in der ungerechte Gesetze erlassen, das Heilige verspottet und die Wahrheit im Namen einer falschen Toleranz verworfen wird, <strong>ruft Jesus uns in Erinnerung: Die Wahrheit ist nicht verhandelbar \u2013 und Er selbst wird der Richter der Lebenden und der Toten sein.<\/strong><\/p>\n\n\n\n<hr class=\"wp-block-separator has-alpha-channel-opacity\"\/>\n\n\n\n<h3 class=\"wp-block-heading\">IV. Wie k\u00f6nnen wir den Heiligen Dienstag heute leben? Ein geistlicher Leitfaden<\/h3>\n\n\n\n<p>Damit der Heilige Dienstag nicht unbemerkt vergeht, sollten wir ihn als <strong>einen Tag tiefgehender Gewissenserforschung, engagierten Gebets und aufmerksamen H\u00f6rens<\/strong> gestalten. Hier einige geistliche Impulse:<\/p>\n\n\n\n<ol class=\"wp-block-list\">\n<li><strong>Lies das Evangelium des Tages vollst\u00e4ndig (Matth\u00e4us Kapitel 21\u201325).<\/strong> Lass dich von jedem Wort treffen, befragen, ersch\u00fcttern. Markiere, was dich besonders bewegt. Meditiere in der Stille.<\/li>\n\n\n\n<li><strong>Mach einen ehrlichen und mutigen Gewissenserforsch.<\/strong> Bin ich wie die Pharis\u00e4er \u2013 rede von Gott, ohne Ihn wirklich zu lieben? Wo gibt es Heuchelei in meinem Leben?<\/li>\n\n\n\n<li><strong>Bete den Psalm 51 (\u201eMiserere\u201c), den gro\u00dfen Bu\u00dfpsalm.<\/strong> Bitte Gott um ein neues Herz \u2013 rein, ganz, ohne Doppelspiel.<\/li>\n\n\n\n<li><strong>Geh, wenn m\u00f6glich, zur Beichte.<\/strong> Der Heilige Dienstag ist ideal, um sich vor dem Osterfest mit Gott zu vers\u00f6hnen.<\/li>\n\n\n\n<li><strong>Verzichte auf leeres Gerede und unn\u00fctze Unterhaltung.<\/strong> Prophetische Klarheit entsteht im Schweigen und in der Verbundenheit mit der Wahrheit.<\/li>\n\n\n\n<li><strong>\u00dcbe ein Werk der Barmherzigkeit.<\/strong> Vergiss nicht: Christus wird dich nach dem beurteilen, was du f\u00fcr den Geringsten getan hast.<\/li>\n<\/ol>\n\n\n\n<hr class=\"wp-block-separator has-alpha-channel-opacity\"\/>\n\n\n\n<h3 class=\"wp-block-heading\">V. Schlusswort: Der Tag, an dem Christus laut sprach, um uns zu retten<\/h3>\n\n\n\n<p>Der Heilige Dienstag ist kein beliebiger Tag. Es ist <strong>der Tag, an dem Jesus \u2013 wissend, dass Seine Stunde naht \u2013 mit v\u00f6lliger Klarheit, mit flammendem Mut und mit brennender Liebe spricht.<\/strong> Es ist der Tag, an dem <strong>Er uns zur Echtheit ruft, zur Wachsamkeit, zu einem Glauben, der nicht lau und blo\u00df rituell ist, sondern lebendig und mutig.<\/strong><\/p>\n\n\n\n<p>Gerade heute \u2013 wo das Christentum Gefahr l\u00e4uft, sich im Komfort und Konformismus aufzul\u00f6sen \u2013 m\u00fcssen wir <strong>das prophetische Feuer dieses Tages neu entdecken.<\/strong> Lass zu, dass Christus dich befragt. Dich ersch\u00fcttert. Dich reinigt. Denn nur dann, wirklich bekehrt, wirst du bereit sein f\u00fcr das Geheimnis des Gr\u00fcndonnerstags, das Kreuz des Karfreitags und den Sieg des Ostersonntags.<\/p>\n\n\n\n<p><strong>Lass diesen Heiligen Dienstag nicht an dir vorbeigehen. M\u00f6ge es der Tag sein, an dem du Christus wie nie zuvor h\u00f6rst \u2013 und Ihm mit ganzem Herzen antwortest.<\/strong><\/p>\n","protected":false},"excerpt":{"rendered":"<p>Einleitung: Das Schweigen, das die Wahrheit schreit Die Karwoche ist voller ehrfurchtgebietender Momente, liturgischer Tiefe und Gesten, die das Herz mit geistlicher Bedeutung durchbohren. Doch es gibt einen Tag \u2013 oft \u00fcbersehen \u2013 der in Wirklichkeit ein prophetischer Vulkan ist: der Heilige Dienstag. Mitten in den Prozessionen, der Sch\u00f6nheit geschm\u00fcckter Kirchen und der Ergriffenheit durch &hellip;<\/p>\n","protected":false},"author":3,"featured_media":3256,"comment_status":"open","ping_status":"open","sticky":false,"template":"","format":"standard","meta":{"_seopress_robots_primary_cat":"","_seopress_titles_title":"","_seopress_titles_desc":"","_seopress_robots_index":"","footnotes":""},"categories":[45,37],"tags":[1060,761],"class_list":["post-3255","post","type-post","status-publish","format-standard","has-post-thumbnail","","category-heilige-schrift","category-lehre-und-glaube","tag-heilige-dienstag","tag-karwoche"],"_links":{"self":[{"href":"https:\/\/catholicus.eu\/de\/wp-json\/wp\/v2\/posts\/3255","targetHints":{"allow":["GET"]}}],"collection":[{"href":"https:\/\/catholicus.eu\/de\/wp-json\/wp\/v2\/posts"}],"about":[{"href":"https:\/\/catholicus.eu\/de\/wp-json\/wp\/v2\/types\/post"}],"author":[{"embeddable":true,"href":"https:\/\/catholicus.eu\/de\/wp-json\/wp\/v2\/users\/3"}],"replies":[{"embeddable":true,"href":"https:\/\/catholicus.eu\/de\/wp-json\/wp\/v2\/comments?post=3255"}],"version-history":[{"count":1,"href":"https:\/\/catholicus.eu\/de\/wp-json\/wp\/v2\/posts\/3255\/revisions"}],"predecessor-version":[{"id":3257,"href":"https:\/\/catholicus.eu\/de\/wp-json\/wp\/v2\/posts\/3255\/revisions\/3257"}],"wp:featuredmedia":[{"embeddable":true,"href":"https:\/\/catholicus.eu\/de\/wp-json\/wp\/v2\/media\/3256"}],"wp:attachment":[{"href":"https:\/\/catholicus.eu\/de\/wp-json\/wp\/v2\/media?parent=3255"}],"wp:term":[{"taxonomy":"category","embeddable":true,"href":"https:\/\/catholicus.eu\/de\/wp-json\/wp\/v2\/categories?post=3255"},{"taxonomy":"post_tag","embeddable":true,"href":"https:\/\/catholicus.eu\/de\/wp-json\/wp\/v2\/tags?post=3255"}],"curies":[{"name":"wp","href":"https:\/\/api.w.org\/{rel}","templated":true}]}}