{"id":3243,"date":"2025-04-14T22:02:38","date_gmt":"2025-04-14T20:02:38","guid":{"rendered":"https:\/\/catholicus.eu\/de\/?p=3243"},"modified":"2025-04-14T22:02:38","modified_gmt":"2025-04-14T20:02:38","slug":"von-der-schoepfung-zum-himmel-eine-reise-durch-die-grossen-wahrheiten-des-glaubens","status":"publish","type":"post","link":"https:\/\/catholicus.eu\/de\/von-der-schoepfung-zum-himmel-eine-reise-durch-die-grossen-wahrheiten-des-glaubens\/","title":{"rendered":"Von der Sch\u00f6pfung zum Himmel: Eine Reise durch die gro\u00dfen Wahrheiten des Glaubens"},"content":{"rendered":"\n<h2 class=\"wp-block-heading\"><strong>Einf\u00fchrung: Die Sch\u00f6nheit des g\u00f6ttlichen Plans<\/strong><\/h2>\n\n\n\n<p>Von der Genesis bis zur Offenbarung ist die Heilsgeschichte eine Erz\u00e4hlung g\u00f6ttlicher Liebe &#8211; ein von Gott gezeichneter Weg, der die Menschheit aus den Schatten der S\u00fcnde in das Licht der Ewigkeit f\u00fchrt. In einer Welt, die von Relativismus und Verwirrung gepr\u00e4gt ist, ist die Erinnerung an diese grundlegenden Wahrheiten des katholischen Glaubens nicht nur ein Akt der Weisheit, sondern eine geistliche Notwendigkeit.<\/p>\n\n\n\n<p>Dieser Artikel soll als theologischer und pastoraler Leitfaden dienen, der uns hilft, Gottes wunderbaren Plan von der Sch\u00f6pfung bis zur Verhei\u00dfung des Himmels zu verstehen und wie dieses Wissen unser t\u00e4gliches Leben verwandeln sollte.<\/p>\n\n\n\n<hr class=\"wp-block-separator has-alpha-channel-opacity\"\/>\n\n\n\n<h2 class=\"wp-block-heading\"><strong>I. Die Sch\u00f6pfung: Der Anfang aller Dinge<\/strong><\/h2>\n\n\n\n<h3 class=\"wp-block-heading\"><strong>1. Der biblische Bericht und seine theologische Tiefe<\/strong><\/h3>\n\n\n\n<p>Das Buch Genesis stellt uns den sch\u00f6pferischen Akt Gottes mit einer Feierlichkeit vor, die \u00fcber blo\u00dfe Geschichte hinausgeht:<\/p>\n\n\n\n<blockquote class=\"wp-block-quote is-layout-flow wp-block-quote-is-layout-flow\">\n<p><em>&#8222;Im Anfang schuf Gott Himmel und Erde&#8220;<\/em>&nbsp;(Genesis 1,1).<\/p>\n<\/blockquote>\n\n\n\n<p>Dieser Vers ist nicht nur eine Einleitung, sondern eine grundlegende theologische Aussage:&nbsp;<strong>Gott ist der Ursprung alles Existierenden<\/strong>. Die Sch\u00f6pfung ist nicht das Ergebnis des Zufalls, sondern eines freien und liebevollen Aktes der Dreifaltigkeit.<\/p>\n\n\n\n<ul class=\"wp-block-list\">\n<li><strong>Gott schafft aus dem Nichts<\/strong>\u00a0(ex nihilo), was seine Allmacht zeigt.<\/li>\n\n\n\n<li><strong>Die ganze Sch\u00f6pfung ist gut<\/strong>, denn sie spiegelt Gottes G\u00fcte wider (Genesis 1,31).<\/li>\n\n\n\n<li><strong>Der Mensch ist die Krone der Sch\u00f6pfung<\/strong>, nach Gottes Bild und Gleichnis geschaffen (Genesis 1,26-27).<\/li>\n<\/ul>\n\n\n\n<h3 class=\"wp-block-heading\"><strong>2. Relevanz in der heutigen Welt<\/strong><\/h3>\n\n\n\n<p>In einer Zeit, in der Materialismus und Szientismus die Existenz eines Sch\u00f6pfers leugnen wollen, ist die Erinnerung an die Sch\u00f6pfungslehre wesentlich.&nbsp;<strong>Die Welt ist kein kosmischer Zufall, sondern ein Geschenk, das wir verantwortungsvoll verwalten m\u00fcssen.<\/strong><\/p>\n\n\n\n<p><strong>Praktische Anwendung:<\/strong><\/p>\n\n\n\n<ul class=\"wp-block-list\">\n<li><strong>In Dankbarkeit leben<\/strong>\u00a0und Gott als Herrn \u00fcber alles anerkennen.<\/li>\n\n\n\n<li><strong>Die Sch\u00f6pfung bewahren<\/strong>\u00a0(verantwortungsvolle \u00d6kologie ohne Naturverg\u00f6tzung).<\/li>\n\n\n\n<li><strong>Die menschliche W\u00fcrde verteidigen<\/strong>, besonders gegen\u00fcber Ideologien, die den Menschen auf blo\u00dfe Materie reduzieren.<\/li>\n<\/ul>\n\n\n\n<hr class=\"wp-block-separator has-alpha-channel-opacity\"\/>\n\n\n\n<h2 class=\"wp-block-heading\"><strong>II. Der S\u00fcndenfall und das Versprechen der Erl\u00f6sung<\/strong><\/h2>\n\n\n\n<h3 class=\"wp-block-heading\"><strong>1. Die Erbs\u00fcnde und ihre Folgen<\/strong><\/h3>\n\n\n\n<p>Von Satan versucht, haben Adam und Eva Gott ungehorsam (Genesis 3). Diese erste S\u00fcnde f\u00fchrte in die Welt ein:<\/p>\n\n\n\n<ul class=\"wp-block-list\">\n<li><strong>Leiden und Tod<\/strong>.<\/li>\n\n\n\n<li><strong>Den Bruch der urspr\u00fcnglichen Harmonie<\/strong>\u00a0(mit Gott, mit sich selbst, mit anderen und mit der Natur).<\/li>\n<\/ul>\n\n\n\n<p>Doch selbst in diesem Moment des Versagens&nbsp;<strong>verhei\u00dft Gott einen Retter<\/strong>&nbsp;(Genesis 3,15):<\/p>\n\n\n\n<blockquote class=\"wp-block-quote is-layout-flow wp-block-quote-is-layout-flow\">\n<p><em>&#8222;Feindschaft setze ich zwischen dich und die Frau, zwischen deinen Nachwuchs und ihren Nachwuchs. Er trifft dich am Kopf, und du triffst ihn an der Ferse.&#8220;<\/em><\/p>\n<\/blockquote>\n\n\n\n<h3 class=\"wp-block-heading\"><strong>2. Hoffnung inmitten der heutigen Krise<\/strong><\/h3>\n\n\n\n<p>Heute zeigt sich die S\u00fcnde im moralischen Relativismus, in der Kultur des Todes (Abtreibung, Euthanasie) und im Verlust des S\u00fcndenbewusstseins. Aber&nbsp;<strong>Christus, der neue Adam, hat den Teufel am Kreuz besiegt<\/strong>.<\/p>\n\n\n\n<p><strong>Praktische Anwendung:<\/strong><\/p>\n\n\n\n<ul class=\"wp-block-list\">\n<li><strong>Das Gewissen erforschen<\/strong>\u00a0und h\u00e4ufig das Sakrament der Beichte empfangen.<\/li>\n\n\n\n<li><strong>Gegen die S\u00fcnde k\u00e4mpfen<\/strong>\u00a0durch Gebet und Bu\u00dfe.<\/li>\n\n\n\n<li><strong>Die g\u00f6ttliche Barmherzigkeit verk\u00fcnden<\/strong>\u00a0in einer verwundeten Welt.<\/li>\n<\/ul>\n\n\n\n<hr class=\"wp-block-separator has-alpha-channel-opacity\"\/>\n\n\n\n<h2 class=\"wp-block-heading\"><strong>III. Die Menschwerdung: Gott mit uns<\/strong><\/h2>\n\n\n\n<h3 class=\"wp-block-heading\"><strong>1. Das zentrale Geheimnis des Glaubens<\/strong><\/h3>\n\n\n\n<blockquote class=\"wp-block-quote is-layout-flow wp-block-quote-is-layout-flow\">\n<p><em>&#8222;Und das Wort ist Fleisch geworden und hat unter uns gewohnt&#8220;<\/em>&nbsp;(Johannes 1,14).<\/p>\n<\/blockquote>\n\n\n\n<p>Jesus Christus, wahrer Gott und wahrer Mensch, ist&nbsp;<strong>die Br\u00fccke zwischen Himmel und Erde<\/strong>. Sein Leben, Tod und Auferstehung sind das Herz des Evangeliums.<\/p>\n\n\n\n<h3 class=\"wp-block-heading\"><strong>2. Als J\u00fcnger im 21. Jahrhundert leben<\/strong><\/h3>\n\n\n\n<p>In einer Kultur, die Christus ablehnt, m\u00fcssen wir:<\/p>\n\n\n\n<ul class=\"wp-block-list\">\n<li><strong>Die Heilige Schrift kennen und lieben<\/strong>.<\/li>\n\n\n\n<li><strong>Aktiv an der Heiligen Messe teilnehmen<\/strong>\u00a0(das erl\u00f6sende Opfer gegenw\u00e4rtig gesetzt).<\/li>\n\n\n\n<li><strong>Zeugen der Wahrheit sein<\/strong>\u00a0in Familie, Beruf und Gesellschaft.<\/li>\n<\/ul>\n\n\n\n<hr class=\"wp-block-separator has-alpha-channel-opacity\"\/>\n\n\n\n<h2 class=\"wp-block-heading\"><strong>IV. Die Kirche: Der sichere Weg zum Himmel<\/strong><\/h2>\n\n\n\n<h3 class=\"wp-block-heading\"><strong>1. Von Christus zum Heil gegr\u00fcndet<\/strong><\/h3>\n\n\n\n<blockquote class=\"wp-block-quote is-layout-flow wp-block-quote-is-layout-flow\">\n<p><em>&#8222;Du bist Petrus, und auf diesen Felsen werde ich meine Kirche bauen&#8220;<\/em>&nbsp;(Matth\u00e4us 16,18).<\/p>\n<\/blockquote>\n\n\n\n<p>Die katholische Kirche ist&nbsp;<strong>S\u00e4ule und Fundament der Wahrheit<\/strong>&nbsp;(1 Timotheus 3,15), H\u00fcterin der Sakramente und Mutter, die uns zum Himmel f\u00fchrt.<\/p>\n\n\n\n<h3 class=\"wp-block-heading\"><strong>2. Kirche sein in einer feindseligen Welt<\/strong><\/h3>\n\n\n\n<ul class=\"wp-block-list\">\n<li><strong>Dem Lehramt treu bleiben<\/strong>.<\/li>\n\n\n\n<li><strong>In Gemeinschaft leben<\/strong>\u00a0(Gebet, N\u00e4chstenliebe, Verteidigung des Glaubens).<\/li>\n\n\n\n<li><strong>Mutig evangelisieren<\/strong>, besonders die Entfremdeten.<\/li>\n<\/ul>\n\n\n\n<hr class=\"wp-block-separator has-alpha-channel-opacity\"\/>\n\n\n\n<h2 class=\"wp-block-heading\"><strong>V. Der Himmel: Das letzte Ziel des Menschen<\/strong><\/h2>\n\n\n\n<h3 class=\"wp-block-heading\"><strong>1. Das verhei\u00dfene ewige Leben<\/strong><\/h3>\n\n\n\n<blockquote class=\"wp-block-quote is-layout-flow wp-block-quote-is-layout-flow\">\n<p><em>&#8222;Was kein Auge gesehen und kein Ohr geh\u00f6rt hat, was keinem Menschen in den Sinn gekommen ist: das Gro\u00dfe, das Gott denen bereitet hat, die ihn lieben.&#8220;<\/em>&nbsp;(1 Korinther 2,9).<\/p>\n<\/blockquote>\n\n\n\n<p>Der Himmel ist keine Fantasie, sondern&nbsp;<strong>die F\u00fclle der Liebe und des Gl\u00fccks in Gott<\/strong>.<\/p>\n\n\n\n<h3 class=\"wp-block-heading\"><strong>2. Sich auf die Ewigkeit vorbereiten<\/strong><\/h3>\n\n\n\n<ul class=\"wp-block-list\">\n<li><strong>In Gottes Gnade leben<\/strong>\u00a0(Tods\u00fcnde meiden).<\/li>\n\n\n\n<li><strong>Opfer und Werke der Barmherzigkeit darbringen<\/strong>.<\/li>\n\n\n\n<li><strong>Gott \u00fcber alles lieben<\/strong>.<\/li>\n<\/ul>\n\n\n\n<hr class=\"wp-block-separator has-alpha-channel-opacity\"\/>\n\n\n\n<h2 class=\"wp-block-heading\"><strong>Schluss: Ein Ruf zur Heiligkeit<\/strong><\/h2>\n\n\n\n<p>Von der Sch\u00f6pfung bis zum Himmel hat Gott uns seine unersch\u00f6pfliche Liebe gezeigt.&nbsp;<strong>Unsere Antwort muss ein Leben in Glaube, Hoffnung und Liebe sein.<\/strong>&nbsp;M\u00f6ge diese Reise durch die gro\u00dfen Wahrheiten des Glaubens uns anspornen:<\/p>\n\n\n\n<ol start=\"1\" class=\"wp-block-list\">\n<li><strong>Gott im Alltag mehr zu lieben<\/strong>.<\/li>\n\n\n\n<li><strong>Licht in der Finsternis der Welt zu sein<\/strong>.<\/li>\n\n\n\n<li><strong>Nach dem Himmel als unserer wahren Heimat zu verlangen<\/strong>.<\/li>\n<\/ol>\n\n\n\n<p>M\u00f6ge die allerseligste Jungfrau Maria,&nbsp;<em>Stern der Neuevangelisierung<\/em>, uns auf diesem Weg f\u00fchren.<\/p>\n\n\n\n<p><strong>Amen.<\/strong><\/p>\n","protected":false},"excerpt":{"rendered":"<p>Einf\u00fchrung: Die Sch\u00f6nheit des g\u00f6ttlichen Plans Von der Genesis bis zur Offenbarung ist die Heilsgeschichte eine Erz\u00e4hlung g\u00f6ttlicher Liebe &#8211; ein von Gott gezeichneter Weg, der die Menschheit aus den Schatten der S\u00fcnde in das Licht der Ewigkeit f\u00fchrt. In einer Welt, die von Relativismus und Verwirrung gepr\u00e4gt ist, ist die Erinnerung an diese grundlegenden &hellip;<\/p>\n","protected":false},"author":3,"featured_media":3244,"comment_status":"open","ping_status":"open","sticky":false,"template":"","format":"standard","meta":{"_seopress_robots_primary_cat":"","_seopress_titles_title":"","_seopress_titles_desc":"","_seopress_robots_index":"","footnotes":""},"categories":[43,37],"tags":[1055],"class_list":["post-3243","post","type-post","status-publish","format-standard","has-post-thumbnail","","category-katechismus-der-katholischen-kirche","category-lehre-und-glaube","tag-wahrheiten-des-glaubens"],"_links":{"self":[{"href":"https:\/\/catholicus.eu\/de\/wp-json\/wp\/v2\/posts\/3243","targetHints":{"allow":["GET"]}}],"collection":[{"href":"https:\/\/catholicus.eu\/de\/wp-json\/wp\/v2\/posts"}],"about":[{"href":"https:\/\/catholicus.eu\/de\/wp-json\/wp\/v2\/types\/post"}],"author":[{"embeddable":true,"href":"https:\/\/catholicus.eu\/de\/wp-json\/wp\/v2\/users\/3"}],"replies":[{"embeddable":true,"href":"https:\/\/catholicus.eu\/de\/wp-json\/wp\/v2\/comments?post=3243"}],"version-history":[{"count":1,"href":"https:\/\/catholicus.eu\/de\/wp-json\/wp\/v2\/posts\/3243\/revisions"}],"predecessor-version":[{"id":3245,"href":"https:\/\/catholicus.eu\/de\/wp-json\/wp\/v2\/posts\/3243\/revisions\/3245"}],"wp:featuredmedia":[{"embeddable":true,"href":"https:\/\/catholicus.eu\/de\/wp-json\/wp\/v2\/media\/3244"}],"wp:attachment":[{"href":"https:\/\/catholicus.eu\/de\/wp-json\/wp\/v2\/media?parent=3243"}],"wp:term":[{"taxonomy":"category","embeddable":true,"href":"https:\/\/catholicus.eu\/de\/wp-json\/wp\/v2\/categories?post=3243"},{"taxonomy":"post_tag","embeddable":true,"href":"https:\/\/catholicus.eu\/de\/wp-json\/wp\/v2\/tags?post=3243"}],"curies":[{"name":"wp","href":"https:\/\/api.w.org\/{rel}","templated":true}]}}