{"id":3212,"date":"2025-04-11T23:20:21","date_gmt":"2025-04-11T21:20:21","guid":{"rendered":"https:\/\/catholicus.eu\/de\/?p=3212"},"modified":"2025-04-11T23:20:21","modified_gmt":"2025-04-11T21:20:21","slug":"die-3-mariendogmen-die-kaum-ein-katholik-kennt-und-die-gegen-vergessene-irrlehren-definiert-wurden","status":"publish","type":"post","link":"https:\/\/catholicus.eu\/de\/die-3-mariendogmen-die-kaum-ein-katholik-kennt-und-die-gegen-vergessene-irrlehren-definiert-wurden\/","title":{"rendered":"Die 3 Mariendogmen, die kaum ein Katholik kennt (und die gegen vergessene Irrlehren definiert wurden)"},"content":{"rendered":"\n<h3 class=\"wp-block-heading\"><strong>Einf\u00fchrung: Die Jungfrau Maria im Herzen des Glaubens<\/strong><\/h3>\n\n\n\n<p>Die Allerseligste Jungfrau Maria nimmt einen einzigartigen Platz in der katholischen Theologie ein. Doch viele Gl\u00e4ubige wissen nicht, dass mehrere Mariendogmen als Antwort auf dogmatische Irrt\u00fcmer definiert wurden, die die Glaubensintegrit\u00e4t bedrohten. Neben der Unbefleckten Empf\u00e4ngnis oder der Aufnahme Mariens in den Himmel hat die Kirche feierlich weitere Wahrheiten \u00fcber Maria definiert, die &#8211; obwohl weniger bekannt &#8211; wesentlich sind, um ihre Rolle in der Heilsgeschichte zu verstehen.<\/p>\n\n\n\n<p>Dieser Artikel enth\u00fcllt&nbsp;<strong>drei wenig bekannte Mariendogmen<\/strong>&nbsp;und erkl\u00e4rt:<\/p>\n\n\n\n<ul class=\"wp-block-list\">\n<li><strong>Den historischen Kontext<\/strong>\u00a0der H\u00e4resien, die ihre Definition notwendig machten<\/li>\n\n\n\n<li><strong>Ihre biblischen und patristischen Grundlagen<\/strong><\/li>\n\n\n\n<li><strong>Ihre Aktualit\u00e4t<\/strong>\u00a0in einer Welt, die wesentliche Wahrheiten in Frage stellt<\/li>\n<\/ul>\n\n\n\n<hr class=\"wp-block-separator has-alpha-channel-opacity\"\/>\n\n\n\n<h3 class=\"wp-block-heading\"><strong>1. Maria als&nbsp;<em>Theotokos<\/em>&nbsp;(Gottesgeb\u00e4rerin): Das Dogma, das den Nestorianismus besiegte<\/strong><\/h3>\n\n\n\n<p><strong>Definiert auf:<\/strong>&nbsp;Konzil von Ephesus (431 n. Chr.)<\/p>\n\n\n\n<h4 class=\"wp-block-heading\"><strong>Die vergessene H\u00e4resie:<\/strong><\/h4>\n\n\n\n<p>Nestorius, Patriarch von Konstantinopel, lehrte, Maria sei nur&nbsp;<em>Christotokos<\/em>&nbsp;(Christusgeb\u00e4rerin), nicht aber&nbsp;<em>Theotokos<\/em>&nbsp;(Gottesgeb\u00e4rerin), und spaltete damit Christus in &#8222;zwei Personen&#8220;: eine g\u00f6ttliche und eine menschliche.<\/p>\n\n\n\n<h4 class=\"wp-block-heading\"><strong>Die Antwort der Kirche:<\/strong><\/h4>\n\n\n\n<ul class=\"wp-block-list\">\n<li>Der heilige Kyrill von Alexandria f\u00fchrte die Verteidigung des Dogmas an und zitierte\u00a0<strong>Lukas 1,43<\/strong>\u00a0(&#8222;Woher kommt mir das, dass die Mutter meines Herrn zu mir kommt?&#8220;)<\/li>\n\n\n\n<li>Das Konzil erkl\u00e4rte:\u00a0<em>&#8222;Wer nicht bekennt, dass Emmanuel wahrhaft Gott ist und dass deshalb die heilige Jungfrau Gottesgeb\u00e4rerin ist&#8230; der sei im Bann.&#8220;<\/em><\/li>\n<\/ul>\n\n\n\n<p><strong>Warum das heute wichtig ist:<\/strong><br>Dieses Dogma sch\u00fctzt die Einheit der Person Christi, die durch Theorien in Frage gestellt wird, die Jesus auf einen blo\u00dfen &#8222;spirituellen Lehrer&#8220; reduzieren.<\/p>\n\n\n\n<hr class=\"wp-block-separator has-alpha-channel-opacity\"\/>\n\n\n\n<h3 class=\"wp-block-heading\"><strong>2. Die Immerw\u00e4hrende Jungfr\u00e4ulichkeit Mariens: Gegen die Leugner ihrer Unversehrtheit<\/strong><\/h3>\n\n\n\n<p><strong>Definiert auf:<\/strong><\/p>\n\n\n\n<ul class=\"wp-block-list\">\n<li>Synode von Mailand (389 n. Chr.)<\/li>\n\n\n\n<li>Best\u00e4tigt durch Papst Siricius und die Lateransynode (649)<\/li>\n<\/ul>\n\n\n\n<h4 class=\"wp-block-heading\"><strong>Die vergessenen H\u00e4resien:<\/strong><\/h4>\n\n\n\n<ul class=\"wp-block-list\">\n<li><strong>Die Antidikomarianiten<\/strong>\u00a0(4. Jh.) behaupteten, Maria habe nach Jesus weitere Kinder gehabt.<\/li>\n\n\n\n<li><strong>Jovinian<\/strong>\u00a0(4. Jh.) lehrte, sie habe ihre Jungfr\u00e4ulichkeit bei der Geburt verloren.<\/li>\n<\/ul>\n\n\n\n<h4 class=\"wp-block-heading\"><strong>Die Antwort der Kirche:<\/strong><\/h4>\n\n\n\n<ul class=\"wp-block-list\">\n<li>Gest\u00fctzt auf\u00a0<strong>Ezechiel 44,2<\/strong>\u00a0(&#8222;Dieses Tor soll verschlossen bleiben&#8220;) und die einm\u00fctige Tradition der Kirchenv\u00e4ter wurde definiert, dass Maria:\n<ol start=\"1\" class=\"wp-block-list\">\n<li>Jungfrau\u00a0<em>vor<\/em>\u00a0der Geburt<\/li>\n\n\n\n<li>Jungfrau\u00a0<em>w\u00e4hrend<\/em>\u00a0der Geburt (ohne Verlust k\u00f6rperlicher Unversehrtheit)<\/li>\n\n\n\n<li>Jungfrau\u00a0<em>nach<\/em>\u00a0der Geburt war<\/li>\n<\/ol>\n<\/li>\n<\/ul>\n\n\n\n<p><strong>Warum das heute wichtig ist:<\/strong><br>Dieses Dogma sch\u00fctzt den \u00fcbernat\u00fcrlichen Charakter der Menschwerdung, der sogar von einigen modernen Theologen bestritten wird.<\/p>\n\n\n\n<hr class=\"wp-block-separator has-alpha-channel-opacity\"\/>\n\n\n\n<h3 class=\"wp-block-heading\"><strong>3. Die Unbefleckte Empf\u00e4ngnis: Jahrhunderte der Debatte vor Pius IX.<\/strong><\/h3>\n\n\n\n<p><strong>Definiert in:<\/strong>&nbsp;Bulle&nbsp;<em>Ineffabilis Deus<\/em>&nbsp;(1854)<\/p>\n\n\n\n<h4 class=\"wp-block-heading\"><strong>Die vergessenen Kontroversen:<\/strong><\/h4>\n\n\n\n<ul class=\"wp-block-list\">\n<li><strong>Die Makulisten<\/strong>\u00a0(einschlie\u00dflich Heiliger wie Bernhard von Clairvaux und Thomas von Aquin) glaubten, Maria sei erst nach ihrer Empf\u00e4ngnis geheiligt worden.<\/li>\n\n\n\n<li><strong>Protestanten<\/strong>\u00a0leugneten ihre Bewahrung vor der Erbs\u00fcnde.<\/li>\n<\/ul>\n\n\n\n<h4 class=\"wp-block-heading\"><strong>Die Antwort der Kirche:<\/strong><\/h4>\n\n\n\n<ul class=\"wp-block-list\">\n<li>Pius IX. st\u00fctzte das Dogma auf:\n<ul class=\"wp-block-list\">\n<li><strong>Genesis 3,15<\/strong>\u00a0(&#8222;Sie wird dir den Kopf zertreten&#8220;)<\/li>\n\n\n\n<li>Die byzantinische Tradition, die seit dem 8. Jh. die Empf\u00e4ngnis der hl. Anna feierte<\/li>\n\n\n\n<li>Privatoffenbarungen an die hl. Katharina Labour\u00e9 (1830)<\/li>\n<\/ul>\n<\/li>\n<\/ul>\n\n\n\n<p><strong>Weniger bekannte Tatsache:<\/strong>&nbsp;Spanien verteidigte dieses Dogma bereits Jahrhunderte vor seiner offiziellen Definition durch ein K\u00f6nigliches Dekret Karls III. im Jahr 1760.<\/p>\n\n\n\n<hr class=\"wp-block-separator has-alpha-channel-opacity\"\/>\n\n\n\n<h3 class=\"wp-block-heading\"><strong>Moderne H\u00e4resien, die diese Dogmen widerlegen<\/strong><\/h3>\n\n\n\n<ol start=\"1\" class=\"wp-block-list\">\n<li><strong>Radikaler Feminismus<\/strong>, der Jungfr\u00e4ulichkeit als Tugend ablehnt<\/li>\n\n\n\n<li><strong>Rationalismus<\/strong>, der das Wunder der Jungfrauengeburt leugnet<\/li>\n\n\n\n<li><strong>Relativismus<\/strong>, der Maria mit heidnischen &#8222;Mutterg\u00f6ttinnen&#8220; gleichsetzt<\/li>\n<\/ol>\n\n\n\n<hr class=\"wp-block-separator has-alpha-channel-opacity\"\/>\n\n\n\n<h3 class=\"wp-block-heading\"><strong>Schlussfolgerung: Maria, Bollwerk gegen den Irrtum<\/strong><\/h3>\n\n\n\n<p>Diese Dogmen sind nicht blo\u00df theologische Formeln, sondern&nbsp;<strong>Festungen, die gr\u00f6\u00dfere Wahrheiten sch\u00fctzen<\/strong>:<\/p>\n\n\n\n<ul class=\"wp-block-list\">\n<li>Die G\u00f6ttlichkeit Christi (<em>Theotokos<\/em>)<\/li>\n\n\n\n<li>Das Wesen der Menschwerdung (Immerw\u00e4hrende Jungfr\u00e4ulichkeit)<\/li>\n\n\n\n<li>Die Universalit\u00e4t der Erl\u00f6sung (Unbefleckte Empf\u00e4ngnis)<\/li>\n<\/ul>\n\n\n\n<p><strong>Zur Vertiefung:<\/strong><\/p>\n\n\n\n<ul class=\"wp-block-list\">\n<li><strong>Lesen Sie<\/strong>\u00a0<em>Redemptoris Mater<\/em>\u00a0von Johannes Paul II.<\/li>\n\n\n\n<li><strong>Beten Sie<\/strong>\u00a0das\u00a0<em>Sub tuum praesidium<\/em>\u00a0(\u00e4ltestes Mariengebet)<\/li>\n\n\n\n<li><strong>Studieren Sie<\/strong>\u00a0die Schriften des hl. Ludwig Maria Grignion von Montfort<\/li>\n<\/ul>\n\n\n\n<p>In einer Zeit dogmatischer Verwirrung bleibt Maria, wie der hl. Johannes von Damaskus sagte,&nbsp;<em>&#8222;die Zerst\u00f6rerin aller H\u00e4resien&#8220;<\/em>.<\/p>\n","protected":false},"excerpt":{"rendered":"<p>Einf\u00fchrung: Die Jungfrau Maria im Herzen des Glaubens Die Allerseligste Jungfrau Maria nimmt einen einzigartigen Platz in der katholischen Theologie ein. Doch viele Gl\u00e4ubige wissen nicht, dass mehrere Mariendogmen als Antwort auf dogmatische Irrt\u00fcmer definiert wurden, die die Glaubensintegrit\u00e4t bedrohten. Neben der Unbefleckten Empf\u00e4ngnis oder der Aufnahme Mariens in den Himmel hat die Kirche feierlich &hellip;<\/p>\n","protected":false},"author":3,"featured_media":3213,"comment_status":"open","ping_status":"open","sticky":false,"template":"","format":"standard","meta":{"_seopress_robots_primary_cat":"","_seopress_titles_title":"","_seopress_titles_desc":"","_seopress_robots_index":"","footnotes":""},"categories":[44,37],"tags":[1045],"class_list":["post-3212","post","type-post","status-publish","format-standard","has-post-thumbnail","","category-dogmen-des-glaubens","category-lehre-und-glaube","tag-theotokos"],"_links":{"self":[{"href":"https:\/\/catholicus.eu\/de\/wp-json\/wp\/v2\/posts\/3212","targetHints":{"allow":["GET"]}}],"collection":[{"href":"https:\/\/catholicus.eu\/de\/wp-json\/wp\/v2\/posts"}],"about":[{"href":"https:\/\/catholicus.eu\/de\/wp-json\/wp\/v2\/types\/post"}],"author":[{"embeddable":true,"href":"https:\/\/catholicus.eu\/de\/wp-json\/wp\/v2\/users\/3"}],"replies":[{"embeddable":true,"href":"https:\/\/catholicus.eu\/de\/wp-json\/wp\/v2\/comments?post=3212"}],"version-history":[{"count":1,"href":"https:\/\/catholicus.eu\/de\/wp-json\/wp\/v2\/posts\/3212\/revisions"}],"predecessor-version":[{"id":3214,"href":"https:\/\/catholicus.eu\/de\/wp-json\/wp\/v2\/posts\/3212\/revisions\/3214"}],"wp:featuredmedia":[{"embeddable":true,"href":"https:\/\/catholicus.eu\/de\/wp-json\/wp\/v2\/media\/3213"}],"wp:attachment":[{"href":"https:\/\/catholicus.eu\/de\/wp-json\/wp\/v2\/media?parent=3212"}],"wp:term":[{"taxonomy":"category","embeddable":true,"href":"https:\/\/catholicus.eu\/de\/wp-json\/wp\/v2\/categories?post=3212"},{"taxonomy":"post_tag","embeddable":true,"href":"https:\/\/catholicus.eu\/de\/wp-json\/wp\/v2\/tags?post=3212"}],"curies":[{"name":"wp","href":"https:\/\/api.w.org\/{rel}","templated":true}]}}