{"id":3140,"date":"2025-04-06T23:45:11","date_gmt":"2025-04-06T21:45:11","guid":{"rendered":"https:\/\/catholicus.eu\/de\/?p=3140"},"modified":"2025-04-06T23:45:11","modified_gmt":"2025-04-06T21:45:11","slug":"der-heilige-vinzenz-ferrer-der-prophet-des-juengsten-gerichts-der-uns-lehrt-heute-mit-hoffnung-zu-leben","status":"publish","type":"post","link":"https:\/\/catholicus.eu\/de\/der-heilige-vinzenz-ferrer-der-prophet-des-juengsten-gerichts-der-uns-lehrt-heute-mit-hoffnung-zu-leben\/","title":{"rendered":"Der heilige Vinzenz Ferrer: Der Prophet des J\u00fcngsten Gerichts, der uns lehrt, heute mit Hoffnung zu leben"},"content":{"rendered":"\n<h3 class=\"wp-block-heading\">\ud83d\udd4a\ufe0f Einleitung: Warum heute \u00fcber den heiligen Vinzenz Ferrer sprechen?<\/h3>\n\n\n\n<p>In einer Zeit voller Unsicherheit, Spaltung und Sehnsucht nach Wahrheit tritt der heilige Vinzenz Ferrer aus der Geschichte hervor wie eine Gestalt aus Feuer und Licht. Unerm\u00fcdlicher Prediger, Wundert\u00e4ter, Berater von P\u00e4psten und K\u00f6nigen \u2013 vor allem aber ein Mann Gottes mit einer klaren Mission: das Erwachen der schlafenden Seelen und ihre Vorbereitung auf die Begegnung mit dem Herrn.<\/p>\n\n\n\n<p>Man nannte ihn den \u201eEngel der Apokalypse\u201c \u2013 nicht aus Sensationslust, sondern wegen der Kraft, mit der er \u00fcber das J\u00fcngste Gericht, die S\u00fcnde und die Dringlichkeit der Umkehr predigte. Doch es ging ihm nicht nur um Drohungen \u2013 er sprach ebenso innig von der g\u00f6ttlichen Barmherzigkeit, vom Heil und von der Hoffnung in Christus. Heute, in einer Welt, die vom Relativismus und geistiger Tr\u00e4gheit gel\u00e4hmt ist, ist seine Botschaft aktueller denn je.<\/p>\n\n\n\n<hr class=\"wp-block-separator has-alpha-channel-opacity\"\/>\n\n\n\n<h3 class=\"wp-block-heading\">\ud83e\uddec Herkunft: Ein valencianisches Kind, von Gott gezeichnet<\/h3>\n\n\n\n<p>Vinzenz Ferrer wurde am 23. Januar 1350 in Valencia, das zur Krone von Aragonien geh\u00f6rte, geboren. Seine Eltern, Wilhelm Ferrer und Constanza Miguel, waren fromme Christen. Schon als Kind zeigte er gro\u00dfen Verstand und eine tiefe spirituelle Reife. Chroniken berichten, dass er fastete, betete und eine gro\u00dfe Liebe zu den himmlischen Dingen entwickelte.<\/p>\n\n\n\n<p>Mit 17 Jahren trat er in den Predigerorden \u2013 die Dominikaner \u2013 ein. Dort fand er die perfekte Balance zwischen dem kontemplativen Leben und dem missionarischen Auftrag, die Wahrheit zu verk\u00fcnden. Er studierte Philosophie und Theologie in Barcelona, Lleida und Toulouse. Sein brillanter Verstand machte ihn rasch zu einem gefragten Lehrer und Theologen \u2013 doch seine eigentliche Berufung lag nicht im Schreiben, sondern im Retten von Seelen.<\/p>\n\n\n\n<hr class=\"wp-block-separator has-alpha-channel-opacity\"\/>\n\n\n\n<h3 class=\"wp-block-heading\">\ud83d\udde3\ufe0f Der Prediger der Endzeit<\/h3>\n\n\n\n<p>Eines der eindrucksvollsten Merkmale des heiligen Vinzenz Ferrer war seine charismatische Predigtkraft \u2013 vergleichbar nur mit der des heiligen Paulus. Er durchwanderte ganz Europa: Spanien, Frankreich, Italien, Deutschland, die Schweiz, Irland&#8230; und \u00fcberall, wo er hinkam, bekehrten sich Tausende.<\/p>\n\n\n\n<p>Er predigte auf Marktpl\u00e4tzen, in Kirchen, an Wegkreuzungen. Keine Show, keine leeren Worte \u2013 sondern Feuer. Ein Feuer, das die Seele entflammte, das das Gewissen weckte und die h\u00e4rtesten S\u00fcnder zur Umkehr brachte.<\/p>\n\n\n\n<p>Das zentrale Thema seiner Verk\u00fcndigung war das <strong>J\u00fcngste Gericht<\/strong>. Unerschrocken verk\u00fcndete er: Die Zeit ist kurz. Christus kommt. Wir k\u00f6nnen nicht leben, als ob nichts einen Unterschied mache. Seine Sprache war klar, biblisch durchdrungen und von Zeichen begleitet: Heilungen, Visionen, Exorzismen \u2013 ja sogar Totenerweckungen werden ihm zugeschrieben.<\/p>\n\n\n\n<p>Das war kein Theater. Das war das Evangelium \u2013 lebendig und wirksam.<\/p>\n\n\n\n<hr class=\"wp-block-separator has-alpha-channel-opacity\"\/>\n\n\n\n<h3 class=\"wp-block-heading\">\ud83d\udd25 Warum nennt man ihn den \u201eEngel der Apokalypse\u201c?<\/h3>\n\n\n\n<p>Der heilige Vinzenz Ferrer identifizierte sich mit dem Engel aus der Offenbarung, Kapitel 14:<br>\u201eDann sah ich einen anderen Engel, der hoch oben am Himmel flog. Er hatte eine ewige Frohbotschaft zu verk\u00fcnden f\u00fcr alle Bewohner der Erde.\u201c (Offb 14,6)<\/p>\n\n\n\n<p>Er war \u00fcberzeugt, von Gott selbst mit einer besonderen Mission betraut worden zu sein: die Welt auf das Gericht vorzubereiten. W\u00e4hrend des Gro\u00dfen Abendl\u00e4ndischen Schismas (als zwei, sp\u00e4ter drei P\u00e4pste Anspruch auf das Papstamt erhoben), f\u00fchlte sich Vinzenz berufen, Umkehr, Einheit der Kirche und Treue zu Christus zu predigen.<\/p>\n\n\n\n<p>Er k\u00fcndigte nicht das Weltende im katastrophalen Hollywood-Stil an \u2013 sondern das pers\u00f6nliche Gericht jedes Einzelnen. Bist du bereit, heute Christus zu begegnen?<\/p>\n\n\n\n<hr class=\"wp-block-separator has-alpha-channel-opacity\"\/>\n\n\n\n<h3 class=\"wp-block-heading\">\ud83e\udded Historische Rolle: Zwischen Politik und Prophetie<\/h3>\n\n\n\n<p>Der heilige Vinzenz Ferrer war kein weltabgewandter M\u00f6nch. Er war tief in die politischen und kirchlichen Ereignisse seiner Zeit eingebunden.<\/p>\n\n\n\n<p>\ud83d\udd39 W\u00e4hrend des Gro\u00dfen Schismas bem\u00fchte er sich aktiv um Vermittlung und Einheit in der Kirche.<\/p>\n\n\n\n<p>\ud83d\udd39 Er beriet K\u00f6nige und F\u00fcrsten, sprach aber stets mit der Klarheit und K\u00fchnheit des Evangeliums. Er war nicht k\u00e4uflich.<\/p>\n\n\n\n<p>\ud83d\udd39 1412 spielte er eine entscheidende Rolle beim \u201eKompromiss von Caspe\u201c, mit dem die Thronfolge in Aragon geregelt wurde \u2013 nicht als Politiker, sondern als Werkzeug Gottes.<\/p>\n\n\n\n<p>\ud83d\udd39 Auch seine Beziehung zum j\u00fcdischen Volk ist historisch komplex: Einige werfen ihm Zwangsbekehrungen vor, doch seine Absicht war immer die Verk\u00fcndigung Christi \u2013 aus der tiefen \u00dcberzeugung, dass au\u00dferhalb Christi kein Heil sei. Sein Stil mag heute radikal erscheinen, aber er war getragen von echter Liebe zur Wahrheit.<\/p>\n\n\n\n<hr class=\"wp-block-separator has-alpha-channel-opacity\"\/>\n\n\n\n<h3 class=\"wp-block-heading\">\ud83d\udd6f\ufe0f Wann wird der heilige Vinzenz Ferrer gefeiert?<\/h3>\n\n\n\n<p>Sein liturgischer Gedenktag ist der <strong>5. April<\/strong>. In seiner Heimatregion Valencia (Spanien) wird er allerdings am Montag nach dem zweiten Sonntag der Osterzeit als Regionalfeiertag begangen.<\/p>\n\n\n\n<p>Es ist kein Zufall, dass sein Fest in der Osterzeit liegt: Vinzenz war ein Prediger der Auferstehung \u2013 auch wenn er den Weg \u00fcber das Gericht ging. Er wusste: Das Evangelium ist nicht nur eine frohe Botschaft \u2013 es fordert eine Entscheidung. F\u00fcr das Leben oder gegen es. F\u00fcr das Licht oder die Finsternis. F\u00fcr die Wahrheit oder die L\u00fcge.<\/p>\n\n\n\n<hr class=\"wp-block-separator has-alpha-channel-opacity\"\/>\n\n\n\n<h3 class=\"wp-block-heading\">\u2728 Was sagt uns der heilige Vinzenz Ferrer heute?<\/h3>\n\n\n\n<p>Man k\u00f6nnte meinen, Vinzenz Ferrer sei eine Gestalt aus einer anderen Zeit, ein Vertreter eines \u00fcberholten religi\u00f6sen Stils. Und doch ist er heute aktueller denn je:<\/p>\n\n\n\n<h4 class=\"wp-block-heading\">1. <strong>Er erinnert uns daran, dass es Wahrheit gibt<\/strong><\/h4>\n\n\n\n<p>In einer Welt des Relativismus, in der alles Ansichtssache scheint, ruft uns Vinzenz zu: Es gibt Himmel und H\u00f6lle. Es gibt Rettung und Verdammnis. Und Jesus Christus ist der einzige Weg, die einzige Wahrheit und das einzige Leben.<\/p>\n\n\n\n<h4 class=\"wp-block-heading\">2. <strong>Er ruft uns zu einem Leben in Dringlichkeit<\/strong><\/h4>\n\n\n\n<p>Nicht in Angst, sondern in Zielgerichtetheit. Wann war unsere letzte Beichte? Wann haben wir zuletzt jemandem von Christus erz\u00e4hlt?<\/p>\n\n\n\n<h4 class=\"wp-block-heading\">3. <strong>Er inspiriert zu furchtloser Evangelisation<\/strong><\/h4>\n\n\n\n<p>Heute braucht es brennende Herzen, keine lauwarmen Worte. Eltern, Katecheten, Priester, Jugendliche \u2013 die Welt braucht Zeugen wie Vinzenz!<\/p>\n\n\n\n<h4 class=\"wp-block-heading\">4. <strong>Er zeigt die Kraft der Umkehr<\/strong><\/h4>\n\n\n\n<p>Wenn Vinzenz predigte, bekehrten sich ganze St\u00e4dte. Das ist keine Vergangenheit \u2013 das Evangelium hat heute dieselbe Kraft. Wenn wir es radikal leben.<\/p>\n\n\n\n<hr class=\"wp-block-separator has-alpha-channel-opacity\"\/>\n\n\n\n<h3 class=\"wp-block-heading\">\ud83e\udde1 Schluss: Heute Vinzenz Ferrer sein<\/h3>\n\n\n\n<p>Nicht jeder ist dazu berufen, Europa zu durchwandern, Wunder zu wirken oder auf Marktpl\u00e4tzen zu predigen. Aber <strong>wir alle sind dazu berufen<\/strong>, mit dem gleichen Feuer zu leben \u2013 dem Feuer des Heiligen Geistes.<\/p>\n\n\n\n<p>Der heilige Vinzenz Ferrer ruft uns vom Himmel her zu: <strong>Wach auf! Lebe, als ob Christus heute k\u00e4me. Denn Er wird kommen. Und selig ist der, den Er wachend und mit brennender Lampe findet.<\/strong><\/p>\n\n\n\n<p>Bitten wir um seine F\u00fcrsprache. M\u00f6ge er uns seinen Eifer f\u00fcr die Rettung der Seelen schenken, seine Liebe zur Wahrheit, seinen Mut zur Konfrontation und seinen unersch\u00fctterlichen Glauben an die Macht Gottes.<\/p>\n\n\n\n<hr class=\"wp-block-separator has-alpha-channel-opacity\"\/>\n\n\n\n<h3 class=\"wp-block-heading\">\ud83d\ude4f Gebet zum heiligen Vinzenz Ferrer<\/h3>\n\n\n\n<blockquote class=\"wp-block-quote is-layout-flow wp-block-quote-is-layout-flow\">\n<p><em>Glorreicher heiliger Vinzenz Ferrer,<\/em><br><em>brennende Flamme des Evangeliums,<\/em><br><em>Prediger des Gerichts und der Hoffnung,<\/em><br><em>hilf uns, aus dem Schlaf der S\u00fcnde zu erwachen.<\/em><\/p>\n\n\n\n<p><em>Lehre uns, mit Blick auf den Himmel zu leben,<\/em><br><em>die Wahrheit ohne Furcht zu verk\u00fcnden,<\/em><br><em>und mit Freude das Kommen unseres Herrn Jesus Christus zu erwarten.<\/em><\/p>\n\n\n\n<p><em>Bitte f\u00fcr uns, damit auch wir am Ende sagen k\u00f6nnen:<\/em><br><em>\u201eIch habe den guten Kampf gek\u00e4mpft, ich habe den Glauben bewahrt.\u201c<\/em><\/p>\n\n\n\n<p><em>Amen.<\/em><\/p>\n<\/blockquote>\n","protected":false},"excerpt":{"rendered":"<p>\ud83d\udd4a\ufe0f Einleitung: Warum heute \u00fcber den heiligen Vinzenz Ferrer sprechen? In einer Zeit voller Unsicherheit, Spaltung und Sehnsucht nach Wahrheit tritt der heilige Vinzenz Ferrer aus der Geschichte hervor wie eine Gestalt aus Feuer und Licht. Unerm\u00fcdlicher Prediger, Wundert\u00e4ter, Berater von P\u00e4psten und K\u00f6nigen \u2013 vor allem aber ein Mann Gottes mit einer klaren Mission: &hellip;<\/p>\n","protected":false},"author":3,"featured_media":3141,"comment_status":"open","ping_status":"open","sticky":false,"template":"","format":"standard","meta":{"_seopress_robots_primary_cat":"","_seopress_titles_title":"","_seopress_titles_desc":"","_seopress_robots_index":"","footnotes":""},"categories":[40,61],"tags":[1022],"class_list":["post-3140","post","type-post","status-publish","format-standard","has-post-thumbnail","","category-gebet-und-spiritualitaet","category-heilige-und-heiligenkalender","tag-heilige-vinzenz-ferrer"],"_links":{"self":[{"href":"https:\/\/catholicus.eu\/de\/wp-json\/wp\/v2\/posts\/3140","targetHints":{"allow":["GET"]}}],"collection":[{"href":"https:\/\/catholicus.eu\/de\/wp-json\/wp\/v2\/posts"}],"about":[{"href":"https:\/\/catholicus.eu\/de\/wp-json\/wp\/v2\/types\/post"}],"author":[{"embeddable":true,"href":"https:\/\/catholicus.eu\/de\/wp-json\/wp\/v2\/users\/3"}],"replies":[{"embeddable":true,"href":"https:\/\/catholicus.eu\/de\/wp-json\/wp\/v2\/comments?post=3140"}],"version-history":[{"count":1,"href":"https:\/\/catholicus.eu\/de\/wp-json\/wp\/v2\/posts\/3140\/revisions"}],"predecessor-version":[{"id":3142,"href":"https:\/\/catholicus.eu\/de\/wp-json\/wp\/v2\/posts\/3140\/revisions\/3142"}],"wp:featuredmedia":[{"embeddable":true,"href":"https:\/\/catholicus.eu\/de\/wp-json\/wp\/v2\/media\/3141"}],"wp:attachment":[{"href":"https:\/\/catholicus.eu\/de\/wp-json\/wp\/v2\/media?parent=3140"}],"wp:term":[{"taxonomy":"category","embeddable":true,"href":"https:\/\/catholicus.eu\/de\/wp-json\/wp\/v2\/categories?post=3140"},{"taxonomy":"post_tag","embeddable":true,"href":"https:\/\/catholicus.eu\/de\/wp-json\/wp\/v2\/tags?post=3140"}],"curies":[{"name":"wp","href":"https:\/\/api.w.org\/{rel}","templated":true}]}}