{"id":3125,"date":"2025-04-06T21:11:05","date_gmt":"2025-04-06T19:11:05","guid":{"rendered":"https:\/\/catholicus.eu\/de\/?p=3125"},"modified":"2025-04-06T21:11:05","modified_gmt":"2025-04-06T19:11:05","slug":"wer-ohne-suende-ist-werfe-den-ersten-stein-eine-lektion-ueber-barmherzigkeit-in-einer-welt-des-urteils","status":"publish","type":"post","link":"https:\/\/catholicus.eu\/de\/wer-ohne-suende-ist-werfe-den-ersten-stein-eine-lektion-ueber-barmherzigkeit-in-einer-welt-des-urteils\/","title":{"rendered":"&#8222;Wer ohne S\u00fcnde ist, werfe den ersten Stein&#8220;: Eine Lektion \u00fcber Barmherzigkeit in einer Welt des Urteils"},"content":{"rendered":"\n<p><em>&#8222;Wir alle tragen einen Stein in der Hand, doch Christus l\u00e4dt uns ein, ihn fallen zu lassen.&#8220;<\/em><\/p>\n\n\n\n<p>In einer hypervernetzten Welt, in der soziale Medien zu virtuellen Gerichtss\u00e4len geworden sind und Meinungen wie scharfe Steine geworfen werden, erklingen Jesu Worte mit prophetischer Kraft:&nbsp;<em>&#8222;Wer von euch ohne S\u00fcnde ist, werfe den ersten Stein auf sie&#8220;<\/em>&nbsp;(Johannes 8,7).<\/p>\n\n\n\n<p>Dieser vor \u00fcber zweitausend Jahren gesprochene Satz ist nicht nur eine weitere Evangeliumsepisode, sondern ein radikaler Aufruf zu Demut, Barmherzigkeit und Selbstpr\u00fcfung. In diesem Artikel werden wir seinen Ursprung, seine theologische Bedeutung und seine dringende Anwendung in unserer heutigen Gesellschaft untersuchen, in der vorschnelle Urteile und \u00f6ffentliche Verurteilungen zur Norm geworden zu sein scheinen.<\/p>\n\n\n\n<hr class=\"wp-block-separator has-alpha-channel-opacity\"\/>\n\n\n\n<h2 class=\"wp-block-heading\"><strong>1. Der historische und biblische Kontext: Eine Falle f\u00fcr Jesus<\/strong><\/h2>\n\n\n\n<p>Die Geschichte der&nbsp;<em>Ehebrecherin<\/em>&nbsp;(Johannes 8,1-11) ist eine der bewegendsten Stellen im Evangelium. Die Pharis\u00e4er und Schriftgelehrten bringen eine beim Ehebruch ertappte Frau zu Jesus \u2013 ein Verbrechen, das nach dem Gesetz des Mose (Levitikus 20,10) die Steinigung verdiente.<\/p>\n\n\n\n<p>Doch ihre Absicht war nicht Gerechtigkeit, sondern&nbsp;<strong>Jesus eine Falle zu stellen<\/strong>:<\/p>\n\n\n\n<ul class=\"wp-block-list\">\n<li><strong>Wenn er sie begnadigte<\/strong>, k\u00f6nnten sie ihn beschuldigen, das Gesetz zu brechen.<\/li>\n\n\n\n<li><strong>Wenn er sie verurteilte<\/strong>, w\u00fcrde er seine Botschaft der Barmherzigkeit verraten und sich den r\u00f6mischen Autorit\u00e4ten widersetzen (die sich das Recht zur Hinrichtung vorbehielten).<\/li>\n<\/ul>\n\n\n\n<p>Jesus, der ihre Herzen kennt, geht nicht in die Falle. Statt sofort zu antworten,&nbsp;<strong>beugt er sich nieder und schreibt auf die Erde<\/strong>&nbsp;(eine geheimnisvolle Geste, die einige Kirchenv\u00e4ter als Anspielung auf Jeremia 17,13 deuten:&nbsp;<em>&#8222;Die von dir abfallen, werden in den Staub geschrieben&#8220;<\/em>).<\/p>\n\n\n\n<p>Schlie\u00dflich spricht er die Worte, die alles ver\u00e4ndern:<\/p>\n\n\n\n<blockquote class=\"wp-block-quote is-layout-flow wp-block-quote-is-layout-flow\">\n<p><em>&#8222;Wer von euch ohne S\u00fcnde ist, werfe den ersten Stein auf sie.&#8220;<\/em>&nbsp;(Johannes 8,7)<\/p>\n<\/blockquote>\n\n\n\n<p>Einer nach dem anderen gehen die Ankl\u00e4ger weg, angefangen bei den \u00c4ltesten (vielleicht denen, die sich ihrer eigenen S\u00fcnden am meisten bewusst waren).<\/p>\n\n\n\n<hr class=\"wp-block-separator has-alpha-channel-opacity\"\/>\n\n\n\n<h2 class=\"wp-block-heading\"><strong>2. Die theologische Bedeutung: Barmherzigkeit vs. gesetzliche Gerechtigkeit<\/strong><\/h2>\n\n\n\n<p>Diese Passage offenbart mehrere grundlegende Wahrheiten des Christentums:<\/p>\n\n\n\n<h3 class=\"wp-block-heading\"><strong>A) Die Heuchelei menschlichen Urteils<\/strong><\/h3>\n\n\n\n<p>Die Pharis\u00e4er repr\u00e4sentieren&nbsp;<strong>Religion ohne Herz<\/strong>, kalten Gesetzesgehorsam ohne N\u00e4chstenliebe. Jesus leugnet nicht die S\u00fcnde der Frau, sondern deckt die&nbsp;<strong>Doppelmoral<\/strong>&nbsp;ihrer Ankl\u00e4ger auf.<\/p>\n\n\n\n<h3 class=\"wp-block-heading\"><strong>B) Der Vorrang der Barmherzigkeit<\/strong><\/h3>\n\n\n\n<p>Jesus rechtfertigt den Ehebruch nicht, verurteilt die Frau aber auch nicht. Stattdessen sagt er zu ihr:&nbsp;<em>&#8222;Geh und s\u00fcndige von jetzt an nicht mehr&#8220;<\/em>&nbsp;(Johannes 8,11).&nbsp;<strong>Gott spricht uns nicht frei, damit wir bleiben wie wir sind, sondern damit wir uns \u00e4ndern.<\/strong><\/p>\n\n\n\n<h3 class=\"wp-block-heading\"><strong>C) Wir alle sind S\u00fcnder, die Vergebung brauchen<\/strong><\/h3>\n\n\n\n<p>Paulus fasst es in R\u00f6mer 3,23 zusammen:&nbsp;<em>&#8222;Alle haben ges\u00fcndigt und die Herrlichkeit Gottes verloren.&#8220;<\/em>&nbsp;Niemand hat das Recht, sich zum obersten Richter aufzuschwingen, denn wir alle sind schuldig geworden.<\/p>\n\n\n\n<hr class=\"wp-block-separator has-alpha-channel-opacity\"\/>\n\n\n\n<h2 class=\"wp-block-heading\"><strong>3. Die Aktualit\u00e4t der Botschaft: Virtuelle Steine und Cancel Culture<\/strong><\/h2>\n\n\n\n<p>Heute ist diese Geschichte relevanter denn je. Wir leben in einer Zeit von:<\/p>\n\n\n\n<ul class=\"wp-block-list\">\n<li><strong>Meinungstribunalen in sozialen Medien<\/strong>, wo Menschen ohne faires Geh\u00f6r verurteilt und verdammt werden.<\/li>\n\n\n\n<li><strong>Cancel Culture<\/strong>, wo vergangene Fehler zu lebenslanger Ausgrenzung f\u00fchren k\u00f6nnen.<\/li>\n\n\n\n<li><strong>Modernem Pharis\u00e4ertum<\/strong>: Menschen, die die S\u00fcnden anderer aufzeigen, w\u00e4hrend sie ihre eigenen ignorieren.<\/li>\n<\/ul>\n\n\n\n<p>Jesus ruft uns nicht auf, dem B\u00f6sen gleichg\u00fcltig gegen\u00fcberzustehen, sondern&nbsp;<strong>in Liebe zu korrigieren<\/strong>&nbsp;(Matth\u00e4us 18,15). Bevor wir die S\u00fcnde des anderen anprangern, m\u00fcssen wir unser eigenes Gewissen pr\u00fcfen.<\/p>\n\n\n\n<hr class=\"wp-block-separator has-alpha-channel-opacity\"\/>\n\n\n\n<h2 class=\"wp-block-heading\"><strong>4. Wie wir diese Lektion in unserem Leben anwenden k\u00f6nnen<\/strong><\/h2>\n\n\n\n<h3 class=\"wp-block-heading\"><strong>\u2714\ufe0f Lass deinen Stein fallen<\/strong><\/h3>\n\n\n\n<p>Bist du schnell im Verurteilen? Betreibst du Klatsch oder vorschnelle Urteile? Erinnere dich:&nbsp;<em>&#8222;Richtet nicht, damit ihr nicht gerichtet werdet&#8220;<\/em>&nbsp;(Matth\u00e4us 7,1).<\/p>\n\n\n\n<h3 class=\"wp-block-heading\"><strong>\u2714\ufe0f Verwandele Verurteilung in Mitgef\u00fchl<\/strong><\/h3>\n\n\n\n<p>Anstatt den S\u00fcnder zu zerst\u00f6ren, bete f\u00fcr ihn und hilf ihm aufzustehen, wie Jesus es mit der Ehebrecherin tat.<\/p>\n\n\n\n<h3 class=\"wp-block-heading\"><strong>\u2714\ufe0f Lebe Barmherzigkeit in Tat<\/strong><\/h3>\n\n\n\n<p>Papst Franziskus erinnert uns in&nbsp;<em>Misericordiae Vultus<\/em>:&nbsp;<em>&#8222;Die Barmherzigkeit ist das Fundament des Lebens der Kirche.&#8220;<\/em>&nbsp;\u00dcbe Vergebung, Geduld und Demut.<\/p>\n\n\n\n<hr class=\"wp-block-separator has-alpha-channel-opacity\"\/>\n\n\n\n<h2 class=\"wp-block-heading\"><strong>Schlussfolgerung: Eine Welt ohne Steine ist m\u00f6glich<\/strong><\/h2>\n\n\n\n<p>Jesus kam nicht, um das Gesetz aufzuheben, sondern um es in Liebe zu erf\u00fcllen (Matth\u00e4us 5,17). Seine Antwort an die Pharis\u00e4er war keine Entschuldigung f\u00fcr die S\u00fcnde, sondern eine Einladung,&nbsp;<strong>zuerst in den Spiegel unserer eigenen Seele zu schauen<\/strong>.<\/p>\n\n\n\n<p>Heute, wenn du in Versuchung ger\u00e4tst, einen Stein zu werfen \u2013 sei es durch Worte, Urteile oder Groll \u2013 denke daran:&nbsp;<strong>Christus hat deine S\u00fcnden bereits in den Staub geschrieben&#8230; und doch bietet er dir immer noch seine Vergebung an.<\/strong><\/p>\n\n\n\n<blockquote class=\"wp-block-quote is-layout-flow wp-block-quote-is-layout-flow\">\n<p><em>&#8222;Herr, lehre mich, ein Werkzeug deiner Barmherzigkeit zu sein, nicht ein Richter meiner Br\u00fcder und Schwestern.&#8220;<\/em>&nbsp;\ud83d\ude4f<\/p>\n<\/blockquote>\n\n\n\n<p><strong>Und du? Bist du bereit, deinen Stein fallen zu lassen?<\/strong><\/p>\n","protected":false},"excerpt":{"rendered":"<p>&#8222;Wir alle tragen einen Stein in der Hand, doch Christus l\u00e4dt uns ein, ihn fallen zu lassen.&#8220; In einer hypervernetzten Welt, in der soziale Medien zu virtuellen Gerichtss\u00e4len geworden sind und Meinungen wie scharfe Steine geworfen werden, erklingen Jesu Worte mit prophetischer Kraft:&nbsp;&#8222;Wer von euch ohne S\u00fcnde ist, werfe den ersten Stein auf sie&#8220;&nbsp;(Johannes 8,7). &hellip;<\/p>\n","protected":false},"author":3,"featured_media":3126,"comment_status":"open","ping_status":"open","sticky":false,"template":"","format":"standard","meta":{"_seopress_robots_primary_cat":"","_seopress_titles_title":"","_seopress_titles_desc":"","_seopress_robots_index":"","footnotes":""},"categories":[45,37],"tags":[1015],"class_list":["post-3125","post","type-post","status-publish","format-standard","has-post-thumbnail","","category-heilige-schrift","category-lehre-und-glaube","tag-ehebrecherin"],"_links":{"self":[{"href":"https:\/\/catholicus.eu\/de\/wp-json\/wp\/v2\/posts\/3125","targetHints":{"allow":["GET"]}}],"collection":[{"href":"https:\/\/catholicus.eu\/de\/wp-json\/wp\/v2\/posts"}],"about":[{"href":"https:\/\/catholicus.eu\/de\/wp-json\/wp\/v2\/types\/post"}],"author":[{"embeddable":true,"href":"https:\/\/catholicus.eu\/de\/wp-json\/wp\/v2\/users\/3"}],"replies":[{"embeddable":true,"href":"https:\/\/catholicus.eu\/de\/wp-json\/wp\/v2\/comments?post=3125"}],"version-history":[{"count":1,"href":"https:\/\/catholicus.eu\/de\/wp-json\/wp\/v2\/posts\/3125\/revisions"}],"predecessor-version":[{"id":3127,"href":"https:\/\/catholicus.eu\/de\/wp-json\/wp\/v2\/posts\/3125\/revisions\/3127"}],"wp:featuredmedia":[{"embeddable":true,"href":"https:\/\/catholicus.eu\/de\/wp-json\/wp\/v2\/media\/3126"}],"wp:attachment":[{"href":"https:\/\/catholicus.eu\/de\/wp-json\/wp\/v2\/media?parent=3125"}],"wp:term":[{"taxonomy":"category","embeddable":true,"href":"https:\/\/catholicus.eu\/de\/wp-json\/wp\/v2\/categories?post=3125"},{"taxonomy":"post_tag","embeddable":true,"href":"https:\/\/catholicus.eu\/de\/wp-json\/wp\/v2\/tags?post=3125"}],"curies":[{"name":"wp","href":"https:\/\/api.w.org\/{rel}","templated":true}]}}