{"id":3036,"date":"2025-04-02T16:32:08","date_gmt":"2025-04-02T14:32:08","guid":{"rendered":"https:\/\/catholicus.eu\/de\/?p=3036"},"modified":"2025-04-02T16:32:08","modified_gmt":"2025-04-02T14:32:08","slug":"das-wortfasten-die-vergessene-bussuebung-die-familien-verwandeln-kann","status":"publish","type":"post","link":"https:\/\/catholicus.eu\/de\/das-wortfasten-die-vergessene-bussuebung-die-familien-verwandeln-kann\/","title":{"rendered":"Das &#8218;Wortfasten&#8216;: Die vergessene Bu\u00df\u00fcbung, die Familien verwandeln kann"},"content":{"rendered":"\n<p><strong>Einf\u00fchrung: Ein geistliches Heilmittel f\u00fcr eine laute Welt<\/strong><\/p>\n\n\n\n<p>Wir leben in einer Zeit des st\u00e4ndigen L\u00e4rms. Soziale Medien, Nachrichten, endlose Gespr\u00e4che und vor allem Worte, die oft ungefiltert aus unserem Mund kommen. Wir kritisieren, beschweren uns, tratschen und verletzen &#8211; ohne es zu merken &#8211; das heiligste Band, das Gott uns geschenkt hat: <strong>die Familie<\/strong>.<\/p>\n\n\n\n<p>Doch was, wenn es eine vergessene Bu\u00df\u00fcbung g\u00e4be, ein &#8222;Fasten&#8220;, das nicht den Verzicht auf Nahrung, sondern die <strong>Z\u00e4hmung der Zunge<\/strong> bedeutet? Ein Fasten, das, wenn es fromm praktiziert wird, Frieden in die H\u00e4user bringen, Beziehungen heilen und uns n\u00e4her zu Gott f\u00fchren kann.<\/p>\n\n\n\n<p>Dies ist das <strong>&#8222;Wortfasten&#8220;<\/strong>, eine alte asketische Praxis, die Heiligen und Mystikern wohlbekannt war, heute aber weitgehend in Vergessenheit geraten ist.<\/p>\n\n\n\n<hr class=\"wp-block-separator has-alpha-channel-opacity\"\/>\n\n\n\n<h2 class=\"wp-block-heading\"><strong>1. Was ist das &#8218;Wortfasten&#8216;?<\/strong><\/h2>\n\n\n\n<p>Das &#8222;Wortfasten&#8220; ist eine Form der Bu\u00df\u00fcbung, bei der man sich <strong>unn\u00f6tiger Worte enth\u00e4lt<\/strong>, besonders solcher, die verletzen: Kritik, Klagen, Tratsch, Verleumdungen und verletzende \u00c4u\u00dferungen.<\/p>\n\n\n\n<p>Es geht nicht um ein absolutes Schweigegel\u00fcbde, sondern darum, <strong>mit Bedacht zu sprechen<\/strong>: um aufzubauen, zu tr\u00f6sten, zu lehren und zu lieben. Wie der heilige Paulus sagt:<\/p>\n\n\n\n<blockquote class=\"wp-block-quote is-layout-flow wp-block-quote-is-layout-flow\">\n<p><em>&#8222;Kein schlechtes Wort soll aus eurem Mund kommen, sondern nur ein gutes, das den, der es braucht, st\u00e4rkt und denen, die es h\u00f6ren, Segen bringt.&#8220;<\/em> (Epheser 4,29)<\/p>\n<\/blockquote>\n\n\n\n<p>Dieses Fasten ist nichts Neues. Die W\u00fcstenv\u00e4ter, Heilige wie der heilige Josef von Copertino (der kaum sprach, um S\u00fcnden der Zunge zu vermeiden) und sogar die Jungfrau Maria, die &#8222;alle diese Worte in ihrem Herzen bewahrte&#8220; (Lk 2,19), praktizierten diese Form des inneren Schweigens.<\/p>\n\n\n\n<hr class=\"wp-block-separator has-alpha-channel-opacity\"\/>\n\n\n\n<h2 class=\"wp-block-heading\"><strong>2. Warum ist es heute so notwendig?<\/strong><\/h2>\n\n\n\n<h3 class=\"wp-block-heading\"><strong>a) Familien werden durch die Zunge zerst\u00f6rt<\/strong><\/h3>\n\n\n\n<ul class=\"wp-block-list\">\n<li><strong>St\u00e4ndige Kritik<\/strong> zwischen Ehepartnern erzeugt Bitterkeit.<\/li>\n\n\n\n<li><strong>Klatsch<\/strong>, der Geschwister und Freunde entzweit.<\/li>\n\n\n\n<li><strong>Beschwerden<\/strong>, die das Familienklima vergiften.<\/li>\n<\/ul>\n\n\n\n<p>Die Bibel warnt: <em>&#8222;Die Zunge ist ein Feuer, eine ganze Welt des Unrechts&#8220;<\/em> (Jakobus 3,6). Ein einziges negatives Wort kann Jahre der Liebe verbrennen.<\/p>\n\n\n\n<h3 class=\"wp-block-heading\"><strong>b) Wir leben in einer &#8222;Kultur des Luftmachens&#8220;<\/strong><\/h3>\n\n\n\n<p>Soziale Medien haben uns daran gew\u00f6hnt, zu allem ungefiltert unsere Meinung zu \u00e4u\u00dfern. Aber <strong>wie viele dieser Worte sind wirklich n\u00f6tig?<\/strong> Wie viele dienen dem Aufbau statt der Zerst\u00f6rung?<\/p>\n\n\n\n<h3 class=\"wp-block-heading\"><strong>c) Mangel an Gebet und Zuh\u00f6ren<\/strong><\/h3>\n\n\n\n<p>Der \u00e4u\u00dfere L\u00e4rm hindert uns daran, <strong>Gottes Stimme<\/strong> zu h\u00f6ren. Schweigen ist keine Leere &#8211; es ist der Raum, in dem Gott spricht.<\/p>\n\n\n\n<hr class=\"wp-block-separator has-alpha-channel-opacity\"\/>\n\n\n\n<h2 class=\"wp-block-heading\"><strong>3. Wie praktiziert man das &#8218;Wortfasten&#8216;?<\/strong><\/h2>\n\n\n\n<p>Es geht nicht darum, nicht mehr zu sprechen, sondern <strong>unsere Kommunikation zu l\u00e4utern<\/strong>. Hier einige Schl\u00fcssel:<\/p>\n\n\n\n<h3 class=\"wp-block-heading\"><strong>a) Beginnen Sie mit kleinen Opfern<\/strong><\/h3>\n\n\n\n<ul class=\"wp-block-list\">\n<li><strong>Vermeiden Sie Kritik<\/strong> f\u00fcr einen Tag.<\/li>\n\n\n\n<li><strong>Antworten Sie nicht im Zorn<\/strong>, selbst wenn Sie Recht haben.<\/li>\n\n\n\n<li><strong>Schweigen Sie<\/strong>, wenn Sie sich beschweren wollen.<\/li>\n<\/ul>\n\n\n\n<h3 class=\"wp-block-heading\"><strong>b) Verwandeln Sie Worte in Gebet<\/strong><\/h3>\n\n\n\n<p>Anstatt \u00fcber jemanden zu tratschen, <strong>beten Sie f\u00fcr diese Person<\/strong>. Wie die heilige Teresa von \u00c1vila sagte: <em>&#8222;Wenn du sprichst, sprich von Gott; wenn du schweigst, schweige f\u00fcr Gott.&#8220;<\/em><\/p>\n\n\n\n<h3 class=\"wp-block-heading\"><strong>c) \u00dcben Sie inneres Schweigen<\/strong><\/h3>\n\n\n\n<ul class=\"wp-block-list\">\n<li><strong>Fragen Sie sich vor dem Sprechen<\/strong>: Baut dies auf? Ist es n\u00f6tig? Ist es liebevoll?<\/li>\n\n\n\n<li><strong>Lernen Sie zuzuh\u00f6ren<\/strong>, mehr als zu sprechen.<\/li>\n<\/ul>\n\n\n\n<hr class=\"wp-block-separator has-alpha-channel-opacity\"\/>\n\n\n\n<h2 class=\"wp-block-heading\"><strong>4. Die Fr\u00fcchte dieses Fastens in der Familie<\/strong><\/h2>\n\n\n\n<p>Diejenigen, die dieses Fasten praktiziert haben, bezeugen:<\/p>\n\n\n\n<p>\u2705 <strong>Weniger Streit<\/strong>, mehr Frieden zu Hause.<br>\u2705 <strong>Bessere Kommunikation<\/strong>, weil Worte mit Liebe gesprochen werden.<br>\u2705 <strong>St\u00e4rkere Einheit<\/strong>, weil unn\u00f6tige Verletzungen vermieden werden.<\/p>\n\n\n\n<hr class=\"wp-block-separator has-alpha-channel-opacity\"\/>\n\n\n\n<h2 class=\"wp-block-heading\"><strong>Schluss: Eine Herausforderung, um Ihr Zuhause zu st\u00e4rken<\/strong><\/h2>\n\n\n\n<p>Das &#8222;Wortfasten&#8220; ist nicht einfach. Es erfordert <strong>Demut, Selbstbeherrschung und viel Gnade Gottes<\/strong>. Aber es ist eine m\u00e4chtige Bu\u00df\u00fcbung, besonders in einer Zeit, in der <strong>der Teufel versucht, Familien durch die Zunge zu spalten<\/strong>.<\/p>\n\n\n\n<p><strong>Ich fordere Sie heraus, es zu versuchen:<\/strong> Einen Tag, eine Stunde, selbst nur wenige Minuten. Sie werden sehen, wie der Heilige Geist wirkt, wenn wir ihm durch unser Schweigen Raum geben.<\/p>\n\n\n\n<p>Wie der heilige Johannes vom Kreuz sagte:<\/p>\n\n\n\n<blockquote class=\"wp-block-quote is-layout-flow wp-block-quote-is-layout-flow\">\n<p><em>&#8222;Die Sprache, die Gott am besten versteht, ist das Schweigen der Liebe.&#8220;<\/em><\/p>\n<\/blockquote>\n\n\n\n<p>Sind Sie bereit, dieses Fasten zu versuchen und Ihre Familie zu verwandeln?<\/p>\n\n\n\n<p><strong>\ud83d\udccc Was denken Sie? Werden Sie die Herausforderung annehmen?<\/strong><\/p>\n","protected":false},"excerpt":{"rendered":"<p>Einf\u00fchrung: Ein geistliches Heilmittel f\u00fcr eine laute Welt Wir leben in einer Zeit des st\u00e4ndigen L\u00e4rms. Soziale Medien, Nachrichten, endlose Gespr\u00e4che und vor allem Worte, die oft ungefiltert aus unserem Mund kommen. Wir kritisieren, beschweren uns, tratschen und verletzen &#8211; ohne es zu merken &#8211; das heiligste Band, das Gott uns geschenkt hat: die Familie. &hellip;<\/p>\n","protected":false},"author":3,"featured_media":3037,"comment_status":"open","ping_status":"open","sticky":false,"template":"","format":"standard","meta":{"_seopress_robots_primary_cat":"","_seopress_titles_title":"","_seopress_titles_desc":"","_seopress_robots_index":"","footnotes":""},"categories":[55,39],"tags":[981],"class_list":["post-3036","post","type-post","status-publish","format-standard","has-post-thumbnail","","category-familie-und-ehe","category-moral-und-christliches-leben","tag-wortfasten"],"_links":{"self":[{"href":"https:\/\/catholicus.eu\/de\/wp-json\/wp\/v2\/posts\/3036","targetHints":{"allow":["GET"]}}],"collection":[{"href":"https:\/\/catholicus.eu\/de\/wp-json\/wp\/v2\/posts"}],"about":[{"href":"https:\/\/catholicus.eu\/de\/wp-json\/wp\/v2\/types\/post"}],"author":[{"embeddable":true,"href":"https:\/\/catholicus.eu\/de\/wp-json\/wp\/v2\/users\/3"}],"replies":[{"embeddable":true,"href":"https:\/\/catholicus.eu\/de\/wp-json\/wp\/v2\/comments?post=3036"}],"version-history":[{"count":1,"href":"https:\/\/catholicus.eu\/de\/wp-json\/wp\/v2\/posts\/3036\/revisions"}],"predecessor-version":[{"id":3038,"href":"https:\/\/catholicus.eu\/de\/wp-json\/wp\/v2\/posts\/3036\/revisions\/3038"}],"wp:featuredmedia":[{"embeddable":true,"href":"https:\/\/catholicus.eu\/de\/wp-json\/wp\/v2\/media\/3037"}],"wp:attachment":[{"href":"https:\/\/catholicus.eu\/de\/wp-json\/wp\/v2\/media?parent=3036"}],"wp:term":[{"taxonomy":"category","embeddable":true,"href":"https:\/\/catholicus.eu\/de\/wp-json\/wp\/v2\/categories?post=3036"},{"taxonomy":"post_tag","embeddable":true,"href":"https:\/\/catholicus.eu\/de\/wp-json\/wp\/v2\/tags?post=3036"}],"curies":[{"name":"wp","href":"https:\/\/api.w.org\/{rel}","templated":true}]}}