{"id":2985,"date":"2025-03-31T22:13:25","date_gmt":"2025-03-31T20:13:25","guid":{"rendered":"https:\/\/catholicus.eu\/de\/?p=2985"},"modified":"2025-03-31T22:13:25","modified_gmt":"2025-03-31T20:13:25","slug":"der-verfluchte-psalm-die-verborgene-macht-von-psalm-67-68-im-spirituellen-kampf-gegen-daemonen","status":"publish","type":"post","link":"https:\/\/catholicus.eu\/de\/der-verfluchte-psalm-die-verborgene-macht-von-psalm-67-68-im-spirituellen-kampf-gegen-daemonen\/","title":{"rendered":"Der Verfluchte Psalm: Die verborgene Macht von Psalm 67\/68 im spirituellen Kampf gegen D\u00e4monen"},"content":{"rendered":"\n<p><em>&#8222;Gott steht auf, seine Feinde zerstreuen sich&#8230; Wie Rauch verweht wird, so verwehe sie! Wie Wachs zerschmilzt vor dem Feuer, so vergehen die Gottlosen vor Gott.&#8220;<\/em>&nbsp;(Psalm 68,2-3)<\/p>\n\n\n\n<p>In den dunklen G\u00e4ngen der Kirchengeschichte, zwischen Exorzismen und spirituellen Schlachten, gab es eine m\u00e4chtige Waffe &#8211; einen Psalm, der von D\u00e4monen so gef\u00fcrchtet wurde, dass Priester ihn als g\u00f6ttlichen Schutzschild rezitierten. Heute fast vergessen, war&nbsp;<strong>Psalm 67\/68 (hebr\u00e4ische Z\u00e4hlung: 68 in der Vulgata)<\/strong>&nbsp;als&nbsp;<em>&#8222;der verfluchte Psalm&#8220;<\/em>&nbsp;bekannt wegen seiner Wirksamkeit im Kampf gegen die M\u00e4chte des B\u00f6sen.<\/p>\n\n\n\n<p>Warum galt gerade dieser Psalm als spirituelles Schwert? Welche Geheimnisse birgt sein Text? Und vor allem:&nbsp;<strong>Warum hat die Kirche aufgeh\u00f6rt, ihn regelm\u00e4\u00dfig in Befreiungsriten zu verwenden?<\/strong><\/p>\n\n\n\n<p>In diesem Artikel untersuchen wir&nbsp;<strong>Ursprung, Geschichte, theologische Bedeutung und aktuelle Relevanz<\/strong>&nbsp;dieses Psalms und beleben eine fast verlorene Tradition, die im spirituellen Kampf unserer Tage entscheidend sein k\u00f6nnte.<\/p>\n\n\n\n<hr class=\"wp-block-separator has-alpha-channel-opacity\"\/>\n\n\n\n<h2 class=\"wp-block-heading\"><strong>I. Der Ursprung von Psalm 67\/68: Ein Siegesgesang und g\u00f6ttliches Gericht<\/strong><\/h2>\n\n\n\n<p><strong>Psalm 67\/68<\/strong>&nbsp;geh\u00f6rt zu den \u00e4ltesten und r\u00e4tselhaftesten Psalmen der Bibel. Seine Struktur ist komplex, voller kriegerischer Symbolik und Verweise auf Gottes direktes Eingreifen in die Geschichte.<\/p>\n\n\n\n<h3 class=\"wp-block-heading\"><strong>1. Ein Psalm des Heiligen Krieges<\/strong><\/h3>\n\n\n\n<p>Urspr\u00fcnglich war dies ein&nbsp;<strong>Siegeshymnus<\/strong>, der Jahwes Triumph \u00fcber Israels Feinde feierte:<\/p>\n\n\n\n<blockquote class=\"wp-block-quote is-layout-flow wp-block-quote-is-layout-flow\">\n<p><em>&#8222;Gott steht auf, seine Feinde zerstreuen sich&#8230; Du zogst vor deinem Volk her.&#8220;<\/em>&nbsp;(V. 2,8)<\/p>\n<\/blockquote>\n\n\n\n<p>Kirchenv\u00e4ter wie&nbsp;<strong>Augustinus und Hieronymus<\/strong>&nbsp;sahen in diesen Versen nicht nur eine historische Schlacht, sondern einen&nbsp;<strong>kosmischen Kampf zwischen Gut und B\u00f6se<\/strong>.<\/p>\n\n\n\n<h3 class=\"wp-block-heading\"><strong>2. Die christliche Deutung: Christus besiegt die D\u00e4monen<\/strong><\/h3>\n\n\n\n<p>Fr\u00fche Christen lasen den Psalm messianisch:<\/p>\n\n\n\n<ul class=\"wp-block-list\">\n<li><strong>&#8222;Du fuhrst auf zur H\u00f6he, f\u00fchrtest Gefangene mit dir&#8220;<\/strong>\u00a0(V. 19) \u2192 Paulus bezieht dies auf Christus, der nach der Auferstehung in die H\u00f6lle hinabsteigt (Epheser 4,8).<\/li>\n\n\n\n<li><strong>&#8222;Der Herr zerschmettert das Haupt seiner Feinde&#8220;<\/strong>\u00a0(V. 22) \u2192 Ein klares Bild f\u00fcr Christi Sieg \u00fcber S\u00fcnde und Teufel.<\/li>\n<\/ul>\n\n\n\n<p>So wurde der Psalm zu&nbsp;<strong>einem machtvollen Text gegen d\u00e4monische M\u00e4chte<\/strong>.<\/p>\n\n\n\n<hr class=\"wp-block-separator has-alpha-channel-opacity\"\/>\n\n\n\n<h2 class=\"wp-block-heading\"><strong>II. Der &#8222;Verfluchte Psalm&#8220; in mittelalterlichen Exorzismen<\/strong><\/h2>\n\n\n\n<p>Im Mittelalter entwickelte die Kirche spezielle Riten gegen das B\u00f6se, und&nbsp;<strong>Psalm 67\/68<\/strong>&nbsp;wurde zentral.<\/p>\n\n\n\n<h3 class=\"wp-block-heading\"><strong>1. Das R\u00f6mische Ritual und Exorzismen<\/strong><\/h3>\n\n\n\n<p>Im&nbsp;<strong>Rituale Romanum<\/strong>&nbsp;(dem alten Exorzismus-Handbuch) war dieser Psalm nicht explizit vorgeschrieben, wurde aber traditionell verwendet:<\/p>\n\n\n\n<ul class=\"wp-block-list\">\n<li><strong>Die &#8222;Flucht der Feinde&#8220;<\/strong>\u00a0(V. 2) soll D\u00e4monen in Panik versetzt haben.<\/li>\n\n\n\n<li><strong>Das Bild vom &#8222;zerflie\u00dfenden Wachs&#8220;<\/strong>\u00a0(V. 3) symbolisierte die Aufl\u00f6sung d\u00e4monischer Macht.<\/li>\n<\/ul>\n\n\n\n<h3 class=\"wp-block-heading\"><strong>2. Historische Zeugnisse<\/strong><\/h3>\n\n\n\n<ul class=\"wp-block-list\">\n<li><strong>Antonius der Gro\u00dfe<\/strong>\u00a0nutzte den Psalm gegen Versuchungen.<\/li>\n\n\n\n<li><strong>Mittelalterliche Exorzisten<\/strong>\u00a0berichteten von heftigen Reaktionen Besessener.<\/li>\n<\/ul>\n\n\n\n<h3 class=\"wp-block-heading\"><strong>3. Warum &#8222;verflucht&#8220;?<\/strong><\/h3>\n\n\n\n<p>Nicht weil er selbst verflucht war, sondern weil&nbsp;<strong>D\u00e4monen ihn verfluchten<\/strong>&nbsp;&#8211; er erinnerte sie an ihre Niederlage gegen Christus. Manche Handschriften nannten ihn&nbsp;<em>&#8222;den Psalm, der den Teufel vertreibt&#8220;<\/em>.<\/p>\n\n\n\n<hr class=\"wp-block-separator has-alpha-channel-opacity\"\/>\n\n\n\n<h2 class=\"wp-block-heading\"><strong>III. Warum ist er heute kaum bekannt?<\/strong><\/h2>\n\n\n\n<p>Seine Verwendung nahm aus mehreren Gr\u00fcnden ab:<\/p>\n\n\n\n<ol start=\"1\" class=\"wp-block-list\">\n<li><strong>Liturgiereformen<\/strong>\u00a0(Vatikan II)<\/li>\n\n\n\n<li><strong>Mangelnde Ausbildung<\/strong>\u00a0in spiritueller Kampff\u00fchrung<\/li>\n\n\n\n<li><strong>Bedenken vor Aberglauben<\/strong><\/li>\n<\/ol>\n\n\n\n<p>Doch der&nbsp;<strong>Teufel wirkt weiter<\/strong>&nbsp;&#8211; spirituelle Waffen bleiben n\u00f6tig.<\/p>\n\n\n\n<hr class=\"wp-block-separator has-alpha-channel-opacity\"\/>\n\n\n\n<h2 class=\"wp-block-heading\"><strong>IV. Sollten wir Psalm 67\/68 heute wiederentdecken?<\/strong><\/h2>\n\n\n\n<p>In einer Zeit wachsender&nbsp;<strong>okkultischer und satanischer Einfl\u00fcsse<\/strong>&nbsp;kann dieser Psalm ein&nbsp;<strong>Schutz sein<\/strong>.<\/p>\n\n\n\n<h3 class=\"wp-block-heading\"><strong>Richtiger Gebrauch:<\/strong><\/h3>\n\n\n\n<ol start=\"1\" class=\"wp-block-list\">\n<li><strong>Keine &#8222;Zauberformel&#8220;<\/strong>, sondern im Glauben<\/li>\n\n\n\n<li><strong>Pers\u00f6nliches Gebet<\/strong>\u00a0in Versuchungen<\/li>\n\n\n\n<li><strong>Kombiniert mit Schutzpsalmen<\/strong>\u00a0(wie 91 oder 35)<\/li>\n<\/ol>\n\n\n\n<hr class=\"wp-block-separator has-alpha-channel-opacity\"\/>\n\n\n\n<h2 class=\"wp-block-heading\"><strong>Schluss: Eine vergessene &#8211; aber nicht verlorene &#8211; Waffe<\/strong><\/h2>\n\n\n\n<p><strong>Psalm 67\/68<\/strong>&nbsp;ist nicht verflucht, sondern&nbsp;<strong>gesegnet<\/strong>, denn er verk\u00fcndet Gottes Sieg. Seine Kraft kommt nicht aus den Worten, sondern aus&nbsp;<strong>Christi Autorit\u00e4t<\/strong>&nbsp;(Lk 10,19).<\/p>\n\n\n\n<p>Heute m\u00fcssen wir&nbsp;<strong>die spirituellen Waffen der Tradition neu entdecken<\/strong>.&nbsp;<strong>Wagen Sie es, diesen Psalm in Ihrem Kampf zu beten?<\/strong><\/p>\n\n\n\n<blockquote class=\"wp-block-quote is-layout-flow wp-block-quote-is-layout-flow\">\n<p><em>&#8222;Gelobt sei der Herr t\u00e4glich!&#8220;<\/em>&nbsp;(V. 20)<\/p>\n<\/blockquote>\n\n\n\n<p><strong>Haben Sie diesen Psalm schon verwendet?<\/strong>&nbsp;Berichten Sie in den Kommentaren!<\/p>\n\n\n\n<hr class=\"wp-block-separator has-alpha-channel-opacity\"\/>\n\n\n\n<p><em>[Hinweis: Dieser Artikel dient der Information und ersetzt keine seelsorgerische Begleitung. Bei schweren d\u00e4monischen Belastungen suchen Sie kirchliche Hilfe.]<\/em><\/p>\n","protected":false},"excerpt":{"rendered":"<p>&#8222;Gott steht auf, seine Feinde zerstreuen sich&#8230; Wie Rauch verweht wird, so verwehe sie! Wie Wachs zerschmilzt vor dem Feuer, so vergehen die Gottlosen vor Gott.&#8220;&nbsp;(Psalm 68,2-3) In den dunklen G\u00e4ngen der Kirchengeschichte, zwischen Exorzismen und spirituellen Schlachten, gab es eine m\u00e4chtige Waffe &#8211; einen Psalm, der von D\u00e4monen so gef\u00fcrchtet wurde, dass Priester ihn &hellip;<\/p>\n","protected":false},"author":3,"featured_media":2986,"comment_status":"open","ping_status":"open","sticky":false,"template":"","format":"standard","meta":{"_seopress_robots_primary_cat":"","_seopress_titles_title":"","_seopress_titles_desc":"","_seopress_robots_index":"","footnotes":""},"categories":[58,40],"tags":[960],"class_list":["post-2985","post","type-post","status-publish","format-standard","has-post-thumbnail","","category-gebet-und-geistliches-leben","category-gebet-und-spiritualitaet","tag-verfluchte-psalm"],"_links":{"self":[{"href":"https:\/\/catholicus.eu\/de\/wp-json\/wp\/v2\/posts\/2985","targetHints":{"allow":["GET"]}}],"collection":[{"href":"https:\/\/catholicus.eu\/de\/wp-json\/wp\/v2\/posts"}],"about":[{"href":"https:\/\/catholicus.eu\/de\/wp-json\/wp\/v2\/types\/post"}],"author":[{"embeddable":true,"href":"https:\/\/catholicus.eu\/de\/wp-json\/wp\/v2\/users\/3"}],"replies":[{"embeddable":true,"href":"https:\/\/catholicus.eu\/de\/wp-json\/wp\/v2\/comments?post=2985"}],"version-history":[{"count":1,"href":"https:\/\/catholicus.eu\/de\/wp-json\/wp\/v2\/posts\/2985\/revisions"}],"predecessor-version":[{"id":2987,"href":"https:\/\/catholicus.eu\/de\/wp-json\/wp\/v2\/posts\/2985\/revisions\/2987"}],"wp:featuredmedia":[{"embeddable":true,"href":"https:\/\/catholicus.eu\/de\/wp-json\/wp\/v2\/media\/2986"}],"wp:attachment":[{"href":"https:\/\/catholicus.eu\/de\/wp-json\/wp\/v2\/media?parent=2985"}],"wp:term":[{"taxonomy":"category","embeddable":true,"href":"https:\/\/catholicus.eu\/de\/wp-json\/wp\/v2\/categories?post=2985"},{"taxonomy":"post_tag","embeddable":true,"href":"https:\/\/catholicus.eu\/de\/wp-json\/wp\/v2\/tags?post=2985"}],"curies":[{"name":"wp","href":"https:\/\/api.w.org\/{rel}","templated":true}]}}