{"id":2973,"date":"2025-03-30T21:01:59","date_gmt":"2025-03-30T19:01:59","guid":{"rendered":"https:\/\/catholicus.eu\/de\/?p=2973"},"modified":"2025-03-30T21:01:59","modified_gmt":"2025-03-30T19:01:59","slug":"das-gebet-das-das-schicksal-der-verstorbenen-aendern-kann-und-die-kirche-erlaubt-es","status":"publish","type":"post","link":"https:\/\/catholicus.eu\/de\/das-gebet-das-das-schicksal-der-verstorbenen-aendern-kann-und-die-kirche-erlaubt-es\/","title":{"rendered":"Das Gebet, das das Schicksal der Verstorbenen \u00e4ndern kann (und die Kirche erlaubt es)"},"content":{"rendered":"\n<h2 class=\"wp-block-heading\"><strong>Einf\u00fchrung: Ein Geheimnis der Barmherzigkeit<\/strong><\/h2>\n\n\n\n<p>In der Stille eines Friedhofs, vor einem schlichten Grab oder in der Intimit\u00e4t unseres Gebets stellt sich eine Frage, die die Jahrhunderte durchzieht:&nbsp;<em>K\u00f6nnen wir etwas f\u00fcr die tun, die diese Welt verlassen haben?<\/em>&nbsp;Die Antwort der Kirche ist ein klares&nbsp;<strong>Ja<\/strong>. Nicht nur k\u00f6nnen wir f\u00fcr sie beten, sondern unsere Gebete und Opfer k\u00f6nnen&nbsp;<strong>ihre L\u00e4uterung erleichtern<\/strong>&nbsp;und sogar&nbsp;<em>ihr ewiges Schicksal ver\u00e4ndern<\/em>.<\/p>\n\n\n\n<p>Dieser Artikel erforscht eine der tr\u00f6stlichsten und doch am wenigsten verstandenen Praktiken der katholischen Tradition:&nbsp;<strong>die Abl\u00e4sse f\u00fcr die Verstorbenen<\/strong>. Eine Lehre, die in der Heiligen Schrift verwurzelt ist, in der Tradition entwickelt wurde und heute noch als Akt der&nbsp;<strong>\u00fcbernat\u00fcrlichen N\u00e4chstenliebe<\/strong>&nbsp;relevant ist.<\/p>\n\n\n\n<hr class=\"wp-block-separator has-alpha-channel-opacity\"\/>\n\n\n\n<h2 class=\"wp-block-heading\"><strong>1. Was sind Abl\u00e4sse?<\/strong><\/h2>\n\n\n\n<p>Bevor wir vertiefen, wie sie den Verstorbenen helfen, ist es wichtig zu verstehen, was ein&nbsp;<strong>Ablass<\/strong>&nbsp;ist. Nach dem Katechismus der Katholischen Kirche (1471):<\/p>\n\n\n\n<blockquote class=\"wp-block-quote is-layout-flow wp-block-quote-is-layout-flow\">\n<p><em>&#8222;Der Ablass ist der Erlass zeitlicher S\u00fcndenstrafen vor Gott f\u00fcr S\u00fcnden, deren Schuld bereits vergeben ist. Ihn erlangt der entsprechend disponierte Gl\u00e4ubige unter genau bestimmten Voraussetzungen durch die Hilfe der Kirche.&#8220;<\/em><\/p>\n<\/blockquote>\n\n\n\n<p>Mit anderen Worten: Obwohl die S\u00fcnde in der Beichte vergeben wird, bleibt die &#8222;zeitliche Strafe&#8220; (die Folgen der S\u00fcnde), die in diesem Leben oder im&nbsp;<strong>Fegefeuer<\/strong>&nbsp;ges\u00fchnt werden muss. Die Kirche, als Verwalterin der&nbsp;<strong>geistlichen Sch\u00e4tze Christi und der Heiligen<\/strong>, kann Abl\u00e4sse gew\u00e4hren, um diese Strafe zu erlassen.<\/p>\n\n\n\n<h3 class=\"wp-block-heading\"><strong>Arten von Abl\u00e4ssen<\/strong><\/h3>\n\n\n\n<ul class=\"wp-block-list\">\n<li><strong>Vollkommener Ablass<\/strong>: Tilgt die gesamte zeitliche Strafe.<\/li>\n\n\n\n<li><strong>Teilablass<\/strong>: Erlass eines Teils der Strafe.<\/li>\n<\/ul>\n\n\n\n<hr class=\"wp-block-separator has-alpha-channel-opacity\"\/>\n\n\n\n<h2 class=\"wp-block-heading\"><strong>2. Abl\u00e4sse f\u00fcr die Verstorbenen: Ein Liebesakt, der den Tod \u00fcberwindet<\/strong><\/h2>\n\n\n\n<p>Das&nbsp;<strong>Dogma vom Fegefeuer<\/strong>&nbsp;(definiert auf den Konzilien von Lyon II und Trient) lehrt, dass viele Seelen, obwohl gerettet, eine letzte L\u00e4uterung ben\u00f6tigen, bevor sie in den Himmel eintreten.&nbsp;<strong>Unsere Gebete und guten Werke k\u00f6nnen ihnen helfen.<\/strong><\/p>\n\n\n\n<h3 class=\"wp-block-heading\"><strong>Wie funktioniert das?<\/strong><\/h3>\n\n\n\n<p>Die Kirche erlaubt den Gl\u00e4ubigen,&nbsp;<strong>Abl\u00e4sse<\/strong>&nbsp;(besonders vollkommene) den Seelen im Fegefeuer zuzuwenden. Dies ist keine &#8222;Magie&#8220; oder ein &#8222;geistlicher Handel&#8220;, sondern ein Akt der&nbsp;<strong>Gemeinschaft der Heiligen<\/strong>, wo die streitende Kirche (wir) f\u00fcr die leidende Kirche (die Verstorbenen) eintritt.<\/p>\n\n\n\n<h3 class=\"wp-block-heading\"><strong>Bedingungen f\u00fcr einen vollkommenen Ablass f\u00fcr einen Verstorbenen<\/strong><\/h3>\n\n\n\n<ol start=\"1\" class=\"wp-block-list\">\n<li><strong>Beichte<\/strong>\u00a0(in zeitlicher N\u00e4he zum Ablasswerk).<\/li>\n\n\n\n<li><strong>Eucharistischer Empfang<\/strong>.<\/li>\n\n\n\n<li><strong>Gebet f\u00fcr die Anliegen des Papstes<\/strong>\u00a0(ein Vaterunser und Gegr\u00fc\u00dfet seist du Maria gen\u00fcgen).<\/li>\n\n\n\n<li><strong>V\u00f6llige Abkehr von jeder S\u00fcnde<\/strong>, auch l\u00e4sslicher.<\/li>\n\n\n\n<li><strong>Verrichtung des vorgeschriebenen Werkes<\/strong>\u00a0mit Andacht (z.B. Rosenkranzgebet auf einem Friedhof).<\/li>\n<\/ol>\n\n\n\n<hr class=\"wp-block-separator has-alpha-channel-opacity\"\/>\n\n\n\n<h2 class=\"wp-block-heading\"><strong>3. Biblische Urspr\u00fcnge und Tradition<\/strong><\/h2>\n\n\n\n<h3 class=\"wp-block-heading\"><strong>In der Heiligen Schrift<\/strong><\/h3>\n\n\n\n<ul class=\"wp-block-list\">\n<li><strong>2 Makkab\u00e4er 12,44-45<\/strong>: Judas Makkab\u00e4us befiehlt Opfer f\u00fcr gefallene Soldaten, was zeigt, dass\u00a0<em>&#8222;es heilsam und gut ist, f\u00fcr die Verstorbenen zu beten&#8220;<\/em>.<\/li>\n\n\n\n<li><strong>1 Korinther 3,15<\/strong>: Paulus spricht davon, &#8222;gerettet zu werden, doch so wie durch Feuer hindurch&#8220; \u2013 eine Anspielung auf das Fegefeuer.<\/li>\n<\/ul>\n\n\n\n<h3 class=\"wp-block-heading\"><strong>Bei den Kirchenv\u00e4tern<\/strong><\/h3>\n\n\n\n<ul class=\"wp-block-list\">\n<li><strong>Augustinus<\/strong>\u00a0schrieb:\u00a0<em>&#8222;Das Gebet der Kirche oder frommer Menschen wird f\u00fcr die Verstorbenen erh\u00f6rt.&#8220;<\/em><\/li>\n\n\n\n<li><strong>Gregor der Gro\u00dfe<\/strong>\u00a0berichtet, wie Messen den M\u00f6nch Justus von seinen Leiden befreiten.<\/li>\n<\/ul>\n\n\n\n<h3 class=\"wp-block-heading\"><strong>Im Mittelalter<\/strong><\/h3>\n\n\n\n<p>Abl\u00e4sse entwickelten sich als Anwendung der Verdienste Christi und der Heiligen. Das&nbsp;<strong>Konzil von Trient<\/strong>&nbsp;(1545-1563) verteidigte sie gegen protestantische Kritik und erkl\u00e4rte, sie seien kein &#8222;Handel&#8220;, sondern ein Geschenk der&nbsp;<strong>G\u00f6ttlichen Barmherzigkeit<\/strong>.<\/p>\n\n\n\n<hr class=\"wp-block-separator has-alpha-channel-opacity\"\/>\n\n\n\n<h2 class=\"wp-block-heading\"><strong>4. Warum ist das heute relevant?<\/strong><\/h2>\n\n\n\n<p>In einer Welt, die den Tod verharmlost oder auf &#8222;sentimentale Erinnerung&#8220; reduziert, erinnert uns die Lehre vom Fegefeuer und den Abl\u00e4ssen:<\/p>\n\n\n\n<ol start=\"1\" class=\"wp-block-list\">\n<li><strong>Der Tod zerbricht nicht die Liebesbande<\/strong>: Wir bleiben in Christus vereint.<\/li>\n\n\n\n<li><strong>Gottes Gerechtigkeit ist auch Barmherzigkeit<\/strong>: Das Fegefeuer ist nicht Strafe, sondern L\u00e4uterung.<\/li>\n\n\n\n<li><strong>Unsere Gebete haben reale Macht<\/strong>: Sie sind mehr als blo\u00dfe W\u00fcnsche.<\/li>\n<\/ol>\n\n\n\n<h3 class=\"wp-block-heading\"><strong>Werke, die Abl\u00e4sse f\u00fcr Verstorbene gewinnen k\u00f6nnen<\/strong><\/h3>\n\n\n\n<ul class=\"wp-block-list\">\n<li><strong>Friedhofsbesuch<\/strong>\u00a0(1.-8. November, t\u00e4glich vollkommener Ablass m\u00f6glich).<\/li>\n\n\n\n<li><strong>Rosenkranzgebet<\/strong>\u00a0in Familie oder Kirche.<\/li>\n\n\n\n<li><strong>Eucharistische Anbetung<\/strong>\u00a0(mindestens 30 Minuten).<\/li>\n\n\n\n<li><strong>Bibellesung<\/strong>\u00a0(mindestens eine halbe Stunde).<\/li>\n<\/ul>\n\n\n\n<hr class=\"wp-block-separator has-alpha-channel-opacity\"\/>\n\n\n\n<h2 class=\"wp-block-heading\"><strong>5. Schluss: Eine Gebetskette, die nie zerbricht<\/strong><\/h2>\n\n\n\n<p>In jeder Messe, jedem Rosenkranz, jedem Friedhofsbesuch sagen wir unseren Verstorbenen:&nbsp;<em>&#8222;Ich vergesse euch nicht. Ich helfe euch, das Licht zu erreichen.&#8220;<\/em><\/p>\n\n\n\n<p><strong>Sie k\u00f6nnen heute etwas f\u00fcr sie tun.<\/strong>&nbsp;Die Kirche gibt Ihnen die Mittel. Es fehlt nur Ihr&nbsp;<strong>Glaube und Ihre Liebe<\/strong>.<\/p>\n\n\n\n<blockquote class=\"wp-block-quote is-layout-flow wp-block-quote-is-layout-flow\">\n<p><em>&#8222;Die Liebe deckt viele S\u00fcnden zu&#8220;<\/em>&nbsp;(1 Petrus 4,8). Und diese Liebe kann \u00fcber den Tod hinausreichen.<\/p>\n<\/blockquote>\n\n\n\n<p><strong>F\u00fcr welche Seele werden Sie heute beten?<\/strong><\/p>\n\n\n\n<hr class=\"wp-block-separator has-alpha-channel-opacity\"\/>\n\n\n\n<h3 class=\"wp-block-heading\"><strong>Abschlie\u00dfendes Gebet f\u00fcr die Verstorbenen<\/strong><\/h3>\n\n\n\n<p><em>&#8222;Gott, du hast deine Kinder durch das Blut Christi erl\u00f6st, schenke den Verstorbenen Vergebung ihrer S\u00fcnden und die Herrlichkeit deiner Gegenwart. Durch Christus, unseren Herrn. Amen.&#8220;<\/em><\/p>\n\n\n\n<hr class=\"wp-block-separator has-alpha-channel-opacity\"\/>\n\n\n\n<p>Dieser Artikel ist nicht nur Theorie \u2013 es ist ein&nbsp;<strong>Aufruf zum Handeln<\/strong>. Die Ewigkeit wird Ihnen f\u00fcr Ihre Gro\u00dfherzigkeit danken.&nbsp;<strong>Beten Sie heute f\u00fcr sie!<\/strong><\/p>\n","protected":false},"excerpt":{"rendered":"<p>Einf\u00fchrung: Ein Geheimnis der Barmherzigkeit In der Stille eines Friedhofs, vor einem schlichten Grab oder in der Intimit\u00e4t unseres Gebets stellt sich eine Frage, die die Jahrhunderte durchzieht:&nbsp;K\u00f6nnen wir etwas f\u00fcr die tun, die diese Welt verlassen haben?&nbsp;Die Antwort der Kirche ist ein klares&nbsp;Ja. Nicht nur k\u00f6nnen wir f\u00fcr sie beten, sondern unsere Gebete und &hellip;<\/p>\n","protected":false},"author":3,"featured_media":2974,"comment_status":"open","ping_status":"open","sticky":false,"template":"","format":"standard","meta":{"_seopress_robots_primary_cat":"","_seopress_titles_title":"","_seopress_titles_desc":"","_seopress_robots_index":"","footnotes":""},"categories":[58,40],"tags":[108,827],"class_list":["post-2973","post","type-post","status-publish","format-standard","has-post-thumbnail","","category-gebet-und-geistliches-leben","category-gebet-und-spiritualitaet","tag-ablaesse","tag-fegefeuer"],"_links":{"self":[{"href":"https:\/\/catholicus.eu\/de\/wp-json\/wp\/v2\/posts\/2973","targetHints":{"allow":["GET"]}}],"collection":[{"href":"https:\/\/catholicus.eu\/de\/wp-json\/wp\/v2\/posts"}],"about":[{"href":"https:\/\/catholicus.eu\/de\/wp-json\/wp\/v2\/types\/post"}],"author":[{"embeddable":true,"href":"https:\/\/catholicus.eu\/de\/wp-json\/wp\/v2\/users\/3"}],"replies":[{"embeddable":true,"href":"https:\/\/catholicus.eu\/de\/wp-json\/wp\/v2\/comments?post=2973"}],"version-history":[{"count":1,"href":"https:\/\/catholicus.eu\/de\/wp-json\/wp\/v2\/posts\/2973\/revisions"}],"predecessor-version":[{"id":2975,"href":"https:\/\/catholicus.eu\/de\/wp-json\/wp\/v2\/posts\/2973\/revisions\/2975"}],"wp:featuredmedia":[{"embeddable":true,"href":"https:\/\/catholicus.eu\/de\/wp-json\/wp\/v2\/media\/2974"}],"wp:attachment":[{"href":"https:\/\/catholicus.eu\/de\/wp-json\/wp\/v2\/media?parent=2973"}],"wp:term":[{"taxonomy":"category","embeddable":true,"href":"https:\/\/catholicus.eu\/de\/wp-json\/wp\/v2\/categories?post=2973"},{"taxonomy":"post_tag","embeddable":true,"href":"https:\/\/catholicus.eu\/de\/wp-json\/wp\/v2\/tags?post=2973"}],"curies":[{"name":"wp","href":"https:\/\/api.w.org\/{rel}","templated":true}]}}