{"id":2861,"date":"2025-03-25T23:06:58","date_gmt":"2025-03-25T22:06:58","guid":{"rendered":"https:\/\/catholicus.eu\/de\/?p=2861"},"modified":"2025-03-25T23:06:58","modified_gmt":"2025-03-25T22:06:58","slug":"die-maertyrer-der-vendee-der-katholische-holocaust-den-die-welt-nicht-vergessen-darf-blut-glaube-und-eine-ewige-lehre-fuer-unsere-zeit","status":"publish","type":"post","link":"https:\/\/catholicus.eu\/de\/die-maertyrer-der-vendee-der-katholische-holocaust-den-die-welt-nicht-vergessen-darf-blut-glaube-und-eine-ewige-lehre-fuer-unsere-zeit\/","title":{"rendered":"Die M\u00e4rtyrer der Vend\u00e9e: Der katholische Holocaust, den die Welt nicht vergessen darf \u2013 Blut, Glaube und eine ewige Lehre f\u00fcr unsere Zeit"},"content":{"rendered":"\n<h3 class=\"wp-block-heading\"><strong>Einf\u00fchrung: Eine verschwiegene Geschichte, ein unersch\u00fctterlicher Glaube<\/strong><\/h3>\n\n\n\n<p>In weltgeschichtlichen B\u00fcchern wird die Franz\u00f6sische Revolution oft als Freiheitskampf gegen Unterdr\u00fcckung dargestellt. Doch es gibt ein blutiges Kapitel, das selten erw\u00e4hnt wird:&nbsp;<em>der V\u00f6lkermord in der Vend\u00e9e<\/em>, wo zehntausende Katholiken \u2013 M\u00e4nner, Frauen und Kinder \u2013 allein f\u00fcr das &#8222;Verbrechen&#8220; ermordet wurden, Gott und der Kirche treu zu bleiben.<\/p>\n\n\n\n<p>Dies ist nicht nur ein historischer Bericht, sondern ein&nbsp;<em>Spiegel<\/em>&nbsp;f\u00fcr unsere Zeit, in der der Glaube unter neuen Vorw\u00e4nden wieder verfolgt wird. Die M\u00e4rtyrer der Vend\u00e9e sind nicht umsonst gestorben: Ihr Blut ist der Samen der Heiligkeit und ihr Zeugnis ein Kompass f\u00fcr heutige Katholiken.<\/p>\n\n\n\n<hr class=\"wp-block-separator has-alpha-channel-opacity\"\/>\n\n\n\n<h3 class=\"wp-block-heading\"><strong>I. Der Ursprung der Verfolgung: Als die Revolution Gott den Krieg erkl\u00e4rte<\/strong><\/h3>\n\n\n\n<p>Die Franz\u00f6sische Revolution (1789) war nicht nur ein politischer Umsturz, sondern eine&nbsp;<em>Rebellion gegen die g\u00f6ttliche und nat\u00fcrliche Ordnung<\/em>. Unter dem Motto&nbsp;<em>&#8222;Freiheit, Gleichheit, Br\u00fcderlichkeit&#8220;<\/em>&nbsp;wurde der K\u00f6nig hingerichtet, Kirchen gesch\u00e4ndet und der&nbsp;<em>Kult der Vernunft<\/em>&nbsp;eingef\u00fchrt, der Gottes Altar durch den Altar des Menschen ersetzte.<\/p>\n\n\n\n<p>1793 beschloss der Nationalkonvent die&nbsp;<em>Massenaushebung<\/em>&nbsp;(Zwangsrekrutierung) f\u00fcr den Krieg gegen europ\u00e4ische M\u00e4chte. Doch im&nbsp;<em>Vend\u00e9e<\/em>, einer tief katholischen und royalistischen Region, weigerten sich die Menschen, ihre S\u00f6hne f\u00fcr ein vom Glauben abgefallenes Regime k\u00e4mpfen zu lassen.<\/p>\n\n\n\n<p>Die Antwort der Revolutionsregierung war brutal:&nbsp;<em>&#8222;Vernichtet die barbarischen Vend\u00e9er&#8230; Kein Rebell darf am Leben bleiben&#8220;<\/em>&nbsp;(Befehl des Konvents, 1793). So begann der erste&nbsp;<em>ideologische V\u00f6lkermord<\/em>&nbsp;der Neuzeit.<\/p>\n\n\n\n<hr class=\"wp-block-separator has-alpha-channel-opacity\"\/>\n\n\n\n<h3 class=\"wp-block-heading\"><strong>II. Der Vend\u00e9e-Krieg: Bauern als Kreuzfahrer und die Armee des Heiligsten Herzens<\/strong><\/h3>\n\n\n\n<p>Die Vend\u00e9er waren keine Berufssoldaten. Es waren&nbsp;<em>Bauern, Priester, treue Adelige und ganze Familien<\/em>, die unter dem Ruf&nbsp;<em>&#8222;F\u00fcr Gott und den K\u00f6nig!&#8220;<\/em>&nbsp;aufstanden. Sie trugen das&nbsp;<em>Heiligste Herz Jesu<\/em>&nbsp;auf ihre Kleider gestickt und empfingen vor jedem Kampf den Segen begleitender Priester.<\/p>\n\n\n\n<p><strong>Schl\u00fcsselschlachten:<\/strong><\/p>\n\n\n\n<ul class=\"wp-block-list\">\n<li><strong>Cholet (1793):<\/strong>\u00a0Niederlage der Vend\u00e9er, doch ihr Geist blieb ungebrochen.<\/li>\n\n\n\n<li><strong>Le Mans (1793):<\/strong>\u00a0Tausende Zivilisten massakriert, darunter Kinder.<\/li>\n\n\n\n<li><strong>Nantes:<\/strong>\u00a0Massenertr\u00e4nkungen in der Loire (&#8222;Noyaden&#8220;), wo Priester und Frauen in Lastk\u00e4hnen ertr\u00e4nkt wurden.<\/li>\n<\/ul>\n\n\n\n<p>Doch das schlimmste Grauen brachten die&nbsp;<em>&#8222;H\u00f6llenkolonnen&#8220;<\/em>&nbsp;unter General Turreau, die D\u00f6rfer niederbrannten, Frauen vergewaltigten und Kinder t\u00f6teten, um&nbsp;<em>&#8222;jede Wurzel des Aberglaubens&#8220;<\/em>&nbsp;(wie sie den katholischen Glauben nannten) auszurotten.<\/p>\n\n\n\n<p><strong>Ersch\u00fctternde Zahlen:<\/strong><\/p>\n\n\n\n<ul class=\"wp-block-list\">\n<li>Zwischen\u00a0<em>117.000 und 400.000 Tote<\/em>\u00a0(laut Historikern)<\/li>\n\n\n\n<li><em>Tausende Priester get\u00f6tet oder deportiert<\/em><\/li>\n\n\n\n<li><em>Kirchen zu Pferdest\u00e4llen oder Tempeln der Vernunft umgewandelt<\/em><\/li>\n<\/ul>\n\n\n\n<hr class=\"wp-block-separator has-alpha-channel-opacity\"\/>\n\n\n\n<h3 class=\"wp-block-heading\"><strong>III. Die theologische Bedeutung: Warum sind sie M\u00e4rtyrer?<\/strong><\/h3>\n\n\n\n<p>Die Kirche definiert&nbsp;<em>Martyrium<\/em>&nbsp;als Tod, der&nbsp;<em>aus Hass gegen den Glauben<\/em>&nbsp;erlitten wird (nicht nur aus politischen Gr\u00fcnden). Die Vend\u00e9er k\u00e4mpften nicht nur f\u00fcr einen irdischen K\u00f6nig, sondern&nbsp;<em>f\u00fcr Christus den K\u00f6nig<\/em>.<\/p>\n\n\n\n<p><strong>Ihre Gr\u00f6\u00dfe zeigt sich darin:<\/strong><\/p>\n\n\n\n<ol start=\"1\" class=\"wp-block-list\">\n<li><strong>M\u00e4rtyrer der Eucharistie:<\/strong>\u00a0Viele starben, um das Allerheiligste vor Entweihung zu sch\u00fctzen.<\/li>\n\n\n\n<li><strong>M\u00e4rtyrer des Bekenntnisses:<\/strong>\u00a0Priester wurden hingerichtet, weil sie den Eid auf die\u00a0<em>Zivilverfassung des Klerus<\/em>\u00a0(ein schismatisches Dokument) verweigerten.<\/li>\n\n\n\n<li><strong>M\u00e4rtyrer der Familie:<\/strong>\u00a0Ganze Familien wurden ausgerottet, weil sie ihre Kinder im Glauben erzogen.<\/li>\n<\/ol>\n\n\n\n<p>Wie Papst Pius X. schrieb:&nbsp;<em>&#8222;Die Vend\u00e9e ist heiliger Boden, getr\u00e4nkt mit dem Blut von M\u00e4rtyrern&#8230; die bis in den Tod f\u00fcr das soziale K\u00f6nigtum Christi Zeugnis ablegten.&#8220;<\/em><\/p>\n\n\n\n<hr class=\"wp-block-separator has-alpha-channel-opacity\"\/>\n\n\n\n<h3 class=\"wp-block-heading\"><strong>IV. Die Vend\u00e9e heute: Lehren f\u00fcr eine Welt, die Christen wieder verfolgt<\/strong><\/h3>\n\n\n\n<p>Der moderne S\u00e4kularismus benutzt zwar keine Guillotinen mehr, aber er verk\u00fcndet weiter&nbsp;<em>&#8222;Gott ist tot&#8220;<\/em>. Die Vend\u00e9e-M\u00e4rtyrer lehren uns heute:<\/p>\n\n\n\n<ol start=\"1\" class=\"wp-block-list\">\n<li><strong>Glaube ist nicht verhandelbar:<\/strong>\u00a0Wie sie m\u00fcssen wir Gesetze ablehnen, die der katholischen Moral widersprechen (Abtreibung, Gender-Ideologie).<\/li>\n\n\n\n<li><strong>Die Familie als Bollwerk des Glaubens:<\/strong>\u00a0Sie starben f\u00fcr Ehe und Leben \u2013 heute ist die Familie erneut Schlachtfeld.<\/li>\n\n\n\n<li><strong>Christus der K\u00f6nig, nicht der Staat:<\/strong>\u00a0Wenn die Welt verlangt, dass wir G\u00f6tzen (Konsumismus, Relativismus) anbeten, muss unsere Antwort die der Vend\u00e9e sein:\u00a0<em>&#8222;Gott zuerst!&#8220;<\/em><\/li>\n<\/ol>\n\n\n\n<p><strong>Wiederholt sich die Geschichte?<\/strong>&nbsp;In China, Nigeria oder Kanada (wo Eltern das Sorgerecht verlieren, wenn sie Kinder im Glauben erziehen) zeigt sich dasselbe Muster.&nbsp;<em>Die Vend\u00e9e war kein Ende, sondern ein Widerstandsmodell.<\/em><\/p>\n\n\n\n<hr class=\"wp-block-separator has-alpha-channel-opacity\"\/>\n\n\n\n<h3 class=\"wp-block-heading\"><strong>Schluss: Ihr Blut schreit vom Boden<\/strong><\/h3>\n\n\n\n<p>Die Vend\u00e9e-M\u00e4rtyrer sind nicht blo\u00df &#8222;Opfer&#8220;. Sie sind&nbsp;<em>Zeugen<\/em>, dass es etwas Wertvolleres gibt als das Leben:&nbsp;<em>die ewige Wahrheit<\/em>. Ihr Opfer fordert uns heute heraus:<\/p>\n\n\n\n<ul class=\"wp-block-list\">\n<li><strong>Sind wir bereit, treu zu bleiben, selbst wenn es uns etwas kostet?<\/strong><\/li>\n\n\n\n<li><strong>Oder werden wir wie jene sein, die 1793 aus Angst den Glauben verrieten?<\/strong><\/li>\n<\/ul>\n\n\n\n<p>M\u00f6ge ihr Beispiel uns st\u00e4rken. M\u00f6ge ihr Blut, vereint mit dem Christi, eine neue Bl\u00fcte des Glaubens bewirken. Und m\u00f6gen wir wie sie der Welt verk\u00fcnden:<\/p>\n\n\n\n<p><em>&#8222;Meine Seele preist die Gr\u00f6\u00dfe des Herrn, und mein Geist jubelt \u00fcber Gott, meinen Retter&#8220;<\/em>&nbsp;(Lk 1,46-47).<\/p>\n\n\n\n<p><strong>Die Vend\u00e9e lebt! Christus herrscht!<\/strong><\/p>\n\n\n\n<hr class=\"wp-block-separator has-alpha-channel-opacity\"\/>\n\n\n\n<p><em>Hat Sie diese Geschichte ber\u00fchrt? Teilen Sie sie. Damit die Welt nicht vergisst.<\/em><\/p>\n\n\n\n[<strong>Gebet f\u00fcr die M\u00e4rtyrer der Vend\u00e9e<\/strong>]<br><em>&#8222;Allm\u00e4chtiger Gott, du hast den M\u00e4rtyrern der Vend\u00e9e die Gnade geschenkt, ihr Leben f\u00fcr den Glauben hinzugeben. Hilf uns, ihren Mut in der Pr\u00fcfung nachzuahmen. Durch Christus, unseren K\u00f6nig. Amen.&#8220;<\/em><\/p>\n\n\n\n<hr class=\"wp-block-separator has-alpha-channel-opacity\"\/>\n\n\n\n<p><strong>Vertiefende Empfehlungen:<\/strong><\/p>\n\n\n\n<ul class=\"wp-block-list\">\n<li><em>&#8222;Der franz\u00f6sisch-franz\u00f6sische V\u00f6lkermord: Die Vend\u00e9e&#8220;<\/em>\u00a0von Reynald Secher<\/li>\n\n\n\n<li><em>&#8222;M\u00e4rtyrer der Franz\u00f6sischen Revolution&#8220;<\/em>\u00a0von Abb\u00e9 Pierre-Marie Lauren\u00e7on<\/li>\n\n\n\n<li>Dokumentation\u00a0<em>&#8222;Der Krieg der G\u00f6tter&#8220;<\/em>\u00a0(YouTube)<\/li>\n<\/ul>\n\n\n\n<p><em>Diskutieren Sie mit: Kannten Sie diese Geschichte? Wie leben Sie ihr Beispiel heute?<\/em><\/p>\n","protected":false},"excerpt":{"rendered":"<p>Einf\u00fchrung: Eine verschwiegene Geschichte, ein unersch\u00fctterlicher Glaube In weltgeschichtlichen B\u00fcchern wird die Franz\u00f6sische Revolution oft als Freiheitskampf gegen Unterdr\u00fcckung dargestellt. Doch es gibt ein blutiges Kapitel, das selten erw\u00e4hnt wird:&nbsp;der V\u00f6lkermord in der Vend\u00e9e, wo zehntausende Katholiken \u2013 M\u00e4nner, Frauen und Kinder \u2013 allein f\u00fcr das &#8222;Verbrechen&#8220; ermordet wurden, Gott und der Kirche treu zu &hellip;<\/p>\n","protected":false},"author":3,"featured_media":2862,"comment_status":"open","ping_status":"open","sticky":false,"template":"","format":"standard","meta":{"_seopress_robots_primary_cat":"","_seopress_titles_title":"","_seopress_titles_desc":"","_seopress_robots_index":"","footnotes":""},"categories":[41,67],"tags":[916,495],"class_list":["post-2861","post","type-post","status-publish","format-standard","has-post-thumbnail","","category-glaube-und-kultur","category-glaubenszeugnisse","tag-der-vendee","tag-maertyrer"],"_links":{"self":[{"href":"https:\/\/catholicus.eu\/de\/wp-json\/wp\/v2\/posts\/2861","targetHints":{"allow":["GET"]}}],"collection":[{"href":"https:\/\/catholicus.eu\/de\/wp-json\/wp\/v2\/posts"}],"about":[{"href":"https:\/\/catholicus.eu\/de\/wp-json\/wp\/v2\/types\/post"}],"author":[{"embeddable":true,"href":"https:\/\/catholicus.eu\/de\/wp-json\/wp\/v2\/users\/3"}],"replies":[{"embeddable":true,"href":"https:\/\/catholicus.eu\/de\/wp-json\/wp\/v2\/comments?post=2861"}],"version-history":[{"count":1,"href":"https:\/\/catholicus.eu\/de\/wp-json\/wp\/v2\/posts\/2861\/revisions"}],"predecessor-version":[{"id":2863,"href":"https:\/\/catholicus.eu\/de\/wp-json\/wp\/v2\/posts\/2861\/revisions\/2863"}],"wp:featuredmedia":[{"embeddable":true,"href":"https:\/\/catholicus.eu\/de\/wp-json\/wp\/v2\/media\/2862"}],"wp:attachment":[{"href":"https:\/\/catholicus.eu\/de\/wp-json\/wp\/v2\/media?parent=2861"}],"wp:term":[{"taxonomy":"category","embeddable":true,"href":"https:\/\/catholicus.eu\/de\/wp-json\/wp\/v2\/categories?post=2861"},{"taxonomy":"post_tag","embeddable":true,"href":"https:\/\/catholicus.eu\/de\/wp-json\/wp\/v2\/tags?post=2861"}],"curies":[{"name":"wp","href":"https:\/\/api.w.org\/{rel}","templated":true}]}}