{"id":2846,"date":"2025-03-24T23:06:46","date_gmt":"2025-03-24T22:06:46","guid":{"rendered":"https:\/\/catholicus.eu\/de\/?p=2846"},"modified":"2025-03-24T23:06:46","modified_gmt":"2025-03-24T22:06:46","slug":"vesper-und-komplet-die-schoenheit-des-gebets-das-den-tag-in-der-liturgie-der-stunden-beschliesst","status":"publish","type":"post","link":"https:\/\/catholicus.eu\/de\/vesper-und-komplet-die-schoenheit-des-gebets-das-den-tag-in-der-liturgie-der-stunden-beschliesst\/","title":{"rendered":"Vesper und Komplet: Die Sch\u00f6nheit des Gebets, das den Tag in der Liturgie der Stunden beschlie\u00dft"},"content":{"rendered":"\n<p>In einer hektischen Welt, in der die Zeit uns durch die Finger zu gleiten scheint, schenkt uns die katholische Kirche einen geistlichen Schatz, der uns einl\u00e4dt innezuhalten, zu atmen und unser Herz zu Gott zu erheben: die Liturgie der Stunden. In diesem gemeinschaftlichen und universellen Gebet ragen zwei Momente durch ihre Tiefe und Sch\u00f6nheit hervor: die Vesper und die Komplet. Diese Gebete, die den Abend und das Ende des Tages markieren, sind nicht nur liturgische Handlungen, sondern innige Begegnungen mit dem Sch\u00f6pfer. In diesem Artikel werden wir ihren Ursprung, ihre Geschichte, ihre theologische Bedeutung und ihre Relevanz f\u00fcr unser t\u00e4gliches Leben erforschen.<\/p>\n\n\n\n<hr class=\"wp-block-separator has-alpha-channel-opacity\"\/>\n\n\n\n<h3 class=\"wp-block-heading\"><strong>Der Ursprung der Liturgie der Stunden: Eine Tradition von oben<\/strong><\/h3>\n\n\n\n<p>Die Liturgie der Stunden, auch Stundengebet genannt, hat ihre Wurzeln in der j\u00fcdischen Tradition. Die ersten Christen, viele von ihnen j\u00fcdische Konvertiten, setzten die Praxis fort, zu bestimmten Tageszeiten zu beten, wie es das Volk Israel tat. Das Buch der Psalmen, das im Zentrum dieses Gebets steht, war bereits das Herz des Gebets im Tempel von Jerusalem.<\/p>\n\n\n\n<p>Im Neuen Testament sehen wir, wie die Apostel und die ersten Christen zu festgelegten Stunden beteten. Die Apostelgeschichte berichtet, dass Petrus und Johannes zur &#8222;Stunde des Gebets, der neunten Stunde&#8220; in den Tempel hinaufgingen (Apg 3,1). Diese Praxis festigte sich in der fr\u00fchen Kirche, und ab dem 4. Jahrhundert begannen M\u00f6nche und religi\u00f6se Gemeinschaften, diese Gebete zu dem zu strukturieren, was wir heute als Liturgie der Stunden kennen.<\/p>\n\n\n\n<p>Vesper und Komplet entstanden insbesondere als Schl\u00fcsselmomente, um den Tag zu heiligen. Die Vesper, die in der Abendd\u00e4mmerung gebetet wird, und die Komplet vor dem Schlafengehen helfen uns, den Tag in Dankbarkeit und vertrauensvoller Hingabe an Gott zu beschlie\u00dfen.<\/p>\n\n\n\n<hr class=\"wp-block-separator has-alpha-channel-opacity\"\/>\n\n\n\n<h3 class=\"wp-block-heading\"><strong>Die Vesper: Das Gebet, das den Abend erleuchtet<\/strong><\/h3>\n\n\n\n<p>Die Vesper ist das Gebet, das das Ende des Arbeitstages und den Beginn des Abends markiert. Es ist ein \u00dcbergangsmoment, in dem das Tageslicht der Dunkelheit der Nacht weicht. In diesem Zusammenhang erh\u00e4lt die Vesper eine tiefe symbolische Bedeutung: Christus ist das Licht, das niemals erlischt, selbst wenn die Welt in Schatten geh\u00fcllt zu sein scheint.<\/p>\n\n\n\n<h4 class=\"wp-block-heading\"><strong>Struktur der Vesper<\/strong><\/h4>\n\n\n\n<ol start=\"1\" class=\"wp-block-list\">\n<li><strong>Er\u00f6ffnung<\/strong>: Beginnt mit dem Vers &#8222;Gott, komm mir zu Hilfe&#8220;, gefolgt von &#8222;Ehre sei dem Vater&#8220;. Diese Einleitung erinnert uns an unsere Abh\u00e4ngigkeit von Gott und seine st\u00e4ndige Gegenwart in unserem Leben.<\/li>\n\n\n\n<li><strong>Hymnus<\/strong>: Ein Gesang, der das Herz auf das Gebet vorbereitet. Die Hymnen der Vesper beziehen sich oft auf das Geheimnis Christi als Licht der Welt.<\/li>\n\n\n\n<li><strong>Psalmen und Cantica<\/strong>: Das Herz der Vesper besteht aus Psalmen, die uns erm\u00f6glichen, mit denselben Worten zu beten, die David und die Propheten verwendeten. Die Psalmen der Vesper sind meist Lob- und Dankpsalmen, wie Psalm 113 (&#8222;Lobet, ihr Knechte des Herrn&#8220;).<\/li>\n\n\n\n<li><strong>Kurze Lesung<\/strong>: Eine kurze Schriftstelle, die die Tageszeit erhellt. Zum Beispiel wird in der Vesper am Sonntag die Auferstehung Christi verk\u00fcndet.<\/li>\n\n\n\n<li><strong>Responsorium<\/strong>: Eine meditative Antwort auf die Lesung, die uns hilft, das Wort Gottes zu verinnerlichen.<\/li>\n\n\n\n<li><strong>Magnificat<\/strong>: Der H\u00f6hepunkt der Vesper ist die Rezitation oder der Gesang des Magnificat, des Lobgesangs der Jungfrau Maria (Lk 1,46-55). Dieser Gesang erinnert uns daran, dass Gott &#8222;die M\u00e4chtigen vom Thron st\u00fcrzt und die Niedrigen erh\u00f6ht&#8220;.<\/li>\n\n\n\n<li><strong>F\u00fcrbitten und Vaterunser<\/strong>: Gebete f\u00fcr die Anliegen der Welt und das Gebet, das Jesus uns gelehrt hat.<\/li>\n\n\n\n<li><strong>Tagesgebet<\/strong>: Ein Gebet, das die Anliegen des Tages oder des Festes zusammenfasst.<\/li>\n\n\n\n<li><strong>Entlassung<\/strong>: Schlie\u00dft mit einem Segen, der uns aussendet, Licht in der Welt zu sein.<\/li>\n<\/ol>\n\n\n\n<h4 class=\"wp-block-heading\"><strong>Theologische Bedeutung der Vesper<\/strong><\/h4>\n\n\n\n<p>Die Vesper l\u00e4dt uns ein, Bilanz \u00fcber den vergangenen Tag zu ziehen. Es ist ein Moment, um f\u00fcr die empfangenen Gaben zu danken und um Vergebung f\u00fcr unsere Verfehlungen zu bitten. Indem wir unsere Stimme im Lob erheben, vereinen wir unser Gebet mit dem der ganzen Kirche, die Gott in allen Ecken der Welt dankt.<\/p>\n\n\n\n<p>Zudem erinnert uns die Vesper daran, dass Christus das Licht ist, das die Finsternis besiegt. In einer Welt voller Ungewissheit und Dunkelheit erf\u00fcllt uns dieses Gebet mit Hoffnung und ermutigt uns, auf die g\u00f6ttliche Vorsehung zu vertrauen.<\/p>\n\n\n\n<hr class=\"wp-block-separator has-alpha-channel-opacity\"\/>\n\n\n\n<h3 class=\"wp-block-heading\"><strong>Die Komplet: Das Gebet, das uns in der Nacht umh\u00fcllt<\/strong><\/h3>\n\n\n\n<p>Wenn die Vesper uns hilft, den Tag zu beschlie\u00dfen, bereitet uns die Komplet auf die n\u00e4chtliche Ruhe vor. Dieses k\u00fcrzere, aber ebenso tiefgr\u00fcndige Gebet ist ein Akt des Vertrauens in Gott vor dem Schlaf.<\/p>\n\n\n\n<h4 class=\"wp-block-heading\"><strong>Struktur der Komplet<\/strong><\/h4>\n\n\n\n<ol start=\"1\" class=\"wp-block-list\">\n<li><strong>Gewissenserforschung<\/strong>: Beginnt mit einem Moment der Stille, um den Tag zu \u00fcberdenken und um Vergebung f\u00fcr unsere S\u00fcnden zu bitten.<\/li>\n\n\n\n<li><strong>Hymnus<\/strong>: Ein Gesang, der uns einl\u00e4dt, uns dem g\u00f6ttlichen Schutz in der Nacht anzuvertrauen.<\/li>\n\n\n\n<li><strong>Psalmen<\/strong>: Die Psalmen der Komplet dr\u00fccken Vertrauen und Hingabe aus, wie Psalm 4 (&#8222;In Frieden leg ich mich nieder und schlafe ein&#8220;).<\/li>\n\n\n\n<li><strong>Kurze Lesung<\/strong>: Ein Schriftvers, der die Gegenwart Gottes in der Nacht in Erinnerung ruft.<\/li>\n\n\n\n<li><strong>Responsorium<\/strong>: Eine meditative Antwort, wie &#8222;In deine H\u00e4nde, Herr, lege ich mein Leben.&#8220;<\/li>\n\n\n\n<li><strong>Nunc dimittis<\/strong>: Das Herz der Komplet, aus Lk 2,29-32. Simeon ruft beim Anblick des Jesuskindes aus: &#8222;Nun l\u00e4sst du, Herr, deinen Knecht in Frieden scheiden.&#8220; Dieser Gesang erinnert uns daran, dass wir am Ende unseres Lebens in die Arme Gottes aufgenommen werden.<\/li>\n\n\n\n<li><strong>Tagesgebet<\/strong>: Ein Gebet um Schutz in der Nacht.<\/li>\n\n\n\n<li><strong>Marienantiphon<\/strong>: Die Komplet schlie\u00dft mit einer Anrufung Mariens, unserer Mutter, um ihre F\u00fcrsprache.<\/li>\n<\/ol>\n\n\n\n<h4 class=\"wp-block-heading\"><strong>Theologische Bedeutung der Komplet<\/strong><\/h4>\n\n\n\n<p>Die Komplet ist ein Gebet des vertrauensvollen Sich-\u00dcbergebens an Gott. Indem wir uns dem Schlaf \u00fcberlassen, erinnern wir uns daran, dass unser Leben in seinen H\u00e4nden liegt. Dieses Gebet hilft uns, \u00c4ngste und Sorgen, die oft in der Nacht aufkommen, zu \u00fcberwinden, indem wir uns dem g\u00f6ttlichen Schutz anvertrauen.<\/p>\n\n\n\n<p>Zudem bereitet uns die Komplet auf den Tod vor, den die christliche Tradition mit einem Schlaf vergleicht. Indem wir so beten, vereinen wir uns mit Christus, der durch den Tod hindurchging, um in Herrlichkeit aufzuerstehen.<\/p>\n\n\n\n<hr class=\"wp-block-separator has-alpha-channel-opacity\"\/>\n\n\n\n<h3 class=\"wp-block-heading\"><strong>Vesper und Komplet in der heutigen Welt<\/strong><\/h3>\n\n\n\n<p>In einer Welt, die von Angst, Stress und spiritueller Entfremdung gepr\u00e4gt ist, bieten Vesper und Komplet eine Oase des Friedens. Diese Gebete laden uns ein innezuhalten, zu betrachten und uns mit dem Wesentlichen zu verbinden. Sie sind nicht nur f\u00fcr Ordensleute oder Kleriker bestimmt, sondern allen Gl\u00e4ubigen zug\u00e4nglich, auch in gek\u00fcrzten Formen.<\/p>\n\n\n\n<p>Heute ist es dank Apps und digitalen Ressourcen einfacher denn je, diese Gebete in den t\u00e4glichen Rhythmus zu integrieren. Ob in der Familie, in Gemeinschaft oder in der Einsamkeit \u2013 Vesper und Komplet helfen uns, mit gr\u00f6\u00dferer geistlicher Tiefe zu leben.<\/p>\n\n\n\n<hr class=\"wp-block-separator has-alpha-channel-opacity\"\/>\n\n\n\n<h3 class=\"wp-block-heading\"><strong>Schluss: Ein Geschenk f\u00fcr die Seele<\/strong><\/h3>\n\n\n\n<p>Vesper und Komplet sind weit mehr als eine liturgische Tradition \u2013 sie sind ein Geschenk f\u00fcr die Seele. Sie lehren uns, jeden Tag in Dankbarkeit zu leben, inmitten der Finsternis auf Gott zu vertrauen und uns am Ende des Tages in seinen Armen auszuruhen. In einer Welt, die niemals stillsteht, erinnern uns diese Gebete daran, dass das Wesentliche darin besteht innezuhalten und unser Herz zum Himmel zu erheben.<\/p>\n\n\n\n<p>Ich lade Sie ein, diesen geistlichen Reichtum zu entdecken. Beginnen Sie damit, die Vesper in der Abendd\u00e4mmerung und die Komplet vor dem Schlaf zu beten. Sie werden sehen, wie Ihr Leben sich mit Frieden, Sinn und Gottesn\u00e4he f\u00fcllt. M\u00f6ge das Licht Christi Ihre Tage und N\u00e4chte erleuchten!<\/p>\n","protected":false},"excerpt":{"rendered":"<p>In einer hektischen Welt, in der die Zeit uns durch die Finger zu gleiten scheint, schenkt uns die katholische Kirche einen geistlichen Schatz, der uns einl\u00e4dt innezuhalten, zu atmen und unser Herz zu Gott zu erheben: die Liturgie der Stunden. In diesem gemeinschaftlichen und universellen Gebet ragen zwei Momente durch ihre Tiefe und Sch\u00f6nheit hervor: &hellip;<\/p>\n","protected":false},"author":3,"featured_media":2847,"comment_status":"open","ping_status":"open","sticky":false,"template":"","format":"standard","meta":{"_seopress_robots_primary_cat":"","_seopress_titles_title":"","_seopress_titles_desc":"","_seopress_robots_index":"","footnotes":""},"categories":[58,40],"tags":[908,821,907],"class_list":["post-2846","post","type-post","status-publish","format-standard","has-post-thumbnail","","category-gebet-und-geistliches-leben","category-gebet-und-spiritualitaet","tag-komplet","tag-liturgie-der-stunden","tag-vesper"],"_links":{"self":[{"href":"https:\/\/catholicus.eu\/de\/wp-json\/wp\/v2\/posts\/2846","targetHints":{"allow":["GET"]}}],"collection":[{"href":"https:\/\/catholicus.eu\/de\/wp-json\/wp\/v2\/posts"}],"about":[{"href":"https:\/\/catholicus.eu\/de\/wp-json\/wp\/v2\/types\/post"}],"author":[{"embeddable":true,"href":"https:\/\/catholicus.eu\/de\/wp-json\/wp\/v2\/users\/3"}],"replies":[{"embeddable":true,"href":"https:\/\/catholicus.eu\/de\/wp-json\/wp\/v2\/comments?post=2846"}],"version-history":[{"count":1,"href":"https:\/\/catholicus.eu\/de\/wp-json\/wp\/v2\/posts\/2846\/revisions"}],"predecessor-version":[{"id":2848,"href":"https:\/\/catholicus.eu\/de\/wp-json\/wp\/v2\/posts\/2846\/revisions\/2848"}],"wp:featuredmedia":[{"embeddable":true,"href":"https:\/\/catholicus.eu\/de\/wp-json\/wp\/v2\/media\/2847"}],"wp:attachment":[{"href":"https:\/\/catholicus.eu\/de\/wp-json\/wp\/v2\/media?parent=2846"}],"wp:term":[{"taxonomy":"category","embeddable":true,"href":"https:\/\/catholicus.eu\/de\/wp-json\/wp\/v2\/categories?post=2846"},{"taxonomy":"post_tag","embeddable":true,"href":"https:\/\/catholicus.eu\/de\/wp-json\/wp\/v2\/tags?post=2846"}],"curies":[{"name":"wp","href":"https:\/\/api.w.org\/{rel}","templated":true}]}}