{"id":2819,"date":"2025-03-23T18:24:44","date_gmt":"2025-03-23T17:24:44","guid":{"rendered":"https:\/\/catholicus.eu\/de\/?p=2819"},"modified":"2025-03-23T18:24:44","modified_gmt":"2025-03-23T17:24:44","slug":"traditionis-custodes-einheit-oder-spaltung-eine-kritische-betrachtung-des-motu-proprio-von-papst-franziskus","status":"publish","type":"post","link":"https:\/\/catholicus.eu\/de\/traditionis-custodes-einheit-oder-spaltung-eine-kritische-betrachtung-des-motu-proprio-von-papst-franziskus\/","title":{"rendered":"Traditionis Custodes: Einheit oder Spaltung? Eine kritische Betrachtung des Motu Proprio von Papst Franziskus"},"content":{"rendered":"\n<p>Im Herzen der katholischen Kirche war die Liturgie immer ein sichtbares Zeichen der Einheit der Gl\u00e4ubigen in Christus. Doch das&nbsp;<em>Motu Proprio<\/em>&nbsp;<strong>Traditionis Custodes<\/strong>, das Papst Franziskus am 16. Juli 2021 ver\u00f6ffentlichte, hat eine tiefe Spaltung unter den Katholiken hervorgerufen, insbesondere unter denen, die sich der traditionellen Liturgie verbunden f\u00fchlen. Dieses Dokument, das die Verwendung des Messbuchs von 1962 (bekannt als Tridentinische Messe) einschr\u00e4nkt, wurde von vielen Gl\u00e4ubigen und Priestern mit Verwirrung, Schmerz und sogar Emp\u00f6rung aufgenommen. Sie sehen darin nicht einen Akt der Pastoral, sondern eine Auflage, die den geistlichen und theologischen Reichtum der liturgischen Tradition der Kirche zu ignorieren scheint.<\/p>\n\n\n\n<p>In diesem Artikel werden wir das&nbsp;<em>Motu Proprio<\/em>&nbsp;<strong>Traditionis Custodes<\/strong>&nbsp;kritisch betrachten, seinen Kontext, seine Auswirkungen und seine m\u00f6glichen Folgen f\u00fcr die Einheit der Kirche untersuchen. Aus einer traditionell katholischen Perspektive werden wir analysieren, ob dieses Dokument wirklich die Einheit f\u00f6rdert oder im Gegenteil die Spaltungen vertieft.<\/p>\n\n\n\n<hr class=\"wp-block-separator has-alpha-channel-opacity\"\/>\n\n\n\n<h3 class=\"wp-block-heading\"><strong>Der historische Kontext: Von Summorum Pontificum zu Traditionis Custodes<\/strong><\/h3>\n\n\n\n<p>Um die Bedeutung von&nbsp;<strong>Traditionis Custodes<\/strong>&nbsp;zu verstehen, muss man auf das Jahr 2007 zur\u00fcckblicken, als Papst Benedikt XVI.&nbsp;<strong>Summorum Pontificum<\/strong>&nbsp;ver\u00f6ffentlichte. Dieses Dokument erkannte an, dass das Messbuch von 1962 niemals abgeschafft worden war, und erlaubte Priestern, die Tridentinische Messe ohne besondere Genehmigung zu feiern. Benedikt XVI. wollte die Wunden heilen, die durch die nachkonziliare Liturgiereform entstanden waren, und eine &#8222;Hermeneutik der Kontinuit\u00e4t&#8220; f\u00f6rdern, das hei\u00dft eine Interpretation des Zweiten Vatikanischen Konzils, die nicht mit der vorherigen Tradition brach.<\/p>\n\n\n\n<p><strong>Summorum Pontificum<\/strong>&nbsp;wurde von vielen Gl\u00e4ubigen mit Hoffnung aufgenommen, die nach Jahrzehnten des Gef\u00fchls der Marginalisierung darin eine Anerkennung ihrer liturgischen Spiritualit\u00e4t sahen. Doch mit&nbsp;<strong>Traditionis Custodes<\/strong>&nbsp;hebt Papst Franziskus diese Bestimmungen auf und \u00fcbertr\u00e4gt den Bisch\u00f6fen die Autorit\u00e4t, die Verwendung des Messbuchs von 1962 zu regeln. Laut Papst soll diese Entscheidung &#8222;die Eintracht und Einheit in der Kirche f\u00f6rdern&#8220;. Doch ist das wirklich das, was erreicht wurde?<\/p>\n\n\n\n<hr class=\"wp-block-separator has-alpha-channel-opacity\"\/>\n\n\n\n<h3 class=\"wp-block-heading\"><strong>Eine umstrittene Entscheidung: Einheit oder Ausgrenzung?<\/strong><\/h3>\n\n\n\n<p>Seit seiner Ver\u00f6ffentlichung ist&nbsp;<strong>Traditionis Custodes<\/strong>&nbsp;heftiger Kritik von vielen traditionellen Katholiken ausgesetzt. Diese Gl\u00e4ubigen argumentieren, dass das Dokument nicht nur ihren Zugang zur Liturgie, die sie lieben, einschr\u00e4nkt, sondern sie auch stigmatisiert, indem es nahelegt, dass ihre Bindung an die Tridentinische Messe mit dem Lehramt des Zweiten Vatikanischen Konzils unvereinbar sei. In seinem Begleitschreiben zum&nbsp;<em>Motu Proprio<\/em>&nbsp;behauptet Papst Franziskus, dass Gruppen, die die Tridentinische Messe besuchen, &#8222;die Kirche und ihre Lehre ablehnen&#8220;. Diese Verallgemeinerung wurde von vielen Gl\u00e4ubigen als unfair und abwertend empfunden, die keineswegs die Kirche ablehnen, sondern einfach ihren Glauben in voller Gemeinschaft mit Rom leben wollen.<\/p>\n\n\n\n<p>Dar\u00fcber hinaus hat die Umsetzung von&nbsp;<strong>Traditionis Custodes<\/strong>&nbsp;je nach Di\u00f6zese stark variiert. W\u00e4hrend einige Bisch\u00f6fe das Dokument mit Zur\u00fcckhaltung angewendet haben, haben andere diese Autorit\u00e4t genutzt, um die Tridentinische Messe in ihren Jurisdiktionen vollst\u00e4ndig zu verbieten. Dies hat zu einem Gef\u00fchl der Willk\u00fcr gef\u00fchrt und viele traditionelle Gl\u00e4ubige zur\u00fcckgelassen, die sich von der Kirche, der sie dienen wollen, verlassen und verfolgt f\u00fchlen.<\/p>\n\n\n\n<hr class=\"wp-block-separator has-alpha-channel-opacity\"\/>\n\n\n\n<h3 class=\"wp-block-heading\"><strong>Theologische Reflexion: Was bedeutet Tradition f\u00fcr die Kirche?<\/strong><\/h3>\n\n\n\n<p>Der Katechismus der Katholischen Kirche lehrt, dass die Tradition &#8222;die lebendige Weitergabe der Botschaft des Evangeliums in der Kirche&#8220; ist (Nr. 78). Diese Tradition ist kein Satz versteinerter Riten, sondern eine dynamische Realit\u00e4t, die in der g\u00f6ttlichen Offenbarung verwurzelt ist und sich im Leben der Kirche durch die Jahrhunderte ausdr\u00fcckt. Die Liturgie als wesentlicher Teil dieser Tradition ist nicht blo\u00df eine Frage des pers\u00f6nlichen Geschmacks, sondern ein bevorzugtes Mittel, Gott zu verherrlichen und die Gl\u00e4ubigen zu heiligen.<\/p>\n\n\n\n<p>Aus dieser Perspektive ist die Tridentinische Messe nicht einfach ein &#8222;alter Ritus&#8220;, sondern ein tief verwurzelter Ausdruck des katholischen Glaubens, der Generationen von Heiligen und Gl\u00e4ubigen gen\u00e4hrt hat. Ihre Einschr\u00e4nkung beschr\u00e4nkt nicht nur die liturgische Vielfalt der Kirche, sondern scheint auch den geistlichen und theologischen Wert dieser Form der Anbetung zu ignorieren.<\/p>\n\n\n\n<hr class=\"wp-block-separator has-alpha-channel-opacity\"\/>\n\n\n\n<h3 class=\"wp-block-heading\"><strong>Eine Kritik am Ansatz von Papst Franziskus<\/strong><\/h3>\n\n\n\n<p>Einer der besorgniserregendsten Aspekte von&nbsp;<strong>Traditionis Custodes<\/strong>&nbsp;ist sein Ton und Ansatz. Anstatt einen br\u00fcderlichen Dialog mit den traditionellen Gl\u00e4ubigen zu suchen, scheint das Dokument eine einheitliche Vision der Liturgie aufzuzwingen, die wenig Raum f\u00fcr Vielfalt l\u00e4sst. Dies ist besonders auff\u00e4llig im Pontifikat von Papst Franziskus, der wiederholt die Bedeutung von Barmherzigkeit, Inklusion und dem &#8222;Geruch der Schafe&#8220; betont hat.<\/p>\n\n\n\n<p>Warum also scheint derselbe Papst so wenig Verst\u00e4ndnis f\u00fcr die Gl\u00e4ubigen zu zeigen, die sich tief mit der traditionellen Liturgie verbunden f\u00fchlen? Sollte die Kirche als Mutter nicht alle ihre Kinder willkommen hei\u00dfen, auch diejenigen mit einer anderen liturgischen Sensibilit\u00e4t? Statt Einheit zu f\u00f6rdern, hat&nbsp;<strong>Traditionis Custodes<\/strong>&nbsp;die Spannungen versch\u00e4rft und viele traditionelle Gl\u00e4ubige zur\u00fcckgelassen, die sich marginalisiert und verachtet f\u00fchlen.<\/p>\n\n\n\n<hr class=\"wp-block-separator has-alpha-channel-opacity\"\/>\n\n\n\n<h3 class=\"wp-block-heading\"><strong>Pastorale Konsequenzen: Wer profitiert von Traditionis Custodes?<\/strong><\/h3>\n\n\n\n<p>Aus pastoraler Sicht ist schwer zu erkennen, wie&nbsp;<strong>Traditionis Custodes<\/strong>&nbsp;der Kirche n\u00fctzt. Statt Spaltungen zu heilen, hat das Dokument neue Wunden geschlagen. Viele traditionelle Gl\u00e4ubige, die sich von Rom zur\u00fcckgewiesen f\u00fchlen, haben sich entschieden, unabh\u00e4ngige Kapellen oder sogar schismatische Gemeinschaften wie die Priesterbruderschaft St. Pius X. zu besuchen. Dies schw\u00e4cht nicht nur die Einheit der Kirche, sondern gef\u00e4hrdet auch den Glauben dieser Gl\u00e4ubigen.<\/p>\n\n\n\n<p>Dar\u00fcber hinaus scheint das Dokument zu ignorieren, dass die Tridentinische Messe ein m\u00e4chtiges Werkzeug der Evangelisation war, insbesondere unter jungen Menschen. In einer zunehmend s\u00e4kularisierten Welt finden viele in der Sch\u00f6nheit und Feierlichkeit der traditionellen Liturgie eine Zuflucht und eine Quelle geistlicher Vertiefung. Durch die Einschr\u00e4nkung des Zugangs dazu riskiert die Kirche, eine Generation von Gl\u00e4ubigen zu verlieren, die ihre besten Evangelisatoren h\u00e4tten sein k\u00f6nnen.<\/p>\n\n\n\n<hr class=\"wp-block-separator has-alpha-channel-opacity\"\/>\n\n\n\n<h3 class=\"wp-block-heading\"><strong>Fazit: Ein Aufruf zur Reflexion und zum Dialog<\/strong><\/h3>\n\n\n\n<p><strong>Traditionis Custodes<\/strong>&nbsp;ist zweifellos eines der umstrittensten Dokumente des Pontifikats von Papst Franziskus. Obwohl seine erkl\u00e4rte Absicht darin besteht, die Einheit zu f\u00f6rdern, hat seine Umsetzung das Gegenteil bewirkt und Spaltung und Unzufriedenheit unter vielen traditionellen Gl\u00e4ubigen hervorgerufen. Anstatt Einschr\u00e4nkungen aufzuerlegen, sollte die Kirche einen br\u00fcderlichen Dialog suchen, der die Legitimit\u00e4t und den Wert der traditionellen Liturgie anerkennt.<\/p>\n\n\n\n<p>Als Katholiken sind wir berufen, in Gemeinschaft zu leben, aber diese Gemeinschaft kann nicht auf Ausschluss oder Zwang aufgebaut werden. Wie der heilige Paulus schrieb: &#8222;Seid eines Sinnes, einander in Liebe verbunden, einm\u00fctig und eintr\u00e4chtig&#8220; (Philipper 2, 2). M\u00f6ge die Jungfrau Maria, Mutter der Kirche, f\u00fcr uns eintreten und uns auf diesem Weg der Einheit und N\u00e4chstenliebe f\u00fchren, damit, wie es im Psalm 133 hei\u00dft, &#8222;Wie gut und sch\u00f6n ist es, wenn Br\u00fcder eintr\u00e4chtig beisammenwohnen!&#8220;<\/p>\n\n\n\n<p>In Zeiten der Verwirrung und Spaltung lasst uns daran erinnern, dass die Kirche vom Heiligen Geist geleitet wird, der uns zur ganzen Wahrheit f\u00fchrt (Johannes 16, 13). M\u00f6ge unser Glaube nicht auf liturgischen Streitigkeiten beruhen, sondern auf Christus, &#8222;derselbe gestern, heute und in Ewigkeit&#8220; (Hebr\u00e4er 13, 8).<\/p>\n","protected":false},"excerpt":{"rendered":"<p>Im Herzen der katholischen Kirche war die Liturgie immer ein sichtbares Zeichen der Einheit der Gl\u00e4ubigen in Christus. Doch das&nbsp;Motu Proprio&nbsp;Traditionis Custodes, das Papst Franziskus am 16. Juli 2021 ver\u00f6ffentlichte, hat eine tiefe Spaltung unter den Katholiken hervorgerufen, insbesondere unter denen, die sich der traditionellen Liturgie verbunden f\u00fchlen. Dieses Dokument, das die Verwendung des Messbuchs &hellip;<\/p>\n","protected":false},"author":3,"featured_media":2820,"comment_status":"open","ping_status":"open","sticky":false,"template":"","format":"standard","meta":{"_seopress_robots_primary_cat":"","_seopress_titles_title":"","_seopress_titles_desc":"","_seopress_robots_index":"","footnotes":""},"categories":[38,51],"tags":[892,891],"class_list":["post-2819","post","type-post","status-publish","format-standard","has-post-thumbnail","","category-geschichte-und-tradition","category-lehramt-der-kirche","tag-motu-proprio","tag-traditionis-custodes"],"_links":{"self":[{"href":"https:\/\/catholicus.eu\/de\/wp-json\/wp\/v2\/posts\/2819","targetHints":{"allow":["GET"]}}],"collection":[{"href":"https:\/\/catholicus.eu\/de\/wp-json\/wp\/v2\/posts"}],"about":[{"href":"https:\/\/catholicus.eu\/de\/wp-json\/wp\/v2\/types\/post"}],"author":[{"embeddable":true,"href":"https:\/\/catholicus.eu\/de\/wp-json\/wp\/v2\/users\/3"}],"replies":[{"embeddable":true,"href":"https:\/\/catholicus.eu\/de\/wp-json\/wp\/v2\/comments?post=2819"}],"version-history":[{"count":1,"href":"https:\/\/catholicus.eu\/de\/wp-json\/wp\/v2\/posts\/2819\/revisions"}],"predecessor-version":[{"id":2821,"href":"https:\/\/catholicus.eu\/de\/wp-json\/wp\/v2\/posts\/2819\/revisions\/2821"}],"wp:featuredmedia":[{"embeddable":true,"href":"https:\/\/catholicus.eu\/de\/wp-json\/wp\/v2\/media\/2820"}],"wp:attachment":[{"href":"https:\/\/catholicus.eu\/de\/wp-json\/wp\/v2\/media?parent=2819"}],"wp:term":[{"taxonomy":"category","embeddable":true,"href":"https:\/\/catholicus.eu\/de\/wp-json\/wp\/v2\/categories?post=2819"},{"taxonomy":"post_tag","embeddable":true,"href":"https:\/\/catholicus.eu\/de\/wp-json\/wp\/v2\/tags?post=2819"}],"curies":[{"name":"wp","href":"https:\/\/api.w.org\/{rel}","templated":true}]}}