{"id":2740,"date":"2025-03-20T23:11:27","date_gmt":"2025-03-20T22:11:27","guid":{"rendered":"https:\/\/catholicus.eu\/de\/?p=2740"},"modified":"2025-03-20T23:11:27","modified_gmt":"2025-03-20T22:11:27","slug":"heiliger-dienstag-kontroversen-im-tempel-jesus-konfrontiert-die-heuchelei-und-verkuendet-die-ewige-wahrheit","status":"publish","type":"post","link":"https:\/\/catholicus.eu\/de\/heiliger-dienstag-kontroversen-im-tempel-jesus-konfrontiert-die-heuchelei-und-verkuendet-die-ewige-wahrheit\/","title":{"rendered":"Heiliger Dienstag: Kontroversen im Tempel \u2013 Jesus konfrontiert die Heuchelei und verk\u00fcndet die ewige Wahrheit"},"content":{"rendered":"\n<p>Der Heilige Dienstag ist ein Tag intensiver Reflexion in der Karwoche, eine Zeit, in der die Kirche uns einl\u00e4dt, die letzten Tage des \u00f6ffentlichen Wirkens Jesu n\u00e4her zu betrachten. Dieser Tag ist gepr\u00e4gt von einer Reihe von Kontroversen und Lehren im Tempel von Jerusalem, wo Jesus die religi\u00f6sen Autorit\u00e4ten konfrontiert, die Zerst\u00f6rung Jerusalems ank\u00fcndigt und \u00fcber das Ende der Zeiten spricht. Diese Passagen, die in den Evangelien von Matth\u00e4us, Markus und Lukas aufgezeichnet sind, offenbaren nicht nur die Weisheit und Autorit\u00e4t Christi, sondern sprechen auch direkt zu uns und rufen uns dazu auf, in einer Welt voller Herausforderungen und Widerspr\u00fcche einen authentischen Glauben zu leben.<\/p>\n\n\n\n<h3 class=\"wp-block-heading\"><strong>Der historische und religi\u00f6se Kontext<\/strong><\/h3>\n\n\n\n<p>Um diese Passagen vollst\u00e4ndig zu verstehen, m\u00fcssen wir uns in den Kontext des Tempels von Jerusalem im ersten Jahrhundert versetzen. Der Tempel war das religi\u00f6se, politische und soziale Herz des j\u00fcdischen Volkes. Er war der Ort, an dem Opfergaben an Gott dargebracht und das Gesetz gelehrt wurden. Im Laufe der Zeit waren jedoch die religi\u00f6sen Autorit\u00e4ten, insbesondere die Pharis\u00e4er und Sadduz\u00e4er, in Heuchelei und Gesetzlichkeit verfallen und stellten menschliche Traditionen \u00fcber den Willen Gottes.<\/p>\n\n\n\n<p>In diesem Kontext kehrt Jesus, nachdem er am Vortag (Heiliger Montag) den Tempel gereinigt hatte, zur\u00fcck, um zu lehren. Seine Anwesenheit und seine Worte erregen den Zorn der Autorit\u00e4ten, die versuchen, ihn zu diskreditieren und in seinen eigenen Worten zu fangen.<\/p>\n\n\n\n<h3 class=\"wp-block-heading\"><strong>Die Evangelienberichte: Kontroversen und Lehren<\/strong><\/h3>\n\n\n\n<p>Die Evangelien von Matth\u00e4us (21,23\u201324,51), Markus (11,27\u201313,37) und Lukas (20,1\u201321,36) schildern eine Reihe von Begegnungen und Lehren, die im Tempel stattfinden. Diese Passagen k\u00f6nnen in drei Hauptteile unterteilt werden:<\/p>\n\n\n\n<ol start=\"1\" class=\"wp-block-list\">\n<li><strong>Die Autorit\u00e4t Jesu in Frage gestellt (Matth\u00e4us 21,23-27; Markus 11,27-33; Lukas 20,1-8)<\/strong><br>Die religi\u00f6sen Autorit\u00e4ten treten an Jesus heran und fragen ihn, mit welcher Autorit\u00e4t er diese Dinge tue. Jesus antwortet in seiner Weisheit mit einer Gegenfrage:\u00a0<em>&#8222;Die Taufe des Johannes \u2013 war sie vom Himmel oder von den Menschen?&#8220;<\/em>\u00a0(Matth\u00e4us 21,25). Diese Frage stellt sie in ein Dilemma, da sie die Autorit\u00e4t Johannes des T\u00e4ufers nicht anerkennen wollen, aber auch das Volk nicht ver\u00e4rgern m\u00f6chten, das ihn als Propheten betrachtete. Als sie sich weigern zu antworten, offenbart Jesus ihnen auch nicht die Quelle seiner Autorit\u00e4t und zeigt so seine geistige und spirituelle \u00dcberlegenheit.<\/li>\n\n\n\n<li><strong>Die Gleichnisse und Warnungen (Matth\u00e4us 21,28\u201322,14; Markus 12,1-12; Lukas 20,9-19)<\/strong><br>Jesus erz\u00e4hlt mehrere Gleichnisse, die an die religi\u00f6sen Autorit\u00e4ten und das Volk gerichtet sind. Die Gleichnisse von den zwei S\u00f6hnen, den b\u00f6sen Winzern und dem Hochzeitsmahl sind klare Warnungen vor der Verantwortung, auf den Willen Gottes zu h\u00f6ren und danach zu handeln. Im Gleichnis von den Winzern vergleicht Jesus die religi\u00f6sen F\u00fchrer mit den P\u00e4chtern, die die Diener des Weinbergbesitzers (Gott) und schlie\u00dflich seinen Sohn (Jesus) t\u00f6ten. Dieses Gleichnis ist eine verh\u00fcllte Prophezeiung seines eigenen Todes und der Ablehnung Israels als auserw\u00e4hltes Volk.<\/li>\n\n\n\n<li><strong>Die eschatologische Rede (Matth\u00e4us 24,1-51; Markus 13,1-37; Lukas 21,5-36)<\/strong><br>Nachdem er den Tempel verlassen hat, k\u00fcndigt Jesus seine Zerst\u00f6rung an und spricht \u00fcber das Ende der Zeiten. Er warnt vor falschen Messiasen, Kriegen, Erdbeben und Verfolgungen, bietet aber auch Trost:\u00a0<em>&#8222;Himmel und Erde werden vergehen, aber meine Worte werden nicht vergehen&#8220;<\/em>\u00a0(Markus 13,31). Diese Rede, bekannt als die &#8222;eschatologische Rede&#8220;, ist ein Aufruf zur Wachsamkeit und Treue inmitten von Bedr\u00e4ngnissen.<\/li>\n<\/ol>\n\n\n\n<h3 class=\"wp-block-heading\"><strong>Die theologische Bedeutung: Ein Aufruf zur Authentizit\u00e4t<\/strong><\/h3>\n\n\n\n<p>Diese Kontroversen und Lehren haben eine tiefe theologische Bedeutung, die den historischen Kontext \u00fcbersteigt. Zun\u00e4chst offenbart sich Jesus als der Sohn Gottes, mit g\u00f6ttlicher Autorit\u00e4t zu lehren und zu richten. Seine Weisheit und sein Mut im Umgang mit den religi\u00f6sen Autorit\u00e4ten zeigen uns, dass die Wahrheit nicht durch Heuchelei oder menschliche Macht zum Schweigen gebracht werden kann.<\/p>\n\n\n\n<p>Zweitens fordern uns diese Lehren auf, unser eigenes Leben zu pr\u00fcfen. Sind wir nicht manchmal wie die Pharis\u00e4er, mehr um den Schein als um die Echtheit unseres Glaubens besorgt? Riskieren wir nicht, Jesus abzulehnen, wie die Winzer im Gleichnis, wenn seine Lehren uns unbequem sind oder Ver\u00e4nderung verlangen?<\/p>\n\n\n\n<p>Schlie\u00dflich erinnert uns die eschatologische Rede daran, dass unser Leben auf der Erde zeitlich ist und wir uns auf die endg\u00fcltige Begegnung mit Gott vorbereiten m\u00fcssen. In einer Welt, die von Unsicherheit und Chaos gepr\u00e4gt ist, sind die Worte Jesu eine Quelle der Hoffnung und des Trostes:&nbsp;<em>&#8222;F\u00fcrchtet euch nicht&#8220;<\/em>&nbsp;(Matth\u00e4us 10,31).<\/p>\n\n\n\n<h3 class=\"wp-block-heading\"><strong>Aktualit\u00e4t in der heutigen Welt<\/strong><\/h3>\n\n\n\n<p>In einer Welt, in der Religion oft auf leere Rituale oder Machtinstrumente reduziert wird, hat die Botschaft Jesu im Tempel eine starke Resonanz. Wir leben in einer Kultur, die den Schein \u00fcber die Substanz, den Erfolg \u00fcber die Integrit\u00e4t und das Vergn\u00fcgen \u00fcber das Opfer stellt. Die Kontroversen des Heiligen Dienstags rufen uns dazu auf, einen authentischen Glauben zu leben, der in Wahrheit und Liebe verwurzelt ist.<\/p>\n\n\n\n<p>Dar\u00fcber hinaus ist die eschatologische Rede besonders relevant in einer Zeit, die von globalen Krisen, Konflikten und Naturkatastrophen gepr\u00e4gt ist. Jesus verspricht uns kein Leben ohne Leiden, aber er versichert uns, dass er bis zum Ende der Welt bei uns sein wird (Matth\u00e4us 28,20).<\/p>\n\n\n\n<h3 class=\"wp-block-heading\"><strong>Eine inspirierende Anekdote<\/strong><\/h3>\n\n\n\n<p>Die Tradition erz\u00e4hlt, dass der heilige Augustinus vor seiner Bekehrung ein Leben fern von Gott f\u00fchrte. Eines Tages, als er in einem Garten spazieren ging, h\u00f6rte er ein Kind singen:&nbsp;<em>&#8222;Nimm und lies, nimm und lies.&#8220;<\/em>&nbsp;Augustinus \u00f6ffnete die Bibel aufs Geratewohl und fand eine Stelle aus dem Brief an die R\u00f6mer, die zu seiner Bekehrung f\u00fchrte. Diese Episode erinnert uns daran, dass die Worte Jesu die Kraft haben, unser Leben zu ver\u00e4ndern, wenn wir bereit sind, sie mit offenem Herzen zu h\u00f6ren.<\/p>\n\n\n\n<h3 class=\"wp-block-heading\"><strong>Fazit: Ein Aufruf zur Wachsamkeit und Treue<\/strong><\/h3>\n\n\n\n<p>Der Heilige Dienstag l\u00e4dt uns ein, Jesus auf seinem Weg zum Kreuz zu begleiten, indem wir \u00fcber seine Lehren und die Kontroversen im Tempel nachdenken. Dieser Tag ist eine Gelegenheit, unser Leben zu pr\u00fcfen, unsere Absichten zu reinigen und unser Engagement f\u00fcr Wahrheit und Liebe zu erneuern.<\/p>\n\n\n\n<p>In dieser Gnadenzeit bitten wir den Herrn, uns den Mut zu geben, der Heuchelei zu begegnen, die Weisheit, seinen Willen zu erkennen, und die Ausdauer, inmitten von Pr\u00fcfungen treu zu bleiben. M\u00f6ge unser Leben die Echtheit und die Liebe Christi widerspiegeln, damit wir, wie er, Licht in der Dunkelheit und Salz der Erde sein k\u00f6nnen.<\/p>\n\n\n\n<p><em>&#8222;Herr, gib uns ein dem\u00fctiges Herz, das bereit ist, auf deine Stimme zu h\u00f6ren. F\u00fchre uns auf dem Weg der Wahrheit und hilf uns, einen authentischen Glauben zu leben. Amen.&#8220;<\/em><\/p>\n","protected":false},"excerpt":{"rendered":"<p>Der Heilige Dienstag ist ein Tag intensiver Reflexion in der Karwoche, eine Zeit, in der die Kirche uns einl\u00e4dt, die letzten Tage des \u00f6ffentlichen Wirkens Jesu n\u00e4her zu betrachten. Dieser Tag ist gepr\u00e4gt von einer Reihe von Kontroversen und Lehren im Tempel von Jerusalem, wo Jesus die religi\u00f6sen Autorit\u00e4ten konfrontiert, die Zerst\u00f6rung Jerusalems ank\u00fcndigt und &hellip;<\/p>\n","protected":false},"author":3,"featured_media":2741,"comment_status":"open","ping_status":"open","sticky":false,"template":"","format":"standard","meta":{"_seopress_robots_primary_cat":"","_seopress_titles_title":"","_seopress_titles_desc":"","_seopress_robots_index":"","footnotes":""},"categories":[45,37],"tags":[845,846],"class_list":["post-2740","post","type-post","status-publish","format-standard","has-post-thumbnail","","category-heilige-schrift","category-lehre-und-glaube","tag-heiliger-dienstag","tag-kontroversen-im-tempel"],"_links":{"self":[{"href":"https:\/\/catholicus.eu\/de\/wp-json\/wp\/v2\/posts\/2740","targetHints":{"allow":["GET"]}}],"collection":[{"href":"https:\/\/catholicus.eu\/de\/wp-json\/wp\/v2\/posts"}],"about":[{"href":"https:\/\/catholicus.eu\/de\/wp-json\/wp\/v2\/types\/post"}],"author":[{"embeddable":true,"href":"https:\/\/catholicus.eu\/de\/wp-json\/wp\/v2\/users\/3"}],"replies":[{"embeddable":true,"href":"https:\/\/catholicus.eu\/de\/wp-json\/wp\/v2\/comments?post=2740"}],"version-history":[{"count":1,"href":"https:\/\/catholicus.eu\/de\/wp-json\/wp\/v2\/posts\/2740\/revisions"}],"predecessor-version":[{"id":2742,"href":"https:\/\/catholicus.eu\/de\/wp-json\/wp\/v2\/posts\/2740\/revisions\/2742"}],"wp:featuredmedia":[{"embeddable":true,"href":"https:\/\/catholicus.eu\/de\/wp-json\/wp\/v2\/media\/2741"}],"wp:attachment":[{"href":"https:\/\/catholicus.eu\/de\/wp-json\/wp\/v2\/media?parent=2740"}],"wp:term":[{"taxonomy":"category","embeddable":true,"href":"https:\/\/catholicus.eu\/de\/wp-json\/wp\/v2\/categories?post=2740"},{"taxonomy":"post_tag","embeddable":true,"href":"https:\/\/catholicus.eu\/de\/wp-json\/wp\/v2\/tags?post=2740"}],"curies":[{"name":"wp","href":"https:\/\/api.w.org\/{rel}","templated":true}]}}