{"id":2689,"date":"2025-03-16T22:19:13","date_gmt":"2025-03-16T21:19:13","guid":{"rendered":"https:\/\/catholicus.eu\/de\/?p=2689"},"modified":"2025-03-16T22:19:13","modified_gmt":"2025-03-16T21:19:13","slug":"das-diurnal-ein-geistlicher-schatz-fuer-die-begegnung-mit-gott-im-rhythmus-des-alltags","status":"publish","type":"post","link":"https:\/\/catholicus.eu\/de\/das-diurnal-ein-geistlicher-schatz-fuer-die-begegnung-mit-gott-im-rhythmus-des-alltags\/","title":{"rendered":"Das Diurnal: Ein geistlicher Schatz f\u00fcr die Begegnung mit Gott im Rhythmus des Alltags"},"content":{"rendered":"\n<p>In einer schnelllebigen Welt, in der die Zeit wie Sand zwischen unseren Fingern zu verrinnen scheint, ist die Suche nach Momenten des Friedens und der Verbindung mit dem Transzendenten zu einem dringenden Bed\u00fcrfnis geworden. F\u00fcr katholische Gl\u00e4ubige, insbesondere f\u00fcr diejenigen, die von der F\u00fclle der traditionellen Liturgie angezogen werden, ist das&nbsp;<strong>Diurnal<\/strong>&nbsp;wie ein Leuchtturm des geistlichen Lichts, ein Werkzeug, das uns einl\u00e4dt, innezuhalten, zu atmen und unser Herz zu Gott zu erheben. Doch was genau ist das Diurnal? Was ist sein Ursprung, seine Geschichte und seine Bedeutung in der heutigen Zeit? In diesem Artikel werden wir diesen liturgischen Schatz eingehend erkunden und entdecken, wie er unser geistliches Leben verwandeln und uns n\u00e4her zu Gott f\u00fchren kann.<\/p>\n\n\n\n<hr class=\"wp-block-separator has-alpha-channel-opacity\"\/>\n\n\n\n<h3 class=\"wp-block-heading\"><strong>Der Ursprung des Diurnals: Wurzeln in der liturgischen Tradition<\/strong><\/h3>\n\n\n\n<p>Das Diurnal, auch bekannt als&nbsp;<strong>Breviarium Romanum Diurnale<\/strong>, ist ein liturgisches Buch, das die Gebete und Psalmen der Tagzeitenliturgie enth\u00e4lt, insbesondere f\u00fcr die Tagesstunden: Laudes (Morgengebet), Terz, Sext, Non (Mittagsgebet) und Vesper (Abendgebet). Seine Urspr\u00fcnge reichen zur\u00fcck in die alte monastische Tradition, in der M\u00f6nche ihr Leben dem unabl\u00e4ssigen Gebet widmeten, gem\u00e4\u00df dem Gebot des heiligen Paulus:&nbsp;<strong>&#8222;Betet ohne Unterlass&#8220;<\/strong>&nbsp;(1 Thessalonicher 5,17).<\/p>\n\n\n\n<p>In den ersten Jahrhunderten des Christentums versammelten sich die Gl\u00e4ubigen in Gemeinschaft, um zu bestimmten Tageszeiten zu beten, in Nachahmung der Apostel und der fr\u00fchen Kirche. Im Laufe der Zeit wurde diese Praxis zur sogenannten Liturgie der Stunden, einem Gebetsschatz, der den Tag heiligt und uns mit dem ewigen Lobpreis der Kirche vereint. Das Diurnal, als Sammlung dieser Gebete, wurde zu einem unverzichtbaren Werkzeug f\u00fcr Ordensleute und sp\u00e4ter auch f\u00fcr Laien, die an dieser sch\u00f6nen Tradition teilhaben wollten.<\/p>\n\n\n\n<hr class=\"wp-block-separator has-alpha-channel-opacity\"\/>\n\n\n\n<h3 class=\"wp-block-heading\"><strong>Die Geschichte des Diurnals: Von den Kl\u00f6stern in die H\u00e4user<\/strong><\/h3>\n\n\n\n<p>Im Mittelalter wurde das Diurnal haupts\u00e4chlich von M\u00f6nchen und Klerikern verwendet, die die kanonischen Stunden auf Latein, der liturgischen Sprache der Kirche, beteten. Mit dem Konzil von Trient (1545\u20131563) jedoch strebte die Kirche eine Vereinheitlichung und Vereinfachung der liturgischen B\u00fccher an, was zur Ver\u00f6ffentlichung des&nbsp;<strong>R\u00f6mischen Breviers<\/strong>&nbsp;f\u00fchrte, das alle kanonischen Stunden umfasste. Das Diurnal, als gek\u00fcrzte Version, wurde unter Laien popul\u00e4r, die am liturgischen Gebet teilnehmen wollten, aber keinen Zugang zu den vollst\u00e4ndigen Texten hatten.<\/p>\n\n\n\n<p>Im 20. Jahrhundert f\u00f6rderten die Liturgische Bewegung und das Zweite Vatikanische Konzil eine st\u00e4rkere Beteiligung der Laien an der Liturgie. Obwohl das Zweite Vatikanum bedeutende \u00c4nderungen in der Liturgie der Stunden einf\u00fchrte, blieben viele Gl\u00e4ubige der traditionellen Form des r\u00f6mischen Ritus tief verbunden. So erlebte das Diurnal eine Renaissance, insbesondere unter denen, die ihre liturgische Spiritualit\u00e4t vertiefen und sich mit den Wurzeln des katholischen Glaubens verbinden wollten.<\/p>\n\n\n\n<hr class=\"wp-block-separator has-alpha-channel-opacity\"\/>\n\n\n\n<h3 class=\"wp-block-heading\"><strong>Die Bedeutung des Diurnals heute: Eine Br\u00fccke zwischen dem Heiligen und dem Alltag<\/strong><\/h3>\n\n\n\n<p>In unserer modernen Welt, die von S\u00e4kularisierung und hektischem Lebensrhythmus gepr\u00e4gt ist, bietet das Diurnal einen heiligen Raum mitten im Chaos. Es ist nicht einfach ein Gebetbuch; es ist eine Einladung, in Gottes Gegenwart zu leben, jeden Moment des Tages zu heiligen und uns mit dem universalen Lobpreis der Kirche zu vereinen.<\/p>\n\n\n\n<p>Das Diurnal erinnert uns daran, dass das Gebet keine Flucht aus der Realit\u00e4t ist, sondern eine M\u00f6glichkeit, sie zu verwandeln. Indem wir die kanonischen Stunden beten, vereinen wir uns mit Christus, dem Hohenpriester, der f\u00fcr uns beim Vater F\u00fcrsprache h\u00e4lt. Wie es im Psalm 141 hei\u00dft:&nbsp;<strong>&#8222;Wie ein Rauchopfer steige mein Gebet vor dir auf, mein erhobenes H\u00e4nden wie ein Abendopfer.&#8220;<\/strong>&nbsp;Dieser Vers erfasst die Essenz des Diurnals: ein Lobopfer, das unser Leben zu Gott emporhebt.<\/p>\n\n\n\n<p>Dar\u00fcber hinaus verbindet uns das Diurnal mit der lebendigen Tradition der Kirche. Indem wir dieselben Psalmen und Gebete beten, die von Heiligen, M\u00e4rtyrern und Gl\u00e4ubigen \u00fcber die Jahrhunderte hinweg gesprochen wurden, nehmen wir an einer geistlichen Gemeinschaft teil, die Zeit und Raum \u00fcbersteigt. Es ist, als w\u00fcrden wir einem himmlischen Chor beitreten, in dem die Stimmen der Heiligen mit den unseren zu einer Symphonie des Lobpreises verschmelzen.<\/p>\n\n\n\n<hr class=\"wp-block-separator has-alpha-channel-opacity\"\/>\n\n\n\n<h3 class=\"wp-block-heading\"><strong>Wie man das Diurnal verwendet: Ein praktischer Leitfaden f\u00fcr das geistliche Leben<\/strong><\/h3>\n\n\n\n<p>F\u00fcr diejenigen, die das Diurnal in ihr geistliches Leben integrieren m\u00f6chten, ist es wichtig zu verstehen, dass es keine Last, sondern ein Geschenk ist. Hier sind einige praktische Tipps, um zu beginnen:<\/p>\n\n\n\n<ol start=\"1\" class=\"wp-block-list\">\n<li><strong>Beginnen Sie mit einer Stunde pro Tag<\/strong>: Wenn Sie neu in der Liturgie der Stunden sind, beginnen Sie mit einer der Hauptstunden, wie Laudes oder Vesper. Diese Gebete sind l\u00e4nger und inhaltsreicher, aber auch besonders bedeutungsvoll.<\/li>\n\n\n\n<li><strong>Lernen Sie den Rhythmus<\/strong>: Das Diurnal folgt einem w\u00f6chentlichen Zyklus von Psalmen und Lesungen. Mit der Zeit werden Sie sich mit diesem Rhythmus vertraut machen und entdecken, wie die Gebete mit den liturgischen Jahreszeiten und den Festen der Kirche verbunden sind.<\/li>\n\n\n\n<li><strong>Kombinieren Sie Gebet und Meditation<\/strong>: Nach dem Beten der Psalmen nehmen Sie sich einen Moment Zeit, um \u00fcber ihre Bedeutung nachzudenken. Welche Botschaft hat Gott heute f\u00fcr Sie? Wie k\u00f6nnen Sie diese Worte auf Ihr Leben anwenden?<\/li>\n\n\n\n<li><strong>Beten Sie mit anderen<\/strong>: Wenn m\u00f6glich, beten Sie das Diurnal in Gemeinschaft. Das gemeinsame Gebet st\u00e4rkt die Bande der Br\u00fcderlichkeit und erinnert uns daran, dass wir Teil des Leibes Christi sind.<\/li>\n<\/ol>\n\n\n\n<hr class=\"wp-block-separator has-alpha-channel-opacity\"\/>\n\n\n\n<h3 class=\"wp-block-heading\"><strong>Das Diurnal im heutigen Kontext: Ein Gegenmittel gegen die Verzweiflung<\/strong><\/h3>\n\n\n\n<p>In einer Zeit, die von Unsicherheit, Angst und Entfremdung gepr\u00e4gt ist, bietet das Diurnal eine Botschaft der Hoffnung und des Trostes. Es erinnert uns daran, dass, auch wenn sich die Welt ver\u00e4ndert, Gott treu bleibt. Indem wir die kanonischen Stunden beten, verankern wir uns in der Ewigkeit und finden Frieden mitten im Sturm.<\/p>\n\n\n\n<p>Dar\u00fcber hinaus hilft uns das Diurnal, die Zeit als ein heiliges Geschenk zu begreifen. Anstatt den Tag als eine Reihe von Aufgaben zu sehen, lernen wir, ihn als einen Weg zu Gott zu leben, in dem jeder Moment eine Gelegenheit ist, Ihm zu begegnen.<\/p>\n\n\n\n<hr class=\"wp-block-separator has-alpha-channel-opacity\"\/>\n\n\n\n<h3 class=\"wp-block-heading\"><strong>Fazit: Das Diurnal als Weg zur Heiligkeit<\/strong><\/h3>\n\n\n\n<p>Das Diurnal ist nicht einfach ein Buch; es ist ein Begleiter auf dem Glaubensweg, eine Karte, die uns zur Heiligkeit f\u00fchrt. Es lehrt uns, in Gottes Gegenwart zu leben, das Heilige im Allt\u00e4glichen zu finden und uns mit dem ewigen Lobpreis der Kirche zu vereinen. In einer Welt, die uns oft vom Wesentlichen ablenkt, ruft uns das Diurnal zu dem zur\u00fcck, was wirklich z\u00e4hlt: die Beziehung zu Gott.<\/p>\n\n\n\n<p>Wie der heilige Augustinus sagte:&nbsp;<strong>&#8222;Unruhig ist unser Herz, bis es ruht in Dir.&#8220;<\/strong>&nbsp;Das Diurnal ist eine Antwort auf diese Unruhe, eine Einladung, in Gott zu ruhen und in Ihm die F\u00fclle des Lebens zu finden. M\u00f6ge dieser liturgische Schatz Ihren geistlichen Weg inspirieren und Sie jeden Tag n\u00e4her zum Herzen Gottes f\u00fchren.<\/p>\n","protected":false},"excerpt":{"rendered":"<p>In einer schnelllebigen Welt, in der die Zeit wie Sand zwischen unseren Fingern zu verrinnen scheint, ist die Suche nach Momenten des Friedens und der Verbindung mit dem Transzendenten zu einem dringenden Bed\u00fcrfnis geworden. F\u00fcr katholische Gl\u00e4ubige, insbesondere f\u00fcr diejenigen, die von der F\u00fclle der traditionellen Liturgie angezogen werden, ist das&nbsp;Diurnal&nbsp;wie ein Leuchtturm des geistlichen &hellip;<\/p>\n","protected":false},"author":3,"featured_media":2690,"comment_status":"open","ping_status":"open","sticky":false,"template":"","format":"standard","meta":{"_seopress_robots_primary_cat":"","_seopress_titles_title":"","_seopress_titles_desc":"","_seopress_robots_index":"","footnotes":""},"categories":[58,40],"tags":[826],"class_list":["post-2689","post","type-post","status-publish","format-standard","has-post-thumbnail","","category-gebet-und-geistliches-leben","category-gebet-und-spiritualitaet","tag-diurnal"],"_links":{"self":[{"href":"https:\/\/catholicus.eu\/de\/wp-json\/wp\/v2\/posts\/2689","targetHints":{"allow":["GET"]}}],"collection":[{"href":"https:\/\/catholicus.eu\/de\/wp-json\/wp\/v2\/posts"}],"about":[{"href":"https:\/\/catholicus.eu\/de\/wp-json\/wp\/v2\/types\/post"}],"author":[{"embeddable":true,"href":"https:\/\/catholicus.eu\/de\/wp-json\/wp\/v2\/users\/3"}],"replies":[{"embeddable":true,"href":"https:\/\/catholicus.eu\/de\/wp-json\/wp\/v2\/comments?post=2689"}],"version-history":[{"count":1,"href":"https:\/\/catholicus.eu\/de\/wp-json\/wp\/v2\/posts\/2689\/revisions"}],"predecessor-version":[{"id":2691,"href":"https:\/\/catholicus.eu\/de\/wp-json\/wp\/v2\/posts\/2689\/revisions\/2691"}],"wp:featuredmedia":[{"embeddable":true,"href":"https:\/\/catholicus.eu\/de\/wp-json\/wp\/v2\/media\/2690"}],"wp:attachment":[{"href":"https:\/\/catholicus.eu\/de\/wp-json\/wp\/v2\/media?parent=2689"}],"wp:term":[{"taxonomy":"category","embeddable":true,"href":"https:\/\/catholicus.eu\/de\/wp-json\/wp\/v2\/categories?post=2689"},{"taxonomy":"post_tag","embeddable":true,"href":"https:\/\/catholicus.eu\/de\/wp-json\/wp\/v2\/tags?post=2689"}],"curies":[{"name":"wp","href":"https:\/\/api.w.org\/{rel}","templated":true}]}}