{"id":2677,"date":"2025-03-16T10:09:54","date_gmt":"2025-03-16T09:09:54","guid":{"rendered":"https:\/\/catholicus.eu\/de\/?p=2677"},"modified":"2025-03-16T10:09:54","modified_gmt":"2025-03-16T09:09:54","slug":"laudes-der-gesang-der-morgenroete-der-die-seele-erneuert-und-mit-dem-goettlichen-verbindet","status":"publish","type":"post","link":"https:\/\/catholicus.eu\/de\/laudes-der-gesang-der-morgenroete-der-die-seele-erneuert-und-mit-dem-goettlichen-verbindet\/","title":{"rendered":"Laudes: Der Gesang der Morgenr\u00f6te, der die Seele erneuert und mit dem G\u00f6ttlichen verbindet"},"content":{"rendered":"\n<p>In einer schnelllebigen Welt, in der st\u00e4ndiger L\u00e4rm und t\u00e4gliche Anforderungen uns vom Wesentlichen ablenken, gibt es einen heiligen Moment, der uns einl\u00e4dt, innezuhalten, tief durchzuatmen und unseren Blick auf das Ewige zu richten. Dieser Moment sind die Laudes, das Morgengebet der katholischen Kirche, das seit Urzeiten ein Leuchtfeuer des geistlichen Lichts f\u00fcr die Gl\u00e4ubigen ist. In diesem Artikel werden wir den Ursprung, die Geschichte, die tiefe Bedeutung und die aktuelle Relevanz dieser uralten Praxis erkunden, die nicht nur bildet und inspiriert, sondern auch die Seele zu einer tieferen Verbindung mit Gott f\u00fchrt.<\/p>\n\n\n\n<h3 class=\"wp-block-heading\"><strong>Der Ursprung der Laudes: Ein Gesang, der mit der Sonne geboren wird<\/strong><\/h3>\n\n\n\n<p>Das Wort \u201eLaudes\u201c kommt vom lateinischen&nbsp;<em>laudare<\/em>, was \u201eloben\u201c bedeutet. Dieser Begriff fasst das Wesen dieses Gebets zusammen: ein Lobgesang, der im Morgengrauen erklingt, wenn die Sonne beginnt, die Erde zu erleuchten. Die Laudes sind Teil der Liturgie der Stunden, auch Stundengebet genannt, einer Praxis, die ihre Wurzeln im Judentum hat und von den fr\u00fchen Christen \u00fcbernommen und angepasst wurde.<\/p>\n\n\n\n<p>Im Alten Testament finden wir Hinweise auf das Gebet zu bestimmten Tageszeiten. Psalm 119,164 sagt:&nbsp;<em>\u201eSiebenmal am Tag singe ich dein Lob f\u00fcr deine gerechten Urteile.\u201c<\/em>&nbsp;Die fr\u00fchen Christen, die dieser Tradition folgten, legten Gebetszeiten \u00fcber den Tag fest, wobei die Laudes eine der wichtigsten waren, da sie mit dem Beginn des Tages zusammenfielen.<\/p>\n\n\n\n<p>Der heilige Benedikt von Nursia war im 6. Jahrhundert einer der gro\u00dfen F\u00f6rderer der Liturgie der Stunden. In seiner Regel legte er fest, dass die M\u00f6nche sich zum Gebet bei Tagesanbruch versammeln sollten, wobei er in der aufgehenden Sonne ein Symbol f\u00fcr Christus, das Licht der Welt, erkannte. So wurden die Laudes zu einem Akt der Anbetung und Dankbarkeit, der die Gemeinschaft in einem gemeinsamen Lobgesang vereinte.<\/p>\n\n\n\n<h3 class=\"wp-block-heading\"><strong>Die Struktur der Laudes: Ein Dialog mit dem Heiligen<\/strong><\/h3>\n\n\n\n<p>Die Laudes haben eine reiche und bedeutungsvolle Struktur, die den Betenden in einen tiefen Dialog mit Gott f\u00fchren soll. Obwohl sie je nach liturgischer Zeit oder Tradition leicht variieren k\u00f6nnen, umfasst ihre Grundstruktur die folgenden Elemente:<\/p>\n\n\n\n<ol start=\"1\" class=\"wp-block-list\">\n<li><strong>Invitatiorium<\/strong>: Beginnt mit einer Einladung, Gott anzubeten, oft mit dem Vers\u00a0<em>\u201eHerr, \u00f6ffne meine Lippen, damit mein Mund dein Lob verk\u00fcnde\u201c<\/em>\u00a0(Psalm 51,17).<\/li>\n\n\n\n<li><strong>Hymnus<\/strong>: Ein Gesang, der das Herz auf das Lob vorbereitet, angepasst an die liturgische Zeit oder das Fest des Tages.<\/li>\n\n\n\n<li><strong>Psalmen und Cantica<\/strong>: Das Herzst\u00fcck der Laudes. Ausgew\u00e4hlte Psalmen werden rezitiert, die Themen des Lobes, des Dankes und der Bitte widerspiegeln. Unter ihnen nimmt das\u00a0<em>Canticum des Zacharias<\/em>\u00a0(Lukas 1,68-79) einen besonderen Platz ein, da es ein Dankeshymnus f\u00fcr das Kommen des Messias ist.<\/li>\n\n\n\n<li><strong>Kurze Lesung<\/strong>: Ein Abschnitt aus der Bibel, der eine Reflexion oder Lehre f\u00fcr den Tag bietet.<\/li>\n\n\n\n<li><strong>Responsorium<\/strong>: Eine meditative Antwort auf die Lesung, die hilft, das Wort Gottes zu verinnerlichen.<\/li>\n\n\n\n<li><strong>Evangelisches Canticum<\/strong>: Das\u00a0<em>Benedictus<\/em>\u00a0(Lukas 1,68-79), das an das Versprechen der Erl\u00f6sung und die Barmherzigkeit Gottes erinnert.<\/li>\n\n\n\n<li><strong>F\u00fcrbitten und Vaterunser<\/strong>: Ein Moment, um die eigenen Anliegen und die anderer vorzubringen, der in dem Gebet gipfelt, das Jesus uns gelehrt hat.<\/li>\n\n\n\n<li><strong>Abschlussgebet<\/strong>: Ein Gebet, das die Absicht des Tages zusammenfasst und uns mit einem Ziel in den Tag schickt.<\/li>\n<\/ol>\n\n\n\n<h3 class=\"wp-block-heading\"><strong>Die theologische Bedeutung: Lob, Dank und Mission<\/strong><\/h3>\n\n\n\n<p>Die Laudes sind nicht einfach eine Liste von Gebeten; sie sind eine Schule der Spiritualit\u00e4t. Durch sie lernen wir, in einem Zustand des st\u00e4ndigen Lobes zu leben, die Gr\u00f6\u00dfe Gottes und seine aktive Gegenwart in unserem Leben anzuerkennen. Psalm 63,2 dr\u00fcckt diese Haltung aus:&nbsp;<em>\u201eGott, du bist mein Gott, dich suche ich von fr\u00fchmorgens an; es d\u00fcrstet meine Seele nach dir, mein Leib verlangt nach dir in einem d\u00fcrren, lechzenden Land ohne Wasser.\u201c<\/em><\/p>\n\n\n\n<p>In den Laudes verbinden sich Lob und Dank. Zu Beginn des Tages erinnern wir uns daran, dass jede Morgenr\u00f6te ein Geschenk ist, eine neue Gelegenheit, in der Gnade zu leben und unsere Mission als J\u00fcnger Christi zu erf\u00fcllen. Der heilige Augustinus sagte:&nbsp;<em>\u201eWir singen nicht, um den Tag sch\u00f6n zu machen, sondern um unser Herz in Gott zu erfreuen.\u201c<\/em>&nbsp;Diese innere Freude ist es, die uns antreibt, Licht f\u00fcr andere zu sein.<\/p>\n\n\n\n<p>Dar\u00fcber hinaus erinnern uns die Laudes daran, dass das Gebet kein isolierter Akt, sondern ein gemeinschaftlicher ist. Auch wenn viele sie privat beten, sind sie geistlich mit der universellen Kirche verbunden, die in jeder Ecke der Welt zur gleichen Zeit ihre Stimme zum Himmel erhebt. Diese unsichtbare Gemeinschaft ist ein kraftvolles Zeugnis der Einheit des Leibes Christi.<\/p>\n\n\n\n<h3 class=\"wp-block-heading\"><strong>Die Relevanz der Laudes in der heutigen Welt<\/strong><\/h3>\n\n\n\n<p>In unserem digitalen Zeitalter, in dem die Aufmerksamkeit zwischen mehreren Bildschirmen und Verpflichtungen zersplittert ist, bieten die Laudes ein Gegenmittel zur Zerstreuung. Sie sind ein heiliger Raum, um uns wieder zu zentrieren, um uns daran zu erinnern, dass es jenseits unserer Sorgen einen Gott gibt, der uns liebt und tr\u00e4gt.<\/p>\n\n\n\n<p>Dar\u00fcber hinaus laden uns die Laudes in einem sozialen Kontext, der von Unsicherheit und Spaltung gepr\u00e4gt ist, dazu ein, \u00fcber uns selbst hinauszublicken. Indem wir f\u00fcr die Welt, f\u00fcr die Kranken und f\u00fcr die Leidenden beten, werden wir zu Werkzeugen des Friedens und der Hoffnung. Wie Mutter Teresa sagte:&nbsp;<em>\u201eDas Gebet ver\u00e4ndert nicht Gott, es ver\u00e4ndert uns.\u201c<\/em><\/p>\n\n\n\n<h3 class=\"wp-block-heading\"><strong>Eine inspirierende Anekdote: Die Laudes im Leben eines Heiligen<\/strong><\/h3>\n\n\n\n<p>Es wird erz\u00e4hlt, dass der heilige Franziskus von Assisi, bekannt f\u00fcr seine tiefe Liebe zur Sch\u00f6pfung und sein Leben in Armut, eine besondere Hingabe zu den Laudes hatte. Jeden Morgen bei Sonnenaufgang blieb er stehen, um die Sch\u00f6nheit der Natur zu betrachten und Lobges\u00e4nge anzustimmen. F\u00fcr ihn war die Morgenr\u00f6te eine Erinnerung an die Auferstehung Christi und die st\u00e4ndige Erneuerung der g\u00f6ttlichen Gnade. Diese Praxis n\u00e4hrte nicht nur seinen Geist, sondern inspirierte ihn auch, den Bed\u00fcrftigen mit Freude und Demut zu dienen.<\/p>\n\n\n\n<h3 class=\"wp-block-heading\"><strong>Wie man die Laudes in den Alltag integriert<\/strong><\/h3>\n\n\n\n<p>Wenn Sie beginnen m\u00f6chten, die Laudes zu beten, m\u00fcssen Sie kein Theologieexperte sein oder stundenlang Zeit haben. Es reicht aus, jeden Morgen ein paar Minuten an einem ruhigen Ort zu verbringen, um mit Gott in den Dialog zu treten. Sie k\u00f6nnen ein Buch der Liturgie der Stunden oder eine mobile App verwenden, um sich f\u00fchren zu lassen. Wichtig ist, es mit einem offenen und bereiten Herzen zu tun.<\/p>\n\n\n\n<p>Hier sind einige praktische Tipps:<\/p>\n\n\n\n<ol start=\"1\" class=\"wp-block-list\">\n<li><strong>Ein Ritual schaffen<\/strong>: W\u00e4hlen Sie einen festen Ort und eine feste Zeit zum Beten. Best\u00e4ndigkeit ist der Schl\u00fcssel.<\/li>\n\n\n\n<li><strong>Vereinfachen Sie bei Bedarf<\/strong>: Wenn es am Anfang zu viel erscheint, beginnen Sie mit einem Psalm und dem\u00a0<em>Benedictus<\/em>. Nach und nach werden Sie den Reichtum dieses Gebets entdecken.<\/li>\n\n\n\n<li><strong>Sich mit der Gemeinschaft verbinden<\/strong>: Wenn m\u00f6glich, schlie\u00dfen Sie sich einer Gruppe an, die die Liturgie der Stunden betet. Das gemeinsame Gebet hat eine besondere Kraft.<\/li>\n\n\n\n<li><strong>Reflektieren und anwenden<\/strong>: Nehmen Sie sich nach dem Gebet einen Moment Zeit, um dar\u00fcber nachzudenken, wie Sie diesen Tag im Licht des Wortes Gottes leben k\u00f6nnen.<\/li>\n<\/ol>\n\n\n\n<h3 class=\"wp-block-heading\"><strong>Fazit: Eine Morgenr\u00f6te, die verwandelt<\/strong><\/h3>\n\n\n\n<p>Die Laudes sind viel mehr als eine religi\u00f6se Tradition; sie sind eine pers\u00f6nliche Begegnung mit dem Gott, der uns liebt und uns ruft, seine Zeugen in der Welt zu sein. In einer Zeit, in der viele Sinn und Frieden suchen, bietet diese uralte Praxis einen sicheren Weg, die Seele zu erneuern und wahre Freude zu finden.<\/p>\n\n\n\n<p>Wie Psalm 143,8 sagt:&nbsp;<em>\u201eLass mich am Morgen deine Gnade h\u00f6ren, denn ich vertraue auf dich. Zeige mir den Weg, den ich gehen soll, denn zu dir erhebe ich meine Seele.\u201c<\/em>&nbsp;M\u00f6ge jede Morgenr\u00f6te f\u00fcr Sie eine Gelegenheit sein, die Laudes zu singen, Gott zu loben und den Tag mit der Gewissheit zu beginnen, dass Er an Ihrer Seite geht.<\/p>\n\n\n\n<p>Frohes Beten!<\/p>\n","protected":false},"excerpt":{"rendered":"<p>In einer schnelllebigen Welt, in der st\u00e4ndiger L\u00e4rm und t\u00e4gliche Anforderungen uns vom Wesentlichen ablenken, gibt es einen heiligen Moment, der uns einl\u00e4dt, innezuhalten, tief durchzuatmen und unseren Blick auf das Ewige zu richten. Dieser Moment sind die Laudes, das Morgengebet der katholischen Kirche, das seit Urzeiten ein Leuchtfeuer des geistlichen Lichts f\u00fcr die Gl\u00e4ubigen &hellip;<\/p>\n","protected":false},"author":3,"featured_media":2678,"comment_status":"open","ping_status":"open","sticky":false,"template":"","format":"standard","meta":{"_seopress_robots_primary_cat":"","_seopress_titles_title":"","_seopress_titles_desc":"","_seopress_robots_index":"","footnotes":""},"categories":[58,40],"tags":[822],"class_list":["post-2677","post","type-post","status-publish","format-standard","has-post-thumbnail","","category-gebet-und-geistliches-leben","category-gebet-und-spiritualitaet","tag-laudes"],"_links":{"self":[{"href":"https:\/\/catholicus.eu\/de\/wp-json\/wp\/v2\/posts\/2677","targetHints":{"allow":["GET"]}}],"collection":[{"href":"https:\/\/catholicus.eu\/de\/wp-json\/wp\/v2\/posts"}],"about":[{"href":"https:\/\/catholicus.eu\/de\/wp-json\/wp\/v2\/types\/post"}],"author":[{"embeddable":true,"href":"https:\/\/catholicus.eu\/de\/wp-json\/wp\/v2\/users\/3"}],"replies":[{"embeddable":true,"href":"https:\/\/catholicus.eu\/de\/wp-json\/wp\/v2\/comments?post=2677"}],"version-history":[{"count":1,"href":"https:\/\/catholicus.eu\/de\/wp-json\/wp\/v2\/posts\/2677\/revisions"}],"predecessor-version":[{"id":2679,"href":"https:\/\/catholicus.eu\/de\/wp-json\/wp\/v2\/posts\/2677\/revisions\/2679"}],"wp:featuredmedia":[{"embeddable":true,"href":"https:\/\/catholicus.eu\/de\/wp-json\/wp\/v2\/media\/2678"}],"wp:attachment":[{"href":"https:\/\/catholicus.eu\/de\/wp-json\/wp\/v2\/media?parent=2677"}],"wp:term":[{"taxonomy":"category","embeddable":true,"href":"https:\/\/catholicus.eu\/de\/wp-json\/wp\/v2\/categories?post=2677"},{"taxonomy":"post_tag","embeddable":true,"href":"https:\/\/catholicus.eu\/de\/wp-json\/wp\/v2\/tags?post=2677"}],"curies":[{"name":"wp","href":"https:\/\/api.w.org\/{rel}","templated":true}]}}